{"id":7953,"date":"2019-01-25T17:08:15","date_gmt":"2019-01-25T17:08:15","guid":{"rendered":"https:\/\/larevistadigital.com.ar\/blog\/?p=7953"},"modified":"2019-01-25T17:08:15","modified_gmt":"2019-01-25T17:08:15","slug":"chascomus-accidente-en-la-autovia-2-a-metros-del-peaje","status":"publish","type":"post","link":"https:\/\/larevistadigital.com.ar\/blog\/chascomus-accidente-en-la-autovia-2-a-metros-del-peaje\/","title":{"rendered":"CHASCOM\u00daS: ACCIDENTE EN LA AUTOV\u00cdA 2 A METROS DEL PEAJE"},"content":{"rendered":"<p>Inform\u00f3 la FM \u00abPor Siempre\u00bb 97,3 mhtz. que durante la ma\u00f1ana de hoy se produjo un accidente en el kil\u00f3metro 92 de la Autov\u00eda 2.<\/p>\n<p>A ra\u00edz del mismo, se solicit\u00f3 la ayuda de los Bomberos Voluntarios de Chascom\u00fas, que acudieron prontamente al lugar de los hechos.<\/p>\n<p>Aparentemente habr\u00eda ocurrido en donde se encuentra emplazada la Estaci\u00f3n de servicio de YPF.<\/p>\n<p><a href=\"https:\/\/i0.wp.com\/larevistadigital.com.ar\/blog\/wp-content\/uploads\/2019\/01\/50691563_2143809938972438_184000423344996352_n.jpg?ssl=1\"><img data-recalc-dims=\"1\" loading=\"lazy\" decoding=\"async\" class=\"size-full wp-image-7955 aligncenter\" src=\"https:\/\/i0.wp.com\/larevistadigital.com.ar\/blog\/wp-content\/uploads\/2019\/01\/50691563_2143809938972438_184000423344996352_n.jpg?resize=720%2C960&#038;ssl=1\" alt=\"\" width=\"720\" height=\"960\" srcset=\"https:\/\/i0.wp.com\/larevistadigital.com.ar\/blog\/wp-content\/uploads\/2019\/01\/50691563_2143809938972438_184000423344996352_n.jpg?w=720&amp;ssl=1 720w, https:\/\/i0.wp.com\/larevistadigital.com.ar\/blog\/wp-content\/uploads\/2019\/01\/50691563_2143809938972438_184000423344996352_n.jpg?resize=225%2C300&amp;ssl=1 225w\" sizes=\"auto, (max-width: 720px) 100vw, 720px\" \/><\/a><\/p>\n<p>No se suministraron m\u00e1s datos.<\/p>\n<p>FUENTE: FM POR SIEMPRE.<\/p>\n","protected":false},"excerpt":{"rendered":"<div class=\"mh-excerpt\"><p>Inform\u00f3 la FM \u00abPor Siempre\u00bb 97,3 mhtz. que durante la ma\u00f1ana de hoy se produjo un accidente en el kil\u00f3metro 92 de la Autov\u00eda 2. A ra\u00edz del mismo, se solicit\u00f3 la ayuda de los <a class=\"mh-excerpt-more\" href=\"https:\/\/larevistadigital.com.ar\/blog\/chascomus-accidente-en-la-autovia-2-a-metros-del-peaje\/\" title=\"CHASCOM\u00daS: ACCIDENTE EN LA AUTOV\u00cdA 2 A METROS DEL PEAJE\">[Leer M\u00e1s]<\/a><\/p>\n<\/div>","protected":false},"author":3,"featured_media":7954,"comment_status":"open","ping_status":"open","sticky":false,"template":"","format":"standard","meta":{"_jetpack_memberships_contains_paid_content":false,"footnotes":"","jetpack_publicize_message":"","jetpack_publicize_feature_enabled":true,"jetpack_social_post_already_shared":true,"jetpack_social_options":{"image_generator_settings":{"template":"highway","default_image_id":0,"font":"","enabled":false},"version":2}},"categories":[6,12],"tags":[],"class_list":{"0":"post-7953","1":"post","2":"type-post","3":"status-publish","4":"format-standard","5":"has-post-thumbnail","7":"category-chascomus","8":"category-politica"},"jetpack_publicize_connections":[],"jetpack_featured_media_url":"https:\/\/i0.wp.com\/larevistadigital.com.ar\/blog\/wp-content\/uploads\/2019\/01\/51061401_2143814462305319_4112051257407963136_n.jpg?fit=720%2C960&ssl=1","jetpack_sharing_enabled":true,"jetpack_shortlink":"https:\/\/wp.me\/p8qtrQ-24h","jetpack-related-posts":[{"id":4666,"url":"https:\/\/larevistadigital.com.ar\/blog\/chascomus-terrible-accidente-vuelco-la-costanera\/","url_meta":{"origin":7953,"position":0},"title":"CHASCOM\u00daS: TERRIBLE ACCIDENTE CON VUELCO EN LA COSTANERA","author":"Alejandro Sosa Ruda","date":"29 enero, 2018","format":false,"excerpt":"Seg\u00fan narr\u00f3 en su cuenta de facebook un vecino de Chascom\u00fas , y lo menciona FM POR SIEMPRE, el hecho habr\u00eda ocurrido alrededor de las 6:30 AM del domingo, y se comenta que quien protagoniz\u00f3 el siniestro ten\u00eda un valor de alcohol en sangre de 1,68 (lo permitido es hasta\u2026","rel":"","context":"En \u00abCHASCOM\u00daS\u00bb","block_context":{"text":"CHASCOM\u00daS","link":"https:\/\/larevistadigital.com.ar\/blog\/category\/chascomus\/"},"img":{"alt_text":"","src":"https:\/\/i0.wp.com\/larevistadigital.com.ar\/blog\/wp-content\/uploads\/2018\/01\/WhatsApp-Image-2018-01-28-at-22.27.18.jpeg?fit=720%2C540&ssl=1&resize=350%2C200","width":350,"height":200,"srcset":"https:\/\/i0.wp.com\/larevistadigital.com.ar\/blog\/wp-content\/uploads\/2018\/01\/WhatsApp-Image-2018-01-28-at-22.27.18.jpeg?fit=720%2C540&ssl=1&resize=350%2C200 1x, https:\/\/i0.wp.com\/larevistadigital.com.ar\/blog\/wp-content\/uploads\/2018\/01\/WhatsApp-Image-2018-01-28-at-22.27.18.jpeg?fit=720%2C540&ssl=1&resize=525%2C300 1.5x, https:\/\/i0.wp.com\/larevistadigital.com.ar\/blog\/wp-content\/uploads\/2018\/01\/WhatsApp-Image-2018-01-28-at-22.27.18.jpeg?fit=720%2C540&ssl=1&resize=700%2C400 2x"},"classes":[]},{"id":22540,"url":"https:\/\/larevistadigital.com.ar\/blog\/fuerte-accidente-con-vuelco-en-el-kilometro-115-de-la-ruta-2\/","url_meta":{"origin":7953,"position":1},"title":"FUERTE ACCIDENTE CON VUELCO EN EL KIL\u00d3METRO 115 DE LA RUTA 2","author":"Alejandro Sosa Ruda","date":"31 octubre, 2021","format":false,"excerpt":"CHASCOM\u00daS -\u00a0 Cerca del mediod\u00eda, se produjo un fuerte accidente a la altura del KM 115 de la Autov\u00eda 2, en donde despist\u00f3 y volc\u00f3 una camioneta Peugeot Partner Patagonia. En el veh\u00edculo viajaban 4 personas, resultando dos ilesas y dos mujeres que fueron trasladadas al Hospital Municipal San Vicente\u2026","rel":"","context":"En \u00abDESTACADAS\u00bb","block_context":{"text":"DESTACADAS","link":"https:\/\/larevistadigital.com.ar\/blog\/category\/destacadas\/"},"img":{"alt_text":"","src":"https:\/\/i0.wp.com\/larevistadigital.com.ar\/blog\/wp-content\/uploads\/ACCIDENTE-RUTA-PORTADA.jpg?fit=800%2C815&ssl=1&resize=350%2C200","width":350,"height":200,"srcset":"https:\/\/i0.wp.com\/larevistadigital.com.ar\/blog\/wp-content\/uploads\/ACCIDENTE-RUTA-PORTADA.jpg?fit=800%2C815&ssl=1&resize=350%2C200 1x, https:\/\/i0.wp.com\/larevistadigital.com.ar\/blog\/wp-content\/uploads\/ACCIDENTE-RUTA-PORTADA.jpg?fit=800%2C815&ssl=1&resize=525%2C300 1.5x, https:\/\/i0.wp.com\/larevistadigital.com.ar\/blog\/wp-content\/uploads\/ACCIDENTE-RUTA-PORTADA.jpg?fit=800%2C815&ssl=1&resize=700%2C400 2x"},"classes":[]},{"id":35990,"url":"https:\/\/larevistadigital.com.ar\/blog\/chascomus-vuelvo-y-despiste-en-la-autovia-2\/","url_meta":{"origin":7953,"position":2},"title":"CHASCOM\u00daS: VUELVO Y DESPISTE EN LA AUTOV\u00cdA 2","author":"Alejandro Sosa Ruda","date":"5 mayo, 2024","format":false,"excerpt":"El accidente ocurri\u00f3 cerca de las 20:10 hs. aprocimadamente. 5 de mayo de 2024 CHASCOM\u00daS -\u00a0 \u00a0Por circunstancias que se tratan de establecer, un veh\u00edculo que est\u00e1ba circulando en sentido Sur-Norte, despist\u00f3 y vuelc\u00f3, sobre la Ruta 2 km 137 desc. quedando sobre lateral a escasos metros de la V\u00eda.\u2026","rel":"","context":"En \u00abDESTACADAS\u00bb","block_context":{"text":"DESTACADAS","link":"https:\/\/larevistadigital.com.ar\/blog\/category\/destacadas\/"},"img":{"alt_text":"","src":"https:\/\/i0.wp.com\/larevistadigital.com.ar\/blog\/wp-content\/uploads\/WhatsApp-Image-2024-05-05-at-22.41.37.jpeg?fit=1200%2C900&ssl=1&resize=350%2C200","width":350,"height":200,"srcset":"https:\/\/i0.wp.com\/larevistadigital.com.ar\/blog\/wp-content\/uploads\/WhatsApp-Image-2024-05-05-at-22.41.37.jpeg?fit=1200%2C900&ssl=1&resize=350%2C200 1x, https:\/\/i0.wp.com\/larevistadigital.com.ar\/blog\/wp-content\/uploads\/WhatsApp-Image-2024-05-05-at-22.41.37.jpeg?fit=1200%2C900&ssl=1&resize=525%2C300 1.5x, https:\/\/i0.wp.com\/larevistadigital.com.ar\/blog\/wp-content\/uploads\/WhatsApp-Image-2024-05-05-at-22.41.37.jpeg?fit=1200%2C900&ssl=1&resize=700%2C400 2x, https:\/\/i0.wp.com\/larevistadigital.com.ar\/blog\/wp-content\/uploads\/WhatsApp-Image-2024-05-05-at-22.41.37.jpeg?fit=1200%2C900&ssl=1&resize=1050%2C600 3x"},"classes":[]},{"id":14210,"url":"https:\/\/larevistadigital.com.ar\/blog\/una-esquina-complicada-accidente-en-mendoza-y-mitre\/","url_meta":{"origin":7953,"position":3},"title":"UNA ESQUINA COMPLICADA&#8230; ACCIDENTE EN MENDOZA Y MITRE","author":"Alejandro Sosa Ruda","date":"15 enero, 2020","format":false,"excerpt":"El titular de FM Por Siempre Fabi\u00e1n Casales, inform\u00f3 a trav\u00e9s de su cuenta personal de facebook, de un accidente ocurrido en la intersecci\u00f3n de las calles Mendoza y Mitre de la ciudad de Chascom\u00fas. Lamentablemente en esa esquina, siempre se est\u00e1 al l\u00edmite, ya que es dif\u00edcil cruzar Mitre\u2026","rel":"","context":"En \u00abCHASCOM\u00daS\u00bb","block_context":{"text":"CHASCOM\u00daS","link":"https:\/\/larevistadigital.com.ar\/blog\/category\/chascomus\/"},"img":{"alt_text":"","src":"https:\/\/i0.wp.com\/larevistadigital.com.ar\/blog\/wp-content\/uploads\/82517220_2785994184754007_4513207645305307136_o.jpg?fit=1040%2C520&ssl=1&resize=350%2C200","width":350,"height":200,"srcset":"https:\/\/i0.wp.com\/larevistadigital.com.ar\/blog\/wp-content\/uploads\/82517220_2785994184754007_4513207645305307136_o.jpg?fit=1040%2C520&ssl=1&resize=350%2C200 1x, https:\/\/i0.wp.com\/larevistadigital.com.ar\/blog\/wp-content\/uploads\/82517220_2785994184754007_4513207645305307136_o.jpg?fit=1040%2C520&ssl=1&resize=525%2C300 1.5x, https:\/\/i0.wp.com\/larevistadigital.com.ar\/blog\/wp-content\/uploads\/82517220_2785994184754007_4513207645305307136_o.jpg?fit=1040%2C520&ssl=1&resize=700%2C400 2x"},"classes":[]},{"id":21975,"url":"https:\/\/larevistadigital.com.ar\/blog\/terrible-accidente-en-chascomus-murio-un-bebe-de-4-meses-y-hay-heridos\/","url_meta":{"origin":7953,"position":4},"title":"TERRIBLE ACCIDENTE EN CHASCOM\u00daS: MURI\u00d3 UN BEB\u00c9 DE 4 MESES Y HAY  HERIDOS","author":"Alejandro Sosa Ruda","date":"15 septiembre, 2021","format":false,"excerpt":"Ocurri\u00f3 esta madrugada. Estuvieron involucrados tres veh\u00edculos: un mini bus, una camioneta y un cami\u00f3n. CHASCOM\u00daS - Un beb\u00e9 de cuatro meses muri\u00f3 y seis personas resultaron heridas este mi\u00e9rcoles a la madrugada en un choque m\u00faltiple entre tres veh\u00edculos, que volcaron sobre la calzada y la banquina, en la\u2026","rel":"","context":"En \u00abDESTACADAS\u00bb","block_context":{"text":"DESTACADAS","link":"https:\/\/larevistadigital.com.ar\/blog\/category\/destacadas\/"},"img":{"alt_text":"","src":"https:\/\/i0.wp.com\/larevistadigital.com.ar\/blog\/wp-content\/uploads\/choque.png?fit=1200%2C587&ssl=1&resize=350%2C200","width":350,"height":200,"srcset":"https:\/\/i0.wp.com\/larevistadigital.com.ar\/blog\/wp-content\/uploads\/choque.png?fit=1200%2C587&ssl=1&resize=350%2C200 1x, https:\/\/i0.wp.com\/larevistadigital.com.ar\/blog\/wp-content\/uploads\/choque.png?fit=1200%2C587&ssl=1&resize=525%2C300 1.5x, https:\/\/i0.wp.com\/larevistadigital.com.ar\/blog\/wp-content\/uploads\/choque.png?fit=1200%2C587&ssl=1&resize=700%2C400 2x, https:\/\/i0.wp.com\/larevistadigital.com.ar\/blog\/wp-content\/uploads\/choque.png?fit=1200%2C587&ssl=1&resize=1050%2C600 3x"},"classes":[]},{"id":16421,"url":"https:\/\/larevistadigital.com.ar\/blog\/accidente-en-marin-esquina-yrigoyen-joven-con-traumatismo-de-craneo-fue-trasladado-a-la-plata\/","url_meta":{"origin":7953,"position":5},"title":"ACCIDENTE EN MAR\u00cdN ESQUINA YRIGOYEN: JOVEN CON TRAUMATISMO DE CR\u00c1NEO FUE TRASLADADO A LA PLATA","author":"Alejandro Sosa Ruda","date":"19 septiembre, 2020","format":false,"excerpt":"Inform\u00f3 la FM Por Siempre (97.3) que se produjo durante el d\u00eda de ayer un accidente en las intersecciones de calles Mar\u00edn e Hip\u00f3lito Yrigoyen de la ciudad de Chascom\u00fas, donde un motoveh\u00edculo XR 150 choc\u00f3 contra un Nissan Versa que era conducido por una\u00a0 mujer. La conductora del Nissan\u2026","rel":"","context":"En \u00abCHASCOM\u00daS\u00bb","block_context":{"text":"CHASCOM\u00daS","link":"https:\/\/larevistadigital.com.ar\/blog\/category\/chascomus\/"},"img":{"alt_text":"","src":"https:\/\/i0.wp.com\/larevistadigital.com.ar\/blog\/wp-content\/uploads\/119843195_4494553363919004_4636357988956739559_o.jpg?fit=960%2C720&ssl=1&resize=350%2C200","width":350,"height":200,"srcset":"https:\/\/i0.wp.com\/larevistadigital.com.ar\/blog\/wp-content\/uploads\/119843195_4494553363919004_4636357988956739559_o.jpg?fit=960%2C720&ssl=1&resize=350%2C200 1x, https:\/\/i0.wp.com\/larevistadigital.com.ar\/blog\/wp-content\/uploads\/119843195_4494553363919004_4636357988956739559_o.jpg?fit=960%2C720&ssl=1&resize=525%2C300 1.5x, https:\/\/i0.wp.com\/larevistadigital.com.ar\/blog\/wp-content\/uploads\/119843195_4494553363919004_4636357988956739559_o.jpg?fit=960%2C720&ssl=1&resize=700%2C400 2x"},"classes":[]}],"_links":{"self":[{"href":"https:\/\/larevistadigital.com.ar\/blog\/wp-json\/wp\/v2\/posts\/7953","targetHints":{"allow":["GET"]}}],"collection":[{"href":"https:\/\/larevistadigital.com.ar\/blog\/wp-json\/wp\/v2\/posts"}],"about":[{"href":"https:\/\/larevistadigital.com.ar\/blog\/wp-json\/wp\/v2\/types\/post"}],"author":[{"embeddable":true,"href":"https:\/\/larevistadigital.com.ar\/blog\/wp-json\/wp\/v2\/users\/3"}],"replies":[{"embeddable":true,"href":"https:\/\/larevistadigital.com.ar\/blog\/wp-json\/wp\/v2\/comments?post=7953"}],"version-history":[{"count":1,"href":"https:\/\/larevistadigital.com.ar\/blog\/wp-json\/wp\/v2\/posts\/7953\/revisions"}],"predecessor-version":[{"id":7956,"href":"https:\/\/larevistadigital.com.ar\/blog\/wp-json\/wp\/v2\/posts\/7953\/revisions\/7956"}],"wp:featuredmedia":[{"embeddable":true,"href":"https:\/\/larevistadigital.com.ar\/blog\/wp-json\/wp\/v2\/media\/7954"}],"wp:attachment":[{"href":"https:\/\/larevistadigital.com.ar\/blog\/wp-json\/wp\/v2\/media?parent=7953"}],"wp:term":[{"taxonomy":"category","embeddable":true,"href":"https:\/\/larevistadigital.com.ar\/blog\/wp-json\/wp\/v2\/categories?post=7953"},{"taxonomy":"post_tag","embeddable":true,"href":"https:\/\/larevistadigital.com.ar\/blog\/wp-json\/wp\/v2\/tags?post=7953"}],"curies":[{"name":"wp","href":"https:\/\/api.w.org\/{rel}","templated":true}]}}