{"id":7959,"date":"2019-01-26T14:20:40","date_gmt":"2019-01-26T14:20:40","guid":{"rendered":"https:\/\/larevistadigital.com.ar\/blog\/?p=7959"},"modified":"2019-01-26T14:21:33","modified_gmt":"2019-01-26T14:21:33","slug":"castelli-el-municipio-aplicara-multas-a-quienes-no-mantengan-sus-terrenos-limpios","status":"publish","type":"post","link":"https:\/\/larevistadigital.com.ar\/blog\/castelli-el-municipio-aplicara-multas-a-quienes-no-mantengan-sus-terrenos-limpios\/","title":{"rendered":"CASTELLI: EL MUNICIPIO APLICAR\u00c1 MULTAS A QUIENES NO MANTENGAN SUS TERRENOS LIMPIOS"},"content":{"rendered":"<p>Al parecer el intendente Echarren est\u00e1 dispuesto a hacer todo lo necesario para luchar con el hantavirus, que en su ciudad se cobr\u00f3 una v\u00edctima fatal.<\/p>\n<blockquote>\n<h3>Se han tomado medidas al respecto. A la desratizaci\u00f3n y limpieza y desmalezamiento de terrenos y espacios p\u00fablicos, se ha sumado al f\u00e9rrea decisi\u00f3n de intimar a los propietarios de terrenos y espacios con maleza para que\u00a0en cuatro d\u00edas procedan a la limpieza y saneamiento de los mismos y en caso de no hacerlo, el Municipio asumir\u00e1 tal tarea cobr\u00e1ndoles el costo devengado.<\/h3>\n<\/blockquote>\n<p><em><strong>Explic\u00f3 Echarren\u00a0\u201c\u2026No lo hicimos hasta ahora pero ya est\u00e1 en juego la salud de todos. Confi\u00e1bamos, pero ahora lo tenemos que hacer por el bien de todos\u2026\u201d<\/strong><\/em><\/p>\n<p>FUENTE INFOZONA<\/p>\n<p>&nbsp;<\/p>\n","protected":false},"excerpt":{"rendered":"<div class=\"mh-excerpt\"><p>Al parecer el intendente Echarren est\u00e1 dispuesto a hacer todo lo necesario para luchar con el hantavirus, que en su ciudad se cobr\u00f3 una v\u00edctima fatal. Se han tomado medidas al respecto. A la desratizaci\u00f3n <a class=\"mh-excerpt-more\" href=\"https:\/\/larevistadigital.com.ar\/blog\/castelli-el-municipio-aplicara-multas-a-quienes-no-mantengan-sus-terrenos-limpios\/\" title=\"CASTELLI: EL MUNICIPIO APLICAR\u00c1 MULTAS A QUIENES NO MANTENGAN SUS TERRENOS LIMPIOS\">[Leer M\u00e1s]<\/a><\/p>\n<\/div>","protected":false},"author":3,"featured_media":7960,"comment_status":"open","ping_status":"open","sticky":false,"template":"","format":"standard","meta":{"_jetpack_memberships_contains_paid_content":false,"footnotes":"","jetpack_publicize_message":"","jetpack_publicize_feature_enabled":true,"jetpack_social_post_already_shared":true,"jetpack_social_options":{"image_generator_settings":{"template":"highway","default_image_id":0,"font":"","enabled":false},"version":2}},"categories":[4,12],"tags":[],"class_list":{"0":"post-7959","1":"post","2":"type-post","3":"status-publish","4":"format-standard","5":"has-post-thumbnail","7":"category-castelli","8":"category-politica"},"jetpack_publicize_connections":[],"jetpack_featured_media_url":"https:\/\/i0.wp.com\/larevistadigital.com.ar\/blog\/wp-content\/uploads\/2019\/01\/31-07-18-multas-por-terrenos-bald%C3%ADos-sin-limpiar-1038x568.jpg?fit=1038%2C568&ssl=1","jetpack_sharing_enabled":true,"jetpack_shortlink":"https:\/\/wp.me\/p8qtrQ-24n","jetpack-related-posts":[{"id":7874,"url":"https:\/\/larevistadigital.com.ar\/blog\/castelli-el-intendente-echarren-se-refirio-a-la-situacion-de-la-familia-afectada-por-hantavirus\/","url_meta":{"origin":7959,"position":0},"title":"CASTELLI: EL INTENDENTE ECHARREN SE REFIRI\u00d3 A LA SITUACI\u00d3N DE LA FAMILIA AFECTADA POR HANTAVIRUS","author":"Alejandro Sosa Ruda","date":"22 enero, 2019","format":false,"excerpt":"El intendente de Castelli, Francisco Echarren se refiri\u00f3 a trav\u00e9s de su cuenta de facebook a la penosa situaci\u00f3n que atraviesan el marido y el hijo de la joven fallecida d\u00edas atr\u00e1s por haberse contagiado el HANTAVIRUS. A continuaci\u00f3n transcribimos el mensaje del alcalde: Seguimos en alerta y preocupaci\u00f3n. Como\u2026","rel":"","context":"En \u00abCASTELLI\u00bb","block_context":{"text":"CASTELLI","link":"https:\/\/larevistadigital.com.ar\/blog\/category\/castelli\/"},"img":{"alt_text":"","src":"https:\/\/i0.wp.com\/larevistadigital.com.ar\/blog\/wp-content\/uploads\/2019\/01\/393794.jpg?fit=1200%2C768&ssl=1&resize=350%2C200","width":350,"height":200,"srcset":"https:\/\/i0.wp.com\/larevistadigital.com.ar\/blog\/wp-content\/uploads\/2019\/01\/393794.jpg?fit=1200%2C768&ssl=1&resize=350%2C200 1x, https:\/\/i0.wp.com\/larevistadigital.com.ar\/blog\/wp-content\/uploads\/2019\/01\/393794.jpg?fit=1200%2C768&ssl=1&resize=525%2C300 1.5x, https:\/\/i0.wp.com\/larevistadigital.com.ar\/blog\/wp-content\/uploads\/2019\/01\/393794.jpg?fit=1200%2C768&ssl=1&resize=700%2C400 2x, https:\/\/i0.wp.com\/larevistadigital.com.ar\/blog\/wp-content\/uploads\/2019\/01\/393794.jpg?fit=1200%2C768&ssl=1&resize=1050%2C600 3x"},"classes":[]},{"id":11523,"url":"https:\/\/larevistadigital.com.ar\/blog\/castelli-el-municipio-entrego-bono-de-7-000-a-sus-trabajadores\/","url_meta":{"origin":7959,"position":1},"title":"CASTELLI: EL MUNICIPIO ENTREG\u00d3 BONO DE $7.000.- A SUS TRABAJADORES","author":"Alejandro Sosa Ruda","date":"26 julio, 2019","format":false,"excerpt":"El intendente de Castelli, Franc\u00edsco Echarren comunic\u00f3 a trav\u00e9s de las redes sociales que en el d\u00eda de hoy entreg\u00f3 un bono a los empleados municipales de $7.000.- Es la tercera entrega que se brinda en lo que va del a\u00f1o, y Echarren lo expres\u00f3 de esta manera: \"Reci\u00e9n pagamos\u2026","rel":"","context":"En \u00abCASTELLI\u00bb","block_context":{"text":"CASTELLI","link":"https:\/\/larevistadigital.com.ar\/blog\/category\/castelli\/"},"img":{"alt_text":"","src":"https:\/\/i0.wp.com\/larevistadigital.com.ar\/blog\/wp-content\/uploads\/dinero-peso-argentinos-103252250.jpg?fit=1200%2C883&ssl=1&resize=350%2C200","width":350,"height":200,"srcset":"https:\/\/i0.wp.com\/larevistadigital.com.ar\/blog\/wp-content\/uploads\/dinero-peso-argentinos-103252250.jpg?fit=1200%2C883&ssl=1&resize=350%2C200 1x, https:\/\/i0.wp.com\/larevistadigital.com.ar\/blog\/wp-content\/uploads\/dinero-peso-argentinos-103252250.jpg?fit=1200%2C883&ssl=1&resize=525%2C300 1.5x, https:\/\/i0.wp.com\/larevistadigital.com.ar\/blog\/wp-content\/uploads\/dinero-peso-argentinos-103252250.jpg?fit=1200%2C883&ssl=1&resize=700%2C400 2x, https:\/\/i0.wp.com\/larevistadigital.com.ar\/blog\/wp-content\/uploads\/dinero-peso-argentinos-103252250.jpg?fit=1200%2C883&ssl=1&resize=1050%2C600 3x"},"classes":[]},{"id":26261,"url":"https:\/\/larevistadigital.com.ar\/blog\/castelli-echarren-presento-con-orgullo-el-centro-de-desarrollo-infantil\/","url_meta":{"origin":7959,"position":2},"title":"CASTELLI: ECHARREN PRESENT\u00d3 CON ORGULLO EL CENTRO DE DESARROLLO INFANTIL","author":"Alejandro Sosa Ruda","date":"2 julio, 2022","format":false,"excerpt":"El intendente de Castelli, Franc\u00edsco Echarren present\u00f3 y public\u00f3 en sus redes el nuevo Centro de Desarrollo Infantil, con todos los beneficios que ello implica para los chicos y sus padres. CASTELLI -\u00a0 El intendente de la ciudad, Franc\u00edsco Echarren, manifest\u00f3 su alegr\u00eda y orgullo al presentar el nuevo Centro\u2026","rel":"","context":"En \u00abCASTELLI\u00bb","block_context":{"text":"CASTELLI","link":"https:\/\/larevistadigital.com.ar\/blog\/category\/castelli\/"},"img":{"alt_text":"","src":"https:\/\/i0.wp.com\/larevistadigital.com.ar\/blog\/wp-content\/uploads\/291566011_404345335061915_7240730414527041826_n.jpg?fit=720%2C405&ssl=1&resize=350%2C200","width":350,"height":200,"srcset":"https:\/\/i0.wp.com\/larevistadigital.com.ar\/blog\/wp-content\/uploads\/291566011_404345335061915_7240730414527041826_n.jpg?fit=720%2C405&ssl=1&resize=350%2C200 1x, https:\/\/i0.wp.com\/larevistadigital.com.ar\/blog\/wp-content\/uploads\/291566011_404345335061915_7240730414527041826_n.jpg?fit=720%2C405&ssl=1&resize=525%2C300 1.5x, https:\/\/i0.wp.com\/larevistadigital.com.ar\/blog\/wp-content\/uploads\/291566011_404345335061915_7240730414527041826_n.jpg?fit=720%2C405&ssl=1&resize=700%2C400 2x"},"classes":[]},{"id":9156,"url":"https:\/\/larevistadigital.com.ar\/blog\/castelli-el-intendente-echarren-promete-entregar-un-lote-a-cada-familia-de-su-ciudad\/","url_meta":{"origin":7959,"position":3},"title":"CASTELLI: EL INTENDENTE ECHARREN PROMETE ENTREGAR UN LOTE A CADA FAMILIA DE SU CIUDAD","author":"Alejandro Sosa Ruda","date":"17 marzo, 2019","format":false,"excerpt":"El intendente de Castelli, Franc\u00edsco Echarren, prometi\u00f3 a trav\u00e9s de su cuenta oficial de Facebook que tiene la decisi\u00f3n tomada de dar soluci\u00f3n al problema habitacional en su distrito. Aqu\u00ed la publicaci\u00f3n del alcalde: #UnTerrenoPorD\u00eda\u00a0\ud83c\udfe1 \u00bfC\u00f3mo puede ser que en una provincia donde lo que sobra es la tierra, haya\u2026","rel":"","context":"En \u00abCASTELLI\u00bb","block_context":{"text":"CASTELLI","link":"https:\/\/larevistadigital.com.ar\/blog\/category\/castelli\/"},"img":{"alt_text":"","src":"https:\/\/i0.wp.com\/larevistadigital.com.ar\/blog\/wp-content\/uploads\/2019\/03\/53560557_1216880881805020_8639566143150882816_o.jpg?fit=1200%2C848&ssl=1&resize=350%2C200","width":350,"height":200,"srcset":"https:\/\/i0.wp.com\/larevistadigital.com.ar\/blog\/wp-content\/uploads\/2019\/03\/53560557_1216880881805020_8639566143150882816_o.jpg?fit=1200%2C848&ssl=1&resize=350%2C200 1x, https:\/\/i0.wp.com\/larevistadigital.com.ar\/blog\/wp-content\/uploads\/2019\/03\/53560557_1216880881805020_8639566143150882816_o.jpg?fit=1200%2C848&ssl=1&resize=525%2C300 1.5x, https:\/\/i0.wp.com\/larevistadigital.com.ar\/blog\/wp-content\/uploads\/2019\/03\/53560557_1216880881805020_8639566143150882816_o.jpg?fit=1200%2C848&ssl=1&resize=700%2C400 2x, https:\/\/i0.wp.com\/larevistadigital.com.ar\/blog\/wp-content\/uploads\/2019\/03\/53560557_1216880881805020_8639566143150882816_o.jpg?fit=1200%2C848&ssl=1&resize=1050%2C600 3x"},"classes":[]},{"id":19621,"url":"https:\/\/larevistadigital.com.ar\/blog\/castelli-echarren-pidio-suspender-las-clases-presenciales\/","url_meta":{"origin":7959,"position":4},"title":"CASTELLI: ECHARREN PIDI\u00d3 SUSPENDER LAS CLASES PRESENCIALES","author":"Alejandro Sosa Ruda","date":"12 abril, 2021","format":false,"excerpt":"CASTELLI - El Intendente Municipal de Castelli, Francisco Echarren, afirm\u00f3 que si contin\u00faan abiertos los colegios \u201cva a volar todo por el aire\u201d. Echarren, a trav\u00e9s de un Hilo de Twitter, pidi\u00f3 por la suspensi\u00f3n de las clases en las escuelas y cuestion\u00f3 \u201csi alg\u00fan ministro\u201d decide continuar con la\u2026","rel":"","context":"En \u00abCASTELLI\u00bb","block_context":{"text":"CASTELLI","link":"https:\/\/larevistadigital.com.ar\/blog\/category\/castelli\/"},"img":{"alt_text":"","src":"https:\/\/i0.wp.com\/larevistadigital.com.ar\/blog\/wp-content\/uploads\/FireShot-Capture-3258-%E1%90%88-Castelli_-El-Intendente-Echarren-pidio-suspender-las-clases-presen_-www.infozona.com_.ar_.png?fit=886%2C529&ssl=1&resize=350%2C200","width":350,"height":200,"srcset":"https:\/\/i0.wp.com\/larevistadigital.com.ar\/blog\/wp-content\/uploads\/FireShot-Capture-3258-%E1%90%88-Castelli_-El-Intendente-Echarren-pidio-suspender-las-clases-presen_-www.infozona.com_.ar_.png?fit=886%2C529&ssl=1&resize=350%2C200 1x, https:\/\/i0.wp.com\/larevistadigital.com.ar\/blog\/wp-content\/uploads\/FireShot-Capture-3258-%E1%90%88-Castelli_-El-Intendente-Echarren-pidio-suspender-las-clases-presen_-www.infozona.com_.ar_.png?fit=886%2C529&ssl=1&resize=525%2C300 1.5x, https:\/\/i0.wp.com\/larevistadigital.com.ar\/blog\/wp-content\/uploads\/FireShot-Capture-3258-%E1%90%88-Castelli_-El-Intendente-Echarren-pidio-suspender-las-clases-presen_-www.infozona.com_.ar_.png?fit=886%2C529&ssl=1&resize=700%2C400 2x"},"classes":[]},{"id":24579,"url":"https:\/\/larevistadigital.com.ar\/blog\/castelli-reasume-francisco-echarren-luego-de-8-meses-en-el-gobierno-nacional\/","url_meta":{"origin":7959,"position":5},"title":"CASTELLI: REASUME FRANCISCO ECHARREN LUEGO DE 8 MESES EN EL GOBIERNO NACIONAL","author":"Alejandro Sosa Ruda","date":"15 marzo, 2022","format":false,"excerpt":"\"Nos vamos con la certeza de que fuimos funcionarios que funcionamos\", dijo el jefe comunal del Frente de Todos, que se desempe\u00f1\u00f3 en el ministerio de Transporte nacional. CASTELLI -\u00a0 Francisco Echarren\u00a0anunci\u00f3 su regreso al cargo de intendente de\u00a0Castelli, luego de casi un a\u00f1o en la\u00a0Direcci\u00f3n Nacional de Obras del\u2026","rel":"","context":"En \u00abCASTELLI\u00bb","block_context":{"text":"CASTELLI","link":"https:\/\/larevistadigital.com.ar\/blog\/category\/castelli\/"},"img":{"alt_text":"","src":"https:\/\/i0.wp.com\/larevistadigital.com.ar\/blog\/wp-content\/uploads\/f9891e6aef70d50fa77354586b3895b02afcd685.jpg?fit=1140%2C677&ssl=1&resize=350%2C200","width":350,"height":200,"srcset":"https:\/\/i0.wp.com\/larevistadigital.com.ar\/blog\/wp-content\/uploads\/f9891e6aef70d50fa77354586b3895b02afcd685.jpg?fit=1140%2C677&ssl=1&resize=350%2C200 1x, https:\/\/i0.wp.com\/larevistadigital.com.ar\/blog\/wp-content\/uploads\/f9891e6aef70d50fa77354586b3895b02afcd685.jpg?fit=1140%2C677&ssl=1&resize=525%2C300 1.5x, https:\/\/i0.wp.com\/larevistadigital.com.ar\/blog\/wp-content\/uploads\/f9891e6aef70d50fa77354586b3895b02afcd685.jpg?fit=1140%2C677&ssl=1&resize=700%2C400 2x, https:\/\/i0.wp.com\/larevistadigital.com.ar\/blog\/wp-content\/uploads\/f9891e6aef70d50fa77354586b3895b02afcd685.jpg?fit=1140%2C677&ssl=1&resize=1050%2C600 3x"},"classes":[]}],"_links":{"self":[{"href":"https:\/\/larevistadigital.com.ar\/blog\/wp-json\/wp\/v2\/posts\/7959","targetHints":{"allow":["GET"]}}],"collection":[{"href":"https:\/\/larevistadigital.com.ar\/blog\/wp-json\/wp\/v2\/posts"}],"about":[{"href":"https:\/\/larevistadigital.com.ar\/blog\/wp-json\/wp\/v2\/types\/post"}],"author":[{"embeddable":true,"href":"https:\/\/larevistadigital.com.ar\/blog\/wp-json\/wp\/v2\/users\/3"}],"replies":[{"embeddable":true,"href":"https:\/\/larevistadigital.com.ar\/blog\/wp-json\/wp\/v2\/comments?post=7959"}],"version-history":[{"count":2,"href":"https:\/\/larevistadigital.com.ar\/blog\/wp-json\/wp\/v2\/posts\/7959\/revisions"}],"predecessor-version":[{"id":7962,"href":"https:\/\/larevistadigital.com.ar\/blog\/wp-json\/wp\/v2\/posts\/7959\/revisions\/7962"}],"wp:featuredmedia":[{"embeddable":true,"href":"https:\/\/larevistadigital.com.ar\/blog\/wp-json\/wp\/v2\/media\/7960"}],"wp:attachment":[{"href":"https:\/\/larevistadigital.com.ar\/blog\/wp-json\/wp\/v2\/media?parent=7959"}],"wp:term":[{"taxonomy":"category","embeddable":true,"href":"https:\/\/larevistadigital.com.ar\/blog\/wp-json\/wp\/v2\/categories?post=7959"},{"taxonomy":"post_tag","embeddable":true,"href":"https:\/\/larevistadigital.com.ar\/blog\/wp-json\/wp\/v2\/tags?post=7959"}],"curies":[{"name":"wp","href":"https:\/\/api.w.org\/{rel}","templated":true}]}}