{"id":7963,"date":"2019-01-26T14:34:38","date_gmt":"2019-01-26T14:34:38","guid":{"rendered":"https:\/\/larevistadigital.com.ar\/blog\/?p=7963"},"modified":"2019-01-26T14:34:38","modified_gmt":"2019-01-26T14:34:38","slug":"castelli-detienen-una-mujer-por-encerrar-a-su-marido","status":"publish","type":"post","link":"https:\/\/larevistadigital.com.ar\/blog\/castelli-detienen-una-mujer-por-encerrar-a-su-marido\/","title":{"rendered":"CASTELLI: DETIENEN UNA MUJER POR ENCERRAR A SU MARIDO"},"content":{"rendered":"<p>Una mujer fue detenida en la ma\u00f1ana de este mi\u00e9rcoles por la polic\u00eda de Castelli luego que vecinos alertaran a la fuerza policial de supuestos gritos en dentro de una vivienda.<\/p>\n<p>El hecho fue caratulado como privaci\u00f3n ileg\u00edtima de la libertad agravado e\u00a0 interviene la UFI 2 a cargo del Dr <strong>Diego Bensi<\/strong> quien dispuso la detenci\u00f3n de la mujer y en la tarde del jueves se realizaron allanamientos en la vivienda, del barrio Obrero, \u00a0que ambas mujeres compart\u00edan.<\/p>\n<p>Seg\u00fan detall\u00f3 una fuente policial a <strong>Castellidiario <em>\u201cprimero se realiz\u00f3 un acercamiento a la vivienda donde en la ma\u00f1ana del mi\u00e9rcoles se constataron los dichos de vecinos y se pudo aprehender a la mujer y resguardar a la v\u00edctima\u201d<\/em><\/strong><\/p>\n<p>La vivienda ubicada en calle Libertad entre San Juan y Yapey\u00fa fue allanada esta tarde, donde adem\u00e1s se realizaron pericias de rigor. Consultado por este portal un alto funcionario policial confirm\u00f3 que \u00a0personal de la Comisaria y de Policia Cient\u00edfica encontr\u00f3 \u00a0en el domicilio elementos de importancia para la investigaci\u00f3n.<\/p>\n<p>fuente castellidiario<\/p>\n","protected":false},"excerpt":{"rendered":"<div class=\"mh-excerpt\"><p>Una mujer fue detenida en la ma\u00f1ana de este mi\u00e9rcoles por la polic\u00eda de Castelli luego que vecinos alertaran a la fuerza policial de supuestos gritos en dentro de una vivienda. El hecho fue caratulado <a class=\"mh-excerpt-more\" href=\"https:\/\/larevistadigital.com.ar\/blog\/castelli-detienen-una-mujer-por-encerrar-a-su-marido\/\" title=\"CASTELLI: DETIENEN UNA MUJER POR ENCERRAR A SU MARIDO\">[Leer M\u00e1s]<\/a><\/p>\n<\/div>","protected":false},"author":3,"featured_media":7964,"comment_status":"open","ping_status":"open","sticky":false,"template":"","format":"standard","meta":{"_jetpack_memberships_contains_paid_content":false,"footnotes":"","jetpack_publicize_message":"","jetpack_publicize_feature_enabled":true,"jetpack_social_post_already_shared":true,"jetpack_social_options":{"image_generator_settings":{"template":"highway","default_image_id":0,"font":"","enabled":false},"version":2}},"categories":[4,12],"tags":[],"class_list":{"0":"post-7963","1":"post","2":"type-post","3":"status-publish","4":"format-standard","5":"has-post-thumbnail","7":"category-castelli","8":"category-politica"},"jetpack_publicize_connections":[],"jetpack_featured_media_url":"https:\/\/i0.wp.com\/larevistadigital.com.ar\/blog\/wp-content\/uploads\/2019\/01\/descarga.jpg?fit=600%2C348&ssl=1","jetpack_sharing_enabled":true,"jetpack_shortlink":"https:\/\/wp.me\/p8qtrQ-24r","jetpack-related-posts":[{"id":44339,"url":"https:\/\/larevistadigital.com.ar\/blog\/violento-robo-en-castelli-detuvieron-a-dos-vecinos-acusados-de-ser-los-entregadores\/","url_meta":{"origin":7963,"position":0},"title":"Violento robo en Castelli: detuvieron a dos vecinos acusados de ser los \u201centregadores\u201d","author":"Alejandro Sosa Ruda","date":"5 marzo, 2026","format":false,"excerpt":"La investigaci\u00f3n por el asalto a una vivienda c\u00e9ntrica sum\u00f3 nuevas detenciones. Los sospechosos habr\u00edan aportado informaci\u00f3n clave a los delincuentes que golpearon y ataron a las v\u00edctimas. 05 de Marzo de 2026 CASTELLI -\u00a0 \u00a0La investigaci\u00f3n por el violento robo ocurrido el martes por la noche en una vivienda\u2026","rel":"","context":"En \u00abCASTELLI\u00bb","block_context":{"text":"CASTELLI","link":"https:\/\/larevistadigital.com.ar\/blog\/category\/castelli\/"},"img":{"alt_text":"","src":"https:\/\/i0.wp.com\/larevistadigital.com.ar\/blog\/wp-content\/uploads\/WhatsApp-Image-2026-03-05-at-15.44.29-e1772751736307.jpeg?fit=738%2C740&ssl=1&resize=350%2C200","width":350,"height":200,"srcset":"https:\/\/i0.wp.com\/larevistadigital.com.ar\/blog\/wp-content\/uploads\/WhatsApp-Image-2026-03-05-at-15.44.29-e1772751736307.jpeg?fit=738%2C740&ssl=1&resize=350%2C200 1x, https:\/\/i0.wp.com\/larevistadigital.com.ar\/blog\/wp-content\/uploads\/WhatsApp-Image-2026-03-05-at-15.44.29-e1772751736307.jpeg?fit=738%2C740&ssl=1&resize=525%2C300 1.5x, https:\/\/i0.wp.com\/larevistadigital.com.ar\/blog\/wp-content\/uploads\/WhatsApp-Image-2026-03-05-at-15.44.29-e1772751736307.jpeg?fit=738%2C740&ssl=1&resize=700%2C400 2x"},"classes":[]},{"id":8827,"url":"https:\/\/larevistadigital.com.ar\/blog\/castelli-vecino-tomo-la-tragica-decision-de-quitarse-la-vida\/","url_meta":{"origin":7963,"position":1},"title":"CASTELLI: VECINO TOM\u00d3 LA TR\u00c1GICA DECISI\u00d3N DE QUITARSE LA VIDA","author":"Alejandro Sosa Ruda","date":"2 marzo, 2019","format":false,"excerpt":"El cuerpo sin vida de un hombre fue hallado esta ma\u00f1ana en una vivienda ubicada en calle Caseros, entre Av 25 de Mayo y Mitre, confirmaron voceros policiales a castellidiario El hombre fue identificado como David Mattera de 48 a\u00f1os, quien habr\u00eda tomado la tr\u00e1gica de decisi\u00f3n de quitarse la\u2026","rel":"","context":"En \u00abCASTELLI\u00bb","block_context":{"text":"CASTELLI","link":"https:\/\/larevistadigital.com.ar\/blog\/category\/castelli\/"},"img":{"alt_text":"","src":"https:\/\/i0.wp.com\/larevistadigital.com.ar\/blog\/wp-content\/uploads\/2019\/03\/ambulancia.jpg?fit=800%2C600&ssl=1&resize=350%2C200","width":350,"height":200,"srcset":"https:\/\/i0.wp.com\/larevistadigital.com.ar\/blog\/wp-content\/uploads\/2019\/03\/ambulancia.jpg?fit=800%2C600&ssl=1&resize=350%2C200 1x, https:\/\/i0.wp.com\/larevistadigital.com.ar\/blog\/wp-content\/uploads\/2019\/03\/ambulancia.jpg?fit=800%2C600&ssl=1&resize=525%2C300 1.5x, https:\/\/i0.wp.com\/larevistadigital.com.ar\/blog\/wp-content\/uploads\/2019\/03\/ambulancia.jpg?fit=800%2C600&ssl=1&resize=700%2C400 2x"},"classes":[]},{"id":2925,"url":"https:\/\/larevistadigital.com.ar\/blog\/aprehenden-a-un-joven-tras-reyerta-callejera\/","url_meta":{"origin":7963,"position":2},"title":"Aprehenden a un joven tras reyerta callejera","author":"admin","date":"2 agosto, 2017","format":false,"excerpt":"Un joven fue aprehendido, \u00a0este mi\u00e9rcoles por la tarde, en una vivienda del barrio Autoconstrucci\u00f3n. Seg\u00fan se\u00f1al\u00f3 una fuente policial consultada por castellidiario el aprehendido habr\u00eda mantenido una discusi\u00f3n y enfrentamiento con un vecino en el barrio solidaridad, hecho que motivo el llamado de la polic\u00eda. \u201cHubo una discusi\u00f3n y\u2026","rel":"","context":"En \u00abCASTELLI\u00bb","block_context":{"text":"CASTELLI","link":"https:\/\/larevistadigital.com.ar\/blog\/category\/castelli\/"},"img":{"alt_text":"","src":"https:\/\/i0.wp.com\/larevistadigital.com.ar\/blog\/wp-content\/uploads\/2017\/08\/detenido4.jpg?fit=600%2C338&ssl=1&resize=350%2C200","width":350,"height":200,"srcset":"https:\/\/i0.wp.com\/larevistadigital.com.ar\/blog\/wp-content\/uploads\/2017\/08\/detenido4.jpg?fit=600%2C338&ssl=1&resize=350%2C200 1x, https:\/\/i0.wp.com\/larevistadigital.com.ar\/blog\/wp-content\/uploads\/2017\/08\/detenido4.jpg?fit=600%2C338&ssl=1&resize=525%2C300 1.5x"},"classes":[]},{"id":27774,"url":"https:\/\/larevistadigital.com.ar\/blog\/mar-del-plata-mato-a-su-madre-y-abuelo-e-hirio-a-su-abuela\/","url_meta":{"origin":7963,"position":3},"title":"MAR DEL PLATA: MAT\u00d3 A SU MADRE Y ABUELO, E HIRI\u00d3 A SU ABUELA","author":"Alejandro Sosa Ruda","date":"15 septiembre, 2022","format":false,"excerpt":"El autor de los hechos es un joven de 18 a\u00f1os intent\u00f3 huir por lo techos de la vivienda pero fue aprehendido por efectivos de la comisar\u00eda cuarta. 15 de septiembre de 2022 MAR DEL PLATA -\u00a0 Una mujer de 36 a\u00f1os falleci\u00f3 este mediod\u00eda producto de varias heridas de\u2026","rel":"","context":"En \u00abPOLICIALES\u00bb","block_context":{"text":"POLICIALES","link":"https:\/\/larevistadigital.com.ar\/blog\/category\/policiales\/"},"img":{"alt_text":"","src":"https:\/\/i0.wp.com\/larevistadigital.com.ar\/blog\/wp-content\/uploads\/2018\/03\/Policia-allanamiento-noche.jpg?fit=777%2C498&ssl=1&resize=350%2C200","width":350,"height":200,"srcset":"https:\/\/i0.wp.com\/larevistadigital.com.ar\/blog\/wp-content\/uploads\/2018\/03\/Policia-allanamiento-noche.jpg?fit=777%2C498&ssl=1&resize=350%2C200 1x, https:\/\/i0.wp.com\/larevistadigital.com.ar\/blog\/wp-content\/uploads\/2018\/03\/Policia-allanamiento-noche.jpg?fit=777%2C498&ssl=1&resize=525%2C300 1.5x, https:\/\/i0.wp.com\/larevistadigital.com.ar\/blog\/wp-content\/uploads\/2018\/03\/Policia-allanamiento-noche.jpg?fit=777%2C498&ssl=1&resize=700%2C400 2x"},"classes":[]},{"id":4011,"url":"https:\/\/larevistadigital.com.ar\/blog\/encuentran-joven-sin-vida\/","url_meta":{"origin":7963,"position":4},"title":"Encuentran a un joven sin vida","author":"admin","date":"26 noviembre, 2017","format":false,"excerpt":"Un joven de unos 20 a\u00f1os de edad fue encontrado sin vida, esta tarde, cerca de las 17 hs , en una vivienda del sector rural, camino a \u201cLa California\u201d La informaci\u00f3n fue confirmada por un vocero judicial a castellidiario.com.ar quien adem\u00e1s se\u00f1al\u00f3 que investigan cuales ser\u00edan las causales de\u2026","rel":"","context":"En \u00abCASTELLI\u00bb","block_context":{"text":"CASTELLI","link":"https:\/\/larevistadigital.com.ar\/blog\/category\/castelli\/"},"img":{"alt_text":"","src":"https:\/\/i0.wp.com\/larevistadigital.com.ar\/blog\/wp-content\/uploads\/2017\/11\/PATRULLERO-POLICIA-CIENTIFICA.jpg?fit=700%2C464&ssl=1&resize=350%2C200","width":350,"height":200,"srcset":"https:\/\/i0.wp.com\/larevistadigital.com.ar\/blog\/wp-content\/uploads\/2017\/11\/PATRULLERO-POLICIA-CIENTIFICA.jpg?fit=700%2C464&ssl=1&resize=350%2C200 1x, https:\/\/i0.wp.com\/larevistadigital.com.ar\/blog\/wp-content\/uploads\/2017\/11\/PATRULLERO-POLICIA-CIENTIFICA.jpg?fit=700%2C464&ssl=1&resize=525%2C300 1.5x, https:\/\/i0.wp.com\/larevistadigital.com.ar\/blog\/wp-content\/uploads\/2017\/11\/PATRULLERO-POLICIA-CIENTIFICA.jpg?fit=700%2C464&ssl=1&resize=700%2C400 2x"},"classes":[]},{"id":8560,"url":"https:\/\/larevistadigital.com.ar\/blog\/castelli-denuncian-abuso-sexual-a-menor\/","url_meta":{"origin":7963,"position":5},"title":"CASTELLI: DENUNCIAN ABUSO SEXUAL A MENOR","author":"Alejandro Sosa Ruda","date":"18 febrero, 2019","format":false,"excerpt":"Una mujer denunci\u00f3 abuso sexual de una menor de edad, confirm\u00f3 una fuente policial a castellidiario El hecho ocurri\u00f3 el jueves de la semana pasada cuando una ni\u00f1a recibi\u00f3 tocamientos por parte de la pareja de su madre luego de haber quedado a solas con el hombre, confiaron a este\u2026","rel":"","context":"En \u00abCASTELLI\u00bb","block_context":{"text":"CASTELLI","link":"https:\/\/larevistadigital.com.ar\/blog\/category\/castelli\/"},"img":{"alt_text":"","src":"https:\/\/i0.wp.com\/larevistadigital.com.ar\/blog\/wp-content\/uploads\/2019\/02\/5a16c73a587a3.jpeg?fit=1200%2C689&ssl=1&resize=350%2C200","width":350,"height":200,"srcset":"https:\/\/i0.wp.com\/larevistadigital.com.ar\/blog\/wp-content\/uploads\/2019\/02\/5a16c73a587a3.jpeg?fit=1200%2C689&ssl=1&resize=350%2C200 1x, https:\/\/i0.wp.com\/larevistadigital.com.ar\/blog\/wp-content\/uploads\/2019\/02\/5a16c73a587a3.jpeg?fit=1200%2C689&ssl=1&resize=525%2C300 1.5x, https:\/\/i0.wp.com\/larevistadigital.com.ar\/blog\/wp-content\/uploads\/2019\/02\/5a16c73a587a3.jpeg?fit=1200%2C689&ssl=1&resize=700%2C400 2x, https:\/\/i0.wp.com\/larevistadigital.com.ar\/blog\/wp-content\/uploads\/2019\/02\/5a16c73a587a3.jpeg?fit=1200%2C689&ssl=1&resize=1050%2C600 3x"},"classes":[]}],"_links":{"self":[{"href":"https:\/\/larevistadigital.com.ar\/blog\/wp-json\/wp\/v2\/posts\/7963","targetHints":{"allow":["GET"]}}],"collection":[{"href":"https:\/\/larevistadigital.com.ar\/blog\/wp-json\/wp\/v2\/posts"}],"about":[{"href":"https:\/\/larevistadigital.com.ar\/blog\/wp-json\/wp\/v2\/types\/post"}],"author":[{"embeddable":true,"href":"https:\/\/larevistadigital.com.ar\/blog\/wp-json\/wp\/v2\/users\/3"}],"replies":[{"embeddable":true,"href":"https:\/\/larevistadigital.com.ar\/blog\/wp-json\/wp\/v2\/comments?post=7963"}],"version-history":[{"count":1,"href":"https:\/\/larevistadigital.com.ar\/blog\/wp-json\/wp\/v2\/posts\/7963\/revisions"}],"predecessor-version":[{"id":7965,"href":"https:\/\/larevistadigital.com.ar\/blog\/wp-json\/wp\/v2\/posts\/7963\/revisions\/7965"}],"wp:featuredmedia":[{"embeddable":true,"href":"https:\/\/larevistadigital.com.ar\/blog\/wp-json\/wp\/v2\/media\/7964"}],"wp:attachment":[{"href":"https:\/\/larevistadigital.com.ar\/blog\/wp-json\/wp\/v2\/media?parent=7963"}],"wp:term":[{"taxonomy":"category","embeddable":true,"href":"https:\/\/larevistadigital.com.ar\/blog\/wp-json\/wp\/v2\/categories?post=7963"},{"taxonomy":"post_tag","embeddable":true,"href":"https:\/\/larevistadigital.com.ar\/blog\/wp-json\/wp\/v2\/tags?post=7963"}],"curies":[{"name":"wp","href":"https:\/\/api.w.org\/{rel}","templated":true}]}}