{"id":7966,"date":"2019-01-26T14:38:36","date_gmt":"2019-01-26T14:38:36","guid":{"rendered":"https:\/\/larevistadigital.com.ar\/blog\/?p=7966"},"modified":"2019-01-26T14:38:36","modified_gmt":"2019-01-26T14:38:36","slug":"lezama-presente-en-el-lanzamiento-del-nuevo-sistema-de-competencia-para-sub-8-y-sub-10","status":"publish","type":"post","link":"https:\/\/larevistadigital.com.ar\/blog\/lezama-presente-en-el-lanzamiento-del-nuevo-sistema-de-competencia-para-sub-8-y-sub-10\/","title":{"rendered":"LEZAMA: PRESENTE EN EL LANZAMIENTO DEL NUEVO SISTEMA DE COMPETENCIA PARA SUB 8 Y SUB 10"},"content":{"rendered":"<p>Durante el fin de semana referentes de la Asociaci\u00f3n Argentina de Tenis y la Federaci\u00f3n Internacional capacitaron a instructores de todo el pa\u00eds.<\/p>\n<p>La Profesora <strong>Bel\u00e9n Duarte Barrientos<\/strong>, a cargo de la Escuela de Iniciaci\u00f3n Deportiva en Tenis de Lezama, particip\u00f3 el fin de semana de la presentaci\u00f3n del nuevo sistema de competencia en Sub 8 y Sub 10 GEN10S! en el predio del CENARD, junt<span class=\"text_exposed_show\">o a especialistas y referentes de cada provincia. La capacitaci\u00f3n estuvo a cargo de<strong> Romina Puglia<\/strong> de la Asociaci\u00f3n Argentina de Tenis (AAT) y del espa\u00f1ol <strong>Rafael Mart\u00ednez Gallego<\/strong> de la Federaci\u00f3n Internacional de Tenis (ITF).<br \/>\n<strong>Para la ocasi\u00f3n se citaron referentes de todo el pa\u00eds para presentar en primera instancia el nuevo sistema de competencia en las categor\u00edas peque\u00f1as, y adem\u00e1s comenzar a tener un registro sobre la cantidad de ni\u00f1os sub 10 que en la Argentina juegan tenis.<\/strong><br \/>\nEl evento tuvo lugar el 20 y 21 de enero en el predio del CENARD, con jornadas de 8 a 16 horas, que abarcaron teor\u00eda y pr\u00e1ctica para los representantes de todas las provincias argentinas, especialistas y referentes de la disciplina.<br \/>\nLezama tiene el orgullo de ser parte de este programa de iniciaci\u00f3n deportiva con un caudal importante y sostenido de chicos durante todo el a\u00f1o, en una propuesta donde confluye el compromiso del municipio, la provincia y la naci\u00f3n para fomentar el tenis y fortalecer la formaci\u00f3n de la disciplina en ni\u00f1os y ni\u00f1as desde el inicio mismo del juego.<\/span><\/p>\n","protected":false},"excerpt":{"rendered":"<div class=\"mh-excerpt\"><p>Durante el fin de semana referentes de la Asociaci\u00f3n Argentina de Tenis y la Federaci\u00f3n Internacional capacitaron a instructores de todo el pa\u00eds. La Profesora Bel\u00e9n Duarte Barrientos, a cargo de la Escuela de Iniciaci\u00f3n <a class=\"mh-excerpt-more\" href=\"https:\/\/larevistadigital.com.ar\/blog\/lezama-presente-en-el-lanzamiento-del-nuevo-sistema-de-competencia-para-sub-8-y-sub-10\/\" title=\"LEZAMA: PRESENTE EN EL LANZAMIENTO DEL NUEVO SISTEMA DE COMPETENCIA PARA SUB 8 Y SUB 10\">[Leer M\u00e1s]<\/a><\/p>\n<\/div>","protected":false},"author":3,"featured_media":7967,"comment_status":"open","ping_status":"open","sticky":false,"template":"","format":"standard","meta":{"_jetpack_memberships_contains_paid_content":false,"footnotes":"","jetpack_publicize_message":"","jetpack_publicize_feature_enabled":true,"jetpack_social_post_already_shared":true,"jetpack_social_options":{"image_generator_settings":{"template":"highway","default_image_id":0,"font":"","enabled":false},"version":2}},"categories":[7,12],"tags":[],"class_list":{"0":"post-7966","1":"post","2":"type-post","3":"status-publish","4":"format-standard","5":"has-post-thumbnail","7":"category-lezama","8":"category-politica"},"jetpack_publicize_connections":[],"jetpack_featured_media_url":"https:\/\/i0.wp.com\/larevistadigital.com.ar\/blog\/wp-content\/uploads\/2019\/01\/50973679_1390228807836483_1174179986404278272_n.jpg?fit=814%2C960&ssl=1","jetpack_sharing_enabled":true,"jetpack_shortlink":"https:\/\/wp.me\/p8qtrQ-24u","jetpack-related-posts":[{"id":40141,"url":"https:\/\/larevistadigital.com.ar\/blog\/chascomus-continua-la-etapa-local-de-los-bonaerenses\/","url_meta":{"origin":7966,"position":0},"title":"Chascom\u00fas: Contin\u00faa la Etapa Local de los Bonaerenses","author":"Alejandro Sosa Ruda","date":"23 junio, 2025","format":false,"excerpt":"El cronograma semanal de los Juegos arranca ma\u00f1ana en el Polideportivo Luego de la semana corta por los feriados de junio, ma\u00f1ana se retoman las competencias para la definici\u00f3n de la Etapa Local de los Juegos Bonaerenses 2025. F\u00fatbol, tenis y tenis de mesa son las disciplinas con actividades seg\u00fan\u2026","rel":"","context":"En \u00abCHASCOM\u00daS\u00bb","block_context":{"text":"CHASCOM\u00daS","link":"https:\/\/larevistadigital.com.ar\/blog\/category\/chascomus\/"},"img":{"alt_text":"","src":"https:\/\/i0.wp.com\/larevistadigital.com.ar\/blog\/wp-content\/uploads\/685990f6e3f2e.png?fit=668%2C445&ssl=1&resize=350%2C200","width":350,"height":200,"srcset":"https:\/\/i0.wp.com\/larevistadigital.com.ar\/blog\/wp-content\/uploads\/685990f6e3f2e.png?fit=668%2C445&ssl=1&resize=350%2C200 1x, https:\/\/i0.wp.com\/larevistadigital.com.ar\/blog\/wp-content\/uploads\/685990f6e3f2e.png?fit=668%2C445&ssl=1&resize=525%2C300 1.5x"},"classes":[]},{"id":11311,"url":"https:\/\/larevistadigital.com.ar\/blog\/pami-lezama-en-la-reunion-de-ugl\/","url_meta":{"origin":7966,"position":1},"title":"PAMI LEZAMA EN LA REUNI\u00d3N DE UGL","author":"Alejandro Sosa Ruda","date":"16 julio, 2019","format":false,"excerpt":"En la ciudad de La Plata se realiz\u00f3 la semana pasada la reuni\u00f3n mensual de las 21 agencias de PAMI nucleadas en la UGL VII. La Lic. Marianela Spalletti, titular del Centro de Atenci\u00f3n Personalizada de la obra social en Lezama, particip\u00f3 del encuentro en el que referentes de la\u2026","rel":"","context":"En \u00abLEZAMA\u00bb","block_context":{"text":"LEZAMA","link":"https:\/\/larevistadigital.com.ar\/blog\/category\/lezama\/"},"img":{"alt_text":"","src":"https:\/\/i0.wp.com\/larevistadigital.com.ar\/blog\/wp-content\/uploads\/67141389_1501379500054746_7807422899635093504_o.jpg?fit=1024%2C768&ssl=1&resize=350%2C200","width":350,"height":200,"srcset":"https:\/\/i0.wp.com\/larevistadigital.com.ar\/blog\/wp-content\/uploads\/67141389_1501379500054746_7807422899635093504_o.jpg?fit=1024%2C768&ssl=1&resize=350%2C200 1x, https:\/\/i0.wp.com\/larevistadigital.com.ar\/blog\/wp-content\/uploads\/67141389_1501379500054746_7807422899635093504_o.jpg?fit=1024%2C768&ssl=1&resize=525%2C300 1.5x, https:\/\/i0.wp.com\/larevistadigital.com.ar\/blog\/wp-content\/uploads\/67141389_1501379500054746_7807422899635093504_o.jpg?fit=1024%2C768&ssl=1&resize=700%2C400 2x"},"classes":[]},{"id":2733,"url":"https:\/\/larevistadigital.com.ar\/blog\/lezama-arranco-la-cuarta-fecha-del-rally-mar-y-sierras\/","url_meta":{"origin":7966,"position":2},"title":"LEZAMA: ARRANC\u00d3 LA CUARTA FECHA DEL RALLY \u00abMAR Y SIERRAS\u00bb","author":"Alejandro Sosa Ruda","date":"23 julio, 2017","format":false,"excerpt":"Anoche se larg\u00f3 la cuarta fecha del Rally \u201cMar y Sierras\u201d que se corre en Lezama este fin de semana. Antes se hab\u00eda realizado una reuni\u00f3n en el club Cobo, en donde adem\u00e1s de los pilotos, participaron entre otros el intendente de la ciudad, Arnaldo Harispe, el Secretario de Gobierno\u2026","rel":"","context":"En \u00abDEPORTES\u00bb","block_context":{"text":"DEPORTES","link":"https:\/\/larevistadigital.com.ar\/blog\/category\/deportes\/"},"img":{"alt_text":"","src":"https:\/\/i0.wp.com\/larevistadigital.com.ar\/blog\/wp-content\/uploads\/2017\/07\/16265190_644209929123372_7505035226210743719_n.jpg?fit=720%2C480&ssl=1&resize=350%2C200","width":350,"height":200,"srcset":"https:\/\/i0.wp.com\/larevistadigital.com.ar\/blog\/wp-content\/uploads\/2017\/07\/16265190_644209929123372_7505035226210743719_n.jpg?fit=720%2C480&ssl=1&resize=350%2C200 1x, https:\/\/i0.wp.com\/larevistadigital.com.ar\/blog\/wp-content\/uploads\/2017\/07\/16265190_644209929123372_7505035226210743719_n.jpg?fit=720%2C480&ssl=1&resize=525%2C300 1.5x, https:\/\/i0.wp.com\/larevistadigital.com.ar\/blog\/wp-content\/uploads\/2017\/07\/16265190_644209929123372_7505035226210743719_n.jpg?fit=720%2C480&ssl=1&resize=700%2C400 2x"},"classes":[]},{"id":8737,"url":"https:\/\/larevistadigital.com.ar\/blog\/lezama-se-cubrira-en-marzo-el-cargo-de-cocinero-para-el-nuevo-servicio-de-comedor-escolar-de-el-destino\/","url_meta":{"origin":7966,"position":3},"title":"LEZAMA: SE CUBRIR\u00c1 EN MARZO EL CARGO DE COCINERO PARA EL NUEVO SERVICIO DE COMEDOR ESCOLAR DE \u201cEL DESTINO\u201d","author":"Alejandro Sosa Ruda","date":"26 febrero, 2019","format":false,"excerpt":"El Consejo Escolar de Lezama comunica que el d\u00eda 19 de marzo, a las 14 horas, se realizar\u00e1 en el edificio (Blandengues 271) Ronda de Titulares de auxiliares para cubrir el cargo creado de cocinero para la EP N\u00b0 7 del paraje \"El Destino\". Los interesados deber\u00e1n concurrir con fotocopia\u2026","rel":"","context":"En \u00abLEZAMA\u00bb","block_context":{"text":"LEZAMA","link":"https:\/\/larevistadigital.com.ar\/blog\/category\/lezama\/"},"img":{"alt_text":"","src":"https:\/\/i0.wp.com\/larevistadigital.com.ar\/blog\/wp-content\/uploads\/2019\/02\/Screenshot_4.jpg?fit=728%2C478&ssl=1&resize=350%2C200","width":350,"height":200,"srcset":"https:\/\/i0.wp.com\/larevistadigital.com.ar\/blog\/wp-content\/uploads\/2019\/02\/Screenshot_4.jpg?fit=728%2C478&ssl=1&resize=350%2C200 1x, https:\/\/i0.wp.com\/larevistadigital.com.ar\/blog\/wp-content\/uploads\/2019\/02\/Screenshot_4.jpg?fit=728%2C478&ssl=1&resize=525%2C300 1.5x, https:\/\/i0.wp.com\/larevistadigital.com.ar\/blog\/wp-content\/uploads\/2019\/02\/Screenshot_4.jpg?fit=728%2C478&ssl=1&resize=700%2C400 2x"},"classes":[]},{"id":11010,"url":"https:\/\/larevistadigital.com.ar\/blog\/lezama-juegos-bonaerenses-2019-se-definio-la-etapa-local-de-adultos-mayores\/","url_meta":{"origin":7966,"position":4},"title":"LEZAMA: JUEGOS BONAERENSES 2019. SE DEFINI\u00d3 LA ETAPA LOCAL DE ADULTOS MAYORES","author":"Alejandro Sosa Ruda","date":"2 julio, 2019","format":false,"excerpt":"La Direcci\u00f3n de Deportes informa que se disput\u00f3 en dos jornadas la etapa municipal de Adultos Mayores para definir los representantes de disciplinas deportivas con vistas a las competencias regionales. Los ganadores son: \uf0a0 Damas: Juan Carlos Propatto \uf0a0 Chin-chon: Carlos Pereyra \uf0a0 Sapo Masculino: Alberto Echeverr\u00eda \uf0a0 Sapo Femenino:\u2026","rel":"","context":"En \u00abLEZAMA\u00bb","block_context":{"text":"LEZAMA","link":"https:\/\/larevistadigital.com.ar\/blog\/category\/lezama\/"},"img":{"alt_text":"","src":"https:\/\/i0.wp.com\/larevistadigital.com.ar\/blog\/wp-content\/uploads\/65852944_1492420614283968_5171908212349206528_o.jpg?fit=1200%2C802&ssl=1&resize=350%2C200","width":350,"height":200,"srcset":"https:\/\/i0.wp.com\/larevistadigital.com.ar\/blog\/wp-content\/uploads\/65852944_1492420614283968_5171908212349206528_o.jpg?fit=1200%2C802&ssl=1&resize=350%2C200 1x, https:\/\/i0.wp.com\/larevistadigital.com.ar\/blog\/wp-content\/uploads\/65852944_1492420614283968_5171908212349206528_o.jpg?fit=1200%2C802&ssl=1&resize=525%2C300 1.5x, https:\/\/i0.wp.com\/larevistadigital.com.ar\/blog\/wp-content\/uploads\/65852944_1492420614283968_5171908212349206528_o.jpg?fit=1200%2C802&ssl=1&resize=700%2C400 2x, https:\/\/i0.wp.com\/larevistadigital.com.ar\/blog\/wp-content\/uploads\/65852944_1492420614283968_5171908212349206528_o.jpg?fit=1200%2C802&ssl=1&resize=1050%2C600 3x"},"classes":[]},{"id":14857,"url":"https:\/\/larevistadigital.com.ar\/blog\/lezama-encuentro-municipio-provincia-dialogo-en-torno-a-las-actividades-culturales-y-turisticas-del-distrito\/","url_meta":{"origin":7966,"position":5},"title":"LEZAMA: ENCUENTRO MUNICIPIO-PROVINCIA: DI\u00c1LOGO EN TORNO A LAS ACTIVIDADES CULTURALES Y TUR\u00cdSTICAS DEL DISTRITO","author":"Alejandro Sosa Ruda","date":"14 febrero, 2020","format":false,"excerpt":"El Director de Turismo Bernardo Ampo y el Director de Cultura y Relaciones Institucionales Dar\u00edo Blanco recibieron el pasado mi\u00e9rcoles la visita de referentes del gobierno de la Provincia de Buenos Aires en esas \u00e1reas. Se trata de Clara Marensi y Carolina Grau, integrantes del equipo de cultura y turismo\u2026","rel":"","context":"En \u00abLEZAMA\u00bb","block_context":{"text":"LEZAMA","link":"https:\/\/larevistadigital.com.ar\/blog\/category\/lezama\/"},"img":{"alt_text":"","src":"https:\/\/i0.wp.com\/larevistadigital.com.ar\/blog\/wp-content\/uploads\/86387755_1685846444941383_9199353398619537408_o.jpg?fit=960%2C720&ssl=1&resize=350%2C200","width":350,"height":200,"srcset":"https:\/\/i0.wp.com\/larevistadigital.com.ar\/blog\/wp-content\/uploads\/86387755_1685846444941383_9199353398619537408_o.jpg?fit=960%2C720&ssl=1&resize=350%2C200 1x, https:\/\/i0.wp.com\/larevistadigital.com.ar\/blog\/wp-content\/uploads\/86387755_1685846444941383_9199353398619537408_o.jpg?fit=960%2C720&ssl=1&resize=525%2C300 1.5x, https:\/\/i0.wp.com\/larevistadigital.com.ar\/blog\/wp-content\/uploads\/86387755_1685846444941383_9199353398619537408_o.jpg?fit=960%2C720&ssl=1&resize=700%2C400 2x"},"classes":[]}],"_links":{"self":[{"href":"https:\/\/larevistadigital.com.ar\/blog\/wp-json\/wp\/v2\/posts\/7966","targetHints":{"allow":["GET"]}}],"collection":[{"href":"https:\/\/larevistadigital.com.ar\/blog\/wp-json\/wp\/v2\/posts"}],"about":[{"href":"https:\/\/larevistadigital.com.ar\/blog\/wp-json\/wp\/v2\/types\/post"}],"author":[{"embeddable":true,"href":"https:\/\/larevistadigital.com.ar\/blog\/wp-json\/wp\/v2\/users\/3"}],"replies":[{"embeddable":true,"href":"https:\/\/larevistadigital.com.ar\/blog\/wp-json\/wp\/v2\/comments?post=7966"}],"version-history":[{"count":1,"href":"https:\/\/larevistadigital.com.ar\/blog\/wp-json\/wp\/v2\/posts\/7966\/revisions"}],"predecessor-version":[{"id":7968,"href":"https:\/\/larevistadigital.com.ar\/blog\/wp-json\/wp\/v2\/posts\/7966\/revisions\/7968"}],"wp:featuredmedia":[{"embeddable":true,"href":"https:\/\/larevistadigital.com.ar\/blog\/wp-json\/wp\/v2\/media\/7967"}],"wp:attachment":[{"href":"https:\/\/larevistadigital.com.ar\/blog\/wp-json\/wp\/v2\/media?parent=7966"}],"wp:term":[{"taxonomy":"category","embeddable":true,"href":"https:\/\/larevistadigital.com.ar\/blog\/wp-json\/wp\/v2\/categories?post=7966"},{"taxonomy":"post_tag","embeddable":true,"href":"https:\/\/larevistadigital.com.ar\/blog\/wp-json\/wp\/v2\/tags?post=7966"}],"curies":[{"name":"wp","href":"https:\/\/api.w.org\/{rel}","templated":true}]}}