{"id":8583,"date":"2019-02-19T15:07:41","date_gmt":"2019-02-19T15:07:41","guid":{"rendered":"https:\/\/larevistadigital.com.ar\/blog\/?p=8583"},"modified":"2019-02-19T15:07:41","modified_gmt":"2019-02-19T15:07:41","slug":"lezama-durante-una-recorrida-el-intendente-mongay-aprecio-los-trabajos-de-alteo-en-caminos-rurales","status":"publish","type":"post","link":"https:\/\/larevistadigital.com.ar\/blog\/lezama-durante-una-recorrida-el-intendente-mongay-aprecio-los-trabajos-de-alteo-en-caminos-rurales\/","title":{"rendered":"LEZAMA: DURANTE UNA RECORRIDA EL INTENDENTE MONGAY APRECI\u00d3 LOS TRABAJOS DE ALTEO EN CAMINOS RURALES"},"content":{"rendered":"<p>\u2022 Ante la cercan\u00eda del inicio de clases el municipio prioriza los accesos a escuelas rurales.<\/p>\n<p>En la ma\u00f1ana de ayer el Intendente interino <strong>Diego Mongay<\/strong>, acompa\u00f1ado por el Sr. <strong>Luis Hatrick<\/strong>, recorri\u00f3 parajes del distrito donde se realizan trabajos de alteo, zanjeo y perfilado de caminos.<span class=\"text_exposed_show\"><br \/>\n<\/span><\/p>\n<blockquote>\n<h3><span class=\"text_exposed_show\">El Jefe comunal visit\u00f3 el camino de Barrancas a La Horqueta, donde el municipio llev\u00f3 a cabo 3.260 metros de alteo. En el tramo El destino-El Rinc\u00f3n apreciaron las tareas del personal y las maquinarias municipales que aproximadamente van alteando 3.050 metros del camino.<br \/>\n<\/span><\/h3>\n<\/blockquote>\n<p><span class=\"text_exposed_show\"><a href=\"https:\/\/i0.wp.com\/larevistadigital.com.ar\/blog\/wp-content\/uploads\/2019\/02\/52320366_1407613456098018_8354784007262568448_o.jpg?ssl=1\"><img data-recalc-dims=\"1\" loading=\"lazy\" decoding=\"async\" class=\"alignnone size-full wp-image-8584\" src=\"https:\/\/i0.wp.com\/larevistadigital.com.ar\/blog\/wp-content\/uploads\/2019\/02\/52320366_1407613456098018_8354784007262568448_o.jpg?resize=2016%2C1512&#038;ssl=1\" alt=\"\" width=\"2016\" height=\"1512\" srcset=\"https:\/\/i0.wp.com\/larevistadigital.com.ar\/blog\/wp-content\/uploads\/2019\/02\/52320366_1407613456098018_8354784007262568448_o.jpg?w=2016&amp;ssl=1 2016w, https:\/\/i0.wp.com\/larevistadigital.com.ar\/blog\/wp-content\/uploads\/2019\/02\/52320366_1407613456098018_8354784007262568448_o.jpg?resize=300%2C225&amp;ssl=1 300w, https:\/\/i0.wp.com\/larevistadigital.com.ar\/blog\/wp-content\/uploads\/2019\/02\/52320366_1407613456098018_8354784007262568448_o.jpg?resize=768%2C576&amp;ssl=1 768w, https:\/\/i0.wp.com\/larevistadigital.com.ar\/blog\/wp-content\/uploads\/2019\/02\/52320366_1407613456098018_8354784007262568448_o.jpg?resize=1024%2C768&amp;ssl=1 1024w, https:\/\/i0.wp.com\/larevistadigital.com.ar\/blog\/wp-content\/uploads\/2019\/02\/52320366_1407613456098018_8354784007262568448_o.jpg?resize=678%2C509&amp;ssl=1 678w, https:\/\/i0.wp.com\/larevistadigital.com.ar\/blog\/wp-content\/uploads\/2019\/02\/52320366_1407613456098018_8354784007262568448_o.jpg?resize=326%2C245&amp;ssl=1 326w, https:\/\/i0.wp.com\/larevistadigital.com.ar\/blog\/wp-content\/uploads\/2019\/02\/52320366_1407613456098018_8354784007262568448_o.jpg?resize=80%2C60&amp;ssl=1 80w\" sizes=\"auto, (max-width: 1000px) 100vw, 1000px\" \/><\/a><\/span><\/p>\n<p><span class=\"text_exposed_show\">Asimismo, en su recorrida el intendente acompa\u00f1\u00f3 el control del vertedero sobre el nivel del agua en el puente La Horqueta y la compuerta del Puente Barrancas, como as\u00ed tambi\u00e9n pudo realizar una verificaci\u00f3n del estado de los caminos rurales de esa zona. Adem\u00e1s de mejorar las condiciones generales de esos sitios el objetivo es tener los accesos a las escuelas rurales en \u00f3ptimas condiciones con vistas al cercano inicio de clases.<\/span><\/p>\n","protected":false},"excerpt":{"rendered":"<div class=\"mh-excerpt\"><p>\u2022 Ante la cercan\u00eda del inicio de clases el municipio prioriza los accesos a escuelas rurales. En la ma\u00f1ana de ayer el Intendente interino Diego Mongay, acompa\u00f1ado por el Sr. Luis Hatrick, recorri\u00f3 parajes del <a class=\"mh-excerpt-more\" href=\"https:\/\/larevistadigital.com.ar\/blog\/lezama-durante-una-recorrida-el-intendente-mongay-aprecio-los-trabajos-de-alteo-en-caminos-rurales\/\" title=\"LEZAMA: DURANTE UNA RECORRIDA EL INTENDENTE MONGAY APRECI\u00d3 LOS TRABAJOS DE ALTEO EN CAMINOS RURALES\">[Leer M\u00e1s]<\/a><\/p>\n<\/div>","protected":false},"author":3,"featured_media":8585,"comment_status":"open","ping_status":"open","sticky":false,"template":"","format":"standard","meta":{"_jetpack_memberships_contains_paid_content":false,"footnotes":"","jetpack_publicize_message":"","jetpack_publicize_feature_enabled":true,"jetpack_social_post_already_shared":true,"jetpack_social_options":{"image_generator_settings":{"template":"highway","default_image_id":0,"font":"","enabled":false},"version":2}},"categories":[7],"tags":[],"class_list":{"0":"post-8583","1":"post","2":"type-post","3":"status-publish","4":"format-standard","5":"has-post-thumbnail","7":"category-lezama"},"jetpack_publicize_connections":[],"jetpack_featured_media_url":"https:\/\/i0.wp.com\/larevistadigital.com.ar\/blog\/wp-content\/uploads\/2019\/02\/52602773_1407613709431326_1138221072798187520_n.jpg?fit=960%2C720&ssl=1","jetpack_sharing_enabled":true,"jetpack_shortlink":"https:\/\/wp.me\/p8qtrQ-2er","jetpack-related-posts":[{"id":8260,"url":"https:\/\/larevistadigital.com.ar\/blog\/lezama-la-ciudad-fue-visitada-por-el-ministro-de-agroindustria\/","url_meta":{"origin":8583,"position":0},"title":"LEZAMA: LA CIUDAD FUE VISITADA POR EL MINISTRO DE AGROINDUSTRIA","author":"Alejandro Sosa Ruda","date":"10 febrero, 2019","format":false,"excerpt":"El 8 de febrero pasado, el Intendente Interino de Lezama, Prof. Diego Mongay, miembros de su gabinete y productores rurales locales, recibieron en la Municipalidad al Ministro de Agroindustria de la Provincia de Buenos Aires, Leonardo Sarquis, y juntos pusieron en marcha el \"Fondo Rotatorio Productivo\", una iniciativa que forma\u2026","rel":"","context":"En \u00abLEZAMA\u00bb","block_context":{"text":"LEZAMA","link":"https:\/\/larevistadigital.com.ar\/blog\/category\/lezama\/"},"img":{"alt_text":"","src":"https:\/\/i0.wp.com\/larevistadigital.com.ar\/blog\/wp-content\/uploads\/2019\/02\/51496015_1400082386851125_8961348786639077376_o.jpg?fit=1200%2C775&ssl=1&resize=350%2C200","width":350,"height":200,"srcset":"https:\/\/i0.wp.com\/larevistadigital.com.ar\/blog\/wp-content\/uploads\/2019\/02\/51496015_1400082386851125_8961348786639077376_o.jpg?fit=1200%2C775&ssl=1&resize=350%2C200 1x, https:\/\/i0.wp.com\/larevistadigital.com.ar\/blog\/wp-content\/uploads\/2019\/02\/51496015_1400082386851125_8961348786639077376_o.jpg?fit=1200%2C775&ssl=1&resize=525%2C300 1.5x, https:\/\/i0.wp.com\/larevistadigital.com.ar\/blog\/wp-content\/uploads\/2019\/02\/51496015_1400082386851125_8961348786639077376_o.jpg?fit=1200%2C775&ssl=1&resize=700%2C400 2x, https:\/\/i0.wp.com\/larevistadigital.com.ar\/blog\/wp-content\/uploads\/2019\/02\/51496015_1400082386851125_8961348786639077376_o.jpg?fit=1200%2C775&ssl=1&resize=1050%2C600 3x"},"classes":[]},{"id":8535,"url":"https:\/\/larevistadigital.com.ar\/blog\/lezama-el-intendente-mongay-visito-la-industria-seda\/","url_meta":{"origin":8583,"position":1},"title":"LEZAMA:  EL INTENDENTE MONGAY VISIT\u00d3 LA INDUSTRIA SEDA","author":"Alejandro Sosa Ruda","date":"18 febrero, 2019","format":false,"excerpt":"El pasado mi\u00e9rcoles, junto a miembros del gabinete, el Intendente Interino de Lezama Prof. Diego Mongay mantuvo una reuni\u00f3n de trabajo en la Sociedad Elaboradora de Aceites \u2013SEDA S.A.-. All\u00ed las autoridades fueron recibidas por el gerente de la planta Sr. Hugo Piperno, con quien mantuvieron una reuni\u00f3n de trabajo\u2026","rel":"","context":"En \u00abLEZAMA\u00bb","block_context":{"text":"LEZAMA","link":"https:\/\/larevistadigital.com.ar\/blog\/category\/lezama\/"},"img":{"alt_text":"","src":"https:\/\/i0.wp.com\/larevistadigital.com.ar\/blog\/wp-content\/uploads\/2019\/02\/52480940_1405469142979116_1502093476664180736_o.jpg?fit=1200%2C900&ssl=1&resize=350%2C200","width":350,"height":200,"srcset":"https:\/\/i0.wp.com\/larevistadigital.com.ar\/blog\/wp-content\/uploads\/2019\/02\/52480940_1405469142979116_1502093476664180736_o.jpg?fit=1200%2C900&ssl=1&resize=350%2C200 1x, https:\/\/i0.wp.com\/larevistadigital.com.ar\/blog\/wp-content\/uploads\/2019\/02\/52480940_1405469142979116_1502093476664180736_o.jpg?fit=1200%2C900&ssl=1&resize=525%2C300 1.5x, https:\/\/i0.wp.com\/larevistadigital.com.ar\/blog\/wp-content\/uploads\/2019\/02\/52480940_1405469142979116_1502093476664180736_o.jpg?fit=1200%2C900&ssl=1&resize=700%2C400 2x, https:\/\/i0.wp.com\/larevistadigital.com.ar\/blog\/wp-content\/uploads\/2019\/02\/52480940_1405469142979116_1502093476664180736_o.jpg?fit=1200%2C900&ssl=1&resize=1050%2C600 3x"},"classes":[]},{"id":2891,"url":"https:\/\/larevistadigital.com.ar\/blog\/2891-2\/","url_meta":{"origin":8583,"position":2},"title":"Qued\u00f3 inaugurado el edificio propio del Honorable Concejo Deliberante del distrito de Lezama.","author":"admin","date":"4 agosto, 2017","format":false,"excerpt":"Qued\u00f3 inaugurado el edificio propio del Honorable Concejo Deliberante del distrito de Lezama. Alrededor de 250 personas se dieron cita en Manuel Rico y Sargento Cabral para ser parte de este hito hist\u00f3rico para nuestro joven municipio: contar con un sitio para el debate de propuestas, donde estar\u00e1n representadas las\u2026","rel":"","context":"En \u00abLEZAMA\u00bb","block_context":{"text":"LEZAMA","link":"https:\/\/larevistadigital.com.ar\/blog\/category\/lezama\/"},"img":{"alt_text":"","src":"https:\/\/i0.wp.com\/larevistadigital.com.ar\/blog\/wp-content\/uploads\/2017\/08\/resize_1501605537.jpg?fit=800%2C535&ssl=1&resize=350%2C200","width":350,"height":200,"srcset":"https:\/\/i0.wp.com\/larevistadigital.com.ar\/blog\/wp-content\/uploads\/2017\/08\/resize_1501605537.jpg?fit=800%2C535&ssl=1&resize=350%2C200 1x, https:\/\/i0.wp.com\/larevistadigital.com.ar\/blog\/wp-content\/uploads\/2017\/08\/resize_1501605537.jpg?fit=800%2C535&ssl=1&resize=525%2C300 1.5x, https:\/\/i0.wp.com\/larevistadigital.com.ar\/blog\/wp-content\/uploads\/2017\/08\/resize_1501605537.jpg?fit=800%2C535&ssl=1&resize=700%2C400 2x"},"classes":[]},{"id":2787,"url":"https:\/\/larevistadigital.com.ar\/blog\/lezama-el-intendente-harispe-inaugurara-en-nuevo-concejo-delibertante\/","url_meta":{"origin":8583,"position":3},"title":"LEZAMA: EL INTENDENTE HARISPE INAUGURAR\u00c1 EN NUEVO CONCEJO DELIBERTANTE","author":"Alejandro Sosa Ruda","date":"27 julio, 2017","format":false,"excerpt":"Ma\u00f1ana a las 11 horas el intendente de Lezama, \u00a0Arnaldo Harispe, \u00a0pondr\u00e1 en funcionamiento el Geri\u00e1trico Do\u00f1a Celina de Girard, acompa\u00f1ado de funcionarios del PAMI. Se supo que dar\u00e1 a conocer los motivos por los cuales se retras\u00f3 su puesta en funcionamiento, adem\u00e1s de los tr\u00e1mites para hacer efectiva la\u2026","rel":"","context":"En \u00abLEZAMA\u00bb","block_context":{"text":"LEZAMA","link":"https:\/\/larevistadigital.com.ar\/blog\/category\/lezama\/"},"img":{"alt_text":"","src":"https:\/\/i0.wp.com\/larevistadigital.com.ar\/blog\/wp-content\/uploads\/2017\/07\/lezama.jpg?fit=960%2C720&ssl=1&resize=350%2C200","width":350,"height":200,"srcset":"https:\/\/i0.wp.com\/larevistadigital.com.ar\/blog\/wp-content\/uploads\/2017\/07\/lezama.jpg?fit=960%2C720&ssl=1&resize=350%2C200 1x, https:\/\/i0.wp.com\/larevistadigital.com.ar\/blog\/wp-content\/uploads\/2017\/07\/lezama.jpg?fit=960%2C720&ssl=1&resize=525%2C300 1.5x, https:\/\/i0.wp.com\/larevistadigital.com.ar\/blog\/wp-content\/uploads\/2017\/07\/lezama.jpg?fit=960%2C720&ssl=1&resize=700%2C400 2x"},"classes":[]},{"id":13653,"url":"https:\/\/larevistadigital.com.ar\/blog\/asuncion-y-jura-de-nuevos-concejales-diego-mongay-fue-reelegido-como-presidente-del-cuerpo-deliberativo\/","url_meta":{"origin":8583,"position":4},"title":"ASUNCI\u00d3N Y JURA DE NUEVOS CONCEJALES: DIEGO MONGAY FUE REELEGIDO COMO PRESIDENTE DEL CUERPO DELIBERATIVO","author":"Alejandro Sosa Ruda","date":"13 diciembre, 2019","format":false,"excerpt":"\u201cTenemos la responsabilidad de seguir d\u00e1ndole forma al Municipio que tantas generaciones so\u00f1aron\u201d, dijo el edil en su mensaje. Durante la ceremonia tambi\u00e9n asumieron la funci\u00f3n Ana Laura Maquirriain y Jorge Bonadeo. Se desarroll\u00f3 en el Honorable Concejo Deliberante la quinta asunci\u00f3n de autoridades desde la fundaci\u00f3n de Lezama como\u2026","rel":"","context":"En \u00abLEZAMA\u00bb","block_context":{"text":"LEZAMA","link":"https:\/\/larevistadigital.com.ar\/blog\/category\/lezama\/"},"img":{"alt_text":"","src":"https:\/\/i0.wp.com\/larevistadigital.com.ar\/blog\/wp-content\/uploads\/79897330_1626459554213406_5446588842855366656_o.jpg?fit=1200%2C800&ssl=1&resize=350%2C200","width":350,"height":200,"srcset":"https:\/\/i0.wp.com\/larevistadigital.com.ar\/blog\/wp-content\/uploads\/79897330_1626459554213406_5446588842855366656_o.jpg?fit=1200%2C800&ssl=1&resize=350%2C200 1x, https:\/\/i0.wp.com\/larevistadigital.com.ar\/blog\/wp-content\/uploads\/79897330_1626459554213406_5446588842855366656_o.jpg?fit=1200%2C800&ssl=1&resize=525%2C300 1.5x, https:\/\/i0.wp.com\/larevistadigital.com.ar\/blog\/wp-content\/uploads\/79897330_1626459554213406_5446588842855366656_o.jpg?fit=1200%2C800&ssl=1&resize=700%2C400 2x, https:\/\/i0.wp.com\/larevistadigital.com.ar\/blog\/wp-content\/uploads\/79897330_1626459554213406_5446588842855366656_o.jpg?fit=1200%2C800&ssl=1&resize=1050%2C600 3x"},"classes":[]},{"id":8170,"url":"https:\/\/larevistadigital.com.ar\/blog\/lezama-se-comenzara-a-pavimentar-la-calle-roca\/","url_meta":{"origin":8583,"position":5},"title":"LEZAMA: SE COMENZAR\u00c1 A PAVIMENTAR LA CALLE ROCA","author":"Alejandro Sosa Ruda","date":"5 febrero, 2019","format":false,"excerpt":"El intendente Interino, Prof. Diego Mongay, recorri\u00f3 la arteria a pavimentar y dio aviso a los vecinos frentistas. Se espera que en el d\u00eda de ma\u00f1ana se d\u00e9 comienzo a los trabajos de movimiento de suelo para que luego se proceda a colocar el pavimento de hormig\u00f3n. De acuerdo al\u2026","rel":"","context":"En \u00abLEZAMA\u00bb","block_context":{"text":"LEZAMA","link":"https:\/\/larevistadigital.com.ar\/blog\/category\/lezama\/"},"img":{"alt_text":"","src":"https:\/\/i0.wp.com\/larevistadigital.com.ar\/blog\/wp-content\/uploads\/2019\/02\/51762297_1397889913737039_7130464611299491840_n.jpg?fit=709%2C470&ssl=1&resize=350%2C200","width":350,"height":200,"srcset":"https:\/\/i0.wp.com\/larevistadigital.com.ar\/blog\/wp-content\/uploads\/2019\/02\/51762297_1397889913737039_7130464611299491840_n.jpg?fit=709%2C470&ssl=1&resize=350%2C200 1x, https:\/\/i0.wp.com\/larevistadigital.com.ar\/blog\/wp-content\/uploads\/2019\/02\/51762297_1397889913737039_7130464611299491840_n.jpg?fit=709%2C470&ssl=1&resize=525%2C300 1.5x, https:\/\/i0.wp.com\/larevistadigital.com.ar\/blog\/wp-content\/uploads\/2019\/02\/51762297_1397889913737039_7130464611299491840_n.jpg?fit=709%2C470&ssl=1&resize=700%2C400 2x"},"classes":[]}],"_links":{"self":[{"href":"https:\/\/larevistadigital.com.ar\/blog\/wp-json\/wp\/v2\/posts\/8583","targetHints":{"allow":["GET"]}}],"collection":[{"href":"https:\/\/larevistadigital.com.ar\/blog\/wp-json\/wp\/v2\/posts"}],"about":[{"href":"https:\/\/larevistadigital.com.ar\/blog\/wp-json\/wp\/v2\/types\/post"}],"author":[{"embeddable":true,"href":"https:\/\/larevistadigital.com.ar\/blog\/wp-json\/wp\/v2\/users\/3"}],"replies":[{"embeddable":true,"href":"https:\/\/larevistadigital.com.ar\/blog\/wp-json\/wp\/v2\/comments?post=8583"}],"version-history":[{"count":1,"href":"https:\/\/larevistadigital.com.ar\/blog\/wp-json\/wp\/v2\/posts\/8583\/revisions"}],"predecessor-version":[{"id":8586,"href":"https:\/\/larevistadigital.com.ar\/blog\/wp-json\/wp\/v2\/posts\/8583\/revisions\/8586"}],"wp:featuredmedia":[{"embeddable":true,"href":"https:\/\/larevistadigital.com.ar\/blog\/wp-json\/wp\/v2\/media\/8585"}],"wp:attachment":[{"href":"https:\/\/larevistadigital.com.ar\/blog\/wp-json\/wp\/v2\/media?parent=8583"}],"wp:term":[{"taxonomy":"category","embeddable":true,"href":"https:\/\/larevistadigital.com.ar\/blog\/wp-json\/wp\/v2\/categories?post=8583"},{"taxonomy":"post_tag","embeddable":true,"href":"https:\/\/larevistadigital.com.ar\/blog\/wp-json\/wp\/v2\/tags?post=8583"}],"curies":[{"name":"wp","href":"https:\/\/api.w.org\/{rel}","templated":true}]}}