{"id":8588,"date":"2019-02-19T23:27:17","date_gmt":"2019-02-19T23:27:17","guid":{"rendered":"https:\/\/larevistadigital.com.ar\/blog\/?p=8588"},"modified":"2019-02-19T23:27:17","modified_gmt":"2019-02-19T23:27:17","slug":"se-identifico-a-la-victima-en-el-vuelco-del-micro-en-la-ruta-88-un-hombre-continua-en-grave-estado","status":"publish","type":"post","link":"https:\/\/larevistadigital.com.ar\/blog\/se-identifico-a-la-victima-en-el-vuelco-del-micro-en-la-ruta-88-un-hombre-continua-en-grave-estado\/","title":{"rendered":"SE IDENTIFIC\u00d3 A LA V\u00cdCTIMA EN EL VUELCO DEL MICRO EN LA RUTA 88. UN HOMBRE CONTIN\u00daA EN GRAVE ESTADO"},"content":{"rendered":"<div class=\"row\">\n<div class=\"col-xs-12 col-sm-9 col-md-6 col-lg-8\">\n<div class=\"row\">\n<div class=\"col-12 col-sm-9\">\n<div class=\"nota_content mt-30\">\n<p>La pasajera de 68 a\u00f1os que muri\u00f3 en la noche del lunes al volcar en la ruta 88 un micro que se dirig\u00eda desde esta ciudad a Neuqu\u00e9n era oriunda de El Choc\u00f3n y viajaba en compa\u00f1\u00eda de su hija.<\/p>\n<p><strong>Diana Montelpare<\/strong> (68), quien se dirig\u00eda hacia su lugar de residencia junto a su hija, de 43, falleci\u00f3 a raiz de las serias lesiones sufridas en el aplastamiento del colectivo, confirmaron fuentes oficiales.<\/p>\n<blockquote>\n<h3><strong>Por otra parte, un hombre de 26 a\u00f1os, identificado como Jos\u00e9 Wantenao, se encuentra en grave estado, con asistencia m\u00e9canica para respirar y con pron\u00f3stico reservado, internado en la terapia intensiva del Hospital Interzonal,<\/strong><\/h3>\n<\/blockquote>\n<p>El accidente, que se registr\u00f3 a la altura del kil\u00f3metro 52 de la Ruta 88, es investigado por la Fiscal\u00eda de Delitos Culposos de Mar del Plata a cargo de Pablo Cistoldi, quien decidi\u00f3 no ordenar la detenci\u00f3n del chofer del micro de la empresa V\u00eda Tac, aunque s\u00ed qued\u00f3 bajo investigaci\u00f3n el delito de \u201chomicidio culposo\u201d.<\/p>\n<p>En el micro de la empresa V\u00eda Tac viajaban 32 pasajeros y dos choferes. Seg\u00fan aclararon fuentes oficiales, en total 31 personas resultaron heridas, de las cuales 19 ya fueron dadas de alta, 8 permanecen internadas en el Hospital de Miramar y 4 se encuentran en el Hospital Interzonal de Mar del Plata.<\/p>\n<p>Entre los pasajeros internados en el HIGA se encuentran la hija de la v\u00edctima fatal, el hombre con pron\u00f3stico reservado, una mujer marplatense de 80 a\u00f1os y otra de R\u00edo Negro, de 54.<\/p>\n<blockquote>\n<h3>Seg\u00fan la reconstrucci\u00f3n de los acontecimientos, el micro de la empresa V\u00eda Tac sali\u00f3 a las 20 del lunes de Mar del Plata y a las 21,05 hizo escala en Miramar. All\u00ed subieron m\u00e1s pasajeros y continu\u00f3 viaje. Pero en el kil\u00f3metro 52 de la ruta 88 cerca del cruce con Mechongu\u00e9, por motivos que son investigados, el \u00f3mnibus se sali\u00f3 de la cinta asf\u00e1ltica y volc\u00f3.<\/h3>\n<\/blockquote>\n<p>Al momento del accidente las condiciones clim\u00e1ticas eran adversas, un temporal de intensa lluvia y fuertes vientos azotaban la zona, lo que dificultaban las maniobras de tr\u00e1nsito.<\/p>\n<p>En esas circunstancias es que el micro, al salir de una curva, volc\u00f3 y termin\u00f3 sobre su lado izquierda en la cinta asf\u00e1ltica de la otra mano en la que se dirig\u00eda, es decir, qued\u00f3 en la mano en direcci\u00f3n a Mar del Plata.<\/p>\n<p>A las 22.29 el cuartel de Bomberos de Mechongu\u00e9 recibi\u00f3 el llamado que notificaba del accidente del micro e inmediatamente dos dotaciones completas fueron a asistir a las v\u00edctimas.<\/p>\n<blockquote>\n<h3>Las personas que trabajaron en las tareas de rescate contaron que se trat\u00f3 de una tarea extremadamente compleja, por ser de noche, por la cantidad de v\u00edctimas, la lluvia, el viento y la zona que es muy transitada.<\/h3>\n<\/blockquote>\n<p>Una a una rescataron a los heridos del colectivo y una gran cantidad de ambulancias las trasladaron, seg\u00fan la gravedad de las heridas, a los hospitales de Miramar y Mar del Plata.<\/p>\n<p>Diana Montelpare fue encontrada ya sin vida por los bomberos en uno de los \u00faltimos asientos de la parte superior del micro, mientras que su hija fue hallada aplastada por el cuerpo de su madre y el colectivo.<\/p>\n<p>Las tareas de rescate duraron m\u00e1s de seis horas y luego de que el colectivo fuero colocado en su posici\u00f3n original, el tr\u00e1nsito se reanud\u00f3 con normalidad en la zona.<\/p>\n<blockquote>\n<h3>Fuentes de la Fiscal\u00eda de Delitos Culposos informaron que tanto el chofer que conduc\u00eda al momento del accidente -un hombre de 60 a\u00f1os-, como el sustituto fueron sometidos a los controles de la Comisi\u00f3n Nacional de Regulaci\u00f3n del Transporte (CNRT) al salir de la Ferroautomotora de Mar del Plata y en ambos casos los test de alcoholemia dieron negativos, como as\u00ed tambi\u00e9n de otras sustancias.<\/h3>\n<\/blockquote>\n<p>Con esta informaci\u00f3n, los investigadores consideran que no hay motivos para sospechar que el chofer hubiese conducido alterado por alcohol y drogas, por lo que analizan las condiciones clim\u00e1ticas como una de las principales razones del accidente.<\/p>\n<p>Desde la Fiscal\u00eda de Delitos Culposos anticiparon que las pericias mec\u00e1nicas ser\u00edan \u201cdif\u00edciles\u201d de realizar por la intensa lluvia que cay\u00f3 durante la madrugada del martes, ya que el agua pudo haber borrado las huellas y dem\u00e1s elementos probatorios del accidente.<\/p>\n<\/div>\n<\/div>\n<\/div>\n<\/div>\n<div class=\"col-xs-12 col-sm-6 col-md-4 col-lg-4\">\n<div class=\"float-right text-center\">\n<div class=\"g_add\"><\/div>\n<div id=\"nota_mas_vistas\">\n<div class=\"box\">\n<h3><\/h3>\n<\/div>\n<\/div>\n<div class=\"\">\n<div id=\"eplAdDivmedium_rectangle_2\"><\/div>\n<\/div>\n<div class=\"\">\n<div id=\"eplAdDivMegabanner\"><\/div>\n<\/div>\n<\/div>\n<\/div>\n<\/div>\n","protected":false},"excerpt":{"rendered":"<div class=\"mh-excerpt\"><p>La pasajera de 68 a\u00f1os que muri\u00f3 en la noche del lunes al volcar en la ruta 88 un micro que se dirig\u00eda desde esta ciudad a Neuqu\u00e9n era oriunda de El Choc\u00f3n y viajaba <a class=\"mh-excerpt-more\" href=\"https:\/\/larevistadigital.com.ar\/blog\/se-identifico-a-la-victima-en-el-vuelco-del-micro-en-la-ruta-88-un-hombre-continua-en-grave-estado\/\" title=\"SE IDENTIFIC\u00d3 A LA V\u00cdCTIMA EN EL VUELCO DEL MICRO EN LA RUTA 88. UN HOMBRE CONTIN\u00daA EN GRAVE ESTADO\">[Leer M\u00e1s]<\/a><\/p>\n<\/div>","protected":false},"author":3,"featured_media":8575,"comment_status":"open","ping_status":"open","sticky":false,"template":"","format":"standard","meta":{"_jetpack_memberships_contains_paid_content":false,"footnotes":"","jetpack_publicize_message":"","jetpack_publicize_feature_enabled":true,"jetpack_social_post_already_shared":true,"jetpack_social_options":{"image_generator_settings":{"template":"highway","default_image_id":0,"font":"","enabled":false},"version":2}},"categories":[44,12],"tags":[],"class_list":{"0":"post-8588","1":"post","2":"type-post","3":"status-publish","4":"format-standard","5":"has-post-thumbnail","7":"category-policiales","8":"category-politica"},"jetpack_publicize_connections":[],"jetpack_featured_media_url":"https:\/\/i0.wp.com\/larevistadigital.com.ar\/blog\/wp-content\/uploads\/2019\/02\/Screenshot_1-7.jpg?fit=1003%2C556&ssl=1","jetpack_sharing_enabled":true,"jetpack_shortlink":"https:\/\/wp.me\/p8qtrQ-2ew","jetpack-related-posts":[{"id":32813,"url":"https:\/\/larevistadigital.com.ar\/blog\/atropellaron-a-un-hombre-que-caminaba-por-la-ruta-2-esta-en-grave-estado\/","url_meta":{"origin":8588,"position":0},"title":"ATROPELLARON A UN HOMBRE QUE CAMINABA POR LA RUTA 2. EST\u00c1 EN GRAVE ESTADO","author":"Alejandro Sosa Ruda","date":"8 agosto, 2023","format":false,"excerpt":"Sucedi\u00f3 mientras la persona hac\u00eda ejercicios, durante la ma\u00f1ana de ayer. 8 de agosto de 2023 MAR CHIQUITA -\u00a0 Una persona de sexo masculino de 58 a\u00f1os de edad,\u00a0 fue atropellado en la ruta 2, en jurisdicci\u00f3n del partido de Mar Chiquita, y se encuentra en grave estado. El lamentable\u2026","rel":"","context":"En \u00abPOLICIALES\u00bb","block_context":{"text":"POLICIALES","link":"https:\/\/larevistadigital.com.ar\/blog\/category\/policiales\/"},"img":{"alt_text":"","src":"https:\/\/i0.wp.com\/larevistadigital.com.ar\/blog\/wp-content\/uploads\/2019\/02\/ambulancia.jpg?fit=800%2C454&ssl=1&resize=350%2C200","width":350,"height":200,"srcset":"https:\/\/i0.wp.com\/larevistadigital.com.ar\/blog\/wp-content\/uploads\/2019\/02\/ambulancia.jpg?fit=800%2C454&ssl=1&resize=350%2C200 1x, https:\/\/i0.wp.com\/larevistadigital.com.ar\/blog\/wp-content\/uploads\/2019\/02\/ambulancia.jpg?fit=800%2C454&ssl=1&resize=525%2C300 1.5x, https:\/\/i0.wp.com\/larevistadigital.com.ar\/blog\/wp-content\/uploads\/2019\/02\/ambulancia.jpg?fit=800%2C454&ssl=1&resize=700%2C400 2x"},"classes":[]},{"id":14862,"url":"https:\/\/larevistadigital.com.ar\/blog\/interceptan-en-ruta-2-un-micro-de-dos-pisos-sin-habilitacion-y-llevando-68-pasajeros\/","url_meta":{"origin":8588,"position":1},"title":"INTERCEPTAN EN RUTA 2 UN MICRO DE DOS PISOS, SIN HABILITACI\u00d3N Y LLEVANDO 68 PASAJEROS","author":"Alejandro Sosa Ruda","date":"17 febrero, 2020","format":false,"excerpt":"El \u00f3mnibus hab\u00eda salido de Santa Teresita y se dirig\u00eda a la ciudad de Claypole. El chofer fue detenido por negarse a descender del mismo. En la madrugada de este lunes 17 de febrero,\u00a0personal del Destacamento de Polic\u00eda Vial de Samboromb\u00f3n al mando del Subcomisario Daniel Gasta\u00f1a,\u00a0en un control de\u2026","rel":"","context":"En \u00abDESTACADAS\u00bb","block_context":{"text":"DESTACADAS","link":"https:\/\/larevistadigital.com.ar\/blog\/category\/destacadas\/"},"img":{"alt_text":"","src":"https:\/\/i0.wp.com\/larevistadigital.com.ar\/blog\/wp-content\/uploads\/0037401424.jpg?fit=1140%2C640&ssl=1&resize=350%2C200","width":350,"height":200,"srcset":"https:\/\/i0.wp.com\/larevistadigital.com.ar\/blog\/wp-content\/uploads\/0037401424.jpg?fit=1140%2C640&ssl=1&resize=350%2C200 1x, https:\/\/i0.wp.com\/larevistadigital.com.ar\/blog\/wp-content\/uploads\/0037401424.jpg?fit=1140%2C640&ssl=1&resize=525%2C300 1.5x, https:\/\/i0.wp.com\/larevistadigital.com.ar\/blog\/wp-content\/uploads\/0037401424.jpg?fit=1140%2C640&ssl=1&resize=700%2C400 2x, https:\/\/i0.wp.com\/larevistadigital.com.ar\/blog\/wp-content\/uploads\/0037401424.jpg?fit=1140%2C640&ssl=1&resize=1050%2C600 3x"},"classes":[]},{"id":44112,"url":"https:\/\/larevistadigital.com.ar\/blog\/un-pasajero-de-un-micro-denuncio-una-situacion-sospechosa-y-salvo-a-una-adolescente-que-intentaban-sacar-del-pais\/","url_meta":{"origin":8588,"position":2},"title":"Un pasajero de un micro denunci\u00f3 una situaci\u00f3n sospechosa y salv\u00f3 a una adolescente que intentaban sacar del pa\u00eds","author":"Alejandro Sosa Ruda","date":"22 febrero, 2026","format":false,"excerpt":"Una joven de 15 a\u00f1os fue rescatada por Gendarmer\u00eda en la Ruta 9 tras un llamado de un viajero que advirti\u00f3 irregularidades en el colectivo. Dos adultos quedaron detenidos por trata de personas. 22 de febrero de 2026 Durante un viaje en un micro de larga distancia que se dirig\u00eda\u2026","rel":"","context":"En \u00abINTERES GENERAL\u00bb","block_context":{"text":"INTERES GENERAL","link":"https:\/\/larevistadigital.com.ar\/blog\/category\/interes-general\/"},"img":{"alt_text":"","src":"https:\/\/i0.wp.com\/larevistadigital.com.ar\/blog\/wp-content\/uploads\/Captura-de-pantalla-2026-02-22-215646.jpg?fit=616%2C374&ssl=1&resize=350%2C200","width":350,"height":200,"srcset":"https:\/\/i0.wp.com\/larevistadigital.com.ar\/blog\/wp-content\/uploads\/Captura-de-pantalla-2026-02-22-215646.jpg?fit=616%2C374&ssl=1&resize=350%2C200 1x, https:\/\/i0.wp.com\/larevistadigital.com.ar\/blog\/wp-content\/uploads\/Captura-de-pantalla-2026-02-22-215646.jpg?fit=616%2C374&ssl=1&resize=525%2C300 1.5x"},"classes":[]},{"id":18859,"url":"https:\/\/larevistadigital.com.ar\/blog\/anoche-un-micro-despisto-en-la-ruta-2-en-el-km-138\/","url_meta":{"origin":8588,"position":3},"title":"ANOCHE UN MICRO DESPIST\u00d3 EN LA RUTA 2 EN EL KM.138","author":"Alejandro Sosa Ruda","date":"15 febrero, 2021","format":false,"excerpt":"CHASCOM\u00daS - Anoche, a las 0:36 hs. los Bomberos Voluntarios de Chascom\u00fas dieron aviso de un siniestro ocurrido en el kil\u00f3metro 138 de la ruta 2. A\u00fan se desconocen las causas que tuvieron como consecuencia que el conductor del micro pierda el control del mismo y termine despistando, quedando milagrosamente\u2026","rel":"","context":"En \u00abCHASCOM\u00daS\u00bb","block_context":{"text":"CHASCOM\u00daS","link":"https:\/\/larevistadigital.com.ar\/blog\/category\/chascomus\/"},"img":{"alt_text":"","src":"https:\/\/i0.wp.com\/larevistadigital.com.ar\/blog\/wp-content\/uploads\/Captura-9.png?fit=1120%2C666&ssl=1&resize=350%2C200","width":350,"height":200,"srcset":"https:\/\/i0.wp.com\/larevistadigital.com.ar\/blog\/wp-content\/uploads\/Captura-9.png?fit=1120%2C666&ssl=1&resize=350%2C200 1x, https:\/\/i0.wp.com\/larevistadigital.com.ar\/blog\/wp-content\/uploads\/Captura-9.png?fit=1120%2C666&ssl=1&resize=525%2C300 1.5x, https:\/\/i0.wp.com\/larevistadigital.com.ar\/blog\/wp-content\/uploads\/Captura-9.png?fit=1120%2C666&ssl=1&resize=700%2C400 2x, https:\/\/i0.wp.com\/larevistadigital.com.ar\/blog\/wp-content\/uploads\/Captura-9.png?fit=1120%2C666&ssl=1&resize=1050%2C600 3x"},"classes":[]},{"id":43049,"url":"https:\/\/larevistadigital.com.ar\/blog\/tragico-vuelco-en-la-ruta-murio-un-hombre-de-68-anos-cuando-viajaba-hacia-la-costa-atlantica\/","url_meta":{"origin":8588,"position":4},"title":"Tr\u00e1gico vuelco en la ruta: muri\u00f3 un hombre de 68 a\u00f1os cuando viajaba hacia la Costa Atl\u00e1ntica","author":"Alejandro Sosa Ruda","date":"29 diciembre, 2025","format":false,"excerpt":"El accidente ocurri\u00f3 en el cruce de las rutas provinciales 6 y 215, en la localidad de Olmos. La v\u00edctima falleci\u00f3 en el lugar y su esposa result\u00f3 ilesa. 29 de diciembre de 2025 Un hombre de 68 a\u00f1os perdi\u00f3 la vida este domingo tras protagonizar un tr\u00e1gico accidente de\u2026","rel":"","context":"En \u00abDESTACADAS\u00bb","block_context":{"text":"DESTACADAS","link":"https:\/\/larevistadigital.com.ar\/blog\/category\/destacadas\/"},"img":{"alt_text":"","src":"https:\/\/i0.wp.com\/larevistadigital.com.ar\/blog\/wp-content\/uploads\/ef20d36c08db01c4ee34f44f3b23e2adf0da0ea7.png?fit=1140%2C632&ssl=1&resize=350%2C200","width":350,"height":200,"srcset":"https:\/\/i0.wp.com\/larevistadigital.com.ar\/blog\/wp-content\/uploads\/ef20d36c08db01c4ee34f44f3b23e2adf0da0ea7.png?fit=1140%2C632&ssl=1&resize=350%2C200 1x, https:\/\/i0.wp.com\/larevistadigital.com.ar\/blog\/wp-content\/uploads\/ef20d36c08db01c4ee34f44f3b23e2adf0da0ea7.png?fit=1140%2C632&ssl=1&resize=525%2C300 1.5x, https:\/\/i0.wp.com\/larevistadigital.com.ar\/blog\/wp-content\/uploads\/ef20d36c08db01c4ee34f44f3b23e2adf0da0ea7.png?fit=1140%2C632&ssl=1&resize=700%2C400 2x, https:\/\/i0.wp.com\/larevistadigital.com.ar\/blog\/wp-content\/uploads\/ef20d36c08db01c4ee34f44f3b23e2adf0da0ea7.png?fit=1140%2C632&ssl=1&resize=1050%2C600 3x"},"classes":[]},{"id":18792,"url":"https:\/\/larevistadigital.com.ar\/blog\/muere-un-menor-al-chocar-un-micro-y-un-auto-en-la-ruta-30\/","url_meta":{"origin":8588,"position":5},"title":"MUERE UN MENOR AL CHOCAR UN MICRO Y UN AUTO EN LA RUTA 30","author":"Alejandro Sosa Ruda","date":"9 febrero, 2021","format":false,"excerpt":"El tr\u00e1gico accidente, ocurri\u00f3 cuando un micro de la empresa Plusmar que se dirig\u00eda a la ciudad de Buenos Aires, procedente de Tandil colision\u00f3 violentamente contra un autom\u00f3vil se cruz\u00f3 de carril, provocando el desgraciado siniestro. Sucedi\u00f3 a la altura del kil\u00f3metro 162 en proximidades de la estancia \u201cSan Juan\u201d.\u2026","rel":"","context":"En \u00abPOLICIALES\u00bb","block_context":{"text":"POLICIALES","link":"https:\/\/larevistadigital.com.ar\/blog\/category\/policiales\/"},"img":{"alt_text":"","src":"https:\/\/i0.wp.com\/larevistadigital.com.ar\/blog\/wp-content\/uploads\/Captura-5.png?fit=1133%2C614&ssl=1&resize=350%2C200","width":350,"height":200,"srcset":"https:\/\/i0.wp.com\/larevistadigital.com.ar\/blog\/wp-content\/uploads\/Captura-5.png?fit=1133%2C614&ssl=1&resize=350%2C200 1x, https:\/\/i0.wp.com\/larevistadigital.com.ar\/blog\/wp-content\/uploads\/Captura-5.png?fit=1133%2C614&ssl=1&resize=525%2C300 1.5x, https:\/\/i0.wp.com\/larevistadigital.com.ar\/blog\/wp-content\/uploads\/Captura-5.png?fit=1133%2C614&ssl=1&resize=700%2C400 2x, https:\/\/i0.wp.com\/larevistadigital.com.ar\/blog\/wp-content\/uploads\/Captura-5.png?fit=1133%2C614&ssl=1&resize=1050%2C600 3x"},"classes":[]}],"_links":{"self":[{"href":"https:\/\/larevistadigital.com.ar\/blog\/wp-json\/wp\/v2\/posts\/8588","targetHints":{"allow":["GET"]}}],"collection":[{"href":"https:\/\/larevistadigital.com.ar\/blog\/wp-json\/wp\/v2\/posts"}],"about":[{"href":"https:\/\/larevistadigital.com.ar\/blog\/wp-json\/wp\/v2\/types\/post"}],"author":[{"embeddable":true,"href":"https:\/\/larevistadigital.com.ar\/blog\/wp-json\/wp\/v2\/users\/3"}],"replies":[{"embeddable":true,"href":"https:\/\/larevistadigital.com.ar\/blog\/wp-json\/wp\/v2\/comments?post=8588"}],"version-history":[{"count":1,"href":"https:\/\/larevistadigital.com.ar\/blog\/wp-json\/wp\/v2\/posts\/8588\/revisions"}],"predecessor-version":[{"id":8589,"href":"https:\/\/larevistadigital.com.ar\/blog\/wp-json\/wp\/v2\/posts\/8588\/revisions\/8589"}],"wp:featuredmedia":[{"embeddable":true,"href":"https:\/\/larevistadigital.com.ar\/blog\/wp-json\/wp\/v2\/media\/8575"}],"wp:attachment":[{"href":"https:\/\/larevistadigital.com.ar\/blog\/wp-json\/wp\/v2\/media?parent=8588"}],"wp:term":[{"taxonomy":"category","embeddable":true,"href":"https:\/\/larevistadigital.com.ar\/blog\/wp-json\/wp\/v2\/categories?post=8588"},{"taxonomy":"post_tag","embeddable":true,"href":"https:\/\/larevistadigital.com.ar\/blog\/wp-json\/wp\/v2\/tags?post=8588"}],"curies":[{"name":"wp","href":"https:\/\/api.w.org\/{rel}","templated":true}]}}