{"id":8590,"date":"2019-02-20T01:18:05","date_gmt":"2019-02-20T01:18:05","guid":{"rendered":"https:\/\/larevistadigital.com.ar\/blog\/?p=8590"},"modified":"2019-02-20T01:18:05","modified_gmt":"2019-02-20T01:18:05","slug":"mar-del-plata-clausuran-tres-supermercados-chinos-por-vender-leche-para-bebes-prohibida","status":"publish","type":"post","link":"https:\/\/larevistadigital.com.ar\/blog\/mar-del-plata-clausuran-tres-supermercados-chinos-por-vender-leche-para-bebes-prohibida\/","title":{"rendered":"MAR DEL PLATA: CLAUSURAN TRES SUPERMERCADOS CHINOS POR VENDER LECHE PARA BEB\u00c9S PROHIBIDA"},"content":{"rendered":"<h2 class=\"nota__hero__summary\"><em>La mercader\u00eda hab\u00eda sido robada a un cami\u00f3n transportador en Buenos Aires.<\/em><\/h2>\n<p>Un lote de leche en polvo para beb\u00e9s que la Administraci\u00f3n Nacional de Medicamentos, Alimentos y Tecnolog\u00eda M\u00e9dica (ANMAT) prohibi\u00f3 por haber sido robada por \u201cpiratas del asfalto\u201d fue descubierto en Mar del Plata tras el allanamiento en cuatro supermercados chinos.<\/p>\n<p>Seg\u00fan el relato de La Capital, un despliegue del personal de la DDI local logr\u00f3 localizar la mercader\u00eda que no pod\u00eda estar a la venta no s\u00f3lo por el robo en s\u00ed, sino porque la sustracci\u00f3n provoca la p\u00e9rdida de la cadena de control sanitaria necesaria.<\/p>\n<blockquote>\n<h3>Tres ciudadanos chinos fueron aprehendidos pero poco despu\u00e9s liberados y notificados de la formaci\u00f3n de una causa por el delito de encubrimiento.<\/h3>\n<\/blockquote>\n<p>La investigaci\u00f3n se inici\u00f3 en la fiscal\u00eda N\u00b0 7 de Mar del Plata a cargo de <strong>Leandro Ar\u00e9valo<\/strong>, luego de que se conociera que el posible destino de una parte de la leche robada en la Autopista 25 de Mayo y su cruce con Acceso Oeste, era la ciudad balnearia.<\/p>\n<p>Personal de la Delegaci\u00f3n Departamental de Investigaciones, con presencia de personal de Inspecci\u00f3n General, Bromatolog\u00eda del Municipio y Migraciones, allanaron los comercios de Cerrito 864, Jara 749, Juan B. Justo 7344 y Carlos Gardel 1124. En tres de ellos se hallaron 503 cajas de leche \u201cSancor Beb\u00e9 1\u201d correspondientes al lote robado al cami\u00f3n transportador y se clausuraron de forma inmediata.<\/p>\n<blockquote>\n<h3><em>Tambi\u00e9n en el lugar se secuestraron 300 paquetes de Snaks, 50 yogures vencidos, 30 paquetes de polenta, 50 paquetes de pizza y 20 kilogramos de alimento para perro que no estaban en condiciones bromatol\u00f3gicas para la venta.<\/em><\/h3>\n<\/blockquote>\n<p>En los argumentos de la prohibici\u00f3n, la ANMAT explic\u00f3 que la mencionada firma denunci\u00f3 el robo de un cami\u00f3n con mercader\u00eda <em><strong>\u201cexclusiva para exportaci\u00f3n, y por lo tanto, no es posible asegurar el transporte y almacenamiento en las condiciones exigidas por el C\u00f3digo Alimentario Argentino (CAA)\u201d.<\/strong><\/em><\/p>\n<p><strong><em>\u201cAtento a ello, el Departamento Legislaci\u00f3n y Normatizaci\u00f3n del INAL recomienda prohibir la comercializaci\u00f3n en todo el territorio nacional del referido producto, debido a que este alimento est\u00e1 destinado a la poblaci\u00f3n infantil y a que no es posible asegurar el transporte y almacenamiento en las condiciones exigidas por el C\u00f3digo Alimentario Argentino (CAA)\u201d<\/em><\/strong>, afirm\u00f3 el texto.<\/p>\n","protected":false},"excerpt":{"rendered":"<div class=\"mh-excerpt\"><p>La mercader\u00eda hab\u00eda sido robada a un cami\u00f3n transportador en Buenos Aires. Un lote de leche en polvo para beb\u00e9s que la Administraci\u00f3n Nacional de Medicamentos, Alimentos y Tecnolog\u00eda M\u00e9dica (ANMAT) prohibi\u00f3 por haber sido <a class=\"mh-excerpt-more\" href=\"https:\/\/larevistadigital.com.ar\/blog\/mar-del-plata-clausuran-tres-supermercados-chinos-por-vender-leche-para-bebes-prohibida\/\" title=\"MAR DEL PLATA: CLAUSURAN TRES SUPERMERCADOS CHINOS POR VENDER LECHE PARA BEB\u00c9S PROHIBIDA\">[Leer M\u00e1s]<\/a><\/p>\n<\/div>","protected":false},"author":3,"featured_media":8591,"comment_status":"open","ping_status":"open","sticky":false,"template":"","format":"standard","meta":{"_jetpack_memberships_contains_paid_content":false,"footnotes":"","jetpack_publicize_message":"","jetpack_publicize_feature_enabled":true,"jetpack_social_post_already_shared":true,"jetpack_social_options":{"image_generator_settings":{"template":"highway","default_image_id":0,"font":"","enabled":false},"version":2}},"categories":[44,12],"tags":[],"class_list":{"0":"post-8590","1":"post","2":"type-post","3":"status-publish","4":"format-standard","5":"has-post-thumbnail","7":"category-policiales","8":"category-politica"},"jetpack_publicize_connections":[],"jetpack_featured_media_url":"https:\/\/i0.wp.com\/larevistadigital.com.ar\/blog\/wp-content\/uploads\/2019\/02\/95a573ca29b6422c36a2039dc39e3927eb172e75.jpg?fit=1140%2C758&ssl=1","jetpack_sharing_enabled":true,"jetpack_shortlink":"https:\/\/wp.me\/p8qtrQ-2ey","jetpack-related-posts":[{"id":24573,"url":"https:\/\/larevistadigital.com.ar\/blog\/ofrecian-por-facebook-2-500-kg-de-carne-robada-los-atraparon\/","url_meta":{"origin":8590,"position":0},"title":"OFREC\u00cdAN POR FACEBOOK 2.500 KG- DE CARNE ROBADA. LOS ATRAPARON","author":"Alejandro Sosa Ruda","date":"15 marzo, 2022","format":false,"excerpt":"Fue esta tarde durante una entrega controlada. Dos personas fueron notificadas de una causa por encubrimiento agravado. MAR DEL PLATA -\u00a0 La denuncia que los propietarios de un frigor\u00edfico local hicieron tras sufrir el robo de mercader\u00eda y detectar que la estaban ofreciendo a la venta por Facebook\u00a0termin\u00f3 con la\u2026","rel":"","context":"En \u00abPOLICIALES\u00bb","block_context":{"text":"POLICIALES","link":"https:\/\/larevistadigital.com.ar\/blog\/category\/policiales\/"},"img":{"alt_text":"","src":"https:\/\/i0.wp.com\/larevistadigital.com.ar\/blog\/wp-content\/uploads\/0223.jpg?fit=907%2C512&ssl=1&resize=350%2C200","width":350,"height":200,"srcset":"https:\/\/i0.wp.com\/larevistadigital.com.ar\/blog\/wp-content\/uploads\/0223.jpg?fit=907%2C512&ssl=1&resize=350%2C200 1x, https:\/\/i0.wp.com\/larevistadigital.com.ar\/blog\/wp-content\/uploads\/0223.jpg?fit=907%2C512&ssl=1&resize=525%2C300 1.5x, https:\/\/i0.wp.com\/larevistadigital.com.ar\/blog\/wp-content\/uploads\/0223.jpg?fit=907%2C512&ssl=1&resize=700%2C400 2x"},"classes":[]},{"id":20231,"url":"https:\/\/larevistadigital.com.ar\/blog\/mar-del-plata-fue-hallada-en-un-campo-la-estatua-robada-frente-al-municipio\/","url_meta":{"origin":8590,"position":1},"title":"MAR DEL PLATA: FUE HALLADA EN UN CAMPO LA ESTATUA ROBADA FRENTE AL MUNICIPIO","author":"Alejandro Sosa Ruda","date":"12 mayo, 2021","format":false,"excerpt":"La encontr\u00f3 personal de la DDI Mar del Plata horas despu\u00e9s de que fuera detenido el presunto autor del robo. MAR DEL PLATA - La estatua \u201cSirena\u201d, que a fines del mes pasado hab\u00eda sido robada de una fuente en la plaza San Mart\u00edn, frente a la Municipalidad, fue encontrada\u2026","rel":"","context":"En \u00abPOLICIALES\u00bb","block_context":{"text":"POLICIALES","link":"https:\/\/larevistadigital.com.ar\/blog\/category\/policiales\/"},"img":{"alt_text":"","src":"https:\/\/i0.wp.com\/larevistadigital.com.ar\/blog\/wp-content\/uploads\/fotis.jpg?fit=641%2C627&ssl=1&resize=350%2C200","width":350,"height":200,"srcset":"https:\/\/i0.wp.com\/larevistadigital.com.ar\/blog\/wp-content\/uploads\/fotis.jpg?fit=641%2C627&ssl=1&resize=350%2C200 1x, https:\/\/i0.wp.com\/larevistadigital.com.ar\/blog\/wp-content\/uploads\/fotis.jpg?fit=641%2C627&ssl=1&resize=525%2C300 1.5x"},"classes":[]},{"id":31527,"url":"https:\/\/larevistadigital.com.ar\/blog\/la-plata-clausuraron-mas-de-diez-supermercados-dia-enterate-por-que\/","url_meta":{"origin":8590,"position":2},"title":"LA PLATA: CLAUSURARON M\u00c1S DE DIEZ SUPERMERCADOS D\u00cdA%. ENTERATE POR QU\u00c9","author":"Alejandro Sosa Ruda","date":"11 mayo, 2023","format":false,"excerpt":"Lo pidi\u00f3 la Defensor\u00eda Ciudadana a partir de una denuncia de la c\u00e1mara que nuclea a esos comercios\u00a0y lo ejecutaron agentes de Control Ciudadano. 11 de mayo de 2023 LA PLATA -\u00a0 La Municipalidad orden\u00f3 la clausura de m\u00e1s de\u00a0diez supermercados Dia% de La Plata, luego de que inspectores de\u2026","rel":"","context":"En \u00abREGIONALES\u00bb","block_context":{"text":"REGIONALES","link":"https:\/\/larevistadigital.com.ar\/blog\/category\/regionales\/"},"img":{"alt_text":"","src":"https:\/\/i0.wp.com\/larevistadigital.com.ar\/blog\/wp-content\/uploads\/1683839947161.jpeg?fit=1200%2C594&ssl=1&resize=350%2C200","width":350,"height":200,"srcset":"https:\/\/i0.wp.com\/larevistadigital.com.ar\/blog\/wp-content\/uploads\/1683839947161.jpeg?fit=1200%2C594&ssl=1&resize=350%2C200 1x, https:\/\/i0.wp.com\/larevistadigital.com.ar\/blog\/wp-content\/uploads\/1683839947161.jpeg?fit=1200%2C594&ssl=1&resize=525%2C300 1.5x, https:\/\/i0.wp.com\/larevistadigital.com.ar\/blog\/wp-content\/uploads\/1683839947161.jpeg?fit=1200%2C594&ssl=1&resize=700%2C400 2x, https:\/\/i0.wp.com\/larevistadigital.com.ar\/blog\/wp-content\/uploads\/1683839947161.jpeg?fit=1200%2C594&ssl=1&resize=1050%2C600 3x"},"classes":[]},{"id":17804,"url":"https:\/\/larevistadigital.com.ar\/blog\/video-locura-total-no-le-gusto-la-mercaderia-y-golpeo-salvajemente-a-la-verdulera\/","url_meta":{"origin":8590,"position":3},"title":"[VIDEO] LOCURA TOTAL: NO LE GUST\u00d3 LA MERCADER\u00cdA Y GOLPE\u00d3 SALVAJEMENTE A LA VERDULERA","author":"Alejandro Sosa Ruda","date":"24 noviembre, 2020","format":false,"excerpt":"El hecho se registr\u00f3 este lunes a mediod\u00eda en Tejedor al 2000 \u00a0cuando un hombre, disconforme con la mercader\u00eda que hab\u00eda seleccionado, insult\u00f3 a la propietaria del comercio\u00a0y le peg\u00f3. El episodio qued\u00f3 registrado en las c\u00e1maras de seguridad del local. MAR DEL PLATA - Una mujer fue salvajemente golpeada\u2026","rel":"","context":"En \u00abPOLICIALES\u00bb","block_context":{"text":"POLICIALES","link":"https:\/\/larevistadigital.com.ar\/blog\/category\/policiales\/"},"img":{"alt_text":"","src":"https:\/\/i0.wp.com\/larevistadigital.com.ar\/blog\/wp-content\/uploads\/Screenshot_1-170.jpg?fit=999%2C560&ssl=1&resize=350%2C200","width":350,"height":200,"srcset":"https:\/\/i0.wp.com\/larevistadigital.com.ar\/blog\/wp-content\/uploads\/Screenshot_1-170.jpg?fit=999%2C560&ssl=1&resize=350%2C200 1x, https:\/\/i0.wp.com\/larevistadigital.com.ar\/blog\/wp-content\/uploads\/Screenshot_1-170.jpg?fit=999%2C560&ssl=1&resize=525%2C300 1.5x, https:\/\/i0.wp.com\/larevistadigital.com.ar\/blog\/wp-content\/uploads\/Screenshot_1-170.jpg?fit=999%2C560&ssl=1&resize=700%2C400 2x"},"classes":[]},{"id":11716,"url":"https:\/\/larevistadigital.com.ar\/blog\/11716-2\/","url_meta":{"origin":8590,"position":4},"title":"DE SAN VICENTE A PEKIN: EL INFLUENCER ARGENTINO QUE AMAN MILLONES DE CHINOS","author":"Alejandro Sosa Ruda","date":"3 agosto, 2019","format":false,"excerpt":"La vida de Brian Gonz\u00e1lez es de pel\u00edcula. Pas\u00f3 de estudiar mandar\u00edn por hobby a ser empresario e influencer en Pek\u00edn. Hoy tiene 1,3 millones de seguidores en Weibo y es una celebrity argentina en China que introduce s\u00edmbolos argentinos como el poncho o a Hijitus a la sociedad oriental.\u2026","rel":"","context":"En \u00abREGIONALES\u00bb","block_context":{"text":"REGIONALES","link":"https:\/\/larevistadigital.com.ar\/blog\/category\/regionales\/"},"img":{"alt_text":"","src":"https:\/\/i0.wp.com\/larevistadigital.com.ar\/blog\/wp-content\/uploads\/20190731_171949.jpg?fit=1080%2C715&ssl=1&resize=350%2C200","width":350,"height":200,"srcset":"https:\/\/i0.wp.com\/larevistadigital.com.ar\/blog\/wp-content\/uploads\/20190731_171949.jpg?fit=1080%2C715&ssl=1&resize=350%2C200 1x, https:\/\/i0.wp.com\/larevistadigital.com.ar\/blog\/wp-content\/uploads\/20190731_171949.jpg?fit=1080%2C715&ssl=1&resize=525%2C300 1.5x, https:\/\/i0.wp.com\/larevistadigital.com.ar\/blog\/wp-content\/uploads\/20190731_171949.jpg?fit=1080%2C715&ssl=1&resize=700%2C400 2x, https:\/\/i0.wp.com\/larevistadigital.com.ar\/blog\/wp-content\/uploads\/20190731_171949.jpg?fit=1080%2C715&ssl=1&resize=1050%2C600 3x"},"classes":[]},{"id":34811,"url":"https:\/\/larevistadigital.com.ar\/blog\/la-policia-comunal-recupero-una-moto-robada-2\/","url_meta":{"origin":8590,"position":5},"title":"LA POLIC\u00cdA COMUNAL RECUPER\u00d3 UNA MOTO ROBADA","author":"Alejandro Sosa Ruda","date":"8 diciembre, 2023","format":false,"excerpt":"La hab\u00edan robado el 4 hace tres d\u00edas en el Barrio F\u00e1tima. Ya fue restitu\u00edda. 7 de diciembre de 2023 CHASCOM\u00daS -\u00a0 En horas de la noche del d\u00eda de ayer y personal policial de E.P.C. Chasomus 1ra. procedi\u00f3 a incautar una motocicleta Zanella ZB de color negro la cual\u2026","rel":"","context":"En \u00abCHASCOM\u00daS\u00bb","block_context":{"text":"CHASCOM\u00daS","link":"https:\/\/larevistadigital.com.ar\/blog\/category\/chascomus\/"},"img":{"alt_text":"","src":"https:\/\/i0.wp.com\/larevistadigital.com.ar\/blog\/wp-content\/uploads\/WhatsApp-Image-2023-12-06-at-20.49.36.jpeg?fit=1200%2C818&ssl=1&resize=350%2C200","width":350,"height":200,"srcset":"https:\/\/i0.wp.com\/larevistadigital.com.ar\/blog\/wp-content\/uploads\/WhatsApp-Image-2023-12-06-at-20.49.36.jpeg?fit=1200%2C818&ssl=1&resize=350%2C200 1x, https:\/\/i0.wp.com\/larevistadigital.com.ar\/blog\/wp-content\/uploads\/WhatsApp-Image-2023-12-06-at-20.49.36.jpeg?fit=1200%2C818&ssl=1&resize=525%2C300 1.5x, https:\/\/i0.wp.com\/larevistadigital.com.ar\/blog\/wp-content\/uploads\/WhatsApp-Image-2023-12-06-at-20.49.36.jpeg?fit=1200%2C818&ssl=1&resize=700%2C400 2x, https:\/\/i0.wp.com\/larevistadigital.com.ar\/blog\/wp-content\/uploads\/WhatsApp-Image-2023-12-06-at-20.49.36.jpeg?fit=1200%2C818&ssl=1&resize=1050%2C600 3x"},"classes":[]}],"_links":{"self":[{"href":"https:\/\/larevistadigital.com.ar\/blog\/wp-json\/wp\/v2\/posts\/8590","targetHints":{"allow":["GET"]}}],"collection":[{"href":"https:\/\/larevistadigital.com.ar\/blog\/wp-json\/wp\/v2\/posts"}],"about":[{"href":"https:\/\/larevistadigital.com.ar\/blog\/wp-json\/wp\/v2\/types\/post"}],"author":[{"embeddable":true,"href":"https:\/\/larevistadigital.com.ar\/blog\/wp-json\/wp\/v2\/users\/3"}],"replies":[{"embeddable":true,"href":"https:\/\/larevistadigital.com.ar\/blog\/wp-json\/wp\/v2\/comments?post=8590"}],"version-history":[{"count":1,"href":"https:\/\/larevistadigital.com.ar\/blog\/wp-json\/wp\/v2\/posts\/8590\/revisions"}],"predecessor-version":[{"id":8592,"href":"https:\/\/larevistadigital.com.ar\/blog\/wp-json\/wp\/v2\/posts\/8590\/revisions\/8592"}],"wp:featuredmedia":[{"embeddable":true,"href":"https:\/\/larevistadigital.com.ar\/blog\/wp-json\/wp\/v2\/media\/8591"}],"wp:attachment":[{"href":"https:\/\/larevistadigital.com.ar\/blog\/wp-json\/wp\/v2\/media?parent=8590"}],"wp:term":[{"taxonomy":"category","embeddable":true,"href":"https:\/\/larevistadigital.com.ar\/blog\/wp-json\/wp\/v2\/categories?post=8590"},{"taxonomy":"post_tag","embeddable":true,"href":"https:\/\/larevistadigital.com.ar\/blog\/wp-json\/wp\/v2\/tags?post=8590"}],"curies":[{"name":"wp","href":"https:\/\/api.w.org\/{rel}","templated":true}]}}