{"id":860,"date":"2017-03-09T02:23:43","date_gmt":"2017-03-09T02:23:43","guid":{"rendered":"https:\/\/larevistadigital.com.ar\/blog\/?p=860"},"modified":"2017-03-09T02:23:43","modified_gmt":"2017-03-09T02:23:43","slug":"interpelaran-a-de-jesus","status":"publish","type":"post","link":"https:\/\/larevistadigital.com.ar\/blog\/interpelaran-a-de-jesus\/","title":{"rendered":"\u00bfInterpelar\u00e1n a De Jes\u00fas?"},"content":{"rendered":"<h2>Luego de intentar sin \u00e9xito interpelar al Intendente del Partido de la Costa, Juan Pablo de Jes\u00fas en el mes de febrero pr\u00f3ximo pasado, los concejales opositores procurar\u00e1n conseguir este jueves que la deseada interpelaci\u00f3n se concrete.<\/h2>\n<p>Lo que se le est\u00e1 exigiendo al Intendente, es entre otras cosas que d\u00e9 una explicaci\u00f3n por el elevado \u00edndice de suicidios en la polic\u00eda local, que ya llegan a 7 desde que la fuerza fuera creada por el entonces gobernador Daniel Scioli.<\/p>\n<blockquote><p><strong><em>\u201cEvidentemente fallaron los controles psicol\u00f3gicos, por lo que el intendente tiene que dar explicaciones, \u00e9l es quien decide al director, a los profesores, hasta al personal de limpieza lo decide \u00e9l\u201d<\/em><\/strong> sostuvieron desde la oposici\u00f3n.<\/p><\/blockquote>\n<p>Como referencia, en el Concejo Deliberante del Partido de la Costa tanto el oficialismo como la oposici\u00f3n cuentan con 9 ediles cada uno, por lo que en caso de empate se define con el voto del presidente del concejo que vale \u201cdoble\u201d.<\/p>\n","protected":false},"excerpt":{"rendered":"<div class=\"mh-excerpt\"><p>Luego de intentar sin \u00e9xito interpelar al Intendente del Partido de la Costa, Juan Pablo de Jes\u00fas en el mes de febrero pr\u00f3ximo pasado, los concejales opositores procurar\u00e1n conseguir este jueves que la deseada interpelaci\u00f3n <a class=\"mh-excerpt-more\" href=\"https:\/\/larevistadigital.com.ar\/blog\/interpelaran-a-de-jesus\/\" title=\"\u00bfInterpelar\u00e1n a De Jes\u00fas?\">[Leer M\u00e1s]<\/a><\/p>\n<\/div>","protected":false},"author":3,"featured_media":864,"comment_status":"open","ping_status":"open","sticky":false,"template":"","format":"standard","meta":{"_jetpack_memberships_contains_paid_content":false,"footnotes":"","jetpack_publicize_message":"","jetpack_publicize_feature_enabled":true,"jetpack_social_post_already_shared":true,"jetpack_social_options":{"image_generator_settings":{"template":"highway","default_image_id":0,"font":"","enabled":false},"version":2}},"categories":[12,24,27],"tags":[],"class_list":{"0":"post-860","1":"post","2":"type-post","3":"status-publish","4":"format-standard","5":"has-post-thumbnail","7":"category-politica","8":"category-politica-provincial","9":"category-provinciales"},"jetpack_publicize_connections":[],"jetpack_featured_media_url":"https:\/\/i0.wp.com\/larevistadigital.com.ar\/blog\/wp-content\/uploads\/2017\/03\/maxresdefault.jpg?fit=1280%2C720&ssl=1","jetpack_sharing_enabled":true,"jetpack_shortlink":"https:\/\/wp.me\/p8qtrQ-dS","jetpack-related-posts":[{"id":35891,"url":"https:\/\/larevistadigital.com.ar\/blog\/mar-chiquita-el-gobernador-kicillof-encabezara-un-homenaje-al-intendente-de-jesus\/","url_meta":{"origin":860,"position":0},"title":"MAR CHIQUITA: EL GOBERNADOR KICILLOF ENCABEZAR\u00c1 UN HOMENAJE AL INTENDENTE DE JES\u00daS","author":"Alejandro Sosa Ruda","date":"23 abril, 2024","format":false,"excerpt":"El homenaje al jefe comunal costero en tributo a \u201cgran trayectoria e historia\u201d se realizar\u00e1 este viernes en Santa Clara del Mar. 23 de abril de 2024 BUENOS AIRES -\u00a0 Este viernes 26 de abril, en el Polideportivo de Santa Clara del Mar, en el partido de Mar Chiquita, el\u2026","rel":"","context":"En \u00abPOLITICA PROVINCIAL\u00bb","block_context":{"text":"POLITICA PROVINCIAL","link":"https:\/\/larevistadigital.com.ar\/blog\/category\/politica\/politica-provincial\/"},"img":{"alt_text":"","src":"https:\/\/i0.wp.com\/larevistadigital.com.ar\/blog\/wp-content\/uploads\/c09eba161dea879b091ac283ea7eb1f728f66301.jpg?fit=1140%2C714&ssl=1&resize=350%2C200","width":350,"height":200,"srcset":"https:\/\/i0.wp.com\/larevistadigital.com.ar\/blog\/wp-content\/uploads\/c09eba161dea879b091ac283ea7eb1f728f66301.jpg?fit=1140%2C714&ssl=1&resize=350%2C200 1x, https:\/\/i0.wp.com\/larevistadigital.com.ar\/blog\/wp-content\/uploads\/c09eba161dea879b091ac283ea7eb1f728f66301.jpg?fit=1140%2C714&ssl=1&resize=525%2C300 1.5x, https:\/\/i0.wp.com\/larevistadigital.com.ar\/blog\/wp-content\/uploads\/c09eba161dea879b091ac283ea7eb1f728f66301.jpg?fit=1140%2C714&ssl=1&resize=700%2C400 2x, https:\/\/i0.wp.com\/larevistadigital.com.ar\/blog\/wp-content\/uploads\/c09eba161dea879b091ac283ea7eb1f728f66301.jpg?fit=1140%2C714&ssl=1&resize=1050%2C600 3x"},"classes":[]},{"id":19301,"url":"https:\/\/larevistadigital.com.ar\/blog\/mar-del-tuyu-el-intendente-cristian-cardozo-emitio-un-comunicado-luego-del-terrible-temporal-que-azoto-la-ciudad\/","url_meta":{"origin":860,"position":1},"title":"MAR DEL TUY\u00da: EL INTENDENTE CRISTIAN CARDOZO EMITI\u00d3 UN COMUNICADO LUEGO DEL TERRIBLE TEMPORAL QUE AZOT\u00d3 LA CIUDAD","author":"Alejandro Sosa Ruda","date":"18 marzo, 2021","format":false,"excerpt":"MAR DEL TUYU -\u00a0Luego del terrible temporal que azot\u00f3 con furia la ciudad de Mar del Tuy\u00fa, y otras localidades costeras, el intendente del Partido de la Costa,\u00a0 Cristi\u00e1n Cardozo hizo p\u00fablico un comunicado donde se refiri\u00f3 a la dif\u00edcil situaci\u00f3n que debi\u00f3 afrontar la costa, y sus lamentables consecuencias.\u2026","rel":"","context":"En \u00abPOLITICA PROVINCIAL\u00bb","block_context":{"text":"POLITICA PROVINCIAL","link":"https:\/\/larevistadigital.com.ar\/blog\/category\/politica\/politica-provincial\/"},"img":{"alt_text":"","src":"https:\/\/i0.wp.com\/larevistadigital.com.ar\/blog\/wp-content\/uploads\/161299110_342606293822323_1784456494187305659_n-1.jpg?fit=780%2C1040&ssl=1&resize=350%2C200","width":350,"height":200,"srcset":"https:\/\/i0.wp.com\/larevistadigital.com.ar\/blog\/wp-content\/uploads\/161299110_342606293822323_1784456494187305659_n-1.jpg?fit=780%2C1040&ssl=1&resize=350%2C200 1x, https:\/\/i0.wp.com\/larevistadigital.com.ar\/blog\/wp-content\/uploads\/161299110_342606293822323_1784456494187305659_n-1.jpg?fit=780%2C1040&ssl=1&resize=525%2C300 1.5x, https:\/\/i0.wp.com\/larevistadigital.com.ar\/blog\/wp-content\/uploads\/161299110_342606293822323_1784456494187305659_n-1.jpg?fit=780%2C1040&ssl=1&resize=700%2C400 2x"},"classes":[]},{"id":20397,"url":"https:\/\/larevistadigital.com.ar\/blog\/el-presidente-de-la-ucr-cchascomus-cruzo-al-intendente-gaston-y-lo-trato-de-mentiroso\/","url_meta":{"origin":860,"position":2},"title":"EL PRESIDENTE DE LA UCR CCHASCOM\u00daS CRUZ\u00d3 AL INTENDENTE GAST\u00d3N Y LO TRAT\u00d3 DE MENTIROSO","author":"Alejandro Sosa Ruda","date":"21 mayo, 2021","format":false,"excerpt":"En una nota a la p\u00e1gina web CRONOS, El presidente de la Uni\u00f3n C\u00edvica Radical de Chascom\u00fas se refiri\u00f3 a las declaraciones del intendente del Frente de Todos, Javier Gast\u00f3n, donde dispar\u00f3: \u201cEl intendente miente y falazmente ha dicho que no colaboramos en llevar tranquilidad a la poblaci\u00f3n\u201d CHASCOM\u00daS -\u2026","rel":"","context":"En \u00abINTERES GENERAL\u00bb","block_context":{"text":"INTERES GENERAL","link":"https:\/\/larevistadigital.com.ar\/blog\/category\/interes-general\/"},"img":{"alt_text":"","src":"https:\/\/i0.wp.com\/larevistadigital.com.ar\/blog\/wp-content\/uploads\/flavio-ponce-2.jpg?fit=800%2C911&ssl=1&resize=350%2C200","width":350,"height":200,"srcset":"https:\/\/i0.wp.com\/larevistadigital.com.ar\/blog\/wp-content\/uploads\/flavio-ponce-2.jpg?fit=800%2C911&ssl=1&resize=350%2C200 1x, https:\/\/i0.wp.com\/larevistadigital.com.ar\/blog\/wp-content\/uploads\/flavio-ponce-2.jpg?fit=800%2C911&ssl=1&resize=525%2C300 1.5x, https:\/\/i0.wp.com\/larevistadigital.com.ar\/blog\/wp-content\/uploads\/flavio-ponce-2.jpg?fit=800%2C911&ssl=1&resize=700%2C400 2x"},"classes":[]},{"id":3722,"url":"https:\/\/larevistadigital.com.ar\/blog\/ranchos-intendente-veramendi-recibio-alta-medica\/","url_meta":{"origin":860,"position":3},"title":"RANCHOS: EL INTENDENTE VERAMENDI RECIBI\u00d3 EL ALTA M\u00c9DICA","author":"Alejandro Sosa Ruda","date":"6 noviembre, 2017","format":false,"excerpt":"Luego de haber sido sometido\u00a0a una intervenci\u00f3n quir\u00fargica\u00a0Instituto Nephrology de\u00a0 la Capital Federal, donde recibi\u00f3 un trasplante de ri\u00f1\u00f3n de\u00a0 un donante cadav\u00e9rico, el intendente del partido de General Paz, Juan Carlos Veramendi, recibi\u00f3 el alta m\u00e9dica, por lo que desde hoy, lunes continuar\u00e1 con su recuperaci\u00f3n en su domicilio.\u2026","rel":"","context":"En \u00abPOLITICA\u00bb","block_context":{"text":"POLITICA","link":"https:\/\/larevistadigital.com.ar\/blog\/category\/politica\/"},"img":{"alt_text":"","src":"https:\/\/i0.wp.com\/larevistadigital.com.ar\/blog\/wp-content\/uploads\/2017\/11\/20151029173822_veramendi.jpg?fit=650%2C438&ssl=1&resize=350%2C200","width":350,"height":200,"srcset":"https:\/\/i0.wp.com\/larevistadigital.com.ar\/blog\/wp-content\/uploads\/2017\/11\/20151029173822_veramendi.jpg?fit=650%2C438&ssl=1&resize=350%2C200 1x, https:\/\/i0.wp.com\/larevistadigital.com.ar\/blog\/wp-content\/uploads\/2017\/11\/20151029173822_veramendi.jpg?fit=650%2C438&ssl=1&resize=525%2C300 1.5x"},"classes":[]},{"id":34426,"url":"https:\/\/larevistadigital.com.ar\/blog\/confidencial-algunas-perlitas-politicas-de-la-politica-local\/","url_meta":{"origin":860,"position":4},"title":"(CONFIDENCIAL) ALGUNAS PERLITAS POL\u00cdTICAS DE LA POL\u00cdTICA LOCAL&#8230;","author":"Alejandro Sosa Ruda","date":"7 noviembre, 2023","format":false,"excerpt":"Pasaron los comicios, y en pol\u00edtica siguen pasando cosas: pases de facturas, reclamos, seducciones, broncas y m\u00e1s... 7 de Noviembre de 2023 CHASCOM\u00daS -\u00a0 Luego de las elecciones pasadas, donde result\u00f3 triunfante y reelecto el intendente municipal Javier Gast\u00f3n, las cosas no solo no terminaron ah\u00ed, sino que comenzaron los\u2026","rel":"","context":"En \u00abDESTACADAS\u00bb","block_context":{"text":"DESTACADAS","link":"https:\/\/larevistadigital.com.ar\/blog\/category\/destacadas\/"},"img":{"alt_text":"","src":"https:\/\/i0.wp.com\/larevistadigital.com.ar\/blog\/wp-content\/uploads\/TOP-SECRET.jpg?fit=1200%2C675&ssl=1&resize=350%2C200","width":350,"height":200,"srcset":"https:\/\/i0.wp.com\/larevistadigital.com.ar\/blog\/wp-content\/uploads\/TOP-SECRET.jpg?fit=1200%2C675&ssl=1&resize=350%2C200 1x, https:\/\/i0.wp.com\/larevistadigital.com.ar\/blog\/wp-content\/uploads\/TOP-SECRET.jpg?fit=1200%2C675&ssl=1&resize=525%2C300 1.5x, https:\/\/i0.wp.com\/larevistadigital.com.ar\/blog\/wp-content\/uploads\/TOP-SECRET.jpg?fit=1200%2C675&ssl=1&resize=700%2C400 2x, https:\/\/i0.wp.com\/larevistadigital.com.ar\/blog\/wp-content\/uploads\/TOP-SECRET.jpg?fit=1200%2C675&ssl=1&resize=1050%2C600 3x"},"classes":[]},{"id":38650,"url":"https:\/\/larevistadigital.com.ar\/blog\/la-oposicion-convoca-al-intendente-a-dar-explicaciones-por-la-inseguridad-en-chascomus\/","url_meta":{"origin":860,"position":5},"title":"La oposici\u00f3n convoca al intendente a dar explicaciones por la inseguridad en Chascom\u00fas","author":"Alejandro Sosa Ruda","date":"9 febrero, 2025","format":false,"excerpt":"Presentaron la iniciativa, que quedar\u00e1 sujeta a debate en el Concejo Deliberante, donde la oposici\u00f3n tiene mayor\u00eda. 09 de Febrero de 2025 CHASCOM\u00daS -\u00a0 Los bloques opositores del Concejo Deliberante, que conforman la mayor\u00eda legislativa, presentaron un proyecto de decreto para citar al intendente Javier Gast\u00f3n a una sesi\u00f3n extraordinaria\u2026","rel":"","context":"En \u00abCHASCOM\u00daS\u00bb","block_context":{"text":"CHASCOM\u00daS","link":"https:\/\/larevistadigital.com.ar\/blog\/category\/chascomus\/"},"img":{"alt_text":"","src":"https:\/\/i0.wp.com\/larevistadigital.com.ar\/blog\/wp-content\/uploads\/Reunion-de-concejales-con-representantes-de-Edea_Foto-HCD-de-Chascomus-3-1-1068x620-1.jpg?fit=1068%2C620&ssl=1&resize=350%2C200","width":350,"height":200,"srcset":"https:\/\/i0.wp.com\/larevistadigital.com.ar\/blog\/wp-content\/uploads\/Reunion-de-concejales-con-representantes-de-Edea_Foto-HCD-de-Chascomus-3-1-1068x620-1.jpg?fit=1068%2C620&ssl=1&resize=350%2C200 1x, https:\/\/i0.wp.com\/larevistadigital.com.ar\/blog\/wp-content\/uploads\/Reunion-de-concejales-con-representantes-de-Edea_Foto-HCD-de-Chascomus-3-1-1068x620-1.jpg?fit=1068%2C620&ssl=1&resize=525%2C300 1.5x, https:\/\/i0.wp.com\/larevistadigital.com.ar\/blog\/wp-content\/uploads\/Reunion-de-concejales-con-representantes-de-Edea_Foto-HCD-de-Chascomus-3-1-1068x620-1.jpg?fit=1068%2C620&ssl=1&resize=700%2C400 2x, https:\/\/i0.wp.com\/larevistadigital.com.ar\/blog\/wp-content\/uploads\/Reunion-de-concejales-con-representantes-de-Edea_Foto-HCD-de-Chascomus-3-1-1068x620-1.jpg?fit=1068%2C620&ssl=1&resize=1050%2C600 3x"},"classes":[]}],"_links":{"self":[{"href":"https:\/\/larevistadigital.com.ar\/blog\/wp-json\/wp\/v2\/posts\/860","targetHints":{"allow":["GET"]}}],"collection":[{"href":"https:\/\/larevistadigital.com.ar\/blog\/wp-json\/wp\/v2\/posts"}],"about":[{"href":"https:\/\/larevistadigital.com.ar\/blog\/wp-json\/wp\/v2\/types\/post"}],"author":[{"embeddable":true,"href":"https:\/\/larevistadigital.com.ar\/blog\/wp-json\/wp\/v2\/users\/3"}],"replies":[{"embeddable":true,"href":"https:\/\/larevistadigital.com.ar\/blog\/wp-json\/wp\/v2\/comments?post=860"}],"version-history":[{"count":2,"href":"https:\/\/larevistadigital.com.ar\/blog\/wp-json\/wp\/v2\/posts\/860\/revisions"}],"predecessor-version":[{"id":866,"href":"https:\/\/larevistadigital.com.ar\/blog\/wp-json\/wp\/v2\/posts\/860\/revisions\/866"}],"wp:featuredmedia":[{"embeddable":true,"href":"https:\/\/larevistadigital.com.ar\/blog\/wp-json\/wp\/v2\/media\/864"}],"wp:attachment":[{"href":"https:\/\/larevistadigital.com.ar\/blog\/wp-json\/wp\/v2\/media?parent=860"}],"wp:term":[{"taxonomy":"category","embeddable":true,"href":"https:\/\/larevistadigital.com.ar\/blog\/wp-json\/wp\/v2\/categories?post=860"},{"taxonomy":"post_tag","embeddable":true,"href":"https:\/\/larevistadigital.com.ar\/blog\/wp-json\/wp\/v2\/tags?post=860"}],"curies":[{"name":"wp","href":"https:\/\/api.w.org\/{rel}","templated":true}]}}