{"id":8731,"date":"2019-02-26T01:31:04","date_gmt":"2019-02-26T01:31:04","guid":{"rendered":"https:\/\/larevistadigital.com.ar\/blog\/?p=8731"},"modified":"2019-02-26T01:31:04","modified_gmt":"2019-02-26T01:31:04","slug":"chascomus-javier-gaston-estuvo-presente-en-la-inauguracion-de-la-nueva-farmacia-del-gallo-blanco","status":"publish","type":"post","link":"https:\/\/larevistadigital.com.ar\/blog\/chascomus-javier-gaston-estuvo-presente-en-la-inauguracion-de-la-nueva-farmacia-del-gallo-blanco\/","title":{"rendered":"CHASCOM\u00daS: JAVIER GAST\u00d3N ESTUVO PRESENTE EN LA INAUGURACI\u00d3N DE LA NUEVA FARMACIA DEL GALLO BLANCO"},"content":{"rendered":"<p class=\"notaIntro\">El Intendente Municipal se hizo presente para dialogar con los vecinos del barrio, en el marco de la apertura de una farmacia que resultar\u00e1 de utilidad para los barrios cercanos.<\/p>\n<p class=\"notaTexto\">El nuevo comercio transforma en realidad un pedido de los vecinos que data desde hace m\u00e1s de 10 a\u00f1os y cumplir\u00e1 un servicio esencial para la zona.<\/p>\n<p>A su vez, es un aporte a la descentralizaci\u00f3n de la salud que se sumar\u00e1 al nuevo Centro de Salud realizado por la Municipalidad en el barrio, el cual ser\u00e1 prontamente inaugurado.<\/p>\n<p>En el encuentro estuvieron presentes el Secretario de Gobierno , <strong>Cipriano P\u00e9rez del Cerro<\/strong>; el Presidente del Concejo Deliberante, <strong>Osvaldo Casalins<\/strong>; los concejales de Unidad por Chascom\u00fas, <strong>Rita Giusti<\/strong> y <strong>Ramiro Cangianelli<\/strong>; el concejal de Unidad Ciudadana, <strong>Gabriel Machi<\/strong>; miembros del colegio de farmac\u00e9uticos y vecinos del lugar, entre otros.<\/p>\n","protected":false},"excerpt":{"rendered":"<div class=\"mh-excerpt\"><p>El Intendente Municipal se hizo presente para dialogar con los vecinos del barrio, en el marco de la apertura de una farmacia que resultar\u00e1 de utilidad para los barrios cercanos. El nuevo comercio transforma en <a class=\"mh-excerpt-more\" href=\"https:\/\/larevistadigital.com.ar\/blog\/chascomus-javier-gaston-estuvo-presente-en-la-inauguracion-de-la-nueva-farmacia-del-gallo-blanco\/\" title=\"CHASCOM\u00daS: JAVIER GAST\u00d3N ESTUVO PRESENTE EN LA INAUGURACI\u00d3N DE LA NUEVA FARMACIA DEL GALLO BLANCO\">[Leer M\u00e1s]<\/a><\/p>\n<\/div>","protected":false},"author":3,"featured_media":8732,"comment_status":"open","ping_status":"open","sticky":false,"template":"","format":"standard","meta":{"_jetpack_memberships_contains_paid_content":false,"footnotes":"","jetpack_publicize_message":"","jetpack_publicize_feature_enabled":true,"jetpack_social_post_already_shared":true,"jetpack_social_options":{"image_generator_settings":{"template":"highway","default_image_id":0,"font":"","enabled":false},"version":2}},"categories":[6],"tags":[],"class_list":{"0":"post-8731","1":"post","2":"type-post","3":"status-publish","4":"format-standard","5":"has-post-thumbnail","7":"category-chascomus"},"jetpack_publicize_connections":[],"jetpack_featured_media_url":"https:\/\/i0.wp.com\/larevistadigital.com.ar\/blog\/wp-content\/uploads\/2019\/02\/52729378_2307856425901896_5243607455790792704_o.jpg?fit=2048%2C1360&ssl=1","jetpack_sharing_enabled":true,"jetpack_shortlink":"https:\/\/wp.me\/p8qtrQ-2gP","jetpack-related-posts":[{"id":37172,"url":"https:\/\/larevistadigital.com.ar\/blog\/preparativos-para-la-apertura-de-una-nueva-farmacia-en-el-barrio-san-cayetano\/","url_meta":{"origin":8731,"position":0},"title":"Preparativos para la apertura de una nueva farmacia en el barrio San Cayetano","author":"Alejandro Sosa Ruda","date":"10 septiembre, 2024","format":false,"excerpt":"El nuevo local, ubicado en el ingreso al barrio, mejorar\u00e1 el acceso a medicamentos para los vecinos de la zona norte de Chascom\u00fas. 10 de Septiembre de 2024 CHASCOM\u00daS -\u00a0 En la avenida Juan Manuel de Rosas 2494, avanzan los trabajos previos para la apertura de una nueva farmacia en\u2026","rel":"","context":"En \u00abINTERES GENERAL\u00bb","block_context":{"text":"INTERES GENERAL","link":"https:\/\/larevistadigital.com.ar\/blog\/category\/interes-general\/"},"img":{"alt_text":"","src":"https:\/\/i0.wp.com\/larevistadigital.com.ar\/blog\/wp-content\/uploads\/66df3c6153b9c.png?fit=668%2C445&ssl=1&resize=350%2C200","width":350,"height":200,"srcset":"https:\/\/i0.wp.com\/larevistadigital.com.ar\/blog\/wp-content\/uploads\/66df3c6153b9c.png?fit=668%2C445&ssl=1&resize=350%2C200 1x, https:\/\/i0.wp.com\/larevistadigital.com.ar\/blog\/wp-content\/uploads\/66df3c6153b9c.png?fit=668%2C445&ssl=1&resize=525%2C300 1.5x"},"classes":[]},{"id":12345,"url":"https:\/\/larevistadigital.com.ar\/blog\/farmacia-pasteur-tres-generaciones-de-profesionales-y-85-anos-en-chascomus\/","url_meta":{"origin":8731,"position":1},"title":"FARMACIA PASTEUR: TRES GENERACIONES DE PROFESIONALES Y 85 A\u00d1OS EN CHASCOM\u00daS","author":"Alejandro Sosa Ruda","date":"27 septiembre, 2019","format":false,"excerpt":"Desde fines del mes pasado, hace d\u00edas, Chascom\u00fas cuenta con 15 farmacias, de las cuales Pasteur es una de las decanas del pueblo, donde tres generaciones de la familia Bosatta cumplir\u00e1n 85 a\u00f1os ejerciendo la profesi\u00f3n el pr\u00f3ximo 27 de septiembre. Es que promediando la d\u00e9cada del 30 del siglo\u2026","rel":"","context":"En \u00abCHASCOM\u00daS\u00bb","block_context":{"text":"CHASCOM\u00daS","link":"https:\/\/larevistadigital.com.ar\/blog\/category\/chascomus\/"},"img":{"alt_text":"","src":"https:\/\/i0.wp.com\/larevistadigital.com.ar\/blog\/wp-content\/uploads\/27747678_1764297596968183_1891551251088907238_o.jpg?fit=800%2C1200&ssl=1&resize=350%2C200","width":350,"height":200,"srcset":"https:\/\/i0.wp.com\/larevistadigital.com.ar\/blog\/wp-content\/uploads\/27747678_1764297596968183_1891551251088907238_o.jpg?fit=800%2C1200&ssl=1&resize=350%2C200 1x, https:\/\/i0.wp.com\/larevistadigital.com.ar\/blog\/wp-content\/uploads\/27747678_1764297596968183_1891551251088907238_o.jpg?fit=800%2C1200&ssl=1&resize=525%2C300 1.5x, https:\/\/i0.wp.com\/larevistadigital.com.ar\/blog\/wp-content\/uploads\/27747678_1764297596968183_1891551251088907238_o.jpg?fit=800%2C1200&ssl=1&resize=700%2C400 2x"},"classes":[]},{"id":44842,"url":"https:\/\/larevistadigital.com.ar\/blog\/chascomus-la-muni-cerca-en-el-barrio-la-esmeralda\/","url_meta":{"origin":8731,"position":2},"title":"Chascom\u00fas: La Muni Cerca en el barrio La Esmeralda","author":"Alejandro Sosa Ruda","date":"31 marzo, 2026","format":false,"excerpt":"Una nueva y convocante edici\u00f3n de este programa que acorta distancias entre los vecinos y la administraci\u00f3n municipal. 31 de marzo de 2026 CHASCOM\u00daS -\u00a0 \u00a0La Muni cerca estar\u00e1 el pr\u00f3ximo lunes 6 de abril, en el barrio La Esmeralda, de 8:30 a 13 horas, donde los vecinos y vecinas\u2026","rel":"","context":"En \u00abCHASCOM\u00daS\u00bb","block_context":{"text":"CHASCOM\u00daS","link":"https:\/\/larevistadigital.com.ar\/blog\/category\/chascomus\/"},"img":{"alt_text":"","src":"https:\/\/i0.wp.com\/larevistadigital.com.ar\/blog\/wp-content\/uploads\/69cbf86842845.png?fit=668%2C445&ssl=1&resize=350%2C200","width":350,"height":200,"srcset":"https:\/\/i0.wp.com\/larevistadigital.com.ar\/blog\/wp-content\/uploads\/69cbf86842845.png?fit=668%2C445&ssl=1&resize=350%2C200 1x, https:\/\/i0.wp.com\/larevistadigital.com.ar\/blog\/wp-content\/uploads\/69cbf86842845.png?fit=668%2C445&ssl=1&resize=525%2C300 1.5x"},"classes":[]},{"id":42149,"url":"https:\/\/larevistadigital.com.ar\/blog\/chascomus-retoma-la-atencion-el-caps-barrio-jardin-tras-obras-de-mantenimiento\/","url_meta":{"origin":8731,"position":3},"title":"Chascom\u00fas: Retoma la atenci\u00f3n el CAPS Barrio Jard\u00edn tras obras de mantenimiento","author":"Alejandro Sosa Ruda","date":"21 octubre, 2025","format":false,"excerpt":"El centro de atenci\u00f3n primaria reabrir\u00e1 sus puertas en el edificio de la sociedad de fomento del barrio. 21 de Octubre de 2025 CHASCOM\u00daS -\u00a0 \u00a0Luego de tres semanas de trabajos de mantenimiento y puesta en valor, el Centro de Atenci\u00f3n Primaria de la Salud (CAPS) del barrio Jard\u00edn volver\u00e1\u2026","rel":"","context":"En \u00abCHASCOM\u00daS\u00bb","block_context":{"text":"CHASCOM\u00daS","link":"https:\/\/larevistadigital.com.ar\/blog\/category\/chascomus\/"},"img":{"alt_text":"","src":"https:\/\/i0.wp.com\/larevistadigital.com.ar\/blog\/wp-content\/uploads\/68f7af03cd546.png?fit=668%2C445&ssl=1&resize=350%2C200","width":350,"height":200,"srcset":"https:\/\/i0.wp.com\/larevistadigital.com.ar\/blog\/wp-content\/uploads\/68f7af03cd546.png?fit=668%2C445&ssl=1&resize=350%2C200 1x, https:\/\/i0.wp.com\/larevistadigital.com.ar\/blog\/wp-content\/uploads\/68f7af03cd546.png?fit=668%2C445&ssl=1&resize=525%2C300 1.5x"},"classes":[]},{"id":5232,"url":"https:\/\/larevistadigital.com.ar\/blog\/chascomus-el-concejo-firmara-una-resolucion-contra-el-ingreso-irrestricto-de-farmacity-en-la-provincia\/","url_meta":{"origin":8731,"position":4},"title":"CHASCOM\u00daS: EL CONCEJO FIRMAR\u00c1 UNA RESOLUCI\u00d3N CONTRA EL INGRESO IRRESTRICTO DE FARMACITY EN LA PROVINCIA","author":"Alejandro Sosa Ruda","date":"11 marzo, 2018","format":false,"excerpt":"EN APOYO A LA LEY 10.606 El Concejo Deliberante de Chascom\u00fas sellar\u00e1 en abril una resoluci\u00f3n contra el ingreso irrestricto de Farmacity a la provincia Tras el planteo de la Filial Chascom\u00fas del Colegio de Farmac\u00e9uticos de la Provincia de Buenos Aires, el HCD comparte la preocupaci\u00f3n, rechaza los intentos\u2026","rel":"","context":"En \u00abCHASCOM\u00daS\u00bb","block_context":{"text":"CHASCOM\u00daS","link":"https:\/\/larevistadigital.com.ar\/blog\/category\/chascomus\/"},"img":{"alt_text":"","src":"https:\/\/i0.wp.com\/larevistadigital.com.ar\/blog\/wp-content\/uploads\/2018\/03\/mail.jpg?fit=1200%2C675&ssl=1&resize=350%2C200","width":350,"height":200,"srcset":"https:\/\/i0.wp.com\/larevistadigital.com.ar\/blog\/wp-content\/uploads\/2018\/03\/mail.jpg?fit=1200%2C675&ssl=1&resize=350%2C200 1x, https:\/\/i0.wp.com\/larevistadigital.com.ar\/blog\/wp-content\/uploads\/2018\/03\/mail.jpg?fit=1200%2C675&ssl=1&resize=525%2C300 1.5x, https:\/\/i0.wp.com\/larevistadigital.com.ar\/blog\/wp-content\/uploads\/2018\/03\/mail.jpg?fit=1200%2C675&ssl=1&resize=700%2C400 2x, https:\/\/i0.wp.com\/larevistadigital.com.ar\/blog\/wp-content\/uploads\/2018\/03\/mail.jpg?fit=1200%2C675&ssl=1&resize=1050%2C600 3x"},"classes":[]},{"id":11992,"url":"https:\/\/larevistadigital.com.ar\/blog\/monte-comenzo-la-ampliacion-de-la-salita-del-barrio-coppola\/","url_meta":{"origin":8731,"position":5},"title":"MONTE: COMENZ\u00d3 LA AMPLIACI\u00d3N DE LA SALITA DEL BARRIO COPPOLA","author":"Alejandro Sosa Ruda","date":"13 septiembre, 2019","format":false,"excerpt":"Este mi\u00e9rcoles comenzaron los trabajos para la ampliaci\u00f3n de la Unidad sanitaria de Atenci\u00f3n Primaria de la Salud en el Barrio Coppola, en Monte. Los vecinos se mostraron satisfechos antes los primeros avances de la obra mientras que la intendenta se hizo presente en el lugar. En sus redes sociales\u2026","rel":"","context":"En \u00abREGIONALES\u00bb","block_context":{"text":"REGIONALES","link":"https:\/\/larevistadigital.com.ar\/blog\/category\/regionales\/"},"img":{"alt_text":"","src":"https:\/\/i0.wp.com\/larevistadigital.com.ar\/blog\/wp-content\/uploads\/FB_IMG_1568236302724.jpg?fit=960%2C720&ssl=1&resize=350%2C200","width":350,"height":200,"srcset":"https:\/\/i0.wp.com\/larevistadigital.com.ar\/blog\/wp-content\/uploads\/FB_IMG_1568236302724.jpg?fit=960%2C720&ssl=1&resize=350%2C200 1x, https:\/\/i0.wp.com\/larevistadigital.com.ar\/blog\/wp-content\/uploads\/FB_IMG_1568236302724.jpg?fit=960%2C720&ssl=1&resize=525%2C300 1.5x, https:\/\/i0.wp.com\/larevistadigital.com.ar\/blog\/wp-content\/uploads\/FB_IMG_1568236302724.jpg?fit=960%2C720&ssl=1&resize=700%2C400 2x"},"classes":[]}],"_links":{"self":[{"href":"https:\/\/larevistadigital.com.ar\/blog\/wp-json\/wp\/v2\/posts\/8731","targetHints":{"allow":["GET"]}}],"collection":[{"href":"https:\/\/larevistadigital.com.ar\/blog\/wp-json\/wp\/v2\/posts"}],"about":[{"href":"https:\/\/larevistadigital.com.ar\/blog\/wp-json\/wp\/v2\/types\/post"}],"author":[{"embeddable":true,"href":"https:\/\/larevistadigital.com.ar\/blog\/wp-json\/wp\/v2\/users\/3"}],"replies":[{"embeddable":true,"href":"https:\/\/larevistadigital.com.ar\/blog\/wp-json\/wp\/v2\/comments?post=8731"}],"version-history":[{"count":1,"href":"https:\/\/larevistadigital.com.ar\/blog\/wp-json\/wp\/v2\/posts\/8731\/revisions"}],"predecessor-version":[{"id":8733,"href":"https:\/\/larevistadigital.com.ar\/blog\/wp-json\/wp\/v2\/posts\/8731\/revisions\/8733"}],"wp:featuredmedia":[{"embeddable":true,"href":"https:\/\/larevistadigital.com.ar\/blog\/wp-json\/wp\/v2\/media\/8732"}],"wp:attachment":[{"href":"https:\/\/larevistadigital.com.ar\/blog\/wp-json\/wp\/v2\/media?parent=8731"}],"wp:term":[{"taxonomy":"category","embeddable":true,"href":"https:\/\/larevistadigital.com.ar\/blog\/wp-json\/wp\/v2\/categories?post=8731"},{"taxonomy":"post_tag","embeddable":true,"href":"https:\/\/larevistadigital.com.ar\/blog\/wp-json\/wp\/v2\/tags?post=8731"}],"curies":[{"name":"wp","href":"https:\/\/api.w.org\/{rel}","templated":true}]}}