{"id":8827,"date":"2019-03-02T00:19:24","date_gmt":"2019-03-02T00:19:24","guid":{"rendered":"https:\/\/larevistadigital.com.ar\/blog\/?p=8827"},"modified":"2019-03-02T00:19:24","modified_gmt":"2019-03-02T00:19:24","slug":"castelli-vecino-tomo-la-tragica-decision-de-quitarse-la-vida","status":"publish","type":"post","link":"https:\/\/larevistadigital.com.ar\/blog\/castelli-vecino-tomo-la-tragica-decision-de-quitarse-la-vida\/","title":{"rendered":"CASTELLI: VECINO TOM\u00d3 LA TR\u00c1GICA DECISI\u00d3N DE QUITARSE LA VIDA"},"content":{"rendered":"<p>El cuerpo sin vida de un hombre fue hallado esta ma\u00f1ana en una vivienda ubicada en calle Caseros, entre Av 25 de Mayo y Mitre, confirmaron voceros policiales a castellidiario<\/p>\n<blockquote>\n<h3>El hombre fue identificado como David Mattera de 48 a\u00f1os, quien habr\u00eda tomado la tr\u00e1gica de decisi\u00f3n de quitarse la vida.<\/h3>\n<\/blockquote>\n<p>En el lugar trabajan personal policial y peritos para determinar las causales de muerte.<\/p>\n<p>Ampliaremos.<\/p>\n","protected":false},"excerpt":{"rendered":"<div class=\"mh-excerpt\"><p>El cuerpo sin vida de un hombre fue hallado esta ma\u00f1ana en una vivienda ubicada en calle Caseros, entre Av 25 de Mayo y Mitre, confirmaron voceros policiales a castellidiario El hombre fue identificado como <a class=\"mh-excerpt-more\" href=\"https:\/\/larevistadigital.com.ar\/blog\/castelli-vecino-tomo-la-tragica-decision-de-quitarse-la-vida\/\" title=\"CASTELLI: VECINO TOM\u00d3 LA TR\u00c1GICA DECISI\u00d3N DE QUITARSE LA VIDA\">[Leer M\u00e1s]<\/a><\/p>\n<\/div>","protected":false},"author":3,"featured_media":8828,"comment_status":"open","ping_status":"open","sticky":false,"template":"","format":"standard","meta":{"_jetpack_memberships_contains_paid_content":false,"footnotes":"","jetpack_publicize_message":"","jetpack_publicize_feature_enabled":true,"jetpack_social_post_already_shared":true,"jetpack_social_options":{"image_generator_settings":{"template":"highway","default_image_id":0,"font":"","enabled":false},"version":2}},"categories":[4],"tags":[],"class_list":{"0":"post-8827","1":"post","2":"type-post","3":"status-publish","4":"format-standard","5":"has-post-thumbnail","7":"category-castelli"},"jetpack_publicize_connections":[],"jetpack_featured_media_url":"https:\/\/i0.wp.com\/larevistadigital.com.ar\/blog\/wp-content\/uploads\/2019\/03\/ambulancia.jpg?fit=800%2C600&ssl=1","jetpack_sharing_enabled":true,"jetpack_shortlink":"https:\/\/wp.me\/p8qtrQ-2in","jetpack-related-posts":[{"id":27159,"url":"https:\/\/larevistadigital.com.ar\/blog\/chascomus-un-hombre-tomo-la-tragica-decision-de-quitarse-la-vida\/","url_meta":{"origin":8827,"position":0},"title":"CHASCOM\u00daS: UN HOMBRE TOM\u00d3 LA TR\u00c1GICA DECISI\u00d3N DE QUITARSE LA VIDA","author":"Alejandro Sosa Ruda","date":"20 agosto, 2022","format":false,"excerpt":"CHASCOM\u00daS -\u00a0 Hace instantes, mediante informaci\u00f3n de la Polic\u00eda Comunal, se tom\u00f3 conocimiento que un hombre\u00a0de 36 a\u00f1os de edad tom\u00f3 la triste decisi\u00f3n de quitarse la vida. El muchacho, estaba siendo buscado, cuando fue hallado sin vida, a unos cien metros de la rotonda de San Huberto, encontrando el\u2026","rel":"","context":"En \u00abDESTACADAS\u00bb","block_context":{"text":"DESTACADAS","link":"https:\/\/larevistadigital.com.ar\/blog\/category\/destacadas\/"},"img":{"alt_text":"","src":"https:\/\/i0.wp.com\/larevistadigital.com.ar\/blog\/wp-content\/uploads\/2017\/10\/CRESP%C3%93N-NEGRO.jpg?fit=900%2C900&ssl=1&resize=350%2C200","width":350,"height":200,"srcset":"https:\/\/i0.wp.com\/larevistadigital.com.ar\/blog\/wp-content\/uploads\/2017\/10\/CRESP%C3%93N-NEGRO.jpg?fit=900%2C900&ssl=1&resize=350%2C200 1x, https:\/\/i0.wp.com\/larevistadigital.com.ar\/blog\/wp-content\/uploads\/2017\/10\/CRESP%C3%93N-NEGRO.jpg?fit=900%2C900&ssl=1&resize=525%2C300 1.5x, https:\/\/i0.wp.com\/larevistadigital.com.ar\/blog\/wp-content\/uploads\/2017\/10\/CRESP%C3%93N-NEGRO.jpg?fit=900%2C900&ssl=1&resize=700%2C400 2x"},"classes":[]},{"id":19705,"url":"https:\/\/larevistadigital.com.ar\/blog\/chascomus-joven-tomo-la-tragica-decision-de-quitarse-la-vida\/","url_meta":{"origin":8827,"position":1},"title":"CHASCOM\u00daS : JOVEN TOM\u00d3 LA TR\u00c1GICA DECISI\u00d3N DE QUITARSE LA VIDA","author":"Alejandro Sosa Ruda","date":"18 abril, 2021","format":false,"excerpt":"CHASCOM\u00daS - Trascendi\u00f3 la noticia de que un joven chascomunense de 30 a\u00f1os de edad, habr\u00eda tomado la triste decisi\u00f3n de quitarse la vida. Seg\u00fan indican fuentes policiales, se tom\u00f3 conocimiento del hecho a trav\u00e9s de un llamado al 911 del padre del muchacho, que lo habr\u00eda encontrado ahorcado en\u2026","rel":"","context":"En \u00abDESTACADAS\u00bb","block_context":{"text":"DESTACADAS","link":"https:\/\/larevistadigital.com.ar\/blog\/category\/destacadas\/"},"img":{"alt_text":"","src":"https:\/\/i0.wp.com\/larevistadigital.com.ar\/blog\/wp-content\/uploads\/2017\/10\/CRESP%C3%93N-NEGRO.jpg?fit=900%2C900&ssl=1&resize=350%2C200","width":350,"height":200,"srcset":"https:\/\/i0.wp.com\/larevistadigital.com.ar\/blog\/wp-content\/uploads\/2017\/10\/CRESP%C3%93N-NEGRO.jpg?fit=900%2C900&ssl=1&resize=350%2C200 1x, https:\/\/i0.wp.com\/larevistadigital.com.ar\/blog\/wp-content\/uploads\/2017\/10\/CRESP%C3%93N-NEGRO.jpg?fit=900%2C900&ssl=1&resize=525%2C300 1.5x, https:\/\/i0.wp.com\/larevistadigital.com.ar\/blog\/wp-content\/uploads\/2017\/10\/CRESP%C3%93N-NEGRO.jpg?fit=900%2C900&ssl=1&resize=700%2C400 2x"},"classes":[]},{"id":28370,"url":"https:\/\/larevistadigital.com.ar\/blog\/chascomus-una-mujer-tomo-la-tragica-decision-de-quitarse-la-vida\/","url_meta":{"origin":8827,"position":2},"title":"CHASCOM\u00daS: UNA MUJER TOM\u00d3 LA TR\u00c1GICA DECISI\u00d3N DE QUITARSE LA VIDA","author":"Alejandro Sosa Ruda","date":"12 octubre, 2022","format":false,"excerpt":"Fue arrollada por el tren que iba a Mar del Plata, a unos 3km. de la ruta 20. 11 de Octubre de 2022 CHASCOM\u00daS -\u00a0 Durante la jornada, aproximadamente a las 16:00 hs. y a ra\u00edz de un llamado al 911, la polic\u00eda se constituy\u00f3 en el cruce entre la\u2026","rel":"","context":"En \u00abDESTACADAS\u00bb","block_context":{"text":"DESTACADAS","link":"https:\/\/larevistadigital.com.ar\/blog\/category\/destacadas\/"},"img":{"alt_text":"","src":"https:\/\/i0.wp.com\/larevistadigital.com.ar\/blog\/wp-content\/uploads\/tren-a-mdq.png?fit=842%2C417&ssl=1&resize=350%2C200","width":350,"height":200,"srcset":"https:\/\/i0.wp.com\/larevistadigital.com.ar\/blog\/wp-content\/uploads\/tren-a-mdq.png?fit=842%2C417&ssl=1&resize=350%2C200 1x, https:\/\/i0.wp.com\/larevistadigital.com.ar\/blog\/wp-content\/uploads\/tren-a-mdq.png?fit=842%2C417&ssl=1&resize=525%2C300 1.5x, https:\/\/i0.wp.com\/larevistadigital.com.ar\/blog\/wp-content\/uploads\/tren-a-mdq.png?fit=842%2C417&ssl=1&resize=700%2C400 2x"},"classes":[]},{"id":4717,"url":"https:\/\/larevistadigital.com.ar\/blog\/chascomus-policia-se-quito-la-vida-arma-reglamentaria\/","url_meta":{"origin":8827,"position":3},"title":"CHASCOM\u00daS: POLIC\u00cdA SE QUIT\u00d3 LA VIDA CON SU ARMA REGLAMENTARIA","author":"Alejandro Sosa Ruda","date":"3 febrero, 2018","format":false,"excerpt":"Gran consternaci\u00f3n provoc\u00f3 la infausta noticia que un oficial de polic\u00eda que prestaba servicios en la Jefatura Distrital de Chascom\u00fas, tom\u00f3 la tr\u00e1gica decisi\u00f3n de quitarse la vida en la jornada de ayer. El occiso ten\u00eda la edad de 47 a\u00f1os, y se llamaba Marcelo Sa\u00fal Amado y era oriundo\u2026","rel":"","context":"En \u00abDESTACADAS\u00bb","block_context":{"text":"DESTACADAS","link":"https:\/\/larevistadigital.com.ar\/blog\/category\/destacadas\/"},"img":{"alt_text":"","src":"https:\/\/i0.wp.com\/larevistadigital.com.ar\/blog\/wp-content\/uploads\/2018\/02\/Policia-Luto-x-R.J.Azor_.jpg?fit=1200%2C801&ssl=1&resize=350%2C200","width":350,"height":200,"srcset":"https:\/\/i0.wp.com\/larevistadigital.com.ar\/blog\/wp-content\/uploads\/2018\/02\/Policia-Luto-x-R.J.Azor_.jpg?fit=1200%2C801&ssl=1&resize=350%2C200 1x, https:\/\/i0.wp.com\/larevistadigital.com.ar\/blog\/wp-content\/uploads\/2018\/02\/Policia-Luto-x-R.J.Azor_.jpg?fit=1200%2C801&ssl=1&resize=525%2C300 1.5x, https:\/\/i0.wp.com\/larevistadigital.com.ar\/blog\/wp-content\/uploads\/2018\/02\/Policia-Luto-x-R.J.Azor_.jpg?fit=1200%2C801&ssl=1&resize=700%2C400 2x, https:\/\/i0.wp.com\/larevistadigital.com.ar\/blog\/wp-content\/uploads\/2018\/02\/Policia-Luto-x-R.J.Azor_.jpg?fit=1200%2C801&ssl=1&resize=1050%2C600 3x"},"classes":[]},{"id":15656,"url":"https:\/\/larevistadigital.com.ar\/blog\/triste-decision-de-un-vecino-de-quitarse-la-vida\/","url_meta":{"origin":8827,"position":4},"title":"TRISTE DECISI\u00d3N DE UN VECINO DE QUITARSE LA VIDA","author":"Alejandro Sosa Ruda","date":"16 junio, 2020","format":false,"excerpt":"Durante la jornada de ayer y ante un llamado al 911, la polic\u00eda se hizo presente en las calles San Cayetano y Alfonsina Storni del barrio San Cayetano donde una persona se hab\u00eda quitado la vida. Se trataba de un hombre, de 47 a\u00f1os de edad, llamado Ul\u00edses Sergio Diaz,\u2026","rel":"","context":"En \u00abCHASCOM\u00daS\u00bb","block_context":{"text":"CHASCOM\u00daS","link":"https:\/\/larevistadigital.com.ar\/blog\/category\/chascomus\/"},"img":{"alt_text":"","src":"https:\/\/i0.wp.com\/larevistadigital.com.ar\/blog\/wp-content\/uploads\/2019\/01\/CRESP%C3%93N-NEGRO.jpg?fit=900%2C900&ssl=1&resize=350%2C200","width":350,"height":200,"srcset":"https:\/\/i0.wp.com\/larevistadigital.com.ar\/blog\/wp-content\/uploads\/2019\/01\/CRESP%C3%93N-NEGRO.jpg?fit=900%2C900&ssl=1&resize=350%2C200 1x, https:\/\/i0.wp.com\/larevistadigital.com.ar\/blog\/wp-content\/uploads\/2019\/01\/CRESP%C3%93N-NEGRO.jpg?fit=900%2C900&ssl=1&resize=525%2C300 1.5x, https:\/\/i0.wp.com\/larevistadigital.com.ar\/blog\/wp-content\/uploads\/2019\/01\/CRESP%C3%93N-NEGRO.jpg?fit=900%2C900&ssl=1&resize=700%2C400 2x"},"classes":[]},{"id":3275,"url":"https:\/\/larevistadigital.com.ar\/blog\/ranchos-una-mujer-fue-encontrada-sin-vida-en-su-domicilio\/","url_meta":{"origin":8827,"position":5},"title":"RANCHOS: UNA MUJER FUE ENCONTRADA SIN VIDA EN SU DOMICILIO","author":"Alejandro Sosa Ruda","date":"8 septiembre, 2017","format":false,"excerpt":"La polic\u00eda de Ranchos, tom\u00f3 conocimiento que la se\u00f1ora Ana Mar\u00eda Peralta de 55 a\u00f1os de edad tom\u00f3 la tr\u00e1gica decisi\u00f3n de quitarse la vida, por motivos que se est\u00e1n estableciendo. El hecho sucedi\u00f3 en el domicilio particular de la occisa, ubicado en la avenida Ferrante n\u00famero 4422, en donde\u2026","rel":"","context":"En \u00abPOLICIALES\u00bb","block_context":{"text":"POLICIALES","link":"https:\/\/larevistadigital.com.ar\/blog\/category\/policiales\/"},"img":{"alt_text":"","src":"https:\/\/i0.wp.com\/larevistadigital.com.ar\/blog\/wp-content\/uploads\/2017\/09\/680261_201604292344310000002.jpg?fit=970%2C646&ssl=1&resize=350%2C200","width":350,"height":200,"srcset":"https:\/\/i0.wp.com\/larevistadigital.com.ar\/blog\/wp-content\/uploads\/2017\/09\/680261_201604292344310000002.jpg?fit=970%2C646&ssl=1&resize=350%2C200 1x, https:\/\/i0.wp.com\/larevistadigital.com.ar\/blog\/wp-content\/uploads\/2017\/09\/680261_201604292344310000002.jpg?fit=970%2C646&ssl=1&resize=525%2C300 1.5x, https:\/\/i0.wp.com\/larevistadigital.com.ar\/blog\/wp-content\/uploads\/2017\/09\/680261_201604292344310000002.jpg?fit=970%2C646&ssl=1&resize=700%2C400 2x"},"classes":[]}],"_links":{"self":[{"href":"https:\/\/larevistadigital.com.ar\/blog\/wp-json\/wp\/v2\/posts\/8827","targetHints":{"allow":["GET"]}}],"collection":[{"href":"https:\/\/larevistadigital.com.ar\/blog\/wp-json\/wp\/v2\/posts"}],"about":[{"href":"https:\/\/larevistadigital.com.ar\/blog\/wp-json\/wp\/v2\/types\/post"}],"author":[{"embeddable":true,"href":"https:\/\/larevistadigital.com.ar\/blog\/wp-json\/wp\/v2\/users\/3"}],"replies":[{"embeddable":true,"href":"https:\/\/larevistadigital.com.ar\/blog\/wp-json\/wp\/v2\/comments?post=8827"}],"version-history":[{"count":1,"href":"https:\/\/larevistadigital.com.ar\/blog\/wp-json\/wp\/v2\/posts\/8827\/revisions"}],"predecessor-version":[{"id":8829,"href":"https:\/\/larevistadigital.com.ar\/blog\/wp-json\/wp\/v2\/posts\/8827\/revisions\/8829"}],"wp:featuredmedia":[{"embeddable":true,"href":"https:\/\/larevistadigital.com.ar\/blog\/wp-json\/wp\/v2\/media\/8828"}],"wp:attachment":[{"href":"https:\/\/larevistadigital.com.ar\/blog\/wp-json\/wp\/v2\/media?parent=8827"}],"wp:term":[{"taxonomy":"category","embeddable":true,"href":"https:\/\/larevistadigital.com.ar\/blog\/wp-json\/wp\/v2\/categories?post=8827"},{"taxonomy":"post_tag","embeddable":true,"href":"https:\/\/larevistadigital.com.ar\/blog\/wp-json\/wp\/v2\/tags?post=8827"}],"curies":[{"name":"wp","href":"https:\/\/api.w.org\/{rel}","templated":true}]}}