{"id":8833,"date":"2019-03-03T03:32:47","date_gmt":"2019-03-03T03:32:47","guid":{"rendered":"https:\/\/larevistadigital.com.ar\/blog\/?p=8833"},"modified":"2019-03-03T03:32:47","modified_gmt":"2019-03-03T03:32:47","slug":"chascomus-mesa-distrital-educacion","status":"publish","type":"post","link":"https:\/\/larevistadigital.com.ar\/blog\/chascomus-mesa-distrital-educacion\/","title":{"rendered":"CHASCOM\u00daS: MESA DISTRITAL EDUCACI\u00d3N"},"content":{"rendered":"<p><strong>El viernes pasado se realiz\u00f3 la Mesa Distrital Educaci\u00f3n de Chascom\u00fas .<\/strong><br \/>\n<strong>Contamos con la presencia de autoridades educativas jefe Regional jefa Distrital,Directivos,Consejeros escolares,Concejales y p\u00fablico en gral.<\/strong><br \/>\n<strong>Dialogamos de lo que se realiz\u00f3 y se va a realizar en las diferentes escuelas ,y las propuestas desde la DGCyE.<\/strong><br \/>\n<strong>La finalidad intercambiar conceptos para construir una mejor calidad educativa .<\/strong><\/p>\n","protected":false},"excerpt":{"rendered":"<div class=\"mh-excerpt\"><p>El viernes pasado se realiz\u00f3 la Mesa Distrital Educaci\u00f3n de Chascom\u00fas . Contamos con la presencia de autoridades educativas jefe Regional jefa Distrital,Directivos,Consejeros escolares,Concejales y p\u00fablico en gral. Dialogamos de lo que se realiz\u00f3 y <a class=\"mh-excerpt-more\" href=\"https:\/\/larevistadigital.com.ar\/blog\/chascomus-mesa-distrital-educacion\/\" title=\"CHASCOM\u00daS: MESA DISTRITAL EDUCACI\u00d3N\">[Leer M\u00e1s]<\/a><\/p>\n<\/div>","protected":false},"author":3,"featured_media":8834,"comment_status":"open","ping_status":"open","sticky":false,"template":"","format":"standard","meta":{"_jetpack_memberships_contains_paid_content":false,"footnotes":"","jetpack_publicize_message":"","jetpack_publicize_feature_enabled":true,"jetpack_social_post_already_shared":true,"jetpack_social_options":{"image_generator_settings":{"template":"highway","default_image_id":0,"font":"","enabled":false},"version":2}},"categories":[6,12],"tags":[],"class_list":{"0":"post-8833","1":"post","2":"type-post","3":"status-publish","4":"format-standard","5":"has-post-thumbnail","7":"category-chascomus","8":"category-politica"},"jetpack_publicize_connections":[],"jetpack_featured_media_url":"https:\/\/i0.wp.com\/larevistadigital.com.ar\/blog\/wp-content\/uploads\/2019\/03\/53155823_396844564486004_6567263741593780224_n.jpg?fit=960%2C720&ssl=1","jetpack_sharing_enabled":true,"jetpack_shortlink":"https:\/\/wp.me\/p8qtrQ-2it","jetpack-related-posts":[{"id":42103,"url":"https:\/\/larevistadigital.com.ar\/blog\/chascomus-la-empresa-atalaya-dialogo-con-estudiantes-secundarios-sobre-los-primeros-pasos-laborales\/","url_meta":{"origin":8833,"position":0},"title":"Chascom\u00fas: La empresa Atalaya dialog\u00f3 con estudiantes secundarios sobre los primeros pasos laborales","author":"Alejandro Sosa Ruda","date":"20 octubre, 2025","format":false,"excerpt":"A trav\u00e9s del programa Coordenadas, desde la Municipalidad se acompa\u00f1a a los j\u00f3venes con valiosas herramientas para que puedan insertarse en el mundo laboral. 20 de Octubre de 2025 CHASCOM\u00daS -\u00a0 \u00a0El \u00faltimo viernes, en el marco del programa \"Coordenadas\", estudiantes de sexto a\u00f1o de escuelas secundarias de la ciudad,\u2026","rel":"","context":"En \u00abCHASCOM\u00daS\u00bb","block_context":{"text":"CHASCOM\u00daS","link":"https:\/\/larevistadigital.com.ar\/blog\/category\/chascomus\/"},"img":{"alt_text":"","src":"https:\/\/i0.wp.com\/larevistadigital.com.ar\/blog\/wp-content\/uploads\/68f684e9949af.png?fit=668%2C445&ssl=1&resize=350%2C200","width":350,"height":200,"srcset":"https:\/\/i0.wp.com\/larevistadigital.com.ar\/blog\/wp-content\/uploads\/68f684e9949af.png?fit=668%2C445&ssl=1&resize=350%2C200 1x, https:\/\/i0.wp.com\/larevistadigital.com.ar\/blog\/wp-content\/uploads\/68f684e9949af.png?fit=668%2C445&ssl=1&resize=525%2C300 1.5x"},"classes":[]},{"id":41161,"url":"https:\/\/larevistadigital.com.ar\/blog\/chascomus-fue-sede-de-la-primera-jornada-distrital-del-dia-de-la-educacion-artistica\/","url_meta":{"origin":8833,"position":1},"title":"Chascom\u00fas fue sede de la primera jornada distrital del D\u00eda de la Educaci\u00f3n Art\u00edstica","author":"Alejandro Sosa Ruda","date":"30 agosto, 2025","format":false,"excerpt":"Instituciones locales y regionales participar\u00e1n con talleres, muestras y conciertos. 30 de agosto de 2025 CHASCOM\u00daS -\u00a0 \u00a0En la plaza Independencia se llev\u00f3 a cabo este jueves la primera jornada distrital de celebraci\u00f3n del D\u00eda de la Educaci\u00f3n Art\u00edstica, con la presencia de autoridades municipales y educativas, y la participaci\u00f3n\u2026","rel":"","context":"En \u00abCHASCOM\u00daS\u00bb","block_context":{"text":"CHASCOM\u00daS","link":"https:\/\/larevistadigital.com.ar\/blog\/category\/chascomus\/"},"img":{"alt_text":"","src":"https:\/\/i0.wp.com\/larevistadigital.com.ar\/blog\/wp-content\/uploads\/68b1d9688ad65.png?fit=668%2C445&ssl=1&resize=350%2C200","width":350,"height":200,"srcset":"https:\/\/i0.wp.com\/larevistadigital.com.ar\/blog\/wp-content\/uploads\/68b1d9688ad65.png?fit=668%2C445&ssl=1&resize=350%2C200 1x, https:\/\/i0.wp.com\/larevistadigital.com.ar\/blog\/wp-content\/uploads\/68b1d9688ad65.png?fit=668%2C445&ssl=1&resize=525%2C300 1.5x"},"classes":[]},{"id":9446,"url":"https:\/\/larevistadigital.com.ar\/blog\/lezama-educacion-con-presencia-de-autoridades-provinciales-se-reunio-la-mesa-distrital\/","url_meta":{"origin":8833,"position":2},"title":"LEZAMA EDUCACI\u00d3N: CON PRESENCIA DE AUTORIDADES PROVINCIALES SE REUNI\u00d3 LA MESA DISTRITAL","author":"Alejandro Sosa Ruda","date":"29 marzo, 2019","format":false,"excerpt":"La Directora Provincial de Educaci\u00f3n F\u00edsica Valeria Perezz\u00f3n visit\u00f3 ayer nuestra ciudad, recorri\u00f3 la obra del Polideportivo local y coordin\u00f3 un encuentro de la Mesa Distrital de Educaci\u00f3n del que particip\u00f3 el Intendente Arnaldo Harispe y referentes locales del \u00e1rea. La titular del organismo, dependiente de la Direcci\u00f3n General de\u2026","rel":"","context":"En \u00abLEZAMA\u00bb","block_context":{"text":"LEZAMA","link":"https:\/\/larevistadigital.com.ar\/blog\/category\/lezama\/"},"img":{"alt_text":"","src":"https:\/\/i0.wp.com\/larevistadigital.com.ar\/blog\/wp-content\/uploads\/2019\/03\/55618327_1429306063928757_2077063106516746240_o.jpg?fit=1200%2C802&ssl=1&resize=350%2C200","width":350,"height":200,"srcset":"https:\/\/i0.wp.com\/larevistadigital.com.ar\/blog\/wp-content\/uploads\/2019\/03\/55618327_1429306063928757_2077063106516746240_o.jpg?fit=1200%2C802&ssl=1&resize=350%2C200 1x, https:\/\/i0.wp.com\/larevistadigital.com.ar\/blog\/wp-content\/uploads\/2019\/03\/55618327_1429306063928757_2077063106516746240_o.jpg?fit=1200%2C802&ssl=1&resize=525%2C300 1.5x, https:\/\/i0.wp.com\/larevistadigital.com.ar\/blog\/wp-content\/uploads\/2019\/03\/55618327_1429306063928757_2077063106516746240_o.jpg?fit=1200%2C802&ssl=1&resize=700%2C400 2x, https:\/\/i0.wp.com\/larevistadigital.com.ar\/blog\/wp-content\/uploads\/2019\/03\/55618327_1429306063928757_2077063106516746240_o.jpg?fit=1200%2C802&ssl=1&resize=1050%2C600 3x"},"classes":[]},{"id":36541,"url":"https:\/\/larevistadigital.com.ar\/blog\/mas-de-60-proyectos-se-presentaron-en-la-feria-de-educacion-artes-ciencias-y-tecnologia\/","url_meta":{"origin":8833,"position":3},"title":"M\u00c1S DE 60 PROYECTOS SE PRESENTARON EN LA FERIA DE EDUCACI\u00d3N, ARTES, CIENCIAS Y TECNOLOG\u00cdA","author":"Alejandro Sosa Ruda","date":"2 julio, 2024","format":false,"excerpt":"El intendente Javier Gast\u00f3n y el subsecretario de Infancias y Juventudes, Lucio Alfons\u00edn, acompa\u00f1aron a las y los estudiantes durante la etapa distrital. 02 de Julio de 2024 CHASCOM\u00daS -\u00a0 Esta propuesta educativa, que depende de la Direcci\u00f3n de Pol\u00edticas Socio Educativas provincial, convoca a alumnos y alumnas de todos\u2026","rel":"","context":"En \u00abCHASCOM\u00daS\u00bb","block_context":{"text":"CHASCOM\u00daS","link":"https:\/\/larevistadigital.com.ar\/blog\/category\/chascomus\/"},"img":{"alt_text":"","src":"https:\/\/i0.wp.com\/larevistadigital.com.ar\/blog\/wp-content\/uploads\/2024_07_03_01_00_20_486387.jpg?fit=600%2C400&ssl=1&resize=350%2C200","width":350,"height":200,"srcset":"https:\/\/i0.wp.com\/larevistadigital.com.ar\/blog\/wp-content\/uploads\/2024_07_03_01_00_20_486387.jpg?fit=600%2C400&ssl=1&resize=350%2C200 1x, https:\/\/i0.wp.com\/larevistadigital.com.ar\/blog\/wp-content\/uploads\/2024_07_03_01_00_20_486387.jpg?fit=600%2C400&ssl=1&resize=525%2C300 1.5x"},"classes":[]},{"id":42268,"url":"https:\/\/larevistadigital.com.ar\/blog\/chascomus-formacion-para-el-mundo-del-trabajo-en-la-escuela-nuestra-senora-de-lujan\/","url_meta":{"origin":8833,"position":4},"title":"Chascom\u00fas: Formaci\u00f3n para el mundo del trabajo en la Escuela Nuestra Se\u00f1ora de Luj\u00e1n","author":"Alejandro Sosa Ruda","date":"29 octubre, 2025","format":false,"excerpt":"Este espacio busca brindar a los estudiantes de 5\u00b0 a\u00f1o herramientas clave para su futura inserci\u00f3n laboral. 29 de Octubre de 2025 CHASCOM\u00daS -\u00a0 \u00a0El \u00faltimo martes, en la Escuela Secundaria Nuestra Se\u00f1ora de Luj\u00e1n, la Municipalidad de Chascom\u00fas ofreci\u00f3 un nuevo encuentro del ciclo \u201cHerramientas y habilidades para el\u2026","rel":"","context":"En \u00abCHASCOM\u00daS\u00bb","block_context":{"text":"CHASCOM\u00daS","link":"https:\/\/larevistadigital.com.ar\/blog\/category\/chascomus\/"},"img":{"alt_text":"","src":"https:\/\/i0.wp.com\/larevistadigital.com.ar\/blog\/wp-content\/uploads\/69025525809f1.png?fit=668%2C445&ssl=1&resize=350%2C200","width":350,"height":200,"srcset":"https:\/\/i0.wp.com\/larevistadigital.com.ar\/blog\/wp-content\/uploads\/69025525809f1.png?fit=668%2C445&ssl=1&resize=350%2C200 1x, https:\/\/i0.wp.com\/larevistadigital.com.ar\/blog\/wp-content\/uploads\/69025525809f1.png?fit=668%2C445&ssl=1&resize=525%2C300 1.5x"},"classes":[]},{"id":42010,"url":"https:\/\/larevistadigital.com.ar\/blog\/chascomus-nueva-capacitacion-para-el-mundo-del-trabajo-en-la-escuela-n-9\/","url_meta":{"origin":8833,"position":5},"title":"Chascom\u00fas:  Nueva capacitaci\u00f3n para el mundo del trabajo en la Escuela N\u00b0 9","author":"Alejandro Sosa Ruda","date":"16 octubre, 2025","format":false,"excerpt":"Ofrece a los estudiantes de quinto a\u00f1o herramientas y habilidades claves para su futura inserci\u00f3n laboral. 16 de Octubre de 2025 CHASCOM\u00daS -\u00a0 \u00a0La Municipalidad de Chascom\u00fas ofreci\u00f3 en la Escuela de Educaci\u00f3n Secundaria N 9, ubicada en el barrio El Porte\u00f1o, un nuevo encuentro del ciclo \u201cHerramientas y Habilidades\u2026","rel":"","context":"En \u00abCHASCOM\u00daS\u00bb","block_context":{"text":"CHASCOM\u00daS","link":"https:\/\/larevistadigital.com.ar\/blog\/category\/chascomus\/"},"img":{"alt_text":"","src":"https:\/\/i0.wp.com\/larevistadigital.com.ar\/blog\/wp-content\/uploads\/68f12867797ed.png?fit=668%2C445&ssl=1&resize=350%2C200","width":350,"height":200,"srcset":"https:\/\/i0.wp.com\/larevistadigital.com.ar\/blog\/wp-content\/uploads\/68f12867797ed.png?fit=668%2C445&ssl=1&resize=350%2C200 1x, https:\/\/i0.wp.com\/larevistadigital.com.ar\/blog\/wp-content\/uploads\/68f12867797ed.png?fit=668%2C445&ssl=1&resize=525%2C300 1.5x"},"classes":[]}],"_links":{"self":[{"href":"https:\/\/larevistadigital.com.ar\/blog\/wp-json\/wp\/v2\/posts\/8833","targetHints":{"allow":["GET"]}}],"collection":[{"href":"https:\/\/larevistadigital.com.ar\/blog\/wp-json\/wp\/v2\/posts"}],"about":[{"href":"https:\/\/larevistadigital.com.ar\/blog\/wp-json\/wp\/v2\/types\/post"}],"author":[{"embeddable":true,"href":"https:\/\/larevistadigital.com.ar\/blog\/wp-json\/wp\/v2\/users\/3"}],"replies":[{"embeddable":true,"href":"https:\/\/larevistadigital.com.ar\/blog\/wp-json\/wp\/v2\/comments?post=8833"}],"version-history":[{"count":1,"href":"https:\/\/larevistadigital.com.ar\/blog\/wp-json\/wp\/v2\/posts\/8833\/revisions"}],"predecessor-version":[{"id":8835,"href":"https:\/\/larevistadigital.com.ar\/blog\/wp-json\/wp\/v2\/posts\/8833\/revisions\/8835"}],"wp:featuredmedia":[{"embeddable":true,"href":"https:\/\/larevistadigital.com.ar\/blog\/wp-json\/wp\/v2\/media\/8834"}],"wp:attachment":[{"href":"https:\/\/larevistadigital.com.ar\/blog\/wp-json\/wp\/v2\/media?parent=8833"}],"wp:term":[{"taxonomy":"category","embeddable":true,"href":"https:\/\/larevistadigital.com.ar\/blog\/wp-json\/wp\/v2\/categories?post=8833"},{"taxonomy":"post_tag","embeddable":true,"href":"https:\/\/larevistadigital.com.ar\/blog\/wp-json\/wp\/v2\/tags?post=8833"}],"curies":[{"name":"wp","href":"https:\/\/api.w.org\/{rel}","templated":true}]}}