{"id":8946,"date":"2019-03-09T19:25:46","date_gmt":"2019-03-09T19:25:46","guid":{"rendered":"https:\/\/larevistadigital.com.ar\/blog\/?p=8946"},"modified":"2019-03-09T19:25:46","modified_gmt":"2019-03-09T19:25:46","slug":"una-peligrosa-arana-podria-tener-la-solucion-a-la-disfuncion-erectil","status":"publish","type":"post","link":"https:\/\/larevistadigital.com.ar\/blog\/una-peligrosa-arana-podria-tener-la-solucion-a-la-disfuncion-erectil\/","title":{"rendered":"UNA PELIGROSA ARA\u00d1A PODR\u00cdA TENER LA SOLUCI\u00d3N A LA DISFUNCI\u00d3N ERECTIL"},"content":{"rendered":"<p>En las selvas brasile\u00f1as se esconde una ara\u00f1a cuya peligrosa\u00a0picadura\u00a0ofrece un curioso efecto secundario: induce a los sujetos masculinos a presentar erecciones de largu\u00edsima duraci\u00f3n.<\/p>\n<div id=\"eplAdDivInLineROS\">\n<p>Tal caracter\u00edstica la puso en la mira de la investigaci\u00f3n cient\u00edfica y ahora\u00a0un estudio publicado en el\u00a0<strong>Journal\u00a0of Sexual Medicine<\/strong> describe c\u00f3mo el ingrediente activo del veneno logr\u00f3 sintetizarse para luego ser\u00a0testeado\u00a0en animales de laboratorio con el objetivo de buscar un tratamiento para la disfunci\u00f3n er\u00e9ctil.<\/p>\n<blockquote>\n<h3>As\u00ed, se pudo determinar que\u00a0la sustancia provoc\u00f3 erecciones en los sujetos de estudio sin presentar ning\u00fan efecto secundario.\u00a0El veneno induce la relajaci\u00f3n de los tejidos esponjosos de los \u00f3rganos sexuales, derivando en un aumento del flujo sangu\u00edneo.<\/h3>\n<\/blockquote>\n<p>La nueva droga sint\u00e9tica\u00a0puede administrarse tanto mediante inyecciones como en un gel t\u00f3pico, aunque \u00e9ste tiene baja permeabilidad: s\u00f3lo el 10% traspasa la piel.<\/p>\n<p>El compuesto, adem\u00e1s, demostr\u00f3 ser seguro en casos de hipertensi\u00f3n o diabetes en ratones de laboratorio, mientras que\u00a0la versi\u00f3n en gel ya fue\u00a0testeada\u00a0exitosamente en pacientes humanos.<\/p>\n<h1 class=\"title speakable\">Un peligro natural<\/h1>\n<p>La picadura del ar\u00e1cnido, cuyo nombre cient\u00edfico es Phoneutria nigriventer aunque se la conoce com\u00fanmente como <em><strong>\u00abara\u00f1a bananera\u00bb<\/strong><\/em>, contiene un neurot\u00f3xico que causa p\u00e9rdida de control muscular y en casos extremos -usualmente en ni\u00f1os- puede necesitar la administraci\u00f3n de ant\u00eddoto. La erecci\u00f3n causada por el veneno es muy dolorosa, puede durar horas e incluso provocar impotencia.<\/p>\n<p>Estas ara\u00f1as, que no s\u00f3lo pueden hallarse en Brasil sino tambi\u00e9n en Paraguay, Uruguay y Argentina,\u00a0se alimentan de insectos, ranas y lagartijas.<\/p>\n<\/div>\n","protected":false},"excerpt":{"rendered":"<div class=\"mh-excerpt\"><p>En las selvas brasile\u00f1as se esconde una ara\u00f1a cuya peligrosa\u00a0picadura\u00a0ofrece un curioso efecto secundario: induce a los sujetos masculinos a presentar erecciones de largu\u00edsima duraci\u00f3n. Tal caracter\u00edstica la puso en la mira de la investigaci\u00f3n <a class=\"mh-excerpt-more\" href=\"https:\/\/larevistadigital.com.ar\/blog\/una-peligrosa-arana-podria-tener-la-solucion-a-la-disfuncion-erectil\/\" title=\"UNA PELIGROSA ARA\u00d1A PODR\u00cdA TENER LA SOLUCI\u00d3N A LA DISFUNCI\u00d3N ERECTIL\">[Leer M\u00e1s]<\/a><\/p>\n<\/div>","protected":false},"author":3,"featured_media":8947,"comment_status":"open","ping_status":"open","sticky":false,"template":"","format":"standard","meta":{"_jetpack_memberships_contains_paid_content":false,"footnotes":"","jetpack_publicize_message":"","jetpack_publicize_feature_enabled":true,"jetpack_social_post_already_shared":true,"jetpack_social_options":{"image_generator_settings":{"template":"highway","default_image_id":0,"font":"","enabled":false},"version":2}},"categories":[11,12],"tags":[],"class_list":{"0":"post-8946","1":"post","2":"type-post","3":"status-publish","4":"format-standard","5":"has-post-thumbnail","7":"category-curiosas","8":"category-politica"},"jetpack_publicize_connections":[],"jetpack_featured_media_url":"https:\/\/i0.wp.com\/larevistadigital.com.ar\/blog\/wp-content\/uploads\/2019\/03\/araxa-bananera.jpg_249355593.jpg?fit=619%2C383&ssl=1","jetpack_sharing_enabled":true,"jetpack_shortlink":"https:\/\/wp.me\/p8qtrQ-2ki","jetpack-related-posts":[{"id":28528,"url":"https:\/\/larevistadigital.com.ar\/blog\/la-peligrosa-arana-que-puede-estar-en-cualquier-casa-se-cobro-otra-victima-ahora-una-beba-de-18-meses-en-junin\/","url_meta":{"origin":8946,"position":0},"title":"LA PELIGROSA ARA\u00d1A QUE PUEDE ESTAR EN CUALQUIER CASA, SE COBR\u00d3 OTRA V\u00cdCTIMA: AHORA UNA BEBA DE 18 MESES EN JUNIN","author":"Alejandro Sosa Ruda","date":"19 octubre, 2022","format":false,"excerpt":"Una beb\u00e9 de un a\u00f1o y medio falleci\u00f3 tras ser picada por una ara\u00f1a loxoceles, conocida como \"ara\u00f1a del rinc\u00f3n\". C\u00f3mo distinguir la picadura de este ar\u00e1cnido. Hace un mes un hombre de 52 a\u00f1os muri\u00f3 por una picadura en Benavidez 19 de octubre de 2022 JUNIN -\u00a0 Seg\u00fan detall\u00f3\u2026","rel":"","context":"En \u00abINTERES GENERAL\u00bb","block_context":{"text":"INTERES GENERAL","link":"https:\/\/larevistadigital.com.ar\/blog\/category\/interes-general\/"},"img":{"alt_text":"","src":"https:\/\/i0.wp.com\/larevistadigital.com.ar\/blog\/wp-content\/uploads\/Loxosceles-laeta1.jpg?fit=1154%2C841&ssl=1&resize=350%2C200","width":350,"height":200,"srcset":"https:\/\/i0.wp.com\/larevistadigital.com.ar\/blog\/wp-content\/uploads\/Loxosceles-laeta1.jpg?fit=1154%2C841&ssl=1&resize=350%2C200 1x, https:\/\/i0.wp.com\/larevistadigital.com.ar\/blog\/wp-content\/uploads\/Loxosceles-laeta1.jpg?fit=1154%2C841&ssl=1&resize=525%2C300 1.5x, https:\/\/i0.wp.com\/larevistadigital.com.ar\/blog\/wp-content\/uploads\/Loxosceles-laeta1.jpg?fit=1154%2C841&ssl=1&resize=700%2C400 2x, https:\/\/i0.wp.com\/larevistadigital.com.ar\/blog\/wp-content\/uploads\/Loxosceles-laeta1.jpg?fit=1154%2C841&ssl=1&resize=1050%2C600 3x"},"classes":[]},{"id":20304,"url":"https:\/\/larevistadigital.com.ar\/blog\/aranas-gigantes-aterran-a-una-zona-de-mar-del-plata\/","url_meta":{"origin":8946,"position":1},"title":"ARA\u00d1AS GIGANTES ATERRAN A UNA ZONA DE MAR DEL PLATA","author":"Alejandro Sosa Ruda","date":"17 mayo, 2021","format":false,"excerpt":"El ejemplar fue capturado por empleados de una feria de consumo, pero ahora temen que haya m\u00e1s en la ciudad. MAR DEL PLATA - Una gigantesca ara\u00f1a llamada \u201cbananera\u201d, detectada por empleados de una feria de compras del barrio marplatense de Bosque Grande, aterroriza a la ciudad y no solo\u2026","rel":"","context":"En \u00abREGIONALES\u00bb","block_context":{"text":"REGIONALES","link":"https:\/\/larevistadigital.com.ar\/blog\/category\/regionales\/"},"img":{"alt_text":"","src":"https:\/\/i0.wp.com\/larevistadigital.com.ar\/blog\/wp-content\/uploads\/57320f9456ff01ab7bf6a04d439c88d0f0d5d00d.jpeg?fit=1140%2C854&ssl=1&resize=350%2C200","width":350,"height":200,"srcset":"https:\/\/i0.wp.com\/larevistadigital.com.ar\/blog\/wp-content\/uploads\/57320f9456ff01ab7bf6a04d439c88d0f0d5d00d.jpeg?fit=1140%2C854&ssl=1&resize=350%2C200 1x, https:\/\/i0.wp.com\/larevistadigital.com.ar\/blog\/wp-content\/uploads\/57320f9456ff01ab7bf6a04d439c88d0f0d5d00d.jpeg?fit=1140%2C854&ssl=1&resize=525%2C300 1.5x, https:\/\/i0.wp.com\/larevistadigital.com.ar\/blog\/wp-content\/uploads\/57320f9456ff01ab7bf6a04d439c88d0f0d5d00d.jpeg?fit=1140%2C854&ssl=1&resize=700%2C400 2x, https:\/\/i0.wp.com\/larevistadigital.com.ar\/blog\/wp-content\/uploads\/57320f9456ff01ab7bf6a04d439c88d0f0d5d00d.jpeg?fit=1140%2C854&ssl=1&resize=1050%2C600 3x"},"classes":[]},{"id":9288,"url":"https:\/\/larevistadigital.com.ar\/blog\/aca-te-mostramos-la-galeria-de-aranas-mas-terribles-del-planeta\/","url_meta":{"origin":8946,"position":2},"title":"AC\u00c1 TE MOSTRAMOS LA GALER\u00cdA DE ARA\u00d1AS MAS TERRIBLES DEL PLANETA","author":"Alejandro Sosa Ruda","date":"24 marzo, 2019","format":false,"excerpt":"Pr\u00e1cticamente todas las ARA\u00d1AS son carn\u00edvoras\u00a0(se alimentan de grillos, cucarachas, moscas, p\u00e1jaros y vertebrados peque\u00f1os...), pero existen algunas -muy pocas, eso s\u00ed- especies herb\u00edvoras (como la saltarina\u00a0Bagheera kiplingi,\u00a0una ara\u00f1a de Centroam\u00e9rica que solo come plantas). Los cient\u00edficos est\u00e1n convencidos de que a\u00fan quedan especies asombrosas por descubrir. Por el momento,\u00a0se\u2026","rel":"","context":"En \u00abCURIOSAS\u00bb","block_context":{"text":"CURIOSAS","link":"https:\/\/larevistadigital.com.ar\/blog\/category\/curiosas\/"},"img":{"alt_text":"","src":"https:\/\/i0.wp.com\/larevistadigital.com.ar\/blog\/wp-content\/uploads\/2019\/03\/aranas-deinopis.jpg?fit=1140%2C855&ssl=1&resize=350%2C200","width":350,"height":200,"srcset":"https:\/\/i0.wp.com\/larevistadigital.com.ar\/blog\/wp-content\/uploads\/2019\/03\/aranas-deinopis.jpg?fit=1140%2C855&ssl=1&resize=350%2C200 1x, https:\/\/i0.wp.com\/larevistadigital.com.ar\/blog\/wp-content\/uploads\/2019\/03\/aranas-deinopis.jpg?fit=1140%2C855&ssl=1&resize=525%2C300 1.5x, https:\/\/i0.wp.com\/larevistadigital.com.ar\/blog\/wp-content\/uploads\/2019\/03\/aranas-deinopis.jpg?fit=1140%2C855&ssl=1&resize=700%2C400 2x, https:\/\/i0.wp.com\/larevistadigital.com.ar\/blog\/wp-content\/uploads\/2019\/03\/aranas-deinopis.jpg?fit=1140%2C855&ssl=1&resize=1050%2C600 3x"},"classes":[]},{"id":17382,"url":"https:\/\/larevistadigital.com.ar\/blog\/aparecio-una-temible-y-peligrosa-arana-extinta-que-puede-desintegrar-los-organos-de-sus-victimas\/","url_meta":{"origin":8946,"position":3},"title":"APARECI\u00d3 UNA TEMIBLE Y PELIGROSA ARA\u00d1A \u00abEXTINTA\u00bb QUE PUEDE DESINTEGRAR LOS \u00d3RGANOS DE SUS V\u00cdCTIMAS","author":"Alejandro Sosa Ruda","date":"2 noviembre, 2020","format":false,"excerpt":"El hallazgo tuvo lugar en el Reino Unido. Se trata de una especie de artr\u00f3podos que no era vista desde hace m\u00e1s de 25 a\u00f1os. Se trata de una de las ara\u00f1as m\u00e1s grandes del Reino Unido y en mayor peligro de extinci\u00f3n. Fue\u00a0hallada en un pol\u00edgono de entrenamiento militar\u2026","rel":"","context":"En \u00abINTERES GENERAL\u00bb","block_context":{"text":"INTERES GENERAL","link":"https:\/\/larevistadigital.com.ar\/blog\/category\/interes-general\/"},"img":{"alt_text":"","src":"https:\/\/i0.wp.com\/larevistadigital.com.ar\/blog\/wp-content\/uploads\/Screenshot_1-168.jpg?fit=1200%2C669&ssl=1&resize=350%2C200","width":350,"height":200,"srcset":"https:\/\/i0.wp.com\/larevistadigital.com.ar\/blog\/wp-content\/uploads\/Screenshot_1-168.jpg?fit=1200%2C669&ssl=1&resize=350%2C200 1x, https:\/\/i0.wp.com\/larevistadigital.com.ar\/blog\/wp-content\/uploads\/Screenshot_1-168.jpg?fit=1200%2C669&ssl=1&resize=525%2C300 1.5x, https:\/\/i0.wp.com\/larevistadigital.com.ar\/blog\/wp-content\/uploads\/Screenshot_1-168.jpg?fit=1200%2C669&ssl=1&resize=700%2C400 2x, https:\/\/i0.wp.com\/larevistadigital.com.ar\/blog\/wp-content\/uploads\/Screenshot_1-168.jpg?fit=1200%2C669&ssl=1&resize=1050%2C600 3x"},"classes":[]},{"id":3772,"url":"https:\/\/larevistadigital.com.ar\/blog\/alerta-aranas-gran-tamano-berisso\/","url_meta":{"origin":8946,"position":4},"title":"ALERTA POR ARA\u00d1AS DE GRAN TAMA\u00d1O EN BERISSO Y LA ZONA","author":"Alejandro Sosa Ruda","date":"12 noviembre, 2017","format":false,"excerpt":"Ayer, una vecina de Berisso denunci\u00f3 la presencia de una ara\u00f1a de gran tama\u00f1o en su vivienda. Seg\u00fan advirti\u00f3, la misma fue hallada en la habitaci\u00f3n de sus hijos. Al tomar conocimiento del episodio, la Secretar\u00eda de Salud de la Municipalidad de Berisso se puso en contacto con la frentista\u2026","rel":"","context":"En \u00abDESTACADAS\u00bb","block_context":{"text":"DESTACADAS","link":"https:\/\/larevistadigital.com.ar\/blog\/category\/destacadas\/"},"img":{"alt_text":"","src":"https:\/\/i0.wp.com\/larevistadigital.com.ar\/blog\/wp-content\/uploads\/2017\/11\/arana-ecoregistro.jpg?fit=1200%2C675&ssl=1&resize=350%2C200","width":350,"height":200,"srcset":"https:\/\/i0.wp.com\/larevistadigital.com.ar\/blog\/wp-content\/uploads\/2017\/11\/arana-ecoregistro.jpg?fit=1200%2C675&ssl=1&resize=350%2C200 1x, https:\/\/i0.wp.com\/larevistadigital.com.ar\/blog\/wp-content\/uploads\/2017\/11\/arana-ecoregistro.jpg?fit=1200%2C675&ssl=1&resize=525%2C300 1.5x, https:\/\/i0.wp.com\/larevistadigital.com.ar\/blog\/wp-content\/uploads\/2017\/11\/arana-ecoregistro.jpg?fit=1200%2C675&ssl=1&resize=700%2C400 2x, https:\/\/i0.wp.com\/larevistadigital.com.ar\/blog\/wp-content\/uploads\/2017\/11\/arana-ecoregistro.jpg?fit=1200%2C675&ssl=1&resize=1050%2C600 3x"},"classes":[]},{"id":29900,"url":"https:\/\/larevistadigital.com.ar\/blog\/encuentran-un-sorprendente-beneficio-adicional-en-el-viagra\/","url_meta":{"origin":8946,"position":5},"title":"ENCUENTRAN UN SORPRENDENTE BENEFICIO ADICIONAL EN EL VIAGRA","author":"Alejandro Sosa Ruda","date":"23 enero, 2023","format":false,"excerpt":"El f\u00e1rmaco reducir\u00eda las probabilidades de morir por cualquier causa y las probabilidades de tener un evento card\u00edaco, seg\u00fan un reciente estudio. 23 de enero de 2023 Seg\u00fan publica el sitio \"Urgente 24\", recientemente un grupo de cient\u00edficos\u00a0 descubri\u00f3 que los varones que toman Viagra\u00a0para la disfunci\u00f3n er\u00e9ctil podr\u00edan tener\u2026","rel":"","context":"En \u00abINTERES GENERAL\u00bb","block_context":{"text":"INTERES GENERAL","link":"https:\/\/larevistadigital.com.ar\/blog\/category\/interes-general\/"},"img":{"alt_text":"","src":"https:\/\/i0.wp.com\/larevistadigital.com.ar\/blog\/wp-content\/uploads\/VIAGRA.jpg?fit=900%2C684&ssl=1&resize=350%2C200","width":350,"height":200,"srcset":"https:\/\/i0.wp.com\/larevistadigital.com.ar\/blog\/wp-content\/uploads\/VIAGRA.jpg?fit=900%2C684&ssl=1&resize=350%2C200 1x, https:\/\/i0.wp.com\/larevistadigital.com.ar\/blog\/wp-content\/uploads\/VIAGRA.jpg?fit=900%2C684&ssl=1&resize=525%2C300 1.5x, https:\/\/i0.wp.com\/larevistadigital.com.ar\/blog\/wp-content\/uploads\/VIAGRA.jpg?fit=900%2C684&ssl=1&resize=700%2C400 2x"},"classes":[]}],"_links":{"self":[{"href":"https:\/\/larevistadigital.com.ar\/blog\/wp-json\/wp\/v2\/posts\/8946","targetHints":{"allow":["GET"]}}],"collection":[{"href":"https:\/\/larevistadigital.com.ar\/blog\/wp-json\/wp\/v2\/posts"}],"about":[{"href":"https:\/\/larevistadigital.com.ar\/blog\/wp-json\/wp\/v2\/types\/post"}],"author":[{"embeddable":true,"href":"https:\/\/larevistadigital.com.ar\/blog\/wp-json\/wp\/v2\/users\/3"}],"replies":[{"embeddable":true,"href":"https:\/\/larevistadigital.com.ar\/blog\/wp-json\/wp\/v2\/comments?post=8946"}],"version-history":[{"count":2,"href":"https:\/\/larevistadigital.com.ar\/blog\/wp-json\/wp\/v2\/posts\/8946\/revisions"}],"predecessor-version":[{"id":8952,"href":"https:\/\/larevistadigital.com.ar\/blog\/wp-json\/wp\/v2\/posts\/8946\/revisions\/8952"}],"wp:featuredmedia":[{"embeddable":true,"href":"https:\/\/larevistadigital.com.ar\/blog\/wp-json\/wp\/v2\/media\/8947"}],"wp:attachment":[{"href":"https:\/\/larevistadigital.com.ar\/blog\/wp-json\/wp\/v2\/media?parent=8946"}],"wp:term":[{"taxonomy":"category","embeddable":true,"href":"https:\/\/larevistadigital.com.ar\/blog\/wp-json\/wp\/v2\/categories?post=8946"},{"taxonomy":"post_tag","embeddable":true,"href":"https:\/\/larevistadigital.com.ar\/blog\/wp-json\/wp\/v2\/tags?post=8946"}],"curies":[{"name":"wp","href":"https:\/\/api.w.org\/{rel}","templated":true}]}}