{"id":8953,"date":"2019-03-09T19:33:22","date_gmt":"2019-03-09T19:33:22","guid":{"rendered":"https:\/\/larevistadigital.com.ar\/blog\/?p=8953"},"modified":"2019-03-09T19:33:22","modified_gmt":"2019-03-09T19:33:22","slug":"mato-al-marido-a-punaladas-mientras-violaba-a-su-hija","status":"publish","type":"post","link":"https:\/\/larevistadigital.com.ar\/blog\/mato-al-marido-a-punaladas-mientras-violaba-a-su-hija\/","title":{"rendered":"MAT\u00d3 AL MARIDO A PU\u00d1ALADAS MIENTRAS VIOLABA A SU HIJA"},"content":{"rendered":"<p><strong>La se\u00f1ora, harta de los abusos y los malos tratos, asesin\u00f3 al esposo con un elemento de cocina. En el barrio denunciaron que el hombre viv\u00eda acosando a las mujeres del lugar.<\/strong><\/p>\n<p>Un hombre de 46 a\u00f1os fue asesinado a cuchilladas por su propia esposa, que lo sorprendi\u00f3 mientras abusaba sexualmente de su hija menor de edad, en un cruento episodio ocurrido en la localidad bonaerense de Jos\u00e9 C. Paz.<\/p>\n<blockquote>\n<h3>El suceso ocurri\u00f3 en horas de la ma\u00f1ana de este s\u00e1bado en una vivienda familiar situada en la calle 18 de Octubre 889, esquina Polonia, del barrio Santa Paula, del mencionado distrito del noroeste del Gran Buenos Aires.<\/h3>\n<\/blockquote>\n<p><strong>En esas circunstancias, una mujer de 38 a\u00f1os identificada como Paola C\u00f3rdoba, hall\u00f3 a su esposo Alberto Elio Naiaretti, de 46, forzando a una de sus hijas a tener relaciones sexuales<\/strong>. La escena, dram\u00e1tica e indignante: la nena, de edad escolar, a los gritos y el individuo sujet\u00e1ndola de los brazos para violarla.<\/p>\n<p>Fue all\u00ed cuando Paola, presa de un ataque de nervios y harta de los malos tratos y abusos constantes a los que somet\u00eda Alberto a ella y a sus descendientes, fue hasta la cocina, tom\u00f3 un cuchillo y apu\u00f1al\u00f3 a su marido en el pecho, abdomen y espalda.<\/p>\n<blockquote>\n<h3>El hecho fue presenciado por otra de las hijas de la pareja, llamada Paula, de 18 a\u00f1os, quien junto con su madre, fueron demoradas en la comisar\u00eda Jos\u00e9 C. Paz 1a., por orden de la UFI 23, que interviene en el expediente judicial, caratulado \u201chomicidio\u201d.<\/h3>\n<\/blockquote>\n<p><strong>Los vecinos del barrio contaron que Naiaretti \u201cera conocido como El Gitano, viv\u00eda acosando a las mujeres del lugar. Adem\u00e1s, es un conocido estafador. El tipo era de lo peor y todos sab\u00edamos que trataba mal a su familia\u201d.<\/strong><\/p>\n<p>Gisela, coment\u00f3 a que \u201ca m\u00ed una vez me persigui\u00f3 durante 6 cuadras dici\u00e9ndome todo tipo de obscenidades. Estaba acostumbrado a decir cualquier cosa con total impunidad\u201d.<\/p>\n<p>Naiaretti ten\u00eda un kiosco polirrubro en la esquina de su casa (pintada de verde) y hace algunos a\u00f1os, regenteaba un lavadero de autos, en su propia vivienda. La familia viv\u00eda arriba de estos comercios, como se observa en la fotograf\u00eda. La pareja ten\u00eda dos hijas y un nene de 4 a\u00f1os.<\/p>\n<p><i>Fuente:\u00a0<\/i><strong><i>Diario Cr\u00f3nica<\/i><\/strong><\/p>\n","protected":false},"excerpt":{"rendered":"<div class=\"mh-excerpt\"><p>La se\u00f1ora, harta de los abusos y los malos tratos, asesin\u00f3 al esposo con un elemento de cocina. En el barrio denunciaron que el hombre viv\u00eda acosando a las mujeres del lugar. Un hombre de <a class=\"mh-excerpt-more\" href=\"https:\/\/larevistadigital.com.ar\/blog\/mato-al-marido-a-punaladas-mientras-violaba-a-su-hija\/\" title=\"MAT\u00d3 AL MARIDO A PU\u00d1ALADAS MIENTRAS VIOLABA A SU HIJA\">[Leer M\u00e1s]<\/a><\/p>\n<\/div>","protected":false},"author":3,"featured_media":8954,"comment_status":"open","ping_status":"open","sticky":false,"template":"","format":"standard","meta":{"_jetpack_memberships_contains_paid_content":false,"footnotes":"","jetpack_publicize_message":"","jetpack_publicize_feature_enabled":true,"jetpack_social_post_already_shared":true,"jetpack_social_options":{"image_generator_settings":{"template":"highway","default_image_id":0,"font":"","enabled":false},"version":2}},"categories":[44,12],"tags":[],"class_list":{"0":"post-8953","1":"post","2":"type-post","3":"status-publish","4":"format-standard","5":"has-post-thumbnail","7":"category-policiales","8":"category-politica"},"jetpack_publicize_connections":[],"jetpack_featured_media_url":"https:\/\/i0.wp.com\/larevistadigital.com.ar\/blog\/wp-content\/uploads\/2019\/03\/josecpazuno.jpg_366287663.jpg?fit=745%2C419&ssl=1","jetpack_sharing_enabled":true,"jetpack_shortlink":"https:\/\/wp.me\/p8qtrQ-2kp","jetpack-related-posts":[{"id":22531,"url":"https:\/\/larevistadigital.com.ar\/blog\/detienen-a-hombre-acusado-de-violar-a-su-hija-y-encuentran-un-arsenal\/","url_meta":{"origin":8953,"position":0},"title":"DETIENEN A HOMBRE ACUSADO DE VIOLAR A SU HIJA, Y ENCUENTRAN UN ARSENAL","author":"Alejandro Sosa Ruda","date":"29 octubre, 2021","format":false,"excerpt":"Allanaron dos domicilios en el barrio Villa Primera. El imputado es un hombre de 63 a\u00f1os. Hallaron un rifle, pistolas, un rev\u00f3lver y una mini UZI calibre nueve mil\u00edmetros La denuncia que el pasado 4 de septiembre hizo una mujer de 59 a\u00f1os que denunci\u00f3 a su esposo por violar\u2026","rel":"","context":"En \u00abINTERES GENERAL\u00bb","block_context":{"text":"INTERES GENERAL","link":"https:\/\/larevistadigital.com.ar\/blog\/category\/interes-general\/"},"img":{"alt_text":"","src":"https:\/\/i0.wp.com\/larevistadigital.com.ar\/blog\/wp-content\/uploads\/Captura-de-pantalla-2021-10-28-231951.jpg?fit=997%2C557&ssl=1&resize=350%2C200","width":350,"height":200,"srcset":"https:\/\/i0.wp.com\/larevistadigital.com.ar\/blog\/wp-content\/uploads\/Captura-de-pantalla-2021-10-28-231951.jpg?fit=997%2C557&ssl=1&resize=350%2C200 1x, https:\/\/i0.wp.com\/larevistadigital.com.ar\/blog\/wp-content\/uploads\/Captura-de-pantalla-2021-10-28-231951.jpg?fit=997%2C557&ssl=1&resize=525%2C300 1.5x, https:\/\/i0.wp.com\/larevistadigital.com.ar\/blog\/wp-content\/uploads\/Captura-de-pantalla-2021-10-28-231951.jpg?fit=997%2C557&ssl=1&resize=700%2C400 2x"},"classes":[]},{"id":21175,"url":"https:\/\/larevistadigital.com.ar\/blog\/21175-2\/","url_meta":{"origin":8953,"position":1},"title":"CUMPL\u00cdA ARRESTO DOMICILIARIO, AMENAZ\u00d3 A SU PAREJA Y SE ENCONTR\u00d3 CON SU HIJA DE 5 A\u00d1OS","author":"Alejandro Sosa Ruda","date":"19 julio, 2021","format":false,"excerpt":"Ocurri\u00f3 ayer a la noche en e barrio Zacagnini. El hombre, de 25 a\u00f1os, fue reducido por la polic\u00eda sin que la nena resultara herida. Qued\u00f3 detenido en el \u00c1rea de Salud Mental del Higa ya que habr\u00eda sufrido un brote psic\u00f3tico. MAR DEL PLATA - Una tensa situaci\u00f3n se\u2026","rel":"","context":"En \u00abPOLICIALES\u00bb","block_context":{"text":"POLICIALES","link":"https:\/\/larevistadigital.com.ar\/blog\/category\/policiales\/"},"img":{"alt_text":"","src":"https:\/\/i0.wp.com\/larevistadigital.com.ar\/blog\/wp-content\/uploads\/Captura-de-pantalla-2021-07-19-140855.png?fit=1016%2C676&ssl=1&resize=350%2C200","width":350,"height":200,"srcset":"https:\/\/i0.wp.com\/larevistadigital.com.ar\/blog\/wp-content\/uploads\/Captura-de-pantalla-2021-07-19-140855.png?fit=1016%2C676&ssl=1&resize=350%2C200 1x, https:\/\/i0.wp.com\/larevistadigital.com.ar\/blog\/wp-content\/uploads\/Captura-de-pantalla-2021-07-19-140855.png?fit=1016%2C676&ssl=1&resize=525%2C300 1.5x, https:\/\/i0.wp.com\/larevistadigital.com.ar\/blog\/wp-content\/uploads\/Captura-de-pantalla-2021-07-19-140855.png?fit=1016%2C676&ssl=1&resize=700%2C400 2x"},"classes":[]},{"id":33583,"url":"https:\/\/larevistadigital.com.ar\/blog\/mato-a-su-mujer-a-punaladas-delante-de-su-hija-y-termino-linchado-por-sus-vecinos\/","url_meta":{"origin":8953,"position":2},"title":"MAT\u00d3 A SU MUJER A PU\u00d1ALADAS DELANTE DE SU HIJA, Y TERMIN\u00d3 LINCHADO POR SUS VECINOS","author":"Alejandro Sosa Ruda","date":"25 septiembre, 2023","format":false,"excerpt":"El asesino, borracho trep\u00f3 la pared y sorprendi\u00f3 a la v\u00edctima en su propia casa, donde dorm\u00eda junto a la menor, de 11 a\u00f1os. 25 de Septiembre de 2023 JUJUY -\u00a0 Una mujer fue v\u00edctima de un atroz asesinato a manos de su expareja durante la jornada del pasado lunes.\u2026","rel":"","context":"En \u00abINTERES GENERAL\u00bb","block_context":{"text":"INTERES GENERAL","link":"https:\/\/larevistadigital.com.ar\/blog\/category\/interes-general\/"},"img":{"alt_text":"","src":"https:\/\/i0.wp.com\/larevistadigital.com.ar\/blog\/wp-content\/uploads\/Captura-de-pantalla-2023-09-25-144648.png?fit=802%2C437&ssl=1&resize=350%2C200","width":350,"height":200,"srcset":"https:\/\/i0.wp.com\/larevistadigital.com.ar\/blog\/wp-content\/uploads\/Captura-de-pantalla-2023-09-25-144648.png?fit=802%2C437&ssl=1&resize=350%2C200 1x, https:\/\/i0.wp.com\/larevistadigital.com.ar\/blog\/wp-content\/uploads\/Captura-de-pantalla-2023-09-25-144648.png?fit=802%2C437&ssl=1&resize=525%2C300 1.5x, https:\/\/i0.wp.com\/larevistadigital.com.ar\/blog\/wp-content\/uploads\/Captura-de-pantalla-2023-09-25-144648.png?fit=802%2C437&ssl=1&resize=700%2C400 2x"},"classes":[]},{"id":31228,"url":"https:\/\/larevistadigital.com.ar\/blog\/la-plata-se-atrinchero-con-su-hija-de-2-anos-no-entren-porque-hago-un-desastre\/","url_meta":{"origin":8953,"position":3},"title":"LA PLATA: SE ATRINCHER\u00d3 CON SU HIJA DE 2 A\u00d1OS \u00abNO ENTREN, PORQUE HAGO UN DESASTRE\u00bb","author":"Alejandro Sosa Ruda","date":"24 abril, 2023","format":false,"excerpt":"Ocurri\u00f3 este lunes por la tarde en Ringuelet. La nena est\u00e1 sana y salva. Antes, el acusado\u00a0hab\u00eda golpeado a su pareja y a su hijo de 9 a\u00f1os. 24 de abril de 2023 LA PLATA -\u00a0 Un joven de 27 a\u00f1os se atrincher\u00f3 en su casa junto a su hija\u2026","rel":"","context":"En \u00abPOLICIALES\u00bb","block_context":{"text":"POLICIALES","link":"https:\/\/larevistadigital.com.ar\/blog\/category\/policiales\/"},"img":{"alt_text":"","src":"https:\/\/i0.wp.com\/larevistadigital.com.ar\/blog\/wp-content\/uploads\/1543360457856.jpg?fit=1200%2C594&ssl=1&resize=350%2C200","width":350,"height":200,"srcset":"https:\/\/i0.wp.com\/larevistadigital.com.ar\/blog\/wp-content\/uploads\/1543360457856.jpg?fit=1200%2C594&ssl=1&resize=350%2C200 1x, https:\/\/i0.wp.com\/larevistadigital.com.ar\/blog\/wp-content\/uploads\/1543360457856.jpg?fit=1200%2C594&ssl=1&resize=525%2C300 1.5x, https:\/\/i0.wp.com\/larevistadigital.com.ar\/blog\/wp-content\/uploads\/1543360457856.jpg?fit=1200%2C594&ssl=1&resize=700%2C400 2x, https:\/\/i0.wp.com\/larevistadigital.com.ar\/blog\/wp-content\/uploads\/1543360457856.jpg?fit=1200%2C594&ssl=1&resize=1050%2C600 3x"},"classes":[]},{"id":21018,"url":"https:\/\/larevistadigital.com.ar\/blog\/denuncian-a-un-hombre-por-violar-a-su-hija-y-el-padre-de-su-ex-lo-baleo-en-la-cara\/","url_meta":{"origin":8953,"position":4},"title":"DENUNCIAN A UN HOMBRE POR VIOLAR A SU HIJA, Y EL PADRE DE SU EX LO BALE\u00d3 EN LA CARA","author":"Alejandro Sosa Ruda","date":"5 julio, 2021","format":false,"excerpt":"El ataqu\u00e9 ocurri\u00f3 ayer a la tarde, en el interior de una verduler\u00eda. La v\u00edctima tiene 28 a\u00f1os y qued\u00f3 internada en el Hospital Interzonal con una herida de arma de fuego en el rostro. El agresor se dio a la fuga y es buscado por la polic\u00eda. La fiscal\u00eda\u2026","rel":"","context":"En \u00abPOLICIALES\u00bb","block_context":{"text":"POLICIALES","link":"https:\/\/larevistadigital.com.ar\/blog\/category\/policiales\/"},"img":{"alt_text":"","src":"https:\/\/i0.wp.com\/larevistadigital.com.ar\/blog\/wp-content\/uploads\/Captura-de-pantalla-2021-07-04-210600.png?fit=1008%2C670&ssl=1&resize=350%2C200","width":350,"height":200,"srcset":"https:\/\/i0.wp.com\/larevistadigital.com.ar\/blog\/wp-content\/uploads\/Captura-de-pantalla-2021-07-04-210600.png?fit=1008%2C670&ssl=1&resize=350%2C200 1x, https:\/\/i0.wp.com\/larevistadigital.com.ar\/blog\/wp-content\/uploads\/Captura-de-pantalla-2021-07-04-210600.png?fit=1008%2C670&ssl=1&resize=525%2C300 1.5x, https:\/\/i0.wp.com\/larevistadigital.com.ar\/blog\/wp-content\/uploads\/Captura-de-pantalla-2021-07-04-210600.png?fit=1008%2C670&ssl=1&resize=700%2C400 2x"},"classes":[]},{"id":23956,"url":"https:\/\/larevistadigital.com.ar\/blog\/pilar-detienen-a-hombre-acusado-de-violar-a-su-pequena-hija\/","url_meta":{"origin":8953,"position":5},"title":"PILAR: DETIENEN A HOMBRE ACUSADO DE VIOLAR A SU PEQUE\u00d1A HIJA","author":"Alejandro Sosa Ruda","date":"12 febrero, 2022","format":false,"excerpt":"La Polic\u00eda detuvo a un hombre acusado de haber violado en reiteradas oportunidades a su peque\u00f1a hija. La menor tiene 8 a\u00f1os y fue ultrajada en reiteradas oportunidades, de acuerdo a la denuncia de la madre. PILAR -\u00a0 La captura se efectu\u00f3 luego de que el sujeto, de 31 a\u00f1os,\u2026","rel":"","context":"En \u00abPOLICIALES\u00bb","block_context":{"text":"POLICIALES","link":"https:\/\/larevistadigital.com.ar\/blog\/category\/policiales\/"},"img":{"alt_text":"","src":"https:\/\/i0.wp.com\/larevistadigital.com.ar\/blog\/wp-content\/uploads\/20220211111148_detenido-violacion-pilar.jpg?fit=880%2C512&ssl=1&resize=350%2C200","width":350,"height":200,"srcset":"https:\/\/i0.wp.com\/larevistadigital.com.ar\/blog\/wp-content\/uploads\/20220211111148_detenido-violacion-pilar.jpg?fit=880%2C512&ssl=1&resize=350%2C200 1x, https:\/\/i0.wp.com\/larevistadigital.com.ar\/blog\/wp-content\/uploads\/20220211111148_detenido-violacion-pilar.jpg?fit=880%2C512&ssl=1&resize=525%2C300 1.5x, https:\/\/i0.wp.com\/larevistadigital.com.ar\/blog\/wp-content\/uploads\/20220211111148_detenido-violacion-pilar.jpg?fit=880%2C512&ssl=1&resize=700%2C400 2x"},"classes":[]}],"_links":{"self":[{"href":"https:\/\/larevistadigital.com.ar\/blog\/wp-json\/wp\/v2\/posts\/8953","targetHints":{"allow":["GET"]}}],"collection":[{"href":"https:\/\/larevistadigital.com.ar\/blog\/wp-json\/wp\/v2\/posts"}],"about":[{"href":"https:\/\/larevistadigital.com.ar\/blog\/wp-json\/wp\/v2\/types\/post"}],"author":[{"embeddable":true,"href":"https:\/\/larevistadigital.com.ar\/blog\/wp-json\/wp\/v2\/users\/3"}],"replies":[{"embeddable":true,"href":"https:\/\/larevistadigital.com.ar\/blog\/wp-json\/wp\/v2\/comments?post=8953"}],"version-history":[{"count":1,"href":"https:\/\/larevistadigital.com.ar\/blog\/wp-json\/wp\/v2\/posts\/8953\/revisions"}],"predecessor-version":[{"id":8955,"href":"https:\/\/larevistadigital.com.ar\/blog\/wp-json\/wp\/v2\/posts\/8953\/revisions\/8955"}],"wp:featuredmedia":[{"embeddable":true,"href":"https:\/\/larevistadigital.com.ar\/blog\/wp-json\/wp\/v2\/media\/8954"}],"wp:attachment":[{"href":"https:\/\/larevistadigital.com.ar\/blog\/wp-json\/wp\/v2\/media?parent=8953"}],"wp:term":[{"taxonomy":"category","embeddable":true,"href":"https:\/\/larevistadigital.com.ar\/blog\/wp-json\/wp\/v2\/categories?post=8953"},{"taxonomy":"post_tag","embeddable":true,"href":"https:\/\/larevistadigital.com.ar\/blog\/wp-json\/wp\/v2\/tags?post=8953"}],"curies":[{"name":"wp","href":"https:\/\/api.w.org\/{rel}","templated":true}]}}