{"id":8956,"date":"2019-03-09T19:47:39","date_gmt":"2019-03-09T19:47:39","guid":{"rendered":"https:\/\/larevistadigital.com.ar\/blog\/?p=8956"},"modified":"2019-03-09T19:47:39","modified_gmt":"2019-03-09T19:47:39","slug":"video-impresionante-venganza-gremial-se-incendiaron-al-menos-30-colectivos-de-la-empresa-expreso-lomas","status":"publish","type":"post","link":"https:\/\/larevistadigital.com.ar\/blog\/video-impresionante-venganza-gremial-se-incendiaron-al-menos-30-colectivos-de-la-empresa-expreso-lomas\/","title":{"rendered":"VIDEO IMPRESIONANTE. \u00bfVENGANZA GREMIAL?: SE INCENDIARON AL MENOS 30 COLECTIVOS DE LA EMPRESA \u00abEXPRESO LOMAS\u00bb"},"content":{"rendered":"<p>En las \u00faltimas horas,<strong>\u00a0se incendiaron\u00a0<\/strong>al menos<strong>\u00a020 c<\/strong><b>olectivos de la empresa Expreso Lomas (l\u00edneas 165, 112 y 243). Dichas l\u00edneas circulan por Almirante\u00a0Brown y Lomas de Zamora.<\/b>El fuego se desat\u00f3 en la<strong>\u00a0<\/strong>terminal ubicada en 9 de Abril, partido de Esteban Echeverr\u00eda.<\/p>\n<p>Los Bomberos acudieron al lugar para sofocar el\u00a0<strong>fuego, que consumi\u00f3\u00a0<\/strong>una<strong>\u00a0gran cantidad de unidades.<\/strong>\u00a0Fuentes indicaron que se habla de unas\u00a0<strong>20<\/strong>\u00a0en principio.\u00a0Los ramales adem\u00e1s de Esteban Echeverr\u00eda, circulan por\u00a0<strong>Almirante Brown<\/strong>,\u00a0Lan\u00fas y\u00a0<strong>Lomas de Zamora.\u00a0<\/strong><\/p>\n<p>As\u00ed se produjo el incendio, que fue reflejado en el perfil de Facebook de <em><strong>\u201cBondis del Momento\u201d<\/strong><\/em>:\u00a0<a href=\"https:\/\/www.facebook.com\/watch\/?v=866962203649791\" target=\"_blank\" rel=\"noopener noreferrer\">https:\/\/www.facebook.com\/bondisdelmomento\/videos\/866962203649791\/<\/a><\/p>\n<div style=\"width: 640px;\" class=\"wp-video\"><!--[if lt IE 9]><script>document.createElement('video');<\/script><![endif]-->\n<video class=\"wp-video-shortcode\" id=\"video-8956-1\" width=\"640\" height=\"360\" preload=\"metadata\" controls=\"controls\"><source type=\"video\/mp4\" src=\"https:\/\/larevistadigital.com.ar\/blog\/wp-content\/uploads\/2019\/03\/Incendio_en_el_deposito_de_las_lineas_112_165_243_Hubo_mano_negra_Hubo_Sabo...-866962203649791.mp4?_=1\" \/><a href=\"https:\/\/larevistadigital.com.ar\/blog\/wp-content\/uploads\/2019\/03\/Incendio_en_el_deposito_de_las_lineas_112_165_243_Hubo_mano_negra_Hubo_Sabo...-866962203649791.mp4\">https:\/\/larevistadigital.com.ar\/blog\/wp-content\/uploads\/2019\/03\/Incendio_en_el_deposito_de_las_lineas_112_165_243_Hubo_mano_negra_Hubo_Sabo...-866962203649791.mp4<\/a><\/video><\/div>\n<p><strong>Hace tiempo l<\/strong><strong>a empresa est\u00e1 en conflicto<\/strong>\u00a0con sus 400 trabajadores, y\u00a0<strong>esta \u00faltima semana se hab\u00eda profundizado<\/strong>\u00a0luego que redujera sus servicios con solo 40 unidades. Fuentes de la empresa se\u00f1alaron que son las que est\u00e1n en condiciones ante la\u00a0<strong>falta de mantenimiento.<\/strong><\/p>\n","protected":false},"excerpt":{"rendered":"<div class=\"mh-excerpt\"><p>En las \u00faltimas horas,\u00a0se incendiaron\u00a0al menos\u00a020 colectivos de la empresa Expreso Lomas (l\u00edneas 165, 112 y 243). Dichas l\u00edneas circulan por Almirante\u00a0Brown y Lomas de Zamora.El fuego se desat\u00f3 en la\u00a0terminal ubicada en 9 de <a class=\"mh-excerpt-more\" href=\"https:\/\/larevistadigital.com.ar\/blog\/video-impresionante-venganza-gremial-se-incendiaron-al-menos-30-colectivos-de-la-empresa-expreso-lomas\/\" title=\"VIDEO IMPRESIONANTE. \u00bfVENGANZA GREMIAL?: SE INCENDIARON AL MENOS 30 COLECTIVOS DE LA EMPRESA \u00abEXPRESO LOMAS\u00bb\">[Leer M\u00e1s]<\/a><\/p>\n<\/div>","protected":false},"author":3,"featured_media":8957,"comment_status":"open","ping_status":"open","sticky":false,"template":"","format":"standard","meta":{"_jetpack_memberships_contains_paid_content":false,"footnotes":"","jetpack_publicize_message":"","jetpack_publicize_feature_enabled":true,"jetpack_social_post_already_shared":true,"jetpack_social_options":{"image_generator_settings":{"template":"highway","default_image_id":0,"font":"","enabled":false},"version":2}},"categories":[44,12],"tags":[],"class_list":{"0":"post-8956","1":"post","2":"type-post","3":"status-publish","4":"format-standard","5":"has-post-thumbnail","7":"category-policiales","8":"category-politica"},"jetpack_publicize_connections":[],"jetpack_featured_media_url":"https:\/\/i0.wp.com\/larevistadigital.com.ar\/blog\/wp-content\/uploads\/2019\/03\/bondi-quemdado.jpg?fit=1040%2C650&ssl=1","jetpack_sharing_enabled":true,"jetpack_shortlink":"https:\/\/wp.me\/p8qtrQ-2ks","jetpack-related-posts":[{"id":14463,"url":"https:\/\/larevistadigital.com.ar\/blog\/lagartijas-invaden-la-zona-sur-piden-no-matarlas-porque-ayudan-con-las-plagas\/","url_meta":{"origin":8956,"position":0},"title":"LAGARTIJAS INVADEN LA ZONA SUR: PIDEN NO MATARLAS PORQUE AYUDAN CON LAS PLAGAS","author":"Alejandro Sosa Ruda","date":"31 enero, 2020","format":false,"excerpt":"Se las ve en Adrogu\u00e9, Monte Grande y Lomas. En las Comunas dicen que son inofensivas e incluso contribuyen a controlar plagas. Estupor, sorpresa, ternura y fobia. Estas son algunas de las sensaciones que tienen muchos vecinos del sur del GBA que, en las \u00faltimas semanas, empezaron a encontrar en\u2026","rel":"","context":"En \u00abCURIOSAS\u00bb","block_context":{"text":"CURIOSAS","link":"https:\/\/larevistadigital.com.ar\/blog\/category\/curiosas\/"},"img":{"alt_text":"","src":"https:\/\/i0.wp.com\/larevistadigital.com.ar\/blog\/wp-content\/uploads\/Screenshot_3-38.jpg?fit=1120%2C822&ssl=1&resize=350%2C200","width":350,"height":200,"srcset":"https:\/\/i0.wp.com\/larevistadigital.com.ar\/blog\/wp-content\/uploads\/Screenshot_3-38.jpg?fit=1120%2C822&ssl=1&resize=350%2C200 1x, https:\/\/i0.wp.com\/larevistadigital.com.ar\/blog\/wp-content\/uploads\/Screenshot_3-38.jpg?fit=1120%2C822&ssl=1&resize=525%2C300 1.5x, https:\/\/i0.wp.com\/larevistadigital.com.ar\/blog\/wp-content\/uploads\/Screenshot_3-38.jpg?fit=1120%2C822&ssl=1&resize=700%2C400 2x, https:\/\/i0.wp.com\/larevistadigital.com.ar\/blog\/wp-content\/uploads\/Screenshot_3-38.jpg?fit=1120%2C822&ssl=1&resize=1050%2C600 3x"},"classes":[]},{"id":11252,"url":"https:\/\/larevistadigital.com.ar\/blog\/almirante-brown-pusieron-camaras-y-botones-anti-panico-en-los-colectivos\/","url_meta":{"origin":8956,"position":1},"title":"ALMIRANTE BROWN: PUSIERON C\u00c1MARAS Y BOTONES ANTI P\u00c1NICO EN LOS COLECTIVOS","author":"Alejandro Sosa Ruda","date":"13 julio, 2019","format":false,"excerpt":"Las siete l\u00edneas municipales que comunican los distintos barrios de Almirante Brown\u00a0cuentan ahora con\u00a0c\u00e1maras de seguridad y bot\u00f3n antip\u00e1nico en 170 colectivos.\u00a0A\u00a0cada m\u00f3vil le instalaron cuatro: tres internas y una\u00a0que capta im\u00e1genes de afuera, adem\u00e1s de que est\u00e1n monitoreadas en tiempo real. El objetivo, es que los colectivos puedan estar\u2026","rel":"","context":"En \u00abINTERES GENERAL\u00bb","block_context":{"text":"INTERES GENERAL","link":"https:\/\/larevistadigital.com.ar\/blog\/category\/interes-general\/"},"img":{"alt_text":"","src":"https:\/\/i0.wp.com\/larevistadigital.com.ar\/blog\/wp-content\/uploads\/nuevos-bondi.jpg?fit=960%2C540&ssl=1&resize=350%2C200","width":350,"height":200,"srcset":"https:\/\/i0.wp.com\/larevistadigital.com.ar\/blog\/wp-content\/uploads\/nuevos-bondi.jpg?fit=960%2C540&ssl=1&resize=350%2C200 1x, https:\/\/i0.wp.com\/larevistadigital.com.ar\/blog\/wp-content\/uploads\/nuevos-bondi.jpg?fit=960%2C540&ssl=1&resize=525%2C300 1.5x, https:\/\/i0.wp.com\/larevistadigital.com.ar\/blog\/wp-content\/uploads\/nuevos-bondi.jpg?fit=960%2C540&ssl=1&resize=700%2C400 2x"},"classes":[]},{"id":14690,"url":"https:\/\/larevistadigital.com.ar\/blog\/murio-la-mujer-que-fue-prendida-fuego-por-su-pareja-en-almirante-brown\/","url_meta":{"origin":8956,"position":2},"title":"MURI\u00d3 LA MUJER QUE FUE PRENDIDA FUEGO POR SU PAREJA EN ALMIRANTE BROWN","author":"Alejandro Sosa Ruda","date":"9 febrero, 2020","format":false,"excerpt":"Yanina P\u00e9rez ten\u00eda 29 a\u00f1os y era mam\u00e1 de dos chiquitos. Tras una semana de agon\u00eda, muri\u00f3 a causa de las quemaduras en su cuerpo. Muri\u00f3 Yanina P\u00e9rez, la mujer de 29 a\u00f1os que desde hac\u00eda una semana estaba internada luego de haber sufrido quemaduras en el 50% de su\u2026","rel":"","context":"En \u00abINTERES GENERAL\u00bb","block_context":{"text":"INTERES GENERAL","link":"https:\/\/larevistadigital.com.ar\/blog\/category\/interes-general\/"},"img":{"alt_text":"","src":"https:\/\/i0.wp.com\/larevistadigital.com.ar\/blog\/wp-content\/uploads\/1581292021541.jpg?fit=1200%2C869&ssl=1&resize=350%2C200","width":350,"height":200,"srcset":"https:\/\/i0.wp.com\/larevistadigital.com.ar\/blog\/wp-content\/uploads\/1581292021541.jpg?fit=1200%2C869&ssl=1&resize=350%2C200 1x, https:\/\/i0.wp.com\/larevistadigital.com.ar\/blog\/wp-content\/uploads\/1581292021541.jpg?fit=1200%2C869&ssl=1&resize=525%2C300 1.5x, https:\/\/i0.wp.com\/larevistadigital.com.ar\/blog\/wp-content\/uploads\/1581292021541.jpg?fit=1200%2C869&ssl=1&resize=700%2C400 2x, https:\/\/i0.wp.com\/larevistadigital.com.ar\/blog\/wp-content\/uploads\/1581292021541.jpg?fit=1200%2C869&ssl=1&resize=1050%2C600 3x"},"classes":[]},{"id":21604,"url":"https:\/\/larevistadigital.com.ar\/blog\/insolito-detienen-en-la-plata-a-un-piloto-de-tc-pista-porque-tenia-pedido-de-captura-por-robo\/","url_meta":{"origin":8956,"position":3},"title":"INS\u00d3LITO: DETIENEN EN LA PLATA A UN PILOTO DE TC PISTA PORQUE TEN\u00cdA PEDIDO DE CAPTURA POR ROBO","author":"Alejandro Sosa Ruda","date":"18 agosto, 2021","format":false,"excerpt":"Fue tras un control policial realizado este martes en la zona de Abasto. Seg\u00fan fuentes policiales, est\u00e1 a la espera de un juicio oral en Esteban Echeverr\u00eda. Un piloto de TC Pista de 24 a\u00f1os fue detenido este martes por la tarde durante un control policial realizado en Ruta 36\u2026","rel":"","context":"En \u00abPOLICIALES\u00bb","block_context":{"text":"POLICIALES","link":"https:\/\/larevistadigital.com.ar\/blog\/category\/policiales\/"},"img":{"alt_text":"","src":"https:\/\/i0.wp.com\/larevistadigital.com.ar\/blog\/wp-content\/uploads\/TC-PISTA.png?fit=900%2C526&ssl=1&resize=350%2C200","width":350,"height":200,"srcset":"https:\/\/i0.wp.com\/larevistadigital.com.ar\/blog\/wp-content\/uploads\/TC-PISTA.png?fit=900%2C526&ssl=1&resize=350%2C200 1x, https:\/\/i0.wp.com\/larevistadigital.com.ar\/blog\/wp-content\/uploads\/TC-PISTA.png?fit=900%2C526&ssl=1&resize=525%2C300 1.5x, https:\/\/i0.wp.com\/larevistadigital.com.ar\/blog\/wp-content\/uploads\/TC-PISTA.png?fit=900%2C526&ssl=1&resize=700%2C400 2x"},"classes":[]},{"id":10313,"url":"https:\/\/larevistadigital.com.ar\/blog\/joven-atropella-a-motochorro-para-salvar-a-una-mujer\/","url_meta":{"origin":8956,"position":4},"title":"JOVEN ATROPELLA A MOTOCHORRO PARA SALVAR A UNA MUJER","author":"Alejandro Sosa Ruda","date":"24 mayo, 2019","format":false,"excerpt":"La localidad bonaerense de Adrogu\u00e9, en el partido de Almirante Brown, fue el escenario de un dram\u00e1tico suceso, ya que un valiente automovilista se convirti\u00f3 en justiciero porque, al ver que una mujer era asaltada por un motochorro, resolvi\u00f3 subir r\u00e1pidamente a la vereda con el coche y aplastar al\u2026","rel":"","context":"En \u00abPOLICIALES\u00bb","block_context":{"text":"POLICIALES","link":"https:\/\/larevistadigital.com.ar\/blog\/category\/policiales\/"},"img":{"alt_text":"","src":"https:\/\/i0.wp.com\/larevistadigital.com.ar\/blog\/wp-content\/uploads\/2019\/05\/Screenshot_1-13.jpg?fit=1022%2C570&ssl=1&resize=350%2C200","width":350,"height":200,"srcset":"https:\/\/i0.wp.com\/larevistadigital.com.ar\/blog\/wp-content\/uploads\/2019\/05\/Screenshot_1-13.jpg?fit=1022%2C570&ssl=1&resize=350%2C200 1x, https:\/\/i0.wp.com\/larevistadigital.com.ar\/blog\/wp-content\/uploads\/2019\/05\/Screenshot_1-13.jpg?fit=1022%2C570&ssl=1&resize=525%2C300 1.5x, https:\/\/i0.wp.com\/larevistadigital.com.ar\/blog\/wp-content\/uploads\/2019\/05\/Screenshot_1-13.jpg?fit=1022%2C570&ssl=1&resize=700%2C400 2x"},"classes":[]},{"id":27921,"url":"https:\/\/larevistadigital.com.ar\/blog\/allanan-comisarias-en-lomas-e-investigan-una-banda-de-poliladrones\/","url_meta":{"origin":8956,"position":5},"title":"ALLANAN COMISAR\u00cdAS EN LOMAS E INVESTIGAN UNA BANDA DE POLILADRONES","author":"Alejandro Sosa Ruda","date":"20 septiembre, 2022","format":false,"excerpt":"20 de septiembre de 2022 El Comando de Patrullas de Lomas y las comisar\u00edas de Fiorito y Villa Centenario fueron allanadas en el marco de una investigaci\u00f3n que apunta a un grupo de polic\u00edas que cometieron robos en distintos comercios y viviendas de Lomas de Zamora simulando realizar un allanamiento.\u2026","rel":"","context":"En \u00abINTERES GENERAL\u00bb","block_context":{"text":"INTERES GENERAL","link":"https:\/\/larevistadigital.com.ar\/blog\/category\/interes-general\/"},"img":{"alt_text":"","src":"https:\/\/i0.wp.com\/larevistadigital.com.ar\/blog\/wp-content\/uploads\/fiorito_Comisaria.png?fit=800%2C420&ssl=1&resize=350%2C200","width":350,"height":200,"srcset":"https:\/\/i0.wp.com\/larevistadigital.com.ar\/blog\/wp-content\/uploads\/fiorito_Comisaria.png?fit=800%2C420&ssl=1&resize=350%2C200 1x, https:\/\/i0.wp.com\/larevistadigital.com.ar\/blog\/wp-content\/uploads\/fiorito_Comisaria.png?fit=800%2C420&ssl=1&resize=525%2C300 1.5x, https:\/\/i0.wp.com\/larevistadigital.com.ar\/blog\/wp-content\/uploads\/fiorito_Comisaria.png?fit=800%2C420&ssl=1&resize=700%2C400 2x"},"classes":[]}],"_links":{"self":[{"href":"https:\/\/larevistadigital.com.ar\/blog\/wp-json\/wp\/v2\/posts\/8956","targetHints":{"allow":["GET"]}}],"collection":[{"href":"https:\/\/larevistadigital.com.ar\/blog\/wp-json\/wp\/v2\/posts"}],"about":[{"href":"https:\/\/larevistadigital.com.ar\/blog\/wp-json\/wp\/v2\/types\/post"}],"author":[{"embeddable":true,"href":"https:\/\/larevistadigital.com.ar\/blog\/wp-json\/wp\/v2\/users\/3"}],"replies":[{"embeddable":true,"href":"https:\/\/larevistadigital.com.ar\/blog\/wp-json\/wp\/v2\/comments?post=8956"}],"version-history":[{"count":2,"href":"https:\/\/larevistadigital.com.ar\/blog\/wp-json\/wp\/v2\/posts\/8956\/revisions"}],"predecessor-version":[{"id":8961,"href":"https:\/\/larevistadigital.com.ar\/blog\/wp-json\/wp\/v2\/posts\/8956\/revisions\/8961"}],"wp:featuredmedia":[{"embeddable":true,"href":"https:\/\/larevistadigital.com.ar\/blog\/wp-json\/wp\/v2\/media\/8957"}],"wp:attachment":[{"href":"https:\/\/larevistadigital.com.ar\/blog\/wp-json\/wp\/v2\/media?parent=8956"}],"wp:term":[{"taxonomy":"category","embeddable":true,"href":"https:\/\/larevistadigital.com.ar\/blog\/wp-json\/wp\/v2\/categories?post=8956"},{"taxonomy":"post_tag","embeddable":true,"href":"https:\/\/larevistadigital.com.ar\/blog\/wp-json\/wp\/v2\/tags?post=8956"}],"curies":[{"name":"wp","href":"https:\/\/api.w.org\/{rel}","templated":true}]}}