{"id":8962,"date":"2019-03-09T19:53:57","date_gmt":"2019-03-09T19:53:57","guid":{"rendered":"https:\/\/larevistadigital.com.ar\/blog\/?p=8962"},"modified":"2019-03-09T19:53:57","modified_gmt":"2019-03-09T19:53:57","slug":"mar-de-ajo-dos-muertos-al-chocar-moto-con-un-mangrullo","status":"publish","type":"post","link":"https:\/\/larevistadigital.com.ar\/blog\/mar-de-ajo-dos-muertos-al-chocar-moto-con-un-mangrullo\/","title":{"rendered":"MAR DE AJ\u00d3: DOS MUERTOS AL CHOCAR MOTO CON UN MANGRULLO"},"content":{"rendered":"<h2 class=\"nota__hero__summary\"><em>Dos personas que circulaban en moto murieron esta madrugada al chocar con un mangrullo de los guardavidas. Los nombres y detalles.<\/em><\/h2>\n<p>Esta ma\u00f1ana se produjo un fatal accidente en la playa de Mar de Aj\u00f3, a la altura de la zona de Torino. Una pareja que circulaba en moto choc\u00f3 con un mangrullo que utilizan los guardavidas.<\/p>\n<p>Como consecuencia del fuerte impacto, las dos personas fallecieron en el lugar y fueron identificadas como <strong>Agustina Gigli<\/strong> (madre de una beba de 9 meses) y <strong>Pablo Rold\u00e1n<\/strong>, de 28 a\u00f1os.<\/p>\n<p>NOTICIA EN DESARROLLO<\/p>\n","protected":false},"excerpt":{"rendered":"<div class=\"mh-excerpt\"><p>Dos personas que circulaban en moto murieron esta madrugada al chocar con un mangrullo de los guardavidas. Los nombres y detalles. Esta ma\u00f1ana se produjo un fatal accidente en la playa de Mar de Aj\u00f3, <a class=\"mh-excerpt-more\" href=\"https:\/\/larevistadigital.com.ar\/blog\/mar-de-ajo-dos-muertos-al-chocar-moto-con-un-mangrullo\/\" title=\"MAR DE AJ\u00d3: DOS MUERTOS AL CHOCAR MOTO CON UN MANGRULLO\">[Leer M\u00e1s]<\/a><\/p>\n<\/div>","protected":false},"author":3,"featured_media":8963,"comment_status":"open","ping_status":"open","sticky":false,"template":"","format":"standard","meta":{"_jetpack_memberships_contains_paid_content":false,"footnotes":"","jetpack_publicize_message":"","jetpack_publicize_feature_enabled":true,"jetpack_social_post_already_shared":true,"jetpack_social_options":{"image_generator_settings":{"template":"highway","default_image_id":0,"font":"","enabled":false},"version":2}},"categories":[44,12],"tags":[],"class_list":{"0":"post-8962","1":"post","2":"type-post","3":"status-publish","4":"format-standard","5":"has-post-thumbnail","7":"category-policiales","8":"category-politica"},"jetpack_publicize_connections":[],"jetpack_featured_media_url":"https:\/\/i0.wp.com\/larevistadigital.com.ar\/blog\/wp-content\/uploads\/2019\/03\/fb424572f9a92d911be47d9f35a5e048f5f380db.jpg?fit=1140%2C846&ssl=1","jetpack_sharing_enabled":true,"jetpack_shortlink":"https:\/\/wp.me\/p8qtrQ-2ky","jetpack-related-posts":[{"id":23344,"url":"https:\/\/larevistadigital.com.ar\/blog\/23344-2\/","url_meta":{"origin":8962,"position":0},"title":"MURI\u00d3 AL CHOCAR CON SU MOTO A UN CAMI\u00d3N EN LA RUTA","author":"Alejandro Sosa Ruda","date":"13 enero, 2022","format":false,"excerpt":"MAR DE AJ\u00d3\u00a0 - Un hombre de 39 a\u00f1os\u00a0falleci\u00f3 este mi\u00e9rcoles en horas de la ma\u00f1ana tras chocar con su moto contra un cami\u00f3n en\u00a0ruta 11, a la altura del kil\u00f3metro 345, en la zona de ingreso de\u00a0la localidad balnearia de\u00a0Mar de Aj\u00f3, jurisdicci\u00f3n del partido de La Costa. La\u2026","rel":"","context":"En \u00abINTERES GENERAL\u00bb","block_context":{"text":"INTERES GENERAL","link":"https:\/\/larevistadigital.com.ar\/blog\/category\/interes-general\/"},"img":{"alt_text":"","src":"https:\/\/i0.wp.com\/larevistadigital.com.ar\/blog\/wp-content\/uploads\/Captura-de-pantalla-2022-01-12-215819.jpg?fit=932%2C483&ssl=1&resize=350%2C200","width":350,"height":200,"srcset":"https:\/\/i0.wp.com\/larevistadigital.com.ar\/blog\/wp-content\/uploads\/Captura-de-pantalla-2022-01-12-215819.jpg?fit=932%2C483&ssl=1&resize=350%2C200 1x, https:\/\/i0.wp.com\/larevistadigital.com.ar\/blog\/wp-content\/uploads\/Captura-de-pantalla-2022-01-12-215819.jpg?fit=932%2C483&ssl=1&resize=525%2C300 1.5x, https:\/\/i0.wp.com\/larevistadigital.com.ar\/blog\/wp-content\/uploads\/Captura-de-pantalla-2022-01-12-215819.jpg?fit=932%2C483&ssl=1&resize=700%2C400 2x"},"classes":[]},{"id":24043,"url":"https:\/\/larevistadigital.com.ar\/blog\/escapaba-en-moto-de-la-policia-y-murio-al-chocar-con-un-patrullero\/","url_meta":{"origin":8962,"position":1},"title":"ESCAPABA EN MOTO DE LA POLIC\u00cdA Y MURI\u00d3 AL CHOCAR CON UN PATRULLERO","author":"Alejandro Sosa Ruda","date":"16 febrero, 2022","format":false,"excerpt":"El joven identificado como Agust\u00edn El\u00edas Villegas, escapaba por un presunto robo, y muri\u00f3 producto de las lesiones que le originaron el choque contra el m\u00f3vil policial durante la persecuci\u00f3n. ROSARIO -\u00a0 Un joven que escapaba de la polic\u00eda por un presunto hecho de robo muri\u00f3 en la zona norte\u2026","rel":"","context":"En \u00abINTERES GENERAL\u00bb","block_context":{"text":"INTERES GENERAL","link":"https:\/\/larevistadigital.com.ar\/blog\/category\/interes-general\/"},"img":{"alt_text":"","src":"https:\/\/i0.wp.com\/larevistadigital.com.ar\/blog\/wp-content\/uploads\/620d0a5394514_900.jpg?fit=900%2C507&ssl=1&resize=350%2C200","width":350,"height":200,"srcset":"https:\/\/i0.wp.com\/larevistadigital.com.ar\/blog\/wp-content\/uploads\/620d0a5394514_900.jpg?fit=900%2C507&ssl=1&resize=350%2C200 1x, https:\/\/i0.wp.com\/larevistadigital.com.ar\/blog\/wp-content\/uploads\/620d0a5394514_900.jpg?fit=900%2C507&ssl=1&resize=525%2C300 1.5x, https:\/\/i0.wp.com\/larevistadigital.com.ar\/blog\/wp-content\/uploads\/620d0a5394514_900.jpg?fit=900%2C507&ssl=1&resize=700%2C400 2x"},"classes":[]},{"id":4421,"url":"https:\/\/larevistadigital.com.ar\/blog\/dolores-dos-jovenes-graves-luego-chocar-moto-auto\/","url_meta":{"origin":8962,"position":2},"title":"DOLORES: DOS JOVENES GRAVES LUEGO DE CHOCAR CON SU MOTO CONTRA UN AUTO","author":"Alejandro Sosa Ruda","date":"8 enero, 2018","format":false,"excerpt":"El hecho ocurri\u00f3 durante la madrugada en el kil\u00f3metro en el kil\u00f3metro 205 de la ruta 2, cuando dos j\u00f3venes que viajaban a bordo de su motocicleta Gilera 110, impactaron contra un autom\u00f3vil marca Torino que hab\u00eda sufrido un desperfecto y estaba estacionado sobre el puente del canal 9. Extra\u00f1amente,\u2026","rel":"","context":"En \u00abDOLORES\u00bb","block_context":{"text":"DOLORES","link":"https:\/\/larevistadigital.com.ar\/blog\/category\/dolores\/"},"img":{"alt_text":"","src":"https:\/\/i0.wp.com\/larevistadigital.com.ar\/blog\/wp-content\/uploads\/2018\/01\/Screenshot_1-1.jpg?fit=1004%2C674&ssl=1&resize=350%2C200","width":350,"height":200,"srcset":"https:\/\/i0.wp.com\/larevistadigital.com.ar\/blog\/wp-content\/uploads\/2018\/01\/Screenshot_1-1.jpg?fit=1004%2C674&ssl=1&resize=350%2C200 1x, https:\/\/i0.wp.com\/larevistadigital.com.ar\/blog\/wp-content\/uploads\/2018\/01\/Screenshot_1-1.jpg?fit=1004%2C674&ssl=1&resize=525%2C300 1.5x, https:\/\/i0.wp.com\/larevistadigital.com.ar\/blog\/wp-content\/uploads\/2018\/01\/Screenshot_1-1.jpg?fit=1004%2C674&ssl=1&resize=700%2C400 2x"},"classes":[]},{"id":22924,"url":"https:\/\/larevistadigital.com.ar\/blog\/las-toninas-se-cayo-de-su-moto-de-agua-se-enredo-en-un-ovillo-de-tanza-y-casi-muere-asfixiado\/","url_meta":{"origin":8962,"position":3},"title":"LAS TONINAS: SE CAY\u00d3 DE SU MOTO DE AGUA, SE ENRED\u00d3 EN UN OVILLO DE TANZA Y CASI MUERE ASFIXIADO","author":"Alejandro Sosa Ruda","date":"8 diciembre, 2021","format":false,"excerpt":"Un guardavidas, que se encontraba en una bajada lejana, acudi\u00f3 en su auxilio de un hombre que se hab\u00eda metido al mar con una moto de agua por un lugar que no es bajada n\u00e1utica y que se estaba asfixiando con una tanza. Un hombre que se hab\u00eda metido al\u2026","rel":"","context":"En \u00abREGIONALES\u00bb","block_context":{"text":"REGIONALES","link":"https:\/\/larevistadigital.com.ar\/blog\/category\/regionales\/"},"img":{"alt_text":"","src":"https:\/\/i0.wp.com\/larevistadigital.com.ar\/blog\/wp-content\/uploads\/20211207155804_toninas.jpg?fit=880%2C512&ssl=1&resize=350%2C200","width":350,"height":200,"srcset":"https:\/\/i0.wp.com\/larevistadigital.com.ar\/blog\/wp-content\/uploads\/20211207155804_toninas.jpg?fit=880%2C512&ssl=1&resize=350%2C200 1x, https:\/\/i0.wp.com\/larevistadigital.com.ar\/blog\/wp-content\/uploads\/20211207155804_toninas.jpg?fit=880%2C512&ssl=1&resize=525%2C300 1.5x, https:\/\/i0.wp.com\/larevistadigital.com.ar\/blog\/wp-content\/uploads\/20211207155804_toninas.jpg?fit=880%2C512&ssl=1&resize=700%2C400 2x"},"classes":[]},{"id":4933,"url":"https:\/\/larevistadigital.com.ar\/blog\/chascomus-guardavidas-destacan-trato-la-gestion-javier-gaston-principalmente-la-figura-del-subsecretario-seguridad-lucas-funes\/","url_meta":{"origin":8962,"position":4},"title":"CHASCOMUS: GUARDAVIDAS DESTACAN EL TRATO DE LA GESTI\u00d3N DE JAVIER GAST\u00d3N, PRINCIPALMENTE EN LA FIGURA DEL SUBSECRETARIO DE SEGURIDAD, LUCAS FUNES","author":"Alejandro Sosa Ruda","date":"18 febrero, 2018","format":false,"excerpt":"Fernando Urruty, delegado del sindicato que nuclea a los guardavidas, mantuvo un di\u00e1logo con la FM 101,5 de Chascom\u00fas, en donde abord\u00f3 diversos temas de actualidad del sector. En primera instancia, record\u00f3 el d\u00eda del guardavidas que se conmemoraba el 4 de febrero, con motivo del fallecimiento de un guardavidas\u2026","rel":"","context":"En \u00abPOLITICA\u00bb","block_context":{"text":"POLITICA","link":"https:\/\/larevistadigital.com.ar\/blog\/category\/politica\/"},"img":{"alt_text":"","src":"https:\/\/i0.wp.com\/larevistadigital.com.ar\/blog\/wp-content\/uploads\/2018\/02\/guardavida_14dediciembrede2016_elfuerte.jpg?fit=712%2C403&ssl=1&resize=350%2C200","width":350,"height":200,"srcset":"https:\/\/i0.wp.com\/larevistadigital.com.ar\/blog\/wp-content\/uploads\/2018\/02\/guardavida_14dediciembrede2016_elfuerte.jpg?fit=712%2C403&ssl=1&resize=350%2C200 1x, https:\/\/i0.wp.com\/larevistadigital.com.ar\/blog\/wp-content\/uploads\/2018\/02\/guardavida_14dediciembrede2016_elfuerte.jpg?fit=712%2C403&ssl=1&resize=525%2C300 1.5x, https:\/\/i0.wp.com\/larevistadigital.com.ar\/blog\/wp-content\/uploads\/2018\/02\/guardavida_14dediciembrede2016_elfuerte.jpg?fit=712%2C403&ssl=1&resize=700%2C400 2x"},"classes":[]},{"id":24232,"url":"https:\/\/larevistadigital.com.ar\/blog\/mar-del-plata-un-motociclista-en-grave-estado-luego-de-chocar-contra-un-auto\/","url_meta":{"origin":8962,"position":5},"title":"MAR DEL PLATA: UN MOTOCICLISTA EN GRAVE ESTADO LUEGO DE CHOCAR CONTRA UN AUTO","author":"Alejandro Sosa Ruda","date":"27 febrero, 2022","format":false,"excerpt":"El joven, de 22 a\u00f1os se encuentra en terapia intensiva del Hospital Interzonal, mientras que su acompa\u00f1ante, una mujer de 24 a\u00f1os, tambi\u00e9n est\u00e1 internada, pero estable. El hecho ocurri\u00f3 esta madrugada en Independencia y Garay. MAR DEL PLATA -\u00a0 Un\u00a0motociclista de 22 a\u00f1os\u00a0se encuentra internado en grave estado en\u2026","rel":"","context":"En \u00abPOLICIALES\u00bb","block_context":{"text":"POLICIALES","link":"https:\/\/larevistadigital.com.ar\/blog\/category\/policiales\/"},"img":{"alt_text":"","src":"https:\/\/i0.wp.com\/larevistadigital.com.ar\/blog\/wp-content\/uploads\/Captura-de-pantalla-2022-02-27-122414.jpg?fit=1011%2C490&ssl=1&resize=350%2C200","width":350,"height":200,"srcset":"https:\/\/i0.wp.com\/larevistadigital.com.ar\/blog\/wp-content\/uploads\/Captura-de-pantalla-2022-02-27-122414.jpg?fit=1011%2C490&ssl=1&resize=350%2C200 1x, https:\/\/i0.wp.com\/larevistadigital.com.ar\/blog\/wp-content\/uploads\/Captura-de-pantalla-2022-02-27-122414.jpg?fit=1011%2C490&ssl=1&resize=525%2C300 1.5x, https:\/\/i0.wp.com\/larevistadigital.com.ar\/blog\/wp-content\/uploads\/Captura-de-pantalla-2022-02-27-122414.jpg?fit=1011%2C490&ssl=1&resize=700%2C400 2x"},"classes":[]}],"_links":{"self":[{"href":"https:\/\/larevistadigital.com.ar\/blog\/wp-json\/wp\/v2\/posts\/8962","targetHints":{"allow":["GET"]}}],"collection":[{"href":"https:\/\/larevistadigital.com.ar\/blog\/wp-json\/wp\/v2\/posts"}],"about":[{"href":"https:\/\/larevistadigital.com.ar\/blog\/wp-json\/wp\/v2\/types\/post"}],"author":[{"embeddable":true,"href":"https:\/\/larevistadigital.com.ar\/blog\/wp-json\/wp\/v2\/users\/3"}],"replies":[{"embeddable":true,"href":"https:\/\/larevistadigital.com.ar\/blog\/wp-json\/wp\/v2\/comments?post=8962"}],"version-history":[{"count":1,"href":"https:\/\/larevistadigital.com.ar\/blog\/wp-json\/wp\/v2\/posts\/8962\/revisions"}],"predecessor-version":[{"id":8964,"href":"https:\/\/larevistadigital.com.ar\/blog\/wp-json\/wp\/v2\/posts\/8962\/revisions\/8964"}],"wp:featuredmedia":[{"embeddable":true,"href":"https:\/\/larevistadigital.com.ar\/blog\/wp-json\/wp\/v2\/media\/8963"}],"wp:attachment":[{"href":"https:\/\/larevistadigital.com.ar\/blog\/wp-json\/wp\/v2\/media?parent=8962"}],"wp:term":[{"taxonomy":"category","embeddable":true,"href":"https:\/\/larevistadigital.com.ar\/blog\/wp-json\/wp\/v2\/categories?post=8962"},{"taxonomy":"post_tag","embeddable":true,"href":"https:\/\/larevistadigital.com.ar\/blog\/wp-json\/wp\/v2\/tags?post=8962"}],"curies":[{"name":"wp","href":"https:\/\/api.w.org\/{rel}","templated":true}]}}