{"id":901,"date":"2017-03-10T02:12:22","date_gmt":"2017-03-10T02:12:22","guid":{"rendered":"https:\/\/larevistadigital.com.ar\/blog\/?p=901"},"modified":"2017-03-19T17:48:26","modified_gmt":"2017-03-19T17:48:26","slug":"la-pobreza-subio-al-33-primer-ano-del-gobierno-macri-segun-la-uca","status":"publish","type":"post","link":"https:\/\/larevistadigital.com.ar\/blog\/la-pobreza-subio-al-33-primer-ano-del-gobierno-macri-segun-la-uca\/","title":{"rendered":"La pobreza subi\u00f3 al 33% durante el primer a\u00f1o del gobierno de Macri, seg\u00fan la UCA"},"content":{"rendered":"<h2><strong><em>Fue anunciado en un informe elaborado por el Observatorio de la Deuda Social Argentina de la Universidad Cat\u00f3lica Argentina.<\/em><\/strong><\/h2>\n<p><strong><em>\u00abLa tasa de pobreza ascendi\u00f3 de 29 por ciento a fines de 2015 a 32,9 en el tercer trimestre de 2016, lo cual significar\u00eda un aumento de 1,5 millones de nuevos pobres (cerca de 13 millones de personas por debajo de la l\u00ednea de pobreza). Estos niveles ser\u00edan los m\u00e1s altos de los registrados desde 2010 a la fecha\u00bb<\/em><\/strong>, As\u00ed lo indica el informe conocido este mediod\u00eda \u00a0que analiz\u00f3 la situaci\u00f3n hasta septiembre del a\u00f1o pasado.<\/p>\n<p>Tambi\u00e9n asegura que los niveles actuales de pobreza <strong><em>\u00abse asemejan a escenarios como los de 1983, 1987, 1994 o 2009\u00bb<\/em><\/strong>, agregando que <strong><em>\u00abla actual coyuntura parece remitir a procesos recesivos generadas por efectos de crisis financieras como la del &#8216;Tequila&#8217; o din\u00e1micas inflacionarias post-devaluaci\u00f3n como en los &#8217;80 o en 2014\u00bb.<\/em><\/strong><\/p>\n<blockquote><p><strong>Un informe preliminar presentado a principios del a\u00f1o pasado ya hab\u00eda proyectado una\u00a0<a href=\"http:\/\/www.infobae.com\/economia\/2016\/08\/11\/duro-informe-de-la-uca-crecio-la-pobreza-por-las-medidas\">pobreza del 32,6%<\/a>\u00a0en abril del a\u00f1o pasado, con lo cual evidencia que la mayor cantidad de nuevos pobres se cre\u00f3 durante el primer trimestre de 2016 y se mantuvo durante el a\u00f1o.<\/strong><\/p><\/blockquote>\n<p>El Informe culmina afirmando que durante el per\u00edodo del Bicentenario <strong><em>\u00ablos indicadores laborales muestran la persistencia de la pobreza y desigualdades estructurales\u00bb <\/em><\/strong>y que<strong><em> \u00abtodav\u00eda estamos lejos de garantizar los derechos m\u00ednimos de inclusi\u00f3n social para una parte importante de la sociedad\u00bb.<\/em><\/strong><\/p>\n<p>&nbsp;<\/p>\n","protected":false},"excerpt":{"rendered":"<div class=\"mh-excerpt\"><p>Fue anunciado en un informe elaborado por el Observatorio de la Deuda Social Argentina de la Universidad Cat\u00f3lica Argentina. \u00abLa tasa de pobreza ascendi\u00f3 de 29 por ciento a fines de 2015 a 32,9 en <a class=\"mh-excerpt-more\" href=\"https:\/\/larevistadigital.com.ar\/blog\/la-pobreza-subio-al-33-primer-ano-del-gobierno-macri-segun-la-uca\/\" title=\"La pobreza subi\u00f3 al 33% durante el primer a\u00f1o del gobierno de Macri, seg\u00fan la UCA\">[Leer M\u00e1s]<\/a><\/p>\n<\/div>","protected":false},"author":3,"featured_media":906,"comment_status":"open","ping_status":"open","sticky":false,"template":"","format":"standard","meta":{"_jetpack_memberships_contains_paid_content":false,"footnotes":"","jetpack_publicize_message":"","jetpack_publicize_feature_enabled":true,"jetpack_social_post_already_shared":true,"jetpack_social_options":{"image_generator_settings":{"template":"highway","default_image_id":0,"font":"","enabled":false},"version":2}},"categories":[12,25],"tags":[],"class_list":{"0":"post-901","1":"post","2":"type-post","3":"status-publish","4":"format-standard","5":"has-post-thumbnail","7":"category-politica","8":"category-politica-nacional"},"jetpack_publicize_connections":[],"jetpack_featured_media_url":"https:\/\/i0.wp.com\/larevistadigital.com.ar\/blog\/wp-content\/uploads\/2017\/03\/66e8cb5aa1efc14aa22f1b98edea787e.jpg?fit=700%2C512&ssl=1","jetpack_sharing_enabled":true,"jetpack_shortlink":"https:\/\/wp.me\/p8qtrQ-ex","jetpack-related-posts":[{"id":38155,"url":"https:\/\/larevistadigital.com.ar\/blog\/la-pobreza-afecta-al-499-de-los-argentinos-en-el-tercer-trimestre\/","url_meta":{"origin":901,"position":0},"title":"La pobreza afecta al 49,9% de los argentinos en el tercer trimestre","author":"Alejandro Sosa Ruda","date":"6 diciembre, 2024","format":false,"excerpt":"De acuerdo con estimaciones del Observatorio de la Deuda Social de la Universidad Cat\u00f3lica Argentina (ODSA-UCA), la pobreza en Argentina alcanz\u00f3 al 49,9% de la poblaci\u00f3n y la indigencia al 12,3% durante el tercer trimestre de 2024. 06 de Diciembre de 2024 BUENOS AIRES -\u00a0 La pobreza infantil registr\u00f3 un\u2026","rel":"","context":"En \u00abINTERES GENERAL\u00bb","block_context":{"text":"INTERES GENERAL","link":"https:\/\/larevistadigital.com.ar\/blog\/category\/interes-general\/"},"img":{"alt_text":"","src":"https:\/\/i0.wp.com\/larevistadigital.com.ar\/blog\/wp-content\/uploads\/20241206183932_pobreza-tercer-trimestre-uca-odsa.jpg?fit=880%2C512&ssl=1&resize=350%2C200","width":350,"height":200,"srcset":"https:\/\/i0.wp.com\/larevistadigital.com.ar\/blog\/wp-content\/uploads\/20241206183932_pobreza-tercer-trimestre-uca-odsa.jpg?fit=880%2C512&ssl=1&resize=350%2C200 1x, https:\/\/i0.wp.com\/larevistadigital.com.ar\/blog\/wp-content\/uploads\/20241206183932_pobreza-tercer-trimestre-uca-odsa.jpg?fit=880%2C512&ssl=1&resize=525%2C300 1.5x, https:\/\/i0.wp.com\/larevistadigital.com.ar\/blog\/wp-content\/uploads\/20241206183932_pobreza-tercer-trimestre-uca-odsa.jpg?fit=880%2C512&ssl=1&resize=700%2C400 2x"},"classes":[]},{"id":1109,"url":"https:\/\/larevistadigital.com.ar\/blog\/con-la-presencia-del-jefe-de-gabinete-el-22-de-marzo-reinicia-la-actividad-parlamentaria\/","url_meta":{"origin":901,"position":1},"title":"Con la presencia del jefe de Gabinete el 22 de marzo reinicia la actividad parlamentaria","author":"editor","date":"13 marzo, 2017","format":false,"excerpt":"Marcar\u00e1 el inicio del a\u00f1o parlamentario y reavivar\u00e1 el debate pol\u00edtico, a partir del balance que realice el funcionario y las preguntas que le formulen los diputados, que estar\u00e1n centradas en pol\u00edtica tarifaria, pobreza y la pol\u00e9mica por el Correo Argentino y Avianca, entre otras cuestiones. Si bien antes habr\u00e1\u2026","rel":"","context":"En \u00abPOLITICA\u00bb","block_context":{"text":"POLITICA","link":"https:\/\/larevistadigital.com.ar\/blog\/category\/politica\/"},"img":{"alt_text":"","src":"https:\/\/i0.wp.com\/larevistadigital.com.ar\/blog\/wp-content\/uploads\/2017\/03\/57eb94ed3c136_645x362.jpg?fit=645%2C362&ssl=1&resize=350%2C200","width":350,"height":200,"srcset":"https:\/\/i0.wp.com\/larevistadigital.com.ar\/blog\/wp-content\/uploads\/2017\/03\/57eb94ed3c136_645x362.jpg?fit=645%2C362&ssl=1&resize=350%2C200 1x, https:\/\/i0.wp.com\/larevistadigital.com.ar\/blog\/wp-content\/uploads\/2017\/03\/57eb94ed3c136_645x362.jpg?fit=645%2C362&ssl=1&resize=525%2C300 1.5x"},"classes":[]},{"id":28257,"url":"https:\/\/larevistadigital.com.ar\/blog\/28257-2\/","url_meta":{"origin":901,"position":2},"title":"BAH\u00cdA BLANCA: UNA NOTA QUE DESNUDA LO QUE A VECES SE QUIERE ESCONDER","author":"Alejandro Sosa Ruda","date":"4 octubre, 2022","format":false,"excerpt":"Una interesante y valiente investigaci\u00f3n en la que trabajaron en el informe las doctoras en Econom\u00eda Mar\u00eda Emma Santos y Mar\u00eda Marta Formichella. Walter Gullaci del medio \"La Nueva\" decidi\u00f3 publicarla donde se muestran conclusiones que muchas veces se esconden bajo la alfombra. 03 de Octubre de 2022 BAH\u00cdA BLANCA\u2026","rel":"","context":"En \u00abREGIONALES\u00bb","block_context":{"text":"REGIONALES","link":"https:\/\/larevistadigital.com.ar\/blog\/category\/regionales\/"},"img":{"alt_text":"","src":"https:\/\/i0.wp.com\/larevistadigital.com.ar\/blog\/wp-content\/uploads\/nota-la-nueva.jpg?fit=800%2C392&ssl=1&resize=350%2C200","width":350,"height":200,"srcset":"https:\/\/i0.wp.com\/larevistadigital.com.ar\/blog\/wp-content\/uploads\/nota-la-nueva.jpg?fit=800%2C392&ssl=1&resize=350%2C200 1x, https:\/\/i0.wp.com\/larevistadigital.com.ar\/blog\/wp-content\/uploads\/nota-la-nueva.jpg?fit=800%2C392&ssl=1&resize=525%2C300 1.5x, https:\/\/i0.wp.com\/larevistadigital.com.ar\/blog\/wp-content\/uploads\/nota-la-nueva.jpg?fit=800%2C392&ssl=1&resize=700%2C400 2x"},"classes":[]},{"id":12474,"url":"https:\/\/larevistadigital.com.ar\/blog\/federico-pinedo-visito-chascomus-y-mantuvo-un-encuentro-con-santiago-dos-santos\/","url_meta":{"origin":901,"position":3},"title":"FEDERICO PINEDO VISIT\u00d3 CHASCOM\u00daS Y MANTUVO UN ENCUENTRO CON SANTIAGO DOS SANTOS","author":"Alejandro Sosa Ruda","date":"6 octubre, 2019","format":false,"excerpt":"El pasado viernes visit\u00f3 Chascom\u00fas el Senador Nacional de Juntos por el Cambio Federico Pinedo, quien mantuvo un encuentro con el candidato a Intendente, Santiago Dos Santos, y con otros candidatos de la lista de concejales que encabeza Alejandro Bartoletti y de consejeros escolares que propone a Luc\u00eda Tejo en\u2026","rel":"","context":"En \u00abINTERES GENERAL\u00bb","block_context":{"text":"INTERES GENERAL","link":"https:\/\/larevistadigital.com.ar\/blog\/category\/interes-general\/"},"img":{"alt_text":"","src":"https:\/\/i0.wp.com\/larevistadigital.com.ar\/blog\/wp-content\/uploads\/dosanto_06deoctubrede2019_elfuerte.jpg?fit=737%2C415&ssl=1&resize=350%2C200","width":350,"height":200,"srcset":"https:\/\/i0.wp.com\/larevistadigital.com.ar\/blog\/wp-content\/uploads\/dosanto_06deoctubrede2019_elfuerte.jpg?fit=737%2C415&ssl=1&resize=350%2C200 1x, https:\/\/i0.wp.com\/larevistadigital.com.ar\/blog\/wp-content\/uploads\/dosanto_06deoctubrede2019_elfuerte.jpg?fit=737%2C415&ssl=1&resize=525%2C300 1.5x, https:\/\/i0.wp.com\/larevistadigital.com.ar\/blog\/wp-content\/uploads\/dosanto_06deoctubrede2019_elfuerte.jpg?fit=737%2C415&ssl=1&resize=700%2C400 2x"},"classes":[]},{"id":3636,"url":"https:\/\/larevistadigital.com.ar\/blog\/macri-aseguro-pretende-acabar-los-privilegios\/","url_meta":{"origin":901,"position":4},"title":"MACRI ASEGUR\u00d3 QUE PRETENDE ACABAR CON LOS PRIVILEGIOS","author":"Alejandro Sosa Ruda","date":"30 octubre, 2017","format":false,"excerpt":"ANUNCI\u00d3 UNA SERIE DE REFORMAS EN DISTINTOS SECTORES El presidente\u00a0Mauricio Macri present\u00f3 hoy su plan de \"consensos b\u00e1sicos\"\u00a0en el Centro Cultural Kirchner (CCK). B\u00e1sicamente, es una serie de reformas de \u00f3rdenes\u00a0tributario, previsional y laboral\u00a0que apuntan a\u00a0reducir el d\u00e9ficit fiscal, uno de los desaf\u00edos fundamentales del Gobierno. As\u00ed pues, ante m\u00e1s\u2026","rel":"","context":"En \u00abPOLITICA\u00bb","block_context":{"text":"POLITICA","link":"https:\/\/larevistadigital.com.ar\/blog\/category\/politica\/"},"img":{"alt_text":"","src":"https:\/\/i0.wp.com\/larevistadigital.com.ar\/blog\/wp-content\/uploads\/2017\/10\/tumblr_oyn96zI9w61rf9hn3o1_1280-1.jpg?fit=992%2C728&ssl=1&resize=350%2C200","width":350,"height":200,"srcset":"https:\/\/i0.wp.com\/larevistadigital.com.ar\/blog\/wp-content\/uploads\/2017\/10\/tumblr_oyn96zI9w61rf9hn3o1_1280-1.jpg?fit=992%2C728&ssl=1&resize=350%2C200 1x, https:\/\/i0.wp.com\/larevistadigital.com.ar\/blog\/wp-content\/uploads\/2017\/10\/tumblr_oyn96zI9w61rf9hn3o1_1280-1.jpg?fit=992%2C728&ssl=1&resize=525%2C300 1.5x, https:\/\/i0.wp.com\/larevistadigital.com.ar\/blog\/wp-content\/uploads\/2017\/10\/tumblr_oyn96zI9w61rf9hn3o1_1280-1.jpg?fit=992%2C728&ssl=1&resize=700%2C400 2x"},"classes":[]},{"id":12203,"url":"https:\/\/larevistadigital.com.ar\/blog\/graciela-camano-visito-dolores\/","url_meta":{"origin":901,"position":5},"title":"GRACIELA CAMA\u00d1O VISIT\u00d3 DOLORES","author":"Alejandro Sosa Ruda","date":"21 septiembre, 2019","format":false,"excerpt":"La Diputada Nacional Graciela Cama\u00f1o visit\u00f3 ayer nuestra ciudad, ofreciendo en el local partidario de Consenso Federal una conferencia de prensa para los medios locales. Milena Su\u00e1rez, dirigente local del sector, le dio la bienvenida a la legisladora y al candidato a diputado nacional por la provincia de Buenos Aires,\u2026","rel":"","context":"En \u00abDOLORES\u00bb","block_context":{"text":"DOLORES","link":"https:\/\/larevistadigital.com.ar\/blog\/category\/dolores\/"},"img":{"alt_text":"","src":"https:\/\/i0.wp.com\/larevistadigital.com.ar\/blog\/wp-content\/uploads\/Cama%C3%B1o5-660x330.jpg?fit=660%2C330&ssl=1&resize=350%2C200","width":350,"height":200,"srcset":"https:\/\/i0.wp.com\/larevistadigital.com.ar\/blog\/wp-content\/uploads\/Cama%C3%B1o5-660x330.jpg?fit=660%2C330&ssl=1&resize=350%2C200 1x, https:\/\/i0.wp.com\/larevistadigital.com.ar\/blog\/wp-content\/uploads\/Cama%C3%B1o5-660x330.jpg?fit=660%2C330&ssl=1&resize=525%2C300 1.5x"},"classes":[]}],"_links":{"self":[{"href":"https:\/\/larevistadigital.com.ar\/blog\/wp-json\/wp\/v2\/posts\/901","targetHints":{"allow":["GET"]}}],"collection":[{"href":"https:\/\/larevistadigital.com.ar\/blog\/wp-json\/wp\/v2\/posts"}],"about":[{"href":"https:\/\/larevistadigital.com.ar\/blog\/wp-json\/wp\/v2\/types\/post"}],"author":[{"embeddable":true,"href":"https:\/\/larevistadigital.com.ar\/blog\/wp-json\/wp\/v2\/users\/3"}],"replies":[{"embeddable":true,"href":"https:\/\/larevistadigital.com.ar\/blog\/wp-json\/wp\/v2\/comments?post=901"}],"version-history":[{"count":1,"href":"https:\/\/larevistadigital.com.ar\/blog\/wp-json\/wp\/v2\/posts\/901\/revisions"}],"predecessor-version":[{"id":905,"href":"https:\/\/larevistadigital.com.ar\/blog\/wp-json\/wp\/v2\/posts\/901\/revisions\/905"}],"wp:featuredmedia":[{"embeddable":true,"href":"https:\/\/larevistadigital.com.ar\/blog\/wp-json\/wp\/v2\/media\/906"}],"wp:attachment":[{"href":"https:\/\/larevistadigital.com.ar\/blog\/wp-json\/wp\/v2\/media?parent=901"}],"wp:term":[{"taxonomy":"category","embeddable":true,"href":"https:\/\/larevistadigital.com.ar\/blog\/wp-json\/wp\/v2\/categories?post=901"},{"taxonomy":"post_tag","embeddable":true,"href":"https:\/\/larevistadigital.com.ar\/blog\/wp-json\/wp\/v2\/tags?post=901"}],"curies":[{"name":"wp","href":"https:\/\/api.w.org\/{rel}","templated":true}]}}