{"id":9150,"date":"2019-03-17T15:25:15","date_gmt":"2019-03-17T15:25:15","guid":{"rendered":"https:\/\/larevistadigital.com.ar\/blog\/?p=9150"},"modified":"2019-03-17T15:25:15","modified_gmt":"2019-03-17T15:25:15","slug":"el-ranking-de-los-11-431-pasajes-que-canjearon-72-senadores-durante-2018","status":"publish","type":"post","link":"https:\/\/larevistadigital.com.ar\/blog\/el-ranking-de-los-11-431-pasajes-que-canjearon-72-senadores-durante-2018\/","title":{"rendered":"EL RANKING DE LOS 11.431 PASAJES QUE CANJEARON 72 SENADORES DURANTE 2018"},"content":{"rendered":"<h2><em>Al parecer para estas cuestiones, no hay diferencias de grietas, partidos ni g\u00e9nero. Peronistas, macristas, radicales y kirchneristas cambiaron tickets que no utilizaron por dinero, en una pr\u00e1ctica transversal de la que no se brinda informaci\u00f3n oficial. Nueve senadores canjearon todos sus pasajes y se llevaron cerca de un mill\u00f3n de pesos de sobresueldo<\/em><\/h2>\n<p>Lo primero que aclaramos, es que este informe es publicado el d\u00eda de hoy por el portal de noticias INFOBAE, y muestra a las claras que cuando la falta de escr\u00fapulos es general, todos miran para otro lado, y eligen el silencio como manera de autoayuda.<\/p>\n<blockquote>\n<h3>\u00bfCon qu\u00e9 cara, muchos de estos personajes van a inundar los medios de comunicaci\u00f3n, sobre todo este a\u00f1o pol\u00edtico, pidiendo esfuerzos a la gente, o criticando a quienes est\u00e1n o se fueron? A nuestro criterio este \u00abmodus operandi\u00bb legal, pero inmoral en el que incurren algunos de estos personajes, es como m\u00ednimo vergonzoso.<\/h3>\n<\/blockquote>\n<p>La investigaci\u00f3n de Infobae, asegura que:<em><strong> \u00abLos senadores nacionales canjearon el a\u00f1o pasado 8.375 tickets a\u00e9reos y 3.056 terrestres, un total de\u00a011.431 pasajes que les entreg\u00f3 la C\u00e1mara alta para trasladarse por el pa\u00eds pero que prefirieron cambiar por efectivo, aprovechando el beneficio del curioso sistema que rige en el Senado Nacional y les permite sumar hasta $91.140.- de sobresueldo\u00bb<\/strong><\/em>.<\/p>\n<p>La investigaci\u00f3n, contin\u00faa diciendo que <em><strong>\u00abCada senador recibe 20 pasajes de avi\u00f3n y otros 20 de \u00f3mnibus al mes para viajar al destino de cabotaje que desee. Los puede utilizar personalmente o d\u00e1rselos a un asesor, familiar o amigo. Hay quien se lo otorga a alg\u00fan militante o allegado de su distrito que necesita viajar y no tiene dinero. Pero muchos prefieren canjearlos por dinero en efectivo y complementar los $184.504,35\u00a0($126.600,49 netos) que perciben como salario mensual\u00bb.<\/strong><\/em><\/p>\n<div class=\"row pb-content-type-text\">\n<div class=\"col-xs-12 col-print-12\">\n<p class=\"element element-paragraph\">Luego, dice que <strong><em>\u00abDe acuerdo a la reglamentaci\u00f3n, se pueden canjear la totalidad de los pasajes de avi\u00f3n pero s\u00f3lo la mitad de los terrestres. En total, son entonces 360 tickets\u00a0(240 a\u00e9reos y 120 terrestres) que pueden transformarse en cash cada a\u00f1o.\u00a0Nueve senadores lo hicieron en 2018\u00bb<\/em>.<\/strong><\/p>\n<\/div>\n<\/div>\n<div class=\"row pb-content-type-text\">\n<div class=\"col-xs-12 col-print-12\">\n<blockquote>\n<h3 class=\"element element-paragraph\">Sin grietas, a pura transversalidad, quedaron a la cabeza del ranking: el jefe del bloque del Frente para la Victoria,\u00a0<strong>Marcelo Fuentes<\/strong>; figuras destacadas del PRO como\u00a0<strong>Federico Pinedo<\/strong>\u00a0y<strong>\u00a0Gladys Gonz\u00e1lez<\/strong>; los peronistas\u00a0<strong>Omar Perotti<\/strong>,\u00a0<strong>Carlos Reutemann<\/strong>,\u00a0<strong>Jos\u00e9 U\u00f1ac<\/strong>\u00a0y\u00a0<strong>Daniel Lovera<\/strong>, el radical\u00a0<strong>Juan Carlos Marino<\/strong>\u00a0y la representante del MPN neuquino\u00a0<strong>Lucila Crexell, informa INFOBAE<\/strong><\/h3>\n<\/blockquote>\n<div class=\"row pb-content-type-text\">\n<div class=\"col-xs-12 col-print-12\">\n<figure id=\"attachment_9151\" aria-describedby=\"caption-attachment-9151\" style=\"width: 869px\" class=\"wp-caption aligncenter\"><a href=\"https:\/\/i0.wp.com\/larevistadigital.com.ar\/blog\/wp-content\/uploads\/2019\/03\/Screenshot_3-3.jpg?ssl=1\"><img data-recalc-dims=\"1\" loading=\"lazy\" decoding=\"async\" class=\"size-full wp-image-9151\" src=\"https:\/\/i0.wp.com\/larevistadigital.com.ar\/blog\/wp-content\/uploads\/2019\/03\/Screenshot_3-3.jpg?resize=869%2C674&#038;ssl=1\" alt=\"\" width=\"869\" height=\"674\" srcset=\"https:\/\/i0.wp.com\/larevistadigital.com.ar\/blog\/wp-content\/uploads\/2019\/03\/Screenshot_3-3.jpg?w=869&amp;ssl=1 869w, https:\/\/i0.wp.com\/larevistadigital.com.ar\/blog\/wp-content\/uploads\/2019\/03\/Screenshot_3-3.jpg?resize=300%2C233&amp;ssl=1 300w, https:\/\/i0.wp.com\/larevistadigital.com.ar\/blog\/wp-content\/uploads\/2019\/03\/Screenshot_3-3.jpg?resize=768%2C596&amp;ssl=1 768w\" sizes=\"auto, (max-width: 869px) 100vw, 869px\" \/><\/a><figcaption id=\"caption-attachment-9151\" class=\"wp-caption-text\"><strong>RANKING CANJES POR SENADORES<\/strong><\/figcaption><\/figure>\n<p class=\"element element-paragraph\">El portal, comenta que <em><strong>\u00abel valor de canje de cada pasaje a\u00e9reo fue de $3.401 durante los primeros cinco meses de 2018 y luego aument\u00f3 a\u00a0$4.437.\u00a0Pero nada obliga a canjear los pasajes durante el mes en que se otorgan. Se pueden acumular y cambiarlos todos a fin de a\u00f1o, al valor de ese momento. Los pasajes terrestres, en cambio, se canjean hace a\u00f1os por\u00a0$240 cada uno\u00bb<\/strong><\/em>.<\/p>\n<\/div>\n<\/div>\n<div class=\"row pb-content-type-text\">\n<div class=\"col-xs-12 col-print-12\">\n<blockquote>\n<h3 class=\"element element-paragraph\">As\u00ed, seg\u00fan en que mes del a\u00f1o hayan hecho el tr\u00e1mite, los nueve senadores que lideraron el ranking\u00a0<strong>se llevaron en 2018 entre $990.080 y $1.093.680 de sobresueldo.<\/strong><\/h3>\n<\/blockquote>\n<\/div>\n<\/div>\n<div class=\"row pb-content-type-text\">\n<div class=\"col-xs-12 col-print-12\">\n<blockquote>\n<h3 class=\"element element-paragraph\">Pero el beneficio no se acaba con los senadores. Tambi\u00e9n reciben igual cantidad de pasajes las autoridades administrativas de la C\u00e1mara y de los bloques. Dos de ellas tambi\u00e9n canjearon sus 360 pasajes del a\u00f1o pasado por dinero: el prosecretario de bloque radical\u00a0<strong>N\u00e9stor Righetti<\/strong>\u00a0y el del PJ,\u00a0<strong>Lautaro Carignan<\/strong>.<\/h3>\n<\/blockquote>\n<\/div>\n<\/div>\n<div class=\"row pb-content-type-text\">\n<div class=\"col-xs-12 col-print-12\">\n<p class=\"element element-paragraph\">Contin\u00faa afirmando que <strong><em>\u00abotros tres senadores canjearon por efectivo todos sus pasajes a\u00e9reos \u2013que son los que otorgan, por lejos, el principal beneficio econ\u00f3mico- pero utilizaron o decidieron no canjear una parte o el total de los terrestres:\u00a0los peronistas\u00a0Miguel \u00c1ngel Pichetto,\u00a0Jos\u00e9 Mayans\u00a0y\u00a0Eduardo Aguilar\u00bb<\/em>. <\/strong>Unos pocos escalones debajo en el ranking, pero con una importante cantidad de pasajes canjeados, se ubicaron otros pesos pesados de la C\u00e1mara como\u00a0<strong>Fernando \u00abPino\u00bb Solanas<\/strong>(canje\u00f3 224 pasajes a\u00e9reos),<strong>\u00a0Adolfo Rodr\u00edguez Sa\u00e1<\/strong>\u00a0(210),\u00a0<strong>Rodolfo Urtubey<\/strong>\u00a0(188) y\u00a0<strong>Maurice Closs<\/strong>\u00a0(170).<\/p>\n<blockquote>\n<figure id=\"attachment_9152\" aria-describedby=\"caption-attachment-9152\" style=\"width: 848px\" class=\"wp-caption aligncenter\"><a href=\"https:\/\/i0.wp.com\/larevistadigital.com.ar\/blog\/wp-content\/uploads\/2019\/03\/Screenshot_4.jpg?ssl=1\"><img data-recalc-dims=\"1\" loading=\"lazy\" decoding=\"async\" class=\"size-full wp-image-9152\" src=\"https:\/\/i0.wp.com\/larevistadigital.com.ar\/blog\/wp-content\/uploads\/2019\/03\/Screenshot_4.jpg?resize=848%2C528&#038;ssl=1\" alt=\"\" width=\"848\" height=\"528\" srcset=\"https:\/\/i0.wp.com\/larevistadigital.com.ar\/blog\/wp-content\/uploads\/2019\/03\/Screenshot_4.jpg?w=848&amp;ssl=1 848w, https:\/\/i0.wp.com\/larevistadigital.com.ar\/blog\/wp-content\/uploads\/2019\/03\/Screenshot_4.jpg?resize=300%2C187&amp;ssl=1 300w, https:\/\/i0.wp.com\/larevistadigital.com.ar\/blog\/wp-content\/uploads\/2019\/03\/Screenshot_4.jpg?resize=768%2C478&amp;ssl=1 768w\" sizes=\"auto, (max-width: 848px) 100vw, 848px\" \/><\/a><figcaption id=\"caption-attachment-9152\" class=\"wp-caption-text\"><strong>INGRESOS DE UN SENADOR<\/strong><\/figcaption><\/figure>\n<h3>Unos pocos escalones debajo en el ranking, pero con una importante cantidad de pasajes canjeados, se ubicaron otros pesos pesados de la C\u00e1mara como\u00a0<strong>Fernando \u00abPino\u00bb Solanas<\/strong>(canje\u00f3 224 pasajes a\u00e9reos),<strong>\u00a0Adolfo Rodr\u00edguez Sa\u00e1<\/strong>\u00a0(210),\u00a0<strong>Rodolfo Urtubey<\/strong>\u00a0(188) y\u00a0<strong>Maurice Closs<\/strong>\u00a0(170).<\/h3>\n<\/blockquote>\n<div class=\"row pb-content-type-text\">\n<div class=\"col-xs-12 col-print-12\">\n<p class=\"element element-paragraph\">Como se puede comprobar en las tablas de canjes de pasajes a\u00e9reos y terrestres que se publican al final de esta nota, fueron\u00a0<strong>cincuenta<\/strong>\u00a0los legisladores que usufructuaron de este sistema durante 2018. En cambio, los ex presidentes\u00a0<strong>Cristina Fern\u00e1ndez de Kirchner<\/strong>\u00a0y\u00a0<strong>Carlos Menem<\/strong>; el ex vicepresidente\u00a0<strong>Julio Cobos<\/strong>\u00a0y los ex gobernadores\u00a0<strong>Juan Carlos Romero<\/strong>,\u00a0<strong>Jos\u00e9 Alperovich<\/strong>\u00a0y\u00a0<strong>Claudio Poggi<\/strong>\u00a0se encuentran entre los\u00a0<strong>22 senadores que no canjearon ning\u00fan pasaje.\u00a0<\/strong>Aun as\u00ed, es imposible saber si los utilizaron para trasladarse por su trabajo, para un viaje de placer, se lo dieron a otra persona o simplemente decidieron ni usarlos ni canjearlos.<\/p>\n<\/div>\n<\/div>\n<div class=\"row pb-content-type-text\">\n<div class=\"col-xs-12 col-print-12\">\n<blockquote>\n<h3 class=\"element element-paragraph\">Todo lo referente a los canjes de pasajes en el Congreso Nacional se ha manejado durante d\u00e9cadas con\u00a0<strong>total hermetismo<\/strong>, lejos del escrutinio p\u00fablico. El a\u00f1o pasado, luego de que <strong>Infobae<\/strong> publicara una serie de notas sobre el dinero que se llevaban diputados y senadores las autoridades de ambas c\u00e1maras prometieron acabar con el particular sistema. Los diputados lo hicieron con\u00a0<strong>un abracadabra<\/strong>\u00a0que les permiti\u00f3 sumar la mayor parte de lo que antes se llevaban por canje directamente al salario de bolsillo, como \u00ab<strong>gastos de movilidad\u00bb<\/strong>.<\/h3>\n<\/blockquote>\n<\/div>\n<\/div>\n<div class=\"row pb-content-type-text\">\n<div class=\"col-xs-12 col-print-12\">\n<p class=\"element element-paragraph\">En el Senado se intent\u00f3 algo similar, pero result\u00f3 m\u00e1s complejo. El valor del canje en esa c\u00e1mara creci\u00f3 tanto en los \u00faltimos a\u00f1os que ya representa un\u00a0<strong>sobresueldo sustancial<\/strong>\u00a0para los senadores (hasta un 72% para quienes canjean todos sus pasajes). Algunos jefes de bancada interpretaron que no era el momento propicio para otorgarse un \u00ab<strong>salariazo<\/strong>\u00bb incorporando semejante adicional a sus dietas.<strong> Entonces todo sigui\u00f3 igual, aunque se ajustaron a\u00fan las tuercas para que\u00a0no trascendiera ninguna informaci\u00f3n: desde el a\u00f1o pasado, los expedientes administrativos de los canjes pasaron a subirse a la web\u00a0sin el nombre del senador solicitante.<\/strong><\/p>\n<\/div>\n<\/div>\n<div class=\"row pb-content-type-text\">\n<div class=\"col-xs-12 col-print-12\">\n<p class=\"element element-paragraph\">Fue en vano el pedido ante la Oficina de Transparencia y Acceso a la Informaci\u00f3n P\u00fablica de la C\u00e1mara alta y tampoco hubo respuesta positiva ante un amparo judicial. Finalmente,\u00a0<strong>Infobae<\/strong>\u00a0logr\u00f3 acceder a trav\u00e9s de fuentes del Senado a la informaci\u00f3n que circulaba reservadamente por sus despachos y que los senadores no quer\u00edan que se conociera.<\/p>\n<\/div>\n<\/div>\n<\/div>\n<\/div>\n<\/div>\n<\/div>\n","protected":false},"excerpt":{"rendered":"<div class=\"mh-excerpt\"><p>Al parecer para estas cuestiones, no hay diferencias de grietas, partidos ni g\u00e9nero. Peronistas, macristas, radicales y kirchneristas cambiaron tickets que no utilizaron por dinero, en una pr\u00e1ctica transversal de la que no se brinda <a class=\"mh-excerpt-more\" href=\"https:\/\/larevistadigital.com.ar\/blog\/el-ranking-de-los-11-431-pasajes-que-canjearon-72-senadores-durante-2018\/\" title=\"EL RANKING DE LOS 11.431 PASAJES QUE CANJEARON 72 SENADORES DURANTE 2018\">[Leer M\u00e1s]<\/a><\/p>\n<\/div>","protected":false},"author":3,"featured_media":9154,"comment_status":"open","ping_status":"open","sticky":false,"template":"","format":"standard","meta":{"_jetpack_memberships_contains_paid_content":false,"footnotes":"","jetpack_publicize_message":"","jetpack_publicize_feature_enabled":true,"jetpack_social_post_already_shared":true,"jetpack_social_options":{"image_generator_settings":{"template":"highway","default_image_id":0,"font":"","enabled":false},"version":2}},"categories":[41],"tags":[],"class_list":{"0":"post-9150","1":"post","2":"type-post","3":"status-publish","4":"format-standard","5":"has-post-thumbnail","7":"category-destacadas"},"jetpack_publicize_connections":[],"jetpack_featured_media_url":"https:\/\/i0.wp.com\/larevistadigital.com.ar\/blog\/wp-content\/uploads\/2019\/03\/59eded209a5b5_750x498.jpg?fit=750%2C498&ssl=1","jetpack_sharing_enabled":true,"jetpack_shortlink":"https:\/\/wp.me\/p8qtrQ-2nA","jetpack-related-posts":[{"id":12907,"url":"https:\/\/larevistadigital.com.ar\/blog\/como-quedan-las-camaras-de-diputados-y-senadores-entra-a-la-nota-y-mira-quienes-fueron-electos\/","url_meta":{"origin":9150,"position":0},"title":"C\u00d3MO QUEDAN LAS C\u00c1MARAS DE DIPUTADOS Y SENADORES. ENTR\u00c1 A LA NOTA Y MIR\u00c1 QUIENES FUERON ELECTOS","author":"Alejandro Sosa Ruda","date":"28 octubre, 2019","format":false,"excerpt":"Diputados: el Frente de Todos necesitar\u00e1 de acuerdos con otras fuerzas para llegar al qu\u00f3rum Tras las elecciones de este domingo la C\u00e1mara baja quedar\u00e1 integrada por 122 diputados del interbloque Frente de Todos; 120 de Juntos por el Cambio; 7 de Consenso Federal y 2 de la Izquierda. El\u2026","rel":"","context":"En \u00abINTERES GENERAL\u00bb","block_context":{"text":"INTERES GENERAL","link":"https:\/\/larevistadigital.com.ar\/blog\/category\/interes-general\/"},"img":{"alt_text":"","src":"https:\/\/i0.wp.com\/larevistadigital.com.ar\/blog\/wp-content\/uploads\/5901c0dc789de_1004x565.jpg?fit=1004%2C565&ssl=1&resize=350%2C200","width":350,"height":200,"srcset":"https:\/\/i0.wp.com\/larevistadigital.com.ar\/blog\/wp-content\/uploads\/5901c0dc789de_1004x565.jpg?fit=1004%2C565&ssl=1&resize=350%2C200 1x, https:\/\/i0.wp.com\/larevistadigital.com.ar\/blog\/wp-content\/uploads\/5901c0dc789de_1004x565.jpg?fit=1004%2C565&ssl=1&resize=525%2C300 1.5x, https:\/\/i0.wp.com\/larevistadigital.com.ar\/blog\/wp-content\/uploads\/5901c0dc789de_1004x565.jpg?fit=1004%2C565&ssl=1&resize=700%2C400 2x"},"classes":[]},{"id":31290,"url":"https:\/\/larevistadigital.com.ar\/blog\/la-justicia-electoral-confirmo-la-fecha-de-las-paso-y-las-elecciones-generales\/","url_meta":{"origin":9150,"position":1},"title":"LA JUSTICIA ELECTORAL CONFIRM\u00d3 LA FECHA DE LAS PASO Y LAS ELECCIONES GENERALES","author":"Alejandro Sosa Ruda","date":"28 abril, 2023","format":false,"excerpt":"El Poder Ejecutivo oficializ\u00f3 con un decreto que convoca a las pr\u00f3ximas elecciones y confirm\u00f3 as\u00ed las fechas en que se llevar\u00e1 a cabo cada una. 28 de abril de 2023 El Gobierno nacional oficializ\u00f3 la\u00a0convocatoria del llamado a primarias abiertas, simult\u00e1neas y obligatorias (PASO) para el pr\u00f3ximo 13 de\u2026","rel":"","context":"En \u00abINTERES GENERAL\u00bb","block_context":{"text":"INTERES GENERAL","link":"https:\/\/larevistadigital.com.ar\/blog\/category\/interes-general\/"},"img":{"alt_text":"","src":"https:\/\/i0.wp.com\/larevistadigital.com.ar\/blog\/wp-content\/uploads\/1565387243851.jpg?fit=1200%2C594&ssl=1&resize=350%2C200","width":350,"height":200,"srcset":"https:\/\/i0.wp.com\/larevistadigital.com.ar\/blog\/wp-content\/uploads\/1565387243851.jpg?fit=1200%2C594&ssl=1&resize=350%2C200 1x, https:\/\/i0.wp.com\/larevistadigital.com.ar\/blog\/wp-content\/uploads\/1565387243851.jpg?fit=1200%2C594&ssl=1&resize=525%2C300 1.5x, https:\/\/i0.wp.com\/larevistadigital.com.ar\/blog\/wp-content\/uploads\/1565387243851.jpg?fit=1200%2C594&ssl=1&resize=700%2C400 2x, https:\/\/i0.wp.com\/larevistadigital.com.ar\/blog\/wp-content\/uploads\/1565387243851.jpg?fit=1200%2C594&ssl=1&resize=1050%2C600 3x"},"classes":[]},{"id":22644,"url":"https:\/\/larevistadigital.com.ar\/blog\/ganadores-de-las-elecciones-en-cada-provincia\/","url_meta":{"origin":9150,"position":2},"title":"DIPUTADOS\/SENADORES: GANADORES DE LAS ELECCIONES EN CADA PROVINCIA","author":"Alejandro Sosa Ruda","date":"15 noviembre, 2021","format":false,"excerpt":"Ac\u00e1 un informe donde est\u00e1n todos los ganadores de las elecciones en cada una de las provincias CANDIDATOS A DIPUTADOS BUENOS AIRES...............................................................................Juntos (37,99%) CABA..................................................................................................Juntos por el Cambio (48,19%) SANTA FE.........................................................................................Juntos por el Cambio (40,11%) C\u00d3RDOBA.......................................................................................Juntos por el Cambio (47,55%) MENDOZA.......................................................................................Frente Cambia Mendoza (43,02%) ENTRE RIOS.....................................................................................Juntos por Entre R\u00edos (51,78%) CATAMARCA...................................................................................Frente\u2026","rel":"","context":"En \u00abINTERES GENERAL\u00bb","block_context":{"text":"INTERES GENERAL","link":"https:\/\/larevistadigital.com.ar\/blog\/category\/interes-general\/"},"img":{"alt_text":"","src":"https:\/\/i0.wp.com\/larevistadigital.com.ar\/blog\/wp-content\/uploads\/5d814d93f59da4b525cb8165d822c261.jpg?fit=1200%2C898&ssl=1&resize=350%2C200","width":350,"height":200,"srcset":"https:\/\/i0.wp.com\/larevistadigital.com.ar\/blog\/wp-content\/uploads\/5d814d93f59da4b525cb8165d822c261.jpg?fit=1200%2C898&ssl=1&resize=350%2C200 1x, https:\/\/i0.wp.com\/larevistadigital.com.ar\/blog\/wp-content\/uploads\/5d814d93f59da4b525cb8165d822c261.jpg?fit=1200%2C898&ssl=1&resize=525%2C300 1.5x, https:\/\/i0.wp.com\/larevistadigital.com.ar\/blog\/wp-content\/uploads\/5d814d93f59da4b525cb8165d822c261.jpg?fit=1200%2C898&ssl=1&resize=700%2C400 2x, https:\/\/i0.wp.com\/larevistadigital.com.ar\/blog\/wp-content\/uploads\/5d814d93f59da4b525cb8165d822c261.jpg?fit=1200%2C898&ssl=1&resize=1050%2C600 3x"},"classes":[]},{"id":26224,"url":"https:\/\/larevistadigital.com.ar\/blog\/senadores-del-oficialismo-avanzan-en-el-proyecto-de-llevar-a-la-corte-suprema-a-25-miembros\/","url_meta":{"origin":9150,"position":3},"title":"SENADORES DEL OFICIALISMO AVANZAN EN EL PROYECTO DE LLEVAR A LA CORTE SUPREMA A 25 MIEMBROS","author":"Alejandro Sosa Ruda","date":"30 junio, 2022","format":false,"excerpt":"Los senadores del interbloque oficialista del Frente de Todos le dieron dictamen de comisi\u00f3n al proyecto impulsado por los gobernadores alineados con el Gobierno que busca llevar a 25 el n\u00famero de integrantes de la Corte Suprema. Ante la ausencia de la oposici\u00f3n, estuvieron presentes siete mandatarios provinciales que expusieron\u2026","rel":"","context":"En \u00abINTERES GENERAL\u00bb","block_context":{"text":"INTERES GENERAL","link":"https:\/\/larevistadigital.com.ar\/blog\/category\/interes-general\/"},"img":{"alt_text":"","src":"https:\/\/i0.wp.com\/larevistadigital.com.ar\/blog\/wp-content\/uploads\/20220630123718_senadores-oficialistas-avanzan-en-el-proyecto-de-llevar-25-miembros-a-la-corte-suprema.jpg?fit=880%2C512&ssl=1&resize=350%2C200","width":350,"height":200,"srcset":"https:\/\/i0.wp.com\/larevistadigital.com.ar\/blog\/wp-content\/uploads\/20220630123718_senadores-oficialistas-avanzan-en-el-proyecto-de-llevar-25-miembros-a-la-corte-suprema.jpg?fit=880%2C512&ssl=1&resize=350%2C200 1x, https:\/\/i0.wp.com\/larevistadigital.com.ar\/blog\/wp-content\/uploads\/20220630123718_senadores-oficialistas-avanzan-en-el-proyecto-de-llevar-25-miembros-a-la-corte-suprema.jpg?fit=880%2C512&ssl=1&resize=525%2C300 1.5x, https:\/\/i0.wp.com\/larevistadigital.com.ar\/blog\/wp-content\/uploads\/20220630123718_senadores-oficialistas-avanzan-en-el-proyecto-de-llevar-25-miembros-a-la-corte-suprema.jpg?fit=880%2C512&ssl=1&resize=700%2C400 2x"},"classes":[]},{"id":3536,"url":"https:\/\/larevistadigital.com.ar\/blog\/chascomus-molesto-actitudes-competidores-ramiro-ferrante-emitio-comunicado-la-sociedad\/","url_meta":{"origin":9150,"position":4},"title":"CHASCOM\u00daS: MOLESTO CON ACTITUDES DE SUS COMPETIDORES, RAMIRO FERRANTE EMITI\u00d3 UN COMUNICADO A LA SOCIEDAD","author":"Alejandro Sosa Ruda","date":"20 octubre, 2017","format":false,"excerpt":"Notablemente molesto por algunas situaciones que tienen que ver con los repartos de boletas a los vecinos, el candidato que encabeza la lista de Cambiemos en Chascom\u00fas, Ramiro Ferrante, hizo p\u00fablico un comunicado en el que apunta al oficialismo y al partido vecinalista \"Juntos por Chascom\u00fas\". AQU\u00cd EL TEXTO COMPLETO\u2026","rel":"","context":"En \u00abCHASCOM\u00daS\u00bb","block_context":{"text":"CHASCOM\u00daS","link":"https:\/\/larevistadigital.com.ar\/blog\/category\/chascomus\/"},"img":{"alt_text":"","src":"https:\/\/i0.wp.com\/larevistadigital.com.ar\/blog\/wp-content\/uploads\/2017\/10\/d509ce0e-2c7a-4de7-bcb9-8b09cb3b31f4-1.jpg?fit=359%2C405&ssl=1&resize=350%2C200","width":350,"height":200},"classes":[]},{"id":4151,"url":"https:\/\/larevistadigital.com.ar\/blog\/pichetto-armo-nuevo-bloque-peronista-sin-la-ex-presidente-cristina-fernandez-kirchner\/","url_meta":{"origin":9150,"position":5},"title":"PICHETTO ARM\u00d3 UN NUEVO BLOQUE PERONISTA SIN LA EX PRESIDENTE CRISTINA FERNANDEZ DE KIRCHNER","author":"Alejandro Sosa Ruda","date":"7 diciembre, 2017","format":false,"excerpt":"Lo que se ve\u00eda venir desde hace tiempo, finalmente ocurri\u00f3. Miguel \u00c1ngel Pichetto rompi\u00f3 el bloque del PJ-FPV y arm\u00f3 un interbloque sin la presencia de Cristina Fern\u00e1ndez de Kirchner, ni los siete senadores alineados con la ex presidente. El interbloque de Pichetto, estar\u00e1 formado por 25 senadores, y se\u2026","rel":"","context":"En \u00abPOLITICA\u00bb","block_context":{"text":"POLITICA","link":"https:\/\/larevistadigital.com.ar\/blog\/category\/politica\/"},"img":{"alt_text":"","src":"https:\/\/i0.wp.com\/larevistadigital.com.ar\/blog\/wp-content\/uploads\/2017\/12\/447865.jpg?fit=630%2C460&ssl=1&resize=350%2C200","width":350,"height":200,"srcset":"https:\/\/i0.wp.com\/larevistadigital.com.ar\/blog\/wp-content\/uploads\/2017\/12\/447865.jpg?fit=630%2C460&ssl=1&resize=350%2C200 1x, https:\/\/i0.wp.com\/larevistadigital.com.ar\/blog\/wp-content\/uploads\/2017\/12\/447865.jpg?fit=630%2C460&ssl=1&resize=525%2C300 1.5x"},"classes":[]}],"_links":{"self":[{"href":"https:\/\/larevistadigital.com.ar\/blog\/wp-json\/wp\/v2\/posts\/9150","targetHints":{"allow":["GET"]}}],"collection":[{"href":"https:\/\/larevistadigital.com.ar\/blog\/wp-json\/wp\/v2\/posts"}],"about":[{"href":"https:\/\/larevistadigital.com.ar\/blog\/wp-json\/wp\/v2\/types\/post"}],"author":[{"embeddable":true,"href":"https:\/\/larevistadigital.com.ar\/blog\/wp-json\/wp\/v2\/users\/3"}],"replies":[{"embeddable":true,"href":"https:\/\/larevistadigital.com.ar\/blog\/wp-json\/wp\/v2\/comments?post=9150"}],"version-history":[{"count":1,"href":"https:\/\/larevistadigital.com.ar\/blog\/wp-json\/wp\/v2\/posts\/9150\/revisions"}],"predecessor-version":[{"id":9155,"href":"https:\/\/larevistadigital.com.ar\/blog\/wp-json\/wp\/v2\/posts\/9150\/revisions\/9155"}],"wp:featuredmedia":[{"embeddable":true,"href":"https:\/\/larevistadigital.com.ar\/blog\/wp-json\/wp\/v2\/media\/9154"}],"wp:attachment":[{"href":"https:\/\/larevistadigital.com.ar\/blog\/wp-json\/wp\/v2\/media?parent=9150"}],"wp:term":[{"taxonomy":"category","embeddable":true,"href":"https:\/\/larevistadigital.com.ar\/blog\/wp-json\/wp\/v2\/categories?post=9150"},{"taxonomy":"post_tag","embeddable":true,"href":"https:\/\/larevistadigital.com.ar\/blog\/wp-json\/wp\/v2\/tags?post=9150"}],"curies":[{"name":"wp","href":"https:\/\/api.w.org\/{rel}","templated":true}]}}