{"id":9162,"date":"2019-03-17T17:58:18","date_gmt":"2019-03-17T17:58:18","guid":{"rendered":"https:\/\/larevistadigital.com.ar\/blog\/?p=9162"},"modified":"2019-03-17T17:58:18","modified_gmt":"2019-03-17T17:58:18","slug":"dolores-una-mujer-cayo-al-vacio-desde-la-planta-alta","status":"publish","type":"post","link":"https:\/\/larevistadigital.com.ar\/blog\/dolores-una-mujer-cayo-al-vacio-desde-la-planta-alta\/","title":{"rendered":"DOLORES: UNA MUJER CAY\u00d3 AL VACI\u00d3 DESDE LA PLANTA ALTA"},"content":{"rendered":"<p><strong>Una persona de sexo femenino, cay\u00f3 al vac\u00edo desde la planta alta de una vivienda en construcci\u00f3n ubicada en la calle Cerrito n\u00famero 70.<\/strong><\/p>\n<p><strong>La mujer accidentada fue trasladada al hospital San Roque, donde estaba siendo atendida, ya que habr\u00eda sufrido heridas de consideraci\u00f3n.<\/strong><\/p>\n","protected":false},"excerpt":{"rendered":"<div class=\"mh-excerpt\"><p>Una persona de sexo femenino, cay\u00f3 al vac\u00edo desde la planta alta de una vivienda en construcci\u00f3n ubicada en la calle Cerrito n\u00famero 70. La mujer accidentada fue trasladada al hospital San Roque, donde estaba <a class=\"mh-excerpt-more\" href=\"https:\/\/larevistadigital.com.ar\/blog\/dolores-una-mujer-cayo-al-vacio-desde-la-planta-alta\/\" title=\"DOLORES: UNA MUJER CAY\u00d3 AL VACI\u00d3 DESDE LA PLANTA ALTA\">[Leer M\u00e1s]<\/a><\/p>\n<\/div>","protected":false},"author":3,"featured_media":9163,"comment_status":"open","ping_status":"open","sticky":false,"template":"","format":"standard","meta":{"_jetpack_memberships_contains_paid_content":false,"footnotes":"","jetpack_publicize_message":"","jetpack_publicize_feature_enabled":true,"jetpack_social_post_already_shared":true,"jetpack_social_options":{"image_generator_settings":{"template":"highway","default_image_id":0,"font":"","enabled":false},"version":2}},"categories":[43,12],"tags":[],"class_list":{"0":"post-9162","1":"post","2":"type-post","3":"status-publish","4":"format-standard","5":"has-post-thumbnail","7":"category-dolores","8":"category-politica"},"jetpack_publicize_connections":[],"jetpack_featured_media_url":"https:\/\/i0.wp.com\/larevistadigital.com.ar\/blog\/wp-content\/uploads\/2019\/03\/Screenshot_3-4.jpg?fit=867%2C579&ssl=1","jetpack_sharing_enabled":true,"jetpack_shortlink":"https:\/\/wp.me\/p8qtrQ-2nM","jetpack-related-posts":[{"id":14084,"url":"https:\/\/larevistadigital.com.ar\/blog\/mar-del-plata-mujer-de-52-anos-cayo-de-un-paredon-en-una-playa-de-la-perla\/","url_meta":{"origin":9162,"position":0},"title":"MAR DEL PLATA: MUJER DE 52 A\u00d1OS CAY\u00d3 DE UN PARED\u00d3N EN UNA PLAYA DE LA PERLA","author":"Alejandro Sosa Ruda","date":"8 enero, 2020","format":false,"excerpt":"Ocurri\u00f3 esta tarde en Boulevard Mar\u00edtimo y Ayacucho. La mujer fue traslada inconsciente de urgencia al Hospital Interzonal. Una\u00a0mujer de 52 a\u00f1os\u00a0cay\u00f3 de un pared\u00f3n lindante con la playa ubicada en\u00a0Boulevard Mar\u00edtimo y Ayacucho, en el barrio de\u00a0La\u00a0Perla\u00a0y debido a la considerable altura, fue derivada de urgencia a un centro\u2026","rel":"","context":"En \u00abREGIONALES\u00bb","block_context":{"text":"REGIONALES","link":"https:\/\/larevistadigital.com.ar\/blog\/category\/regionales\/"},"img":{"alt_text":"","src":"https:\/\/i0.wp.com\/larevistadigital.com.ar\/blog\/wp-content\/uploads\/1578515178011.jpg?fit=774%2C435&ssl=1&resize=350%2C200","width":350,"height":200,"srcset":"https:\/\/i0.wp.com\/larevistadigital.com.ar\/blog\/wp-content\/uploads\/1578515178011.jpg?fit=774%2C435&ssl=1&resize=350%2C200 1x, https:\/\/i0.wp.com\/larevistadigital.com.ar\/blog\/wp-content\/uploads\/1578515178011.jpg?fit=774%2C435&ssl=1&resize=525%2C300 1.5x, https:\/\/i0.wp.com\/larevistadigital.com.ar\/blog\/wp-content\/uploads\/1578515178011.jpg?fit=774%2C435&ssl=1&resize=700%2C400 2x"},"classes":[]},{"id":29616,"url":"https:\/\/larevistadigital.com.ar\/blog\/tragedia-mueren-dos-personas-al-caer-un-camion-al-vacio-desde-el-puente-zarate-brazo-largo\/","url_meta":{"origin":9162,"position":1},"title":"TRAGEDIA: MUEREN DOS PERSONAS AL CAER UN CAMI\u00d3N AL VAC\u00cdO DESDE EL PUENTE Z\u00c1RATE BRAZO LARGO","author":"Alejandro Sosa Ruda","date":"24 diciembre, 2022","format":false,"excerpt":"El hecho tuvo lugar a eso de las 6 de la ma\u00f1ana en el kil\u00f3metro 88 de la ruta nacional 12, en el puente Bartolom\u00e9 Mitre del complejo Z\u00e1rate-Brazo Largo, cuando un cami\u00f3n rompi\u00f3 las barandas de contenci\u00f3n y cay\u00f3 al vac\u00edo a la vera del r\u00edo Paran\u00e1. 23 de\u2026","rel":"","context":"En \u00abINTERES GENERAL\u00bb","block_context":{"text":"INTERES GENERAL","link":"https:\/\/larevistadigital.com.ar\/blog\/category\/interes-general\/"},"img":{"alt_text":"","src":"https:\/\/i0.wp.com\/larevistadigital.com.ar\/blog\/wp-content\/uploads\/20221223145222_camion3.jpg?fit=880%2C512&ssl=1&resize=350%2C200","width":350,"height":200,"srcset":"https:\/\/i0.wp.com\/larevistadigital.com.ar\/blog\/wp-content\/uploads\/20221223145222_camion3.jpg?fit=880%2C512&ssl=1&resize=350%2C200 1x, https:\/\/i0.wp.com\/larevistadigital.com.ar\/blog\/wp-content\/uploads\/20221223145222_camion3.jpg?fit=880%2C512&ssl=1&resize=525%2C300 1.5x, https:\/\/i0.wp.com\/larevistadigital.com.ar\/blog\/wp-content\/uploads\/20221223145222_camion3.jpg?fit=880%2C512&ssl=1&resize=700%2C400 2x"},"classes":[]},{"id":44909,"url":"https:\/\/larevistadigital.com.ar\/blog\/dramatico-rescate-en-los-acantilados-de-la-ruta-11-un-hombre-cayo-en-una-zona-peligrosa\/","url_meta":{"origin":9162,"position":2},"title":"Dram\u00e1tico rescate en los acantilados de la Ruta 11: un hombre cay\u00f3 en una zona peligrosa","author":"Alejandro Sosa Ruda","date":"3 abril, 2026","format":false,"excerpt":"Ocurri\u00f3 frente a la planta de efluentes cloacales, en el norte de Mar del Plata. Fue trasladado al HIGA tras un operativo de emergencia. 03 de abril de 2026 Un hombre de 34 a\u00f1os fue rescatado este viernes tras caer en la zona de acantilados ubicada sobre la Ruta 11,\u2026","rel":"","context":"En \u00abPOLICIALES\u00bb","block_context":{"text":"POLICIALES","link":"https:\/\/larevistadigital.com.ar\/blog\/category\/policiales\/"},"img":{"alt_text":"","src":"https:\/\/i0.wp.com\/larevistadigital.com.ar\/blog\/wp-content\/uploads\/Captura-de-pantalla-2026-04-03-234358.jpg?fit=808%2C403&ssl=1&resize=350%2C200","width":350,"height":200,"srcset":"https:\/\/i0.wp.com\/larevistadigital.com.ar\/blog\/wp-content\/uploads\/Captura-de-pantalla-2026-04-03-234358.jpg?fit=808%2C403&ssl=1&resize=350%2C200 1x, https:\/\/i0.wp.com\/larevistadigital.com.ar\/blog\/wp-content\/uploads\/Captura-de-pantalla-2026-04-03-234358.jpg?fit=808%2C403&ssl=1&resize=525%2C300 1.5x, https:\/\/i0.wp.com\/larevistadigital.com.ar\/blog\/wp-content\/uploads\/Captura-de-pantalla-2026-04-03-234358.jpg?fit=808%2C403&ssl=1&resize=700%2C400 2x"},"classes":[]},{"id":37390,"url":"https:\/\/larevistadigital.com.ar\/blog\/un-motociclista-choco-contra-un-auto-en-la-autopista-25-de-mayo-cayo-al-vacio-y-murio\/","url_meta":{"origin":9162,"position":3},"title":"Un motociclista choc\u00f3 contra un auto en la autopista 25 de Mayo, cay\u00f3 al vac\u00edo y muri\u00f3","author":"Alejandro Sosa Ruda","date":"1 octubre, 2024","format":false,"excerpt":"Por el impact\u00f3 sali\u00f3 despedido, pas\u00f3 por encima del guardarra\u00edl y golpe\u00f3 contra el asfalto frente a un predio de canchas de f\u00fatbol. La v\u00edctima ten\u00eda 25 a\u00f1os y falleci\u00f3 en el acto por politraumatismos severos. 01 de Octubre de 2024 CABA -\u00a0 Un accidente vial en la autopista 25\u2026","rel":"","context":"En \u00abINTERES GENERAL\u00bb","block_context":{"text":"INTERES GENERAL","link":"https:\/\/larevistadigital.com.ar\/blog\/category\/interes-general\/"},"img":{"alt_text":"","src":"https:\/\/i0.wp.com\/larevistadigital.com.ar\/blog\/wp-content\/uploads\/Captura-de-pantalla-2024-09-30-235651.png?fit=867%2C408&ssl=1&resize=350%2C200","width":350,"height":200,"srcset":"https:\/\/i0.wp.com\/larevistadigital.com.ar\/blog\/wp-content\/uploads\/Captura-de-pantalla-2024-09-30-235651.png?fit=867%2C408&ssl=1&resize=350%2C200 1x, https:\/\/i0.wp.com\/larevistadigital.com.ar\/blog\/wp-content\/uploads\/Captura-de-pantalla-2024-09-30-235651.png?fit=867%2C408&ssl=1&resize=525%2C300 1.5x, https:\/\/i0.wp.com\/larevistadigital.com.ar\/blog\/wp-content\/uploads\/Captura-de-pantalla-2024-09-30-235651.png?fit=867%2C408&ssl=1&resize=700%2C400 2x"},"classes":[]},{"id":30740,"url":"https:\/\/larevistadigital.com.ar\/blog\/merlo-discutio-con-su-pareja-mato-al-hijo-de-ambos-y-se-ahorco\/","url_meta":{"origin":9162,"position":4},"title":"MERLO: DISCUTI\u00d3 CON SU PAREJA, MAT\u00d3 AL HIJO DE AMBOS Y SE AHORC\u00d3","author":"Alejandro Sosa Ruda","date":"28 marzo, 2023","format":false,"excerpt":"<img src=\"data:;base64,\" alt=\"\" aria-hidden=\"true\" \/> El hombre asesin\u00f3 a su hijo de dos balazos y se quit\u00f3 la vida. Su esposa denunci\u00f3 que sufr\u00eda violencia de g\u00e9nero. Los cad\u00e1veres fueron encontrados por la mujer en un departamento que ten\u00edan vac\u00edo para alquilar. 28 de marzo de 2023 MERLO -\u00a0 Un\u2026","rel":"","context":"En \u00abINTERES GENERAL\u00bb","block_context":{"text":"INTERES GENERAL","link":"https:\/\/larevistadigital.com.ar\/blog\/category\/interes-general\/"},"img":{"alt_text":"","src":"https:\/\/i0.wp.com\/larevistadigital.com.ar\/blog\/wp-content\/uploads\/20230327182458_patrullero2-1.jpg?fit=880%2C512&ssl=1&resize=350%2C200","width":350,"height":200,"srcset":"https:\/\/i0.wp.com\/larevistadigital.com.ar\/blog\/wp-content\/uploads\/20230327182458_patrullero2-1.jpg?fit=880%2C512&ssl=1&resize=350%2C200 1x, https:\/\/i0.wp.com\/larevistadigital.com.ar\/blog\/wp-content\/uploads\/20230327182458_patrullero2-1.jpg?fit=880%2C512&ssl=1&resize=525%2C300 1.5x, https:\/\/i0.wp.com\/larevistadigital.com.ar\/blog\/wp-content\/uploads\/20230327182458_patrullero2-1.jpg?fit=880%2C512&ssl=1&resize=700%2C400 2x"},"classes":[]},{"id":40688,"url":"https:\/\/larevistadigital.com.ar\/blog\/mar-del-plata-una-mujer-cayo-de-un-barranco-y-milagrosamente-sobrevivio\/","url_meta":{"origin":9162,"position":5},"title":"Mar del Plata: Una mujer cay\u00f3 de un barranco y milagrosamente sobrevivi\u00f3","author":"Alejandro Sosa Ruda","date":"31 julio, 2025","format":false,"excerpt":"Tiene 63 a\u00f1os y fue trasladada al Hospital Interzonal General de Agudos. Ocurri\u00f3 en la zona del Paseo D\u00e1vila. La Polic\u00eda investiga los motivos que derivaron en su ca\u00edda. 31 de Julio de 2025 MAR DEL PLATA -\u00a0 Una mujer de 63 a\u00f1os protagoniz\u00f3 un impactante accidente este jueves por\u2026","rel":"","context":"En \u00abREGIONALES\u00bb","block_context":{"text":"REGIONALES","link":"https:\/\/larevistadigital.com.ar\/blog\/category\/regionales\/"},"img":{"alt_text":"","src":"https:\/\/i0.wp.com\/larevistadigital.com.ar\/blog\/wp-content\/uploads\/1c5da67acea44d63be6c6df35d806b7d2f61d5b2.jpg?fit=1140%2C641&ssl=1&resize=350%2C200","width":350,"height":200,"srcset":"https:\/\/i0.wp.com\/larevistadigital.com.ar\/blog\/wp-content\/uploads\/1c5da67acea44d63be6c6df35d806b7d2f61d5b2.jpg?fit=1140%2C641&ssl=1&resize=350%2C200 1x, https:\/\/i0.wp.com\/larevistadigital.com.ar\/blog\/wp-content\/uploads\/1c5da67acea44d63be6c6df35d806b7d2f61d5b2.jpg?fit=1140%2C641&ssl=1&resize=525%2C300 1.5x, https:\/\/i0.wp.com\/larevistadigital.com.ar\/blog\/wp-content\/uploads\/1c5da67acea44d63be6c6df35d806b7d2f61d5b2.jpg?fit=1140%2C641&ssl=1&resize=700%2C400 2x, https:\/\/i0.wp.com\/larevistadigital.com.ar\/blog\/wp-content\/uploads\/1c5da67acea44d63be6c6df35d806b7d2f61d5b2.jpg?fit=1140%2C641&ssl=1&resize=1050%2C600 3x"},"classes":[]}],"_links":{"self":[{"href":"https:\/\/larevistadigital.com.ar\/blog\/wp-json\/wp\/v2\/posts\/9162","targetHints":{"allow":["GET"]}}],"collection":[{"href":"https:\/\/larevistadigital.com.ar\/blog\/wp-json\/wp\/v2\/posts"}],"about":[{"href":"https:\/\/larevistadigital.com.ar\/blog\/wp-json\/wp\/v2\/types\/post"}],"author":[{"embeddable":true,"href":"https:\/\/larevistadigital.com.ar\/blog\/wp-json\/wp\/v2\/users\/3"}],"replies":[{"embeddable":true,"href":"https:\/\/larevistadigital.com.ar\/blog\/wp-json\/wp\/v2\/comments?post=9162"}],"version-history":[{"count":1,"href":"https:\/\/larevistadigital.com.ar\/blog\/wp-json\/wp\/v2\/posts\/9162\/revisions"}],"predecessor-version":[{"id":9164,"href":"https:\/\/larevistadigital.com.ar\/blog\/wp-json\/wp\/v2\/posts\/9162\/revisions\/9164"}],"wp:featuredmedia":[{"embeddable":true,"href":"https:\/\/larevistadigital.com.ar\/blog\/wp-json\/wp\/v2\/media\/9163"}],"wp:attachment":[{"href":"https:\/\/larevistadigital.com.ar\/blog\/wp-json\/wp\/v2\/media?parent=9162"}],"wp:term":[{"taxonomy":"category","embeddable":true,"href":"https:\/\/larevistadigital.com.ar\/blog\/wp-json\/wp\/v2\/categories?post=9162"},{"taxonomy":"post_tag","embeddable":true,"href":"https:\/\/larevistadigital.com.ar\/blog\/wp-json\/wp\/v2\/tags?post=9162"}],"curies":[{"name":"wp","href":"https:\/\/api.w.org\/{rel}","templated":true}]}}