{"id":9202,"date":"2019-03-19T15:34:12","date_gmt":"2019-03-19T15:34:12","guid":{"rendered":"https:\/\/larevistadigital.com.ar\/blog\/?p=9202"},"modified":"2019-03-19T15:34:12","modified_gmt":"2019-03-19T15:34:12","slug":"ranchos-mejoran-la-iluminacion-en-sectores-publicos","status":"publish","type":"post","link":"https:\/\/larevistadigital.com.ar\/blog\/ranchos-mejoran-la-iluminacion-en-sectores-publicos\/","title":{"rendered":"RANCHOS: MEJORAN LA ILUMINACI\u00d3N EN SECTORES P\u00daBLICOS"},"content":{"rendered":"<p>Personal del Departamento de Servicios Urbanos de la Municipalidad de General Paz, efect\u00fao en los \u00faltimos d\u00edas m\u00e1s tareas de renovaci\u00f3n y ampliaci\u00f3n en el alumbrado p\u00fablico en dos sectores de Ranchos.<\/p>\n<blockquote>\n<h3>En primer t\u00e9rmino se colocaron seis columnas con iluminaci\u00f3n led en el predio ubicado en el sector aleda\u00f1o a la piscina del Centro de Educaci\u00f3n F\u00edsica (m\u00e1s precisamente detr\u00e1s del tanque). Este servicio no solo permitir\u00e1 desarrollar tareas recreativas en horas nocturnas; sino que adem\u00e1s brinda mayor seguridad al espacio mencionado.<\/h3>\n<\/blockquote>\n<p>Por otra parte, seis columnas m\u00e1s, fueron instaladas en el sector de ingreso y estacionamiento de la pileta climatizada; renovando adem\u00e1s toda la iluminaci\u00f3n exterior del edificio en donde se encuentra la pileta del \u201cBicentenario\u201d.<\/p>\n","protected":false},"excerpt":{"rendered":"<div class=\"mh-excerpt\"><p>Personal del Departamento de Servicios Urbanos de la Municipalidad de General Paz, efect\u00fao en los \u00faltimos d\u00edas m\u00e1s tareas de renovaci\u00f3n y ampliaci\u00f3n en el alumbrado p\u00fablico en dos sectores de Ranchos. En primer t\u00e9rmino <a class=\"mh-excerpt-more\" href=\"https:\/\/larevistadigital.com.ar\/blog\/ranchos-mejoran-la-iluminacion-en-sectores-publicos\/\" title=\"RANCHOS: MEJORAN LA ILUMINACI\u00d3N EN SECTORES P\u00daBLICOS\">[Leer M\u00e1s]<\/a><\/p>\n<\/div>","protected":false},"author":3,"featured_media":9204,"comment_status":"open","ping_status":"open","sticky":false,"template":"","format":"standard","meta":{"_jetpack_memberships_contains_paid_content":false,"footnotes":"","jetpack_publicize_message":"","jetpack_publicize_feature_enabled":true,"jetpack_social_post_already_shared":true,"jetpack_social_options":{"image_generator_settings":{"template":"highway","default_image_id":0,"font":"","enabled":false},"version":2}},"categories":[12,14],"tags":[],"class_list":{"0":"post-9202","1":"post","2":"type-post","3":"status-publish","4":"format-standard","5":"has-post-thumbnail","7":"category-politica","8":"category-ranchos"},"jetpack_publicize_connections":[],"jetpack_featured_media_url":"https:\/\/i0.wp.com\/larevistadigital.com.ar\/blog\/wp-content\/uploads\/2019\/03\/55467833_2127847434121534_3189271800081022976_o.jpg?fit=985%2C657&ssl=1","jetpack_sharing_enabled":true,"jetpack_shortlink":"https:\/\/wp.me\/p8qtrQ-2oq","jetpack-related-posts":[{"id":9548,"url":"https:\/\/larevistadigital.com.ar\/blog\/ranchos-se-instalaron-luminarias-en-el-barrio-compartir\/","url_meta":{"origin":9202,"position":0},"title":"RANCHOS: SE INSTALARON LUMINARIAS EN EL BARRIO COMPARTIR","author":"Alejandro Sosa Ruda","date":"4 abril, 2019","format":false,"excerpt":"En los \u00faltimos d\u00edas, sigue llev\u00e1ndose a cabo la\u00a0instalaci\u00f3n de luminarias LED\u00a0en el\u00a0Barrio Compartir\u00a0de la ciudad de\u00a0Ranchos.\u00a0Colocaron 39 columnas de iluminaci\u00f3n en distintas calles del distrito.\u00a0Las mismas fueron instaladas en las calles\u00a0N\u00ba 75; 75 bis; 77; Dantas\u00a0y prolongaci\u00f3n de\u00a0calle San Mart\u00edn. D\u00edas atr\u00e1s se hab\u00edan realizado trabajos en distintas instalaciones\u2026","rel":"","context":"En \u00abPOLITICA\u00bb","block_context":{"text":"POLITICA","link":"https:\/\/larevistadigital.com.ar\/blog\/category\/politica\/"},"img":{"alt_text":"","src":"https:\/\/i0.wp.com\/larevistadigital.com.ar\/blog\/wp-content\/uploads\/2019\/04\/56531251_2136257673280510_4376227149527384064_n.jpg?fit=910%2C607&ssl=1&resize=350%2C200","width":350,"height":200,"srcset":"https:\/\/i0.wp.com\/larevistadigital.com.ar\/blog\/wp-content\/uploads\/2019\/04\/56531251_2136257673280510_4376227149527384064_n.jpg?fit=910%2C607&ssl=1&resize=350%2C200 1x, https:\/\/i0.wp.com\/larevistadigital.com.ar\/blog\/wp-content\/uploads\/2019\/04\/56531251_2136257673280510_4376227149527384064_n.jpg?fit=910%2C607&ssl=1&resize=525%2C300 1.5x, https:\/\/i0.wp.com\/larevistadigital.com.ar\/blog\/wp-content\/uploads\/2019\/04\/56531251_2136257673280510_4376227149527384064_n.jpg?fit=910%2C607&ssl=1&resize=700%2C400 2x"},"classes":[]},{"id":8360,"url":"https:\/\/larevistadigital.com.ar\/blog\/ranchos-moderno-sistema-de-iluminacion-publico-en-el-barrio-la-pilarica\/","url_meta":{"origin":9202,"position":1},"title":"RANCHOS: MODERNO SISTEMA DE ILUMINACI\u00d3N P\u00daBLICO EN EL BARRIO LA PILARICA","author":"Alejandro Sosa Ruda","date":"12 febrero, 2019","format":false,"excerpt":"Personal de Servicios Urbanos, dependiente de la Municipalidad de General Paz; procedi\u00f3 a la colocaci\u00f3n de 28 nuevas columnas de iluminaci\u00f3n con un sistema moderno a led; en el Barrio \u201cLa Pilarica\u201d de la ciudad de Ranchos. El renovado servicio, ya se encuentra en funcionamiento y abarca seis cuadras del\u2026","rel":"","context":"En \u00abPOLITICA\u00bb","block_context":{"text":"POLITICA","link":"https:\/\/larevistadigital.com.ar\/blog\/category\/politica\/"},"img":{"alt_text":"","src":"https:\/\/i0.wp.com\/larevistadigital.com.ar\/blog\/wp-content\/uploads\/2019\/02\/51716739_2109999359239675_8123353306585104384_n.jpg?fit=960%2C896&ssl=1&resize=350%2C200","width":350,"height":200,"srcset":"https:\/\/i0.wp.com\/larevistadigital.com.ar\/blog\/wp-content\/uploads\/2019\/02\/51716739_2109999359239675_8123353306585104384_n.jpg?fit=960%2C896&ssl=1&resize=350%2C200 1x, https:\/\/i0.wp.com\/larevistadigital.com.ar\/blog\/wp-content\/uploads\/2019\/02\/51716739_2109999359239675_8123353306585104384_n.jpg?fit=960%2C896&ssl=1&resize=525%2C300 1.5x, https:\/\/i0.wp.com\/larevistadigital.com.ar\/blog\/wp-content\/uploads\/2019\/02\/51716739_2109999359239675_8123353306585104384_n.jpg?fit=960%2C896&ssl=1&resize=700%2C400 2x"},"classes":[]},{"id":42167,"url":"https:\/\/larevistadigital.com.ar\/blog\/chascomus-se-realizaron-trabajos-de-alumbrado-en-diferentes-sectores-de-la-ciudad\/","url_meta":{"origin":9202,"position":2},"title":"Chascom\u00fas: Se realizaron trabajos de alumbrado en diferentes sectores de la ciudad","author":"Alejandro Sosa Ruda","date":"22 octubre, 2025","format":false,"excerpt":"Se renov\u00f3 la iluminaci\u00f3n del bulevar Scalabrini Ortiz y se realizaron mejoras en la costanera Espa\u00f1a. 22 de Octubre de 2025 CHASCOM\u00daS -\u00a0 \u00a0 Durante la \u00faltima semana, personal municipal llev\u00f3 adelante distintas tareas\u00a0 de de mejora del alumbrado p\u00fablico en varios puntos de la ciudad, con el objetivo de\u2026","rel":"","context":"En \u00abCHASCOM\u00daS\u00bb","block_context":{"text":"CHASCOM\u00daS","link":"https:\/\/larevistadigital.com.ar\/blog\/category\/chascomus\/"},"img":{"alt_text":"","src":"https:\/\/i0.wp.com\/larevistadigital.com.ar\/blog\/wp-content\/uploads\/68f914d479b28.png?fit=668%2C445&ssl=1&resize=350%2C200","width":350,"height":200,"srcset":"https:\/\/i0.wp.com\/larevistadigital.com.ar\/blog\/wp-content\/uploads\/68f914d479b28.png?fit=668%2C445&ssl=1&resize=350%2C200 1x, https:\/\/i0.wp.com\/larevistadigital.com.ar\/blog\/wp-content\/uploads\/68f914d479b28.png?fit=668%2C445&ssl=1&resize=525%2C300 1.5x"},"classes":[]},{"id":39986,"url":"https:\/\/larevistadigital.com.ar\/blog\/chascomus-mas-iluminacion-en-el-barrio-el-porteno\/","url_meta":{"origin":9202,"position":3},"title":"Chascom\u00fas: M\u00e1s iluminaci\u00f3n en el Barrio El Porte\u00f1o","author":"Alejandro Sosa Ruda","date":"6 junio, 2025","format":false,"excerpt":"La Municipalidad de Chascom\u00fas contin\u00faa con el Plan de Reconversi\u00f3n Lum\u00ednica ampliando la red de alumbrado p\u00fablico. 6 de Junio de 2025 CHASCOM\u00daS -\u00a0 Las tareas se realizaron en la calle Mansilla, donde se reemplazaron luminarias y se colocaron l\u00e1mparas LED de 50w. Adem\u00e1s, se colocaron 20 columnas de hierro\u2026","rel":"","context":"En \u00abCHASCOM\u00daS\u00bb","block_context":{"text":"CHASCOM\u00daS","link":"https:\/\/larevistadigital.com.ar\/blog\/category\/chascomus\/"},"img":{"alt_text":"","src":"https:\/\/i0.wp.com\/larevistadigital.com.ar\/blog\/wp-content\/uploads\/6843264ca2edc.png?fit=668%2C445&ssl=1&resize=350%2C200","width":350,"height":200,"srcset":"https:\/\/i0.wp.com\/larevistadigital.com.ar\/blog\/wp-content\/uploads\/6843264ca2edc.png?fit=668%2C445&ssl=1&resize=350%2C200 1x, https:\/\/i0.wp.com\/larevistadigital.com.ar\/blog\/wp-content\/uploads\/6843264ca2edc.png?fit=668%2C445&ssl=1&resize=525%2C300 1.5x"},"classes":[]},{"id":9748,"url":"https:\/\/larevistadigital.com.ar\/blog\/ranchos-mas-obras-en-villanueva\/","url_meta":{"origin":9202,"position":4},"title":"RANCHOS: MAS OBRAS EN VILLANUEVA","author":"Alejandro Sosa Ruda","date":"18 abril, 2019","format":false,"excerpt":"Comenz\u00f3 la obra de pavimento en Villanueva, esta comprende las calles G\u00fcemes entre San Mart\u00edn y Uruguay; C\u00f3rdoba entre 25 de Mayo y G\u00fcemes, adem\u00e1s incluye la reparaci\u00f3n del bad\u00e9n en la esquina de las calles San Mart\u00edn y 25 de Mayo.","rel":"","context":"En \u00abPOLITICA\u00bb","block_context":{"text":"POLITICA","link":"https:\/\/larevistadigital.com.ar\/blog\/category\/politica\/"},"img":{"alt_text":"","src":"https:\/\/i0.wp.com\/larevistadigital.com.ar\/blog\/wp-content\/uploads\/2019\/04\/57244641_2144401129132831_2835708713589800960_n.jpg?fit=960%2C720&ssl=1&resize=350%2C200","width":350,"height":200,"srcset":"https:\/\/i0.wp.com\/larevistadigital.com.ar\/blog\/wp-content\/uploads\/2019\/04\/57244641_2144401129132831_2835708713589800960_n.jpg?fit=960%2C720&ssl=1&resize=350%2C200 1x, https:\/\/i0.wp.com\/larevistadigital.com.ar\/blog\/wp-content\/uploads\/2019\/04\/57244641_2144401129132831_2835708713589800960_n.jpg?fit=960%2C720&ssl=1&resize=525%2C300 1.5x, https:\/\/i0.wp.com\/larevistadigital.com.ar\/blog\/wp-content\/uploads\/2019\/04\/57244641_2144401129132831_2835708713589800960_n.jpg?fit=960%2C720&ssl=1&resize=700%2C400 2x"},"classes":[]},{"id":41285,"url":"https:\/\/larevistadigital.com.ar\/blog\/chascomus-reconversion-luminica-en-el-barrio-fatima\/","url_meta":{"origin":9202,"position":5},"title":"Chascom\u00fas: Reconversi\u00f3n lum\u00ednica en el Barrio F\u00e1tima","author":"Alejandro Sosa Ruda","date":"3 septiembre, 2025","format":false,"excerpt":"Se instalaron 120 nuevas luminarias LED en diferentes calles de ese sector de la ciudad. 03 de Septiembre de 2025 CHASCOM\u00daS -\u00a0 \u00a0La Municipalidad de Chascom\u00fas contin\u00faa con el Plan de Reconversi\u00f3n Lum\u00ednica en distintos puntos de la ciudad y esta semana se realizaron trabajos en el barrio F\u00e1tima. El\u2026","rel":"","context":"En \u00abCHASCOM\u00daS\u00bb","block_context":{"text":"CHASCOM\u00daS","link":"https:\/\/larevistadigital.com.ar\/blog\/category\/chascomus\/"},"img":{"alt_text":"","src":"https:\/\/i0.wp.com\/larevistadigital.com.ar\/blog\/wp-content\/uploads\/68b86dc857fd5.png?fit=668%2C445&ssl=1&resize=350%2C200","width":350,"height":200,"srcset":"https:\/\/i0.wp.com\/larevistadigital.com.ar\/blog\/wp-content\/uploads\/68b86dc857fd5.png?fit=668%2C445&ssl=1&resize=350%2C200 1x, https:\/\/i0.wp.com\/larevistadigital.com.ar\/blog\/wp-content\/uploads\/68b86dc857fd5.png?fit=668%2C445&ssl=1&resize=525%2C300 1.5x"},"classes":[]}],"_links":{"self":[{"href":"https:\/\/larevistadigital.com.ar\/blog\/wp-json\/wp\/v2\/posts\/9202","targetHints":{"allow":["GET"]}}],"collection":[{"href":"https:\/\/larevistadigital.com.ar\/blog\/wp-json\/wp\/v2\/posts"}],"about":[{"href":"https:\/\/larevistadigital.com.ar\/blog\/wp-json\/wp\/v2\/types\/post"}],"author":[{"embeddable":true,"href":"https:\/\/larevistadigital.com.ar\/blog\/wp-json\/wp\/v2\/users\/3"}],"replies":[{"embeddable":true,"href":"https:\/\/larevistadigital.com.ar\/blog\/wp-json\/wp\/v2\/comments?post=9202"}],"version-history":[{"count":1,"href":"https:\/\/larevistadigital.com.ar\/blog\/wp-json\/wp\/v2\/posts\/9202\/revisions"}],"predecessor-version":[{"id":9205,"href":"https:\/\/larevistadigital.com.ar\/blog\/wp-json\/wp\/v2\/posts\/9202\/revisions\/9205"}],"wp:featuredmedia":[{"embeddable":true,"href":"https:\/\/larevistadigital.com.ar\/blog\/wp-json\/wp\/v2\/media\/9204"}],"wp:attachment":[{"href":"https:\/\/larevistadigital.com.ar\/blog\/wp-json\/wp\/v2\/media?parent=9202"}],"wp:term":[{"taxonomy":"category","embeddable":true,"href":"https:\/\/larevistadigital.com.ar\/blog\/wp-json\/wp\/v2\/categories?post=9202"},{"taxonomy":"post_tag","embeddable":true,"href":"https:\/\/larevistadigital.com.ar\/blog\/wp-json\/wp\/v2\/tags?post=9202"}],"curies":[{"name":"wp","href":"https:\/\/api.w.org\/{rel}","templated":true}]}}