{"id":9206,"date":"2019-03-19T15:40:07","date_gmt":"2019-03-19T15:40:07","guid":{"rendered":"https:\/\/larevistadigital.com.ar\/blog\/?p=9206"},"modified":"2019-03-19T15:40:07","modified_gmt":"2019-03-19T15:40:07","slug":"lezama-cambios-en-la-cupula-policial","status":"publish","type":"post","link":"https:\/\/larevistadigital.com.ar\/blog\/lezama-cambios-en-la-cupula-policial\/","title":{"rendered":"LEZAMA: CAMBIOS EN LA C\u00daPULA POLICIAL"},"content":{"rendered":"<p>Se entreg\u00f3 un reconocimiento al Comisario Inspector <strong>Mart\u00edn Toffan\u00edn<\/strong>, que a partir de ahora cumplir\u00e1 funciones en una Direcci\u00f3n de la Polic\u00eda Vial.<\/p>\n<p><strong>Arr\u00faa<\/strong> y <strong>Medley<\/strong> ser\u00e1n las autoridades de la Comisar\u00eda y la Jefatura de Polic\u00eda, respectivamente.<\/p>\n<p>En la ma\u00f1ana de ayer el Intendente Municipal <strong>Arnaldo Harispe<\/strong> puso en funciones a la nueva Jefa de la Estaci\u00f3n Polic\u00eda Comunal Subcomisario <strong>Soledad Arr\u00faa<\/strong> y al nuevo titular de la Jefatura de Polic\u00eda Lezama, Comisario <strong>Pablo Medley<\/strong>. Los nombramientos tuvieron lugar en virtud del traslado del Comisario Inspector <strong>Mart\u00edn Toffan\u00edn<\/strong> a una Direcci\u00f3n de Polic\u00eda Vial dependiente del Ministerio de Seguridad de la Provincia.<\/p>\n<div class=\"text_exposed_show\">\n<blockquote>\n<h3>Adem\u00e1s del Jefe Comunal, participaron del acto el Juez de Paz, Dr.<strong> Emilio Casco<\/strong>; la Secretaria de Seguridad, <strong>Pamela Ferreyra<\/strong>; el Secretario de Gobierno y Hacienda, Dr. <strong>Carlos Firmapa<\/strong>z y la Secretaria de Obras y Servicios, Ing. <strong>Maria Flores<\/strong>. Acompa\u00f1\u00f3 la puesta en funciones de las nuevas autoridades locales el Jefe de la Departamental Chascom\u00fas, Comisario Mayor <strong>Gustavo Teta<\/strong> y el personal de ambas dependencias de seguridad.<\/h3>\n<\/blockquote>\n<p><strong>Harispe<\/strong> y<strong> Ferreyra<\/strong> hicieron entrega de un recordatorio y un diploma al Comisario Inspector <strong>Toffan\u00edn<\/strong> en reconocimiento a su trayectoria y agradeciendo su trabajo en la comunidad de Lezama a lo largo de varios a\u00f1os. El intendente dialog\u00f3 luego con los nuevos jefes acerca de la importancia de <em><strong>\u201ccontinuar trabajando en la prevenci\u00f3n de acciones delictivas en nuestro distrito, manteniendo la coordinaci\u00f3n permanente entre las instituciones que bregan por la seguridad de todos los vecinos\u201d<\/strong><\/em>.<\/p>\n<\/div>\n","protected":false},"excerpt":{"rendered":"<div class=\"mh-excerpt\"><p>Se entreg\u00f3 un reconocimiento al Comisario Inspector Mart\u00edn Toffan\u00edn, que a partir de ahora cumplir\u00e1 funciones en una Direcci\u00f3n de la Polic\u00eda Vial. Arr\u00faa y Medley ser\u00e1n las autoridades de la Comisar\u00eda y la Jefatura <a class=\"mh-excerpt-more\" href=\"https:\/\/larevistadigital.com.ar\/blog\/lezama-cambios-en-la-cupula-policial\/\" title=\"LEZAMA: CAMBIOS EN LA C\u00daPULA POLICIAL\">[Leer M\u00e1s]<\/a><\/p>\n<\/div>","protected":false},"author":3,"featured_media":9207,"comment_status":"open","ping_status":"open","sticky":false,"template":"","format":"standard","meta":{"_jetpack_memberships_contains_paid_content":false,"footnotes":"","jetpack_publicize_message":"","jetpack_publicize_feature_enabled":true,"jetpack_social_post_already_shared":true,"jetpack_social_options":{"image_generator_settings":{"template":"highway","default_image_id":0,"font":"","enabled":false},"version":2}},"categories":[7,12],"tags":[],"class_list":{"0":"post-9206","1":"post","2":"type-post","3":"status-publish","4":"format-standard","5":"has-post-thumbnail","7":"category-lezama","8":"category-politica"},"jetpack_publicize_connections":[],"jetpack_featured_media_url":"https:\/\/i0.wp.com\/larevistadigital.com.ar\/blog\/wp-content\/uploads\/2019\/03\/53722928_1423761111149919_6746160025804210176_o.jpg?fit=1280%2C789&ssl=1","jetpack_sharing_enabled":true,"jetpack_shortlink":"https:\/\/wp.me\/p8qtrQ-2ou","jetpack-related-posts":[{"id":35033,"url":"https:\/\/larevistadigital.com.ar\/blog\/chascomus-hay-nueva-jefe-de-policia-comunal\/","url_meta":{"origin":9206,"position":0},"title":"CHASCOM\u00daS: HAY NUEVA JEFE DE POLIC\u00cdA COMUNAL","author":"Alejandro Sosa Ruda","date":"20 enero, 2024","format":false,"excerpt":"Es una mujer que cumpl\u00eda funciones en Seguridad Vial de Chascom\u00fas, y toma el cargo desde ayer a la tarde. 20 de enero de 2023 CHASCOM\u00daS -\u00a0 En el d\u00eda de ayer a las 18 horas, se hizo cargo de la Jefatura de Polic\u00eda Comunal de Chascomus la Comisario Mariana\u2026","rel":"","context":"En \u00abSin categor\u00eda\u00bb","block_context":{"text":"Sin categor\u00eda","link":"https:\/\/larevistadigital.com.ar\/blog\/category\/sin-categoria\/"},"img":{"alt_text":"","src":"https:\/\/i0.wp.com\/larevistadigital.com.ar\/blog\/wp-content\/uploads\/2017\/08\/GEO_COMISARIA_1_CHASCOMUS-e1705762962297.jpg?fit=1200%2C548&ssl=1&resize=350%2C200","width":350,"height":200,"srcset":"https:\/\/i0.wp.com\/larevistadigital.com.ar\/blog\/wp-content\/uploads\/2017\/08\/GEO_COMISARIA_1_CHASCOMUS-e1705762962297.jpg?fit=1200%2C548&ssl=1&resize=350%2C200 1x, https:\/\/i0.wp.com\/larevistadigital.com.ar\/blog\/wp-content\/uploads\/2017\/08\/GEO_COMISARIA_1_CHASCOMUS-e1705762962297.jpg?fit=1200%2C548&ssl=1&resize=525%2C300 1.5x, https:\/\/i0.wp.com\/larevistadigital.com.ar\/blog\/wp-content\/uploads\/2017\/08\/GEO_COMISARIA_1_CHASCOMUS-e1705762962297.jpg?fit=1200%2C548&ssl=1&resize=700%2C400 2x, https:\/\/i0.wp.com\/larevistadigital.com.ar\/blog\/wp-content\/uploads\/2017\/08\/GEO_COMISARIA_1_CHASCOMUS-e1705762962297.jpg?fit=1200%2C548&ssl=1&resize=1050%2C600 3x"},"classes":[]},{"id":12572,"url":"https:\/\/larevistadigital.com.ar\/blog\/fue-relevado-el-jefe-de-la-policia-comunal-de-monte\/","url_meta":{"origin":9206,"position":1},"title":"FUE RELEVADO EL JEFE DE LA POLIC\u00cdA COMUNAL DE MONTE","author":"Alejandro Sosa Ruda","date":"9 octubre, 2019","format":false,"excerpt":"En la Estaci\u00f3n de Polic\u00eda Comunal del Monte, se realiz\u00f3 una conferencia de prensa con el prop\u00f3sito de comunicar el relevo del Jefe de la Polic\u00eda Comunal, Daniel Bogado. Estuvo a cargo de la misma el\u00a0 Jefe Departamental de San Vicente, el Comisario Inspector Cristian Perez quien declar\u00f3 que el\u2026","rel":"","context":"En \u00abPOLICIALES\u00bb","block_context":{"text":"POLICIALES","link":"https:\/\/larevistadigital.com.ar\/blog\/category\/policiales\/"},"img":{"alt_text":"","src":"https:\/\/i0.wp.com\/larevistadigital.com.ar\/blog\/wp-content\/uploads\/comisario-bogado-696x375.jpg?fit=696%2C375&ssl=1&resize=350%2C200","width":350,"height":200,"srcset":"https:\/\/i0.wp.com\/larevistadigital.com.ar\/blog\/wp-content\/uploads\/comisario-bogado-696x375.jpg?fit=696%2C375&ssl=1&resize=350%2C200 1x, https:\/\/i0.wp.com\/larevistadigital.com.ar\/blog\/wp-content\/uploads\/comisario-bogado-696x375.jpg?fit=696%2C375&ssl=1&resize=525%2C300 1.5x"},"classes":[]},{"id":10852,"url":"https:\/\/larevistadigital.com.ar\/blog\/chascomus-cambios-en-la-jefatura-departamental-de-policia\/","url_meta":{"origin":9206,"position":2},"title":"CHASCOM\u00daS: CAMBIOS EN LA JEFATURA DEPARTAMENTAL DE POLIC\u00cdA","author":"Alejandro Sosa Ruda","date":"28 junio, 2019","format":false,"excerpt":"La comisar\u00eda local, inform\u00f3 la noche pasada de la asunci\u00f3n del nuevo Jefe Departamental de polic\u00eda. El comisario inspector Sergio Ramos, quien fue puesto en funciones por la superioridad, reemplazando en dicho cargo al saliente comisario mayor Roberto Teta. Se indic\u00f3 ante la consulta de este diario, que la flamante\u2026","rel":"","context":"En \u00abINTERES GENERAL\u00bb","block_context":{"text":"INTERES GENERAL","link":"https:\/\/larevistadigital.com.ar\/blog\/category\/interes-general\/"},"img":{"alt_text":"","src":"https:\/\/i0.wp.com\/larevistadigital.com.ar\/blog\/wp-content\/uploads\/2019\/01\/bbx_755050019_comisaria_chasco_01.jpg?fit=800%2C579&ssl=1&resize=350%2C200","width":350,"height":200,"srcset":"https:\/\/i0.wp.com\/larevistadigital.com.ar\/blog\/wp-content\/uploads\/2019\/01\/bbx_755050019_comisaria_chasco_01.jpg?fit=800%2C579&ssl=1&resize=350%2C200 1x, https:\/\/i0.wp.com\/larevistadigital.com.ar\/blog\/wp-content\/uploads\/2019\/01\/bbx_755050019_comisaria_chasco_01.jpg?fit=800%2C579&ssl=1&resize=525%2C300 1.5x, https:\/\/i0.wp.com\/larevistadigital.com.ar\/blog\/wp-content\/uploads\/2019\/01\/bbx_755050019_comisaria_chasco_01.jpg?fit=800%2C579&ssl=1&resize=700%2C400 2x"},"classes":[]},{"id":5958,"url":"https:\/\/larevistadigital.com.ar\/blog\/interceptaron-un-auto-con-importante-cantidad-de-drogas-en-la-autovia-2\/","url_meta":{"origin":9206,"position":3},"title":"interceptaron un auto con importante cantidad de drogas en la Autov\u00eda 2","author":"admin","date":"8 julio, 2018","format":false,"excerpt":"Se logr\u00f3 secuestrar ocho ladrillos de marihuana que eran transportados en un veh\u00edculo Peugeot 206 de color gris proveniente de la Ciudad Aut\u00f3noma de Buenos Aires. Desde la Superintendencia de Investigaciones del trafico de drogas il\u00edcitas y Crimen Organizado de la Provincia de Buenos Aires a cargo del Comisario General\u2026","rel":"","context":"En \u00abLEZAMA\u00bb","block_context":{"text":"LEZAMA","link":"https:\/\/larevistadigital.com.ar\/blog\/category\/lezama\/"},"img":{"alt_text":"","src":"https:\/\/i0.wp.com\/larevistadigital.com.ar\/blog\/wp-content\/uploads\/2018\/07\/resize_1530185976.jpg?fit=696%2C522&ssl=1&resize=350%2C200","width":350,"height":200,"srcset":"https:\/\/i0.wp.com\/larevistadigital.com.ar\/blog\/wp-content\/uploads\/2018\/07\/resize_1530185976.jpg?fit=696%2C522&ssl=1&resize=350%2C200 1x, https:\/\/i0.wp.com\/larevistadigital.com.ar\/blog\/wp-content\/uploads\/2018\/07\/resize_1530185976.jpg?fit=696%2C522&ssl=1&resize=525%2C300 1.5x"},"classes":[]},{"id":5666,"url":"https:\/\/larevistadigital.com.ar\/blog\/pila-nuevos-patrulleros-para-la-estacion-de-policia\/","url_meta":{"origin":9206,"position":4},"title":"PILA: NUEVOS PATRULLEROS PARA LA ESTACI\u00d3N DE POLICIA","author":"Alejandro Sosa Ruda","date":"27 mayo, 2018","format":false,"excerpt":"En horas de esta ma\u00f1ana, el Intendente Municipal, Gustavo Alfredo Walker hizo la presentaci\u00f3n oficial de los nuevos patrulleros para la Estaci\u00f3n de Policia Comunal Pila junto al Asesor en Seguridad Comisario Inspector (R.A.) Edgardo Taverna, el Comisario Inspector V\u00edctor Gonz\u00e1lez y Subcomisario Gast\u00f3n San Mart\u00edn, la cual fue comprometida\u2026","rel":"","context":"En \u00abPILA\u00bb","block_context":{"text":"PILA","link":"https:\/\/larevistadigital.com.ar\/blog\/category\/pila\/"},"img":{"alt_text":"","src":"https:\/\/i0.wp.com\/larevistadigital.com.ar\/blog\/wp-content\/uploads\/2018\/05\/Patrulleros1.jpg?fit=600%2C337&ssl=1&resize=350%2C200","width":350,"height":200,"srcset":"https:\/\/i0.wp.com\/larevistadigital.com.ar\/blog\/wp-content\/uploads\/2018\/05\/Patrulleros1.jpg?fit=600%2C337&ssl=1&resize=350%2C200 1x, https:\/\/i0.wp.com\/larevistadigital.com.ar\/blog\/wp-content\/uploads\/2018\/05\/Patrulleros1.jpg?fit=600%2C337&ssl=1&resize=525%2C300 1.5x"},"classes":[]},{"id":29589,"url":"https:\/\/larevistadigital.com.ar\/blog\/chascomus-el-intendente-acompano-los-actos-por-la-creacion-de-la-policia-bonaerense\/","url_meta":{"origin":9206,"position":5},"title":"CHASCOM\u00daS: EL INTENDENTE ACOMPA\u00d1\u00d3 LOS ACTOS POR LA CREACI\u00d3N DE LA POLIC\u00cdA BONAERENSE","author":"Alejandro Sosa Ruda","date":"23 diciembre, 2022","format":false,"excerpt":"El intendente municipal Javier Gast\u00f3n, estuvo junto a la Secretaria de Seguridad Comunal Mariela Moscarellla en el acto de conmemoraci\u00f3n de los 201 a\u00f1os de la creaci\u00f3n de la Polic\u00eda Provincial, donde se entregaron reconocimientos y distinciones. CHASCOM\u00daS -\u00a0 En un muy emotivo acto, donde se percibi\u00f3 la gran camarader\u00eda\u2026","rel":"","context":"En \u00abCHASCOM\u00daS\u00bb","block_context":{"text":"CHASCOM\u00daS","link":"https:\/\/larevistadigital.com.ar\/blog\/category\/chascomus\/"},"img":{"alt_text":"","src":"https:\/\/i0.wp.com\/larevistadigital.com.ar\/blog\/wp-content\/uploads\/2022_12_23_00_27_06_1031904.jpg?fit=600%2C401&ssl=1&resize=350%2C200","width":350,"height":200,"srcset":"https:\/\/i0.wp.com\/larevistadigital.com.ar\/blog\/wp-content\/uploads\/2022_12_23_00_27_06_1031904.jpg?fit=600%2C401&ssl=1&resize=350%2C200 1x, https:\/\/i0.wp.com\/larevistadigital.com.ar\/blog\/wp-content\/uploads\/2022_12_23_00_27_06_1031904.jpg?fit=600%2C401&ssl=1&resize=525%2C300 1.5x"},"classes":[]}],"_links":{"self":[{"href":"https:\/\/larevistadigital.com.ar\/blog\/wp-json\/wp\/v2\/posts\/9206","targetHints":{"allow":["GET"]}}],"collection":[{"href":"https:\/\/larevistadigital.com.ar\/blog\/wp-json\/wp\/v2\/posts"}],"about":[{"href":"https:\/\/larevistadigital.com.ar\/blog\/wp-json\/wp\/v2\/types\/post"}],"author":[{"embeddable":true,"href":"https:\/\/larevistadigital.com.ar\/blog\/wp-json\/wp\/v2\/users\/3"}],"replies":[{"embeddable":true,"href":"https:\/\/larevistadigital.com.ar\/blog\/wp-json\/wp\/v2\/comments?post=9206"}],"version-history":[{"count":1,"href":"https:\/\/larevistadigital.com.ar\/blog\/wp-json\/wp\/v2\/posts\/9206\/revisions"}],"predecessor-version":[{"id":9208,"href":"https:\/\/larevistadigital.com.ar\/blog\/wp-json\/wp\/v2\/posts\/9206\/revisions\/9208"}],"wp:featuredmedia":[{"embeddable":true,"href":"https:\/\/larevistadigital.com.ar\/blog\/wp-json\/wp\/v2\/media\/9207"}],"wp:attachment":[{"href":"https:\/\/larevistadigital.com.ar\/blog\/wp-json\/wp\/v2\/media?parent=9206"}],"wp:term":[{"taxonomy":"category","embeddable":true,"href":"https:\/\/larevistadigital.com.ar\/blog\/wp-json\/wp\/v2\/categories?post=9206"},{"taxonomy":"post_tag","embeddable":true,"href":"https:\/\/larevistadigital.com.ar\/blog\/wp-json\/wp\/v2\/tags?post=9206"}],"curies":[{"name":"wp","href":"https:\/\/api.w.org\/{rel}","templated":true}]}}