{"id":9209,"date":"2019-03-19T15:44:40","date_gmt":"2019-03-19T15:44:40","guid":{"rendered":"https:\/\/larevistadigital.com.ar\/blog\/?p=9209"},"modified":"2019-03-19T15:44:40","modified_gmt":"2019-03-19T15:44:40","slug":"se-creara-un-hospital-de-mascotas-en-lomas-de-zamora-que-sera-unico-en-la-provincia","status":"publish","type":"post","link":"https:\/\/larevistadigital.com.ar\/blog\/se-creara-un-hospital-de-mascotas-en-lomas-de-zamora-que-sera-unico-en-la-provincia\/","title":{"rendered":"SE CREAR\u00c1 UN HOSPITAL DE MASCOTAS EN LOMAS DE ZAMORA QUE SER\u00c1 \u00daNICO EN LA PROVINCIA"},"content":{"rendered":"<h2><em><strong>El Municipio de Lomas de Zamora construir\u00e1 dentro del Centro de Zoonosis, un hospital de Mascotas que permitir\u00e1n mejorar tanto la atenci\u00f3n como los diagn\u00f3sticos de los perros y gatos del distrito.<\/strong><\/em><\/h2>\n<p>Lomas de Zamora tendr\u00e1 un Hospital de Mascotas que ser\u00e1 clave para profundizar la atenci\u00f3n gratuita de perros y gatos. La obra, que estar\u00e1 a cargo del Municipio, contar\u00e1 con acciones de infraestructura e incorporaci\u00f3n de aparatos tecnol\u00f3gicos.<\/p>\n<blockquote>\n<h3><em><strong>\u201cVamos a comenzar la construcci\u00f3n del primer Hospital de Mascotas de Lomas de Zamora y \u00fanico de esta magnitud en la Provincia. Tendr\u00e1 consultorios, laboratorio, sala de rayos, servicio de fluido-terapia, shockroom, quir\u00f3fano y sector pre y post quir\u00fargico\u201d<\/strong><\/em>, se\u00f1al\u00f3 el intendente, <strong>Mart\u00edn Insaurralde<\/strong>, quien realiz\u00f3 el anuncio durante la apertura de sesiones en el Concejo Deliberante.<\/h3>\n<\/blockquote>\n<p>Los trabajos se llevaron a cabo dentro del centro que tiene la Direcci\u00f3n de Zoonosis en Banfield Oeste, ubicado en 12 de Octubre y Las Heras. All\u00ed, se desplegar\u00e1n modificaciones y ampliaciones para instalar tres nuevos consultorios, una sala de rayos y de ecograf\u00edas, entre otros espacios.<\/p>\n","protected":false},"excerpt":{"rendered":"<div class=\"mh-excerpt\"><p>El Municipio de Lomas de Zamora construir\u00e1 dentro del Centro de Zoonosis, un hospital de Mascotas que permitir\u00e1n mejorar tanto la atenci\u00f3n como los diagn\u00f3sticos de los perros y gatos del distrito. Lomas de Zamora <a class=\"mh-excerpt-more\" href=\"https:\/\/larevistadigital.com.ar\/blog\/se-creara-un-hospital-de-mascotas-en-lomas-de-zamora-que-sera-unico-en-la-provincia\/\" title=\"SE CREAR\u00c1 UN HOSPITAL DE MASCOTAS EN LOMAS DE ZAMORA QUE SER\u00c1 \u00daNICO EN LA PROVINCIA\">[Leer M\u00e1s]<\/a><\/p>\n<\/div>","protected":false},"author":3,"featured_media":9210,"comment_status":"open","ping_status":"open","sticky":false,"template":"","format":"standard","meta":{"_jetpack_memberships_contains_paid_content":false,"footnotes":"","jetpack_publicize_message":"","jetpack_publicize_feature_enabled":true,"jetpack_social_post_already_shared":true,"jetpack_social_options":{"image_generator_settings":{"template":"highway","default_image_id":0,"font":"","enabled":false},"version":2}},"categories":[12,24],"tags":[],"class_list":{"0":"post-9209","1":"post","2":"type-post","3":"status-publish","4":"format-standard","5":"has-post-thumbnail","7":"category-politica","8":"category-politica-provincial"},"jetpack_publicize_connections":[],"jetpack_featured_media_url":"https:\/\/i0.wp.com\/larevistadigital.com.ar\/blog\/wp-content\/uploads\/2019\/03\/05-01-FOTO-Quir%C3%B3fano-m%C3%B3vil.jpg?fit=1350%2C760&ssl=1","jetpack_sharing_enabled":true,"jetpack_shortlink":"https:\/\/wp.me\/p8qtrQ-2ox","jetpack-related-posts":[{"id":40617,"url":"https:\/\/larevistadigital.com.ar\/blog\/kicillof-inauguro-la-sala-del-nuevo-resonador-en-el-hospital-gandulfo-de-lomas-de-zamora\/","url_meta":{"origin":9209,"position":0},"title":"Kicillof inaugur\u00f3 la sala del nuevo resonador en el Hospital Gandulfo de Lomas de Zamora","author":"Alejandro Sosa Ruda","date":"26 julio, 2025","format":false,"excerpt":"Junto a la vicegobernadora Ver\u00f3nica Magario y el intendente Federico Oterm\u00edn, el Gobernador entreg\u00f3 tres ambulancias para el distrito y recorri\u00f3 el paso bajo nivel \u201cManuel Belgrano\u201d de Temperley. 26 de Julio de 2025 BUENOS AIRES -\u00a0 El gobernador Axel Kicillof y la vicegobernadora Ver\u00f3nica Magario encabezaron este viernes la\u2026","rel":"","context":"En \u00abPOLITICA PROVINCIAL\u00bb","block_context":{"text":"POLITICA PROVINCIAL","link":"https:\/\/larevistadigital.com.ar\/blog\/category\/politica\/politica-provincial\/"},"img":{"alt_text":"","src":"https:\/\/i0.wp.com\/larevistadigital.com.ar\/blog\/wp-content\/uploads\/SGE97202.jpg?fit=743%2C530&ssl=1&resize=350%2C200","width":350,"height":200,"srcset":"https:\/\/i0.wp.com\/larevistadigital.com.ar\/blog\/wp-content\/uploads\/SGE97202.jpg?fit=743%2C530&ssl=1&resize=350%2C200 1x, https:\/\/i0.wp.com\/larevistadigital.com.ar\/blog\/wp-content\/uploads\/SGE97202.jpg?fit=743%2C530&ssl=1&resize=525%2C300 1.5x, https:\/\/i0.wp.com\/larevistadigital.com.ar\/blog\/wp-content\/uploads\/SGE97202.jpg?fit=743%2C530&ssl=1&resize=700%2C400 2x"},"classes":[]},{"id":30174,"url":"https:\/\/larevistadigital.com.ar\/blog\/balean-a-un-agente-para-robarle-la-moto-en-lomas-de-zamora\/","url_meta":{"origin":9209,"position":1},"title":"BALEAN A UN AGENTE PARA ROBARLE LA MOTO EN LOMAS DE ZAMORA","author":"Alejandro Sosa Ruda","date":"15 febrero, 2023","format":false,"excerpt":"Gustavo Bombace\u00a0fue sorprendido por dos delincuentes\u00a0que intentaron robarle su moto. Durante el ataque recibi\u00f3 un disparo en la cadera. La v\u00edctima fue trasladada al Hospital Gandulfo. Ocurri\u00f3 poco despu\u00e9s del asesinato de\u00a0otra Polic\u00eda de la Ciudad en Retiro. 15 de febrero de 2023 LOMAS DE ZAMORA -\u00a0 Un efectivo de\u2026","rel":"","context":"En \u00abPOLICIALES\u00bb","block_context":{"text":"POLICIALES","link":"https:\/\/larevistadigital.com.ar\/blog\/category\/policiales\/"},"img":{"alt_text":"","src":"https:\/\/i0.wp.com\/larevistadigital.com.ar\/blog\/wp-content\/uploads\/hospital-gandulfo.jpg?fit=750%2C499&ssl=1&resize=350%2C200","width":350,"height":200,"srcset":"https:\/\/i0.wp.com\/larevistadigital.com.ar\/blog\/wp-content\/uploads\/hospital-gandulfo.jpg?fit=750%2C499&ssl=1&resize=350%2C200 1x, https:\/\/i0.wp.com\/larevistadigital.com.ar\/blog\/wp-content\/uploads\/hospital-gandulfo.jpg?fit=750%2C499&ssl=1&resize=525%2C300 1.5x, https:\/\/i0.wp.com\/larevistadigital.com.ar\/blog\/wp-content\/uploads\/hospital-gandulfo.jpg?fit=750%2C499&ssl=1&resize=700%2C400 2x"},"classes":[]},{"id":26632,"url":"https:\/\/larevistadigital.com.ar\/blog\/destituyeron-a-un-fiscal-de-lomas-de-zamora\/","url_meta":{"origin":9209,"position":2},"title":"DESTITUYERON A UN FISCAL DE LOMAS DE ZAMORA","author":"Alejandro Sosa Ruda","date":"16 julio, 2022","format":false,"excerpt":"El Jurado de Enjuiciamiento de Magistrados de la provincia de Buenos Aires destituy\u00f3 por unanimidad al agente fiscal Oscar David Acevedo, que se desempe\u00f1aba en una Fiscal\u00eda en lo Correccional del Departamento Judicial Lomas de Zamora, al comprobar que cometi\u00f3 distintos delitos en el ejercicio de sus funciones tales como\u2026","rel":"","context":"En \u00abINTERES GENERAL\u00bb","block_context":{"text":"INTERES GENERAL","link":"https:\/\/larevistadigital.com.ar\/blog\/category\/interes-general\/"},"img":{"alt_text":"","src":"https:\/\/i0.wp.com\/larevistadigital.com.ar\/blog\/wp-content\/uploads\/20220714115234_destituyeron-a-un-fiscal-de-lomas-de-zamora.jpg?fit=880%2C512&ssl=1&resize=350%2C200","width":350,"height":200,"srcset":"https:\/\/i0.wp.com\/larevistadigital.com.ar\/blog\/wp-content\/uploads\/20220714115234_destituyeron-a-un-fiscal-de-lomas-de-zamora.jpg?fit=880%2C512&ssl=1&resize=350%2C200 1x, https:\/\/i0.wp.com\/larevistadigital.com.ar\/blog\/wp-content\/uploads\/20220714115234_destituyeron-a-un-fiscal-de-lomas-de-zamora.jpg?fit=880%2C512&ssl=1&resize=525%2C300 1.5x, https:\/\/i0.wp.com\/larevistadigital.com.ar\/blog\/wp-content\/uploads\/20220714115234_destituyeron-a-un-fiscal-de-lomas-de-zamora.jpg?fit=880%2C512&ssl=1&resize=700%2C400 2x"},"classes":[]},{"id":11713,"url":"https:\/\/larevistadigital.com.ar\/blog\/lomas-de-zamora-desesperada-busqueda-de-una-menor-que-desaparecio-el-domingo\/","url_meta":{"origin":9209,"position":3},"title":"LOMAS DE ZAMORA: DESESPERADA B\u00daSQUEDA DE UNA MENOR QUE DESAPARECI\u00d3 EL DOMINGO","author":"Alejandro Sosa Ruda","date":"3 agosto, 2019","format":false,"excerpt":"Familiares, amigos y docentes de Nadia Varela, una adolescente de 16 a\u00f1os que desapareci\u00f3 de su casa de Lomas de Zamora el \u00faltimo domingo, la buscan intensamente y solicitan que quien la haya visto aporte informaci\u00f3n para dar con ella. La menor desapareci\u00f3 de su hogar \u2013 ubicado cerca de\u2026","rel":"","context":"En \u00abINTERES GENERAL\u00bb","block_context":{"text":"INTERES GENERAL","link":"https:\/\/larevistadigital.com.ar\/blog\/category\/interes-general\/"},"img":{"alt_text":"","src":"https:\/\/i0.wp.com\/larevistadigital.com.ar\/blog\/wp-content\/uploads\/1564607942642.jpg?fit=1200%2C674&ssl=1&resize=350%2C200","width":350,"height":200,"srcset":"https:\/\/i0.wp.com\/larevistadigital.com.ar\/blog\/wp-content\/uploads\/1564607942642.jpg?fit=1200%2C674&ssl=1&resize=350%2C200 1x, https:\/\/i0.wp.com\/larevistadigital.com.ar\/blog\/wp-content\/uploads\/1564607942642.jpg?fit=1200%2C674&ssl=1&resize=525%2C300 1.5x, https:\/\/i0.wp.com\/larevistadigital.com.ar\/blog\/wp-content\/uploads\/1564607942642.jpg?fit=1200%2C674&ssl=1&resize=700%2C400 2x, https:\/\/i0.wp.com\/larevistadigital.com.ar\/blog\/wp-content\/uploads\/1564607942642.jpg?fit=1200%2C674&ssl=1&resize=1050%2C600 3x"},"classes":[]},{"id":5617,"url":"https:\/\/larevistadigital.com.ar\/blog\/boxeadores-de-chascomus-se-presentan-en-el-festival-de-lomas-de-zamora\/","url_meta":{"origin":9209,"position":4},"title":"BOXEADORES DE CHASCOMUS SE PRESENTAN EN EL FESTIVAL DE LOMAS DE ZAMORA","author":"Alejandro Sosa Ruda","date":"22 mayo, 2018","format":false,"excerpt":"Boxeadores del Club de Pelota Chascom\u00fas, entrenados por Daniel Britos, se presentar\u00e1n el pr\u00f3ximo s\u00e1bado en Lomas de Zamora. Nicol\u00e1s Barrios pelear\u00e1 en la categor\u00eda de los sesenta y siete kilos; Lautaro Benedetti en los 68 kilogramos; Mat\u00edas Villarruel en los setenta kilos y Priscila Larraula lo har\u00e1 en la\u2026","rel":"","context":"En \u00abCHASCOM\u00daS\u00bb","block_context":{"text":"CHASCOM\u00daS","link":"https:\/\/larevistadigital.com.ar\/blog\/category\/chascomus\/"},"img":{"alt_text":"","src":"https:\/\/i0.wp.com\/larevistadigital.com.ar\/blog\/wp-content\/uploads\/2018\/05\/boxeo_1.jpg?fit=1200%2C799&ssl=1&resize=350%2C200","width":350,"height":200,"srcset":"https:\/\/i0.wp.com\/larevistadigital.com.ar\/blog\/wp-content\/uploads\/2018\/05\/boxeo_1.jpg?fit=1200%2C799&ssl=1&resize=350%2C200 1x, https:\/\/i0.wp.com\/larevistadigital.com.ar\/blog\/wp-content\/uploads\/2018\/05\/boxeo_1.jpg?fit=1200%2C799&ssl=1&resize=525%2C300 1.5x, https:\/\/i0.wp.com\/larevistadigital.com.ar\/blog\/wp-content\/uploads\/2018\/05\/boxeo_1.jpg?fit=1200%2C799&ssl=1&resize=700%2C400 2x, https:\/\/i0.wp.com\/larevistadigital.com.ar\/blog\/wp-content\/uploads\/2018\/05\/boxeo_1.jpg?fit=1200%2C799&ssl=1&resize=1050%2C600 3x"},"classes":[]},{"id":30472,"url":"https:\/\/larevistadigital.com.ar\/blog\/lomas-de-zamora-barras-de-los-andes-se-enfrentaron-a-tiros-en-la-puerta-del-colegio-del-club\/","url_meta":{"origin":9209,"position":5},"title":"LOMAS DE ZAMORA: BARRAS DE LOS ANDES SE ENFRENTARON A TIROS EN LA PUERTA DEL COLEGIO DEL CLUB","author":"Alejandro Sosa Ruda","date":"8 marzo, 2023","format":false,"excerpt":"Ocurri\u00f3 en la entrada de la Escuela Secundaria Ej\u00e9rcito de Los Andes. La balacera se desat\u00f3 cuando hab\u00eda alumnos llegando al establecimiento educativo. Varias familias tuvieron que refugiarse. Ocurre pocos d\u00edas despu\u00e9s de que el senador provincial Omar Plaini ganara las eleciones en el club \"Milrayita\". 8 de marzo de\u2026","rel":"","context":"En \u00abDESTACADAS\u00bb","block_context":{"text":"DESTACADAS","link":"https:\/\/larevistadigital.com.ar\/blog\/category\/destacadas\/"},"img":{"alt_text":"","src":"https:\/\/i0.wp.com\/larevistadigital.com.ar\/blog\/wp-content\/uploads\/colegio-lomas.jpg?fit=700%2C524&ssl=1&resize=350%2C200","width":350,"height":200,"srcset":"https:\/\/i0.wp.com\/larevistadigital.com.ar\/blog\/wp-content\/uploads\/colegio-lomas.jpg?fit=700%2C524&ssl=1&resize=350%2C200 1x, https:\/\/i0.wp.com\/larevistadigital.com.ar\/blog\/wp-content\/uploads\/colegio-lomas.jpg?fit=700%2C524&ssl=1&resize=525%2C300 1.5x, https:\/\/i0.wp.com\/larevistadigital.com.ar\/blog\/wp-content\/uploads\/colegio-lomas.jpg?fit=700%2C524&ssl=1&resize=700%2C400 2x"},"classes":[]}],"_links":{"self":[{"href":"https:\/\/larevistadigital.com.ar\/blog\/wp-json\/wp\/v2\/posts\/9209","targetHints":{"allow":["GET"]}}],"collection":[{"href":"https:\/\/larevistadigital.com.ar\/blog\/wp-json\/wp\/v2\/posts"}],"about":[{"href":"https:\/\/larevistadigital.com.ar\/blog\/wp-json\/wp\/v2\/types\/post"}],"author":[{"embeddable":true,"href":"https:\/\/larevistadigital.com.ar\/blog\/wp-json\/wp\/v2\/users\/3"}],"replies":[{"embeddable":true,"href":"https:\/\/larevistadigital.com.ar\/blog\/wp-json\/wp\/v2\/comments?post=9209"}],"version-history":[{"count":1,"href":"https:\/\/larevistadigital.com.ar\/blog\/wp-json\/wp\/v2\/posts\/9209\/revisions"}],"predecessor-version":[{"id":9211,"href":"https:\/\/larevistadigital.com.ar\/blog\/wp-json\/wp\/v2\/posts\/9209\/revisions\/9211"}],"wp:featuredmedia":[{"embeddable":true,"href":"https:\/\/larevistadigital.com.ar\/blog\/wp-json\/wp\/v2\/media\/9210"}],"wp:attachment":[{"href":"https:\/\/larevistadigital.com.ar\/blog\/wp-json\/wp\/v2\/media?parent=9209"}],"wp:term":[{"taxonomy":"category","embeddable":true,"href":"https:\/\/larevistadigital.com.ar\/blog\/wp-json\/wp\/v2\/categories?post=9209"},{"taxonomy":"post_tag","embeddable":true,"href":"https:\/\/larevistadigital.com.ar\/blog\/wp-json\/wp\/v2\/tags?post=9209"}],"curies":[{"name":"wp","href":"https:\/\/api.w.org\/{rel}","templated":true}]}}