{"id":9212,"date":"2019-03-19T17:52:41","date_gmt":"2019-03-19T17:52:41","guid":{"rendered":"https:\/\/larevistadigital.com.ar\/blog\/?p=9212"},"modified":"2019-03-19T17:52:41","modified_gmt":"2019-03-19T17:52:41","slug":"chascomus-ultima-etapa-de-la-remodelacion-de-la-plaza-libertad","status":"publish","type":"post","link":"https:\/\/larevistadigital.com.ar\/blog\/chascomus-ultima-etapa-de-la-remodelacion-de-la-plaza-libertad\/","title":{"rendered":"CHASCOM\u00daS: \u00daLTIMA ETAPA DE LA REMODELACI\u00d3N DE LA PLAZA LIBERTAD"},"content":{"rendered":"<p>Los \u00faltimos trabajos a cargo del personal municipal consisten en la distribuci\u00f3n de las piedritas sobre los caminos laterales en el sector de calle Juli\u00e1n Quintana, habi\u00e9ndose cubierto con este material todo el sector central de la plaza, acci\u00f3n que favorece la conservaci\u00f3n del terreno en espacios tan concurridos.<\/p>\n<blockquote>\n<h3>Se agregaron cestos para residuos, hamacas p\u00f3rtico integrador y maceteros. En cuanto a forestaci\u00f3n se coloc\u00f3 un ejemplar de jacarand\u00e1 en el cantero central y se continuar\u00e1 pr\u00f3ximamente, con otras especies de plantas floraleS<\/h3>\n<\/blockquote>\n<p>.<span style=\"font-size: 16px\">Por otra parte, en materia de iluminaci\u00f3n este espacio cuenta con dos sectores de luminarias nuevas en los sectores de juegos, a su vez personal de alumbrado avanza con las tareas de mantenimiento y puesta en valor de las farolas existentes.<\/span><\/p>\n","protected":false},"excerpt":{"rendered":"<div class=\"mh-excerpt\"><p>Los \u00faltimos trabajos a cargo del personal municipal consisten en la distribuci\u00f3n de las piedritas sobre los caminos laterales en el sector de calle Juli\u00e1n Quintana, habi\u00e9ndose cubierto con este material todo el sector central <a class=\"mh-excerpt-more\" href=\"https:\/\/larevistadigital.com.ar\/blog\/chascomus-ultima-etapa-de-la-remodelacion-de-la-plaza-libertad\/\" title=\"CHASCOM\u00daS: \u00daLTIMA ETAPA DE LA REMODELACI\u00d3N DE LA PLAZA LIBERTAD\">[Leer M\u00e1s]<\/a><\/p>\n<\/div>","protected":false},"author":3,"featured_media":9213,"comment_status":"open","ping_status":"open","sticky":false,"template":"","format":"standard","meta":{"_jetpack_memberships_contains_paid_content":false,"footnotes":"","jetpack_publicize_message":"","jetpack_publicize_feature_enabled":true,"jetpack_social_post_already_shared":true,"jetpack_social_options":{"image_generator_settings":{"template":"highway","default_image_id":0,"font":"","enabled":false},"version":2}},"categories":[6],"tags":[],"class_list":{"0":"post-9212","1":"post","2":"type-post","3":"status-publish","4":"format-standard","5":"has-post-thumbnail","7":"category-chascomus"},"jetpack_publicize_connections":[],"jetpack_featured_media_url":"https:\/\/i0.wp.com\/larevistadigital.com.ar\/blog\/wp-content\/uploads\/2019\/03\/remodelacion_19demarzode2019_elfuerte.jpg?fit=737%2C415&ssl=1","jetpack_sharing_enabled":true,"jetpack_shortlink":"https:\/\/wp.me\/p8qtrQ-2oA","jetpack-related-posts":[{"id":42167,"url":"https:\/\/larevistadigital.com.ar\/blog\/chascomus-se-realizaron-trabajos-de-alumbrado-en-diferentes-sectores-de-la-ciudad\/","url_meta":{"origin":9212,"position":0},"title":"Chascom\u00fas: Se realizaron trabajos de alumbrado en diferentes sectores de la ciudad","author":"Alejandro Sosa Ruda","date":"22 octubre, 2025","format":false,"excerpt":"Se renov\u00f3 la iluminaci\u00f3n del bulevar Scalabrini Ortiz y se realizaron mejoras en la costanera Espa\u00f1a. 22 de Octubre de 2025 CHASCOM\u00daS -\u00a0 \u00a0 Durante la \u00faltima semana, personal municipal llev\u00f3 adelante distintas tareas\u00a0 de de mejora del alumbrado p\u00fablico en varios puntos de la ciudad, con el objetivo de\u2026","rel":"","context":"En \u00abCHASCOM\u00daS\u00bb","block_context":{"text":"CHASCOM\u00daS","link":"https:\/\/larevistadigital.com.ar\/blog\/category\/chascomus\/"},"img":{"alt_text":"","src":"https:\/\/i0.wp.com\/larevistadigital.com.ar\/blog\/wp-content\/uploads\/68f914d479b28.png?fit=668%2C445&ssl=1&resize=350%2C200","width":350,"height":200,"srcset":"https:\/\/i0.wp.com\/larevistadigital.com.ar\/blog\/wp-content\/uploads\/68f914d479b28.png?fit=668%2C445&ssl=1&resize=350%2C200 1x, https:\/\/i0.wp.com\/larevistadigital.com.ar\/blog\/wp-content\/uploads\/68f914d479b28.png?fit=668%2C445&ssl=1&resize=525%2C300 1.5x"},"classes":[]},{"id":38986,"url":"https:\/\/larevistadigital.com.ar\/blog\/chascomus-remodelacion-y-puesta-en-valor-de-la-plaza-sarmiento\/","url_meta":{"origin":9212,"position":1},"title":"Chascom\u00fas: Remodelaci\u00f3n y puesta en valor de la plaza Sarmiento","author":"Alejandro Sosa Ruda","date":"13 marzo, 2025","format":false,"excerpt":"El espacio contar\u00e1 con nueva infraestructura, juegos infantiles y equipamiento para toda la comunidad. 14 de Marzo de 2025 CHASCOM\u00daS -\u00a0 La Municipalidad de Chascom\u00fas lleva adelante trabajos de remodelaci\u00f3n y puesta en valor de la plaza Sarmiento, ubicada entre las calles Libres del Sur, Caseros, Belgrano y las v\u00edas,\u2026","rel":"","context":"En \u00abCHASCOM\u00daS\u00bb","block_context":{"text":"CHASCOM\u00daS","link":"https:\/\/larevistadigital.com.ar\/blog\/category\/chascomus\/"},"img":{"alt_text":"","src":"https:\/\/i0.wp.com\/larevistadigital.com.ar\/blog\/wp-content\/uploads\/67d463066f942.png?fit=668%2C445&ssl=1&resize=350%2C200","width":350,"height":200,"srcset":"https:\/\/i0.wp.com\/larevistadigital.com.ar\/blog\/wp-content\/uploads\/67d463066f942.png?fit=668%2C445&ssl=1&resize=350%2C200 1x, https:\/\/i0.wp.com\/larevistadigital.com.ar\/blog\/wp-content\/uploads\/67d463066f942.png?fit=668%2C445&ssl=1&resize=525%2C300 1.5x"},"classes":[]},{"id":6551,"url":"https:\/\/larevistadigital.com.ar\/blog\/chascomus-el-municipio-coloca-nuevos-juegos-en-las-plazas\/","url_meta":{"origin":9212,"position":2},"title":"CHASCOM\u00daS: EL MUNICIPIO COLOCA NUEVOS JUEGOS EN LAS PLAZAS","author":"Alejandro Sosa Ruda","date":"20 septiembre, 2018","format":false,"excerpt":"A trav\u00e9s de su cuenta d facebook el municipio de Chascom\u00fas inform\u00f3 que est\u00e1 abocado a colocar nuevos juegos en distintas plazas de la ciudad para el disfrute de los ni\u00f1os. El comunicado dice lo siguiente: Continuando con la readecuaci\u00f3n y puesta en valor de los espacios p\u00fablicos de la\u2026","rel":"","context":"En \u00abPOLITICA\u00bb","block_context":{"text":"POLITICA","link":"https:\/\/larevistadigital.com.ar\/blog\/category\/politica\/"},"img":{"alt_text":"","src":"https:\/\/i0.wp.com\/larevistadigital.com.ar\/blog\/wp-content\/uploads\/2018\/09\/42194036_2071034052917469_4836271451768094720_n.jpg?fit=960%2C640&ssl=1&resize=350%2C200","width":350,"height":200,"srcset":"https:\/\/i0.wp.com\/larevistadigital.com.ar\/blog\/wp-content\/uploads\/2018\/09\/42194036_2071034052917469_4836271451768094720_n.jpg?fit=960%2C640&ssl=1&resize=350%2C200 1x, https:\/\/i0.wp.com\/larevistadigital.com.ar\/blog\/wp-content\/uploads\/2018\/09\/42194036_2071034052917469_4836271451768094720_n.jpg?fit=960%2C640&ssl=1&resize=525%2C300 1.5x, https:\/\/i0.wp.com\/larevistadigital.com.ar\/blog\/wp-content\/uploads\/2018\/09\/42194036_2071034052917469_4836271451768094720_n.jpg?fit=960%2C640&ssl=1&resize=700%2C400 2x"},"classes":[]},{"id":39590,"url":"https:\/\/larevistadigital.com.ar\/blog\/renovacion-de-la-plaza-sarmiento-se-realizo-una-plantacion-colectiva-de-especies-nativas\/","url_meta":{"origin":9212,"position":3},"title":"Renovaci\u00f3n de la plaza Sarmiento: Se realiz\u00f3 una plantaci\u00f3n colectiva de especies nativas","author":"Alejandro Sosa Ruda","date":"30 abril, 2025","format":false,"excerpt":"La actividad reuni\u00f3 a los participantes de los talleres del Vivero Municipal y se enmarca en el proceso de renovaci\u00f3n integral del espacio p\u00fablico. 30 de Abril de 2025 CHASCOM\u00daS -\u00a0 Como parte del proceso de renovaci\u00f3n integral del espacio, se llev\u00f3 a cabo una jornada de siembra participativa con\u2026","rel":"","context":"En \u00abCHASCOM\u00daS\u00bb","block_context":{"text":"CHASCOM\u00daS","link":"https:\/\/larevistadigital.com.ar\/blog\/category\/chascomus\/"},"img":{"alt_text":"","src":"https:\/\/i0.wp.com\/larevistadigital.com.ar\/blog\/wp-content\/uploads\/681252cba60ec.png?fit=668%2C445&ssl=1&resize=350%2C200","width":350,"height":200,"srcset":"https:\/\/i0.wp.com\/larevistadigital.com.ar\/blog\/wp-content\/uploads\/681252cba60ec.png?fit=668%2C445&ssl=1&resize=350%2C200 1x, https:\/\/i0.wp.com\/larevistadigital.com.ar\/blog\/wp-content\/uploads\/681252cba60ec.png?fit=668%2C445&ssl=1&resize=525%2C300 1.5x"},"classes":[]},{"id":43501,"url":"https:\/\/larevistadigital.com.ar\/blog\/chascomus-comenzaron-los-trabajos-de-acondicionamiento-de-calles-en-el-barrio-la-pampita\/","url_meta":{"origin":9212,"position":4},"title":"Chascom\u00fas: Comenzaron los trabajos de acondicionamiento de calles en el barrio La Pampita","author":"Alejandro Sosa Ruda","date":"20 enero, 2026","format":false,"excerpt":"Contin\u00faa el acondicionamiento de calles en distintos puntos de la ciudad. 20 de enero de 2026 CHASCOM\u00daS -\u00a0 \u00a0La Municipalidad de Chascom\u00fas avanza con los trabajos de acondicionamiento de calles en el barrio La Pampita, en una nueva etapa de la intervenci\u00f3n vial que busca mejorar la transitabilidad y las\u2026","rel":"","context":"En \u00abCHASCOM\u00daS\u00bb","block_context":{"text":"CHASCOM\u00daS","link":"https:\/\/larevistadigital.com.ar\/blog\/category\/chascomus\/"},"img":{"alt_text":"","src":"https:\/\/i0.wp.com\/larevistadigital.com.ar\/blog\/wp-content\/uploads\/696fc46dcaceb.png?fit=668%2C445&ssl=1&resize=350%2C200","width":350,"height":200,"srcset":"https:\/\/i0.wp.com\/larevistadigital.com.ar\/blog\/wp-content\/uploads\/696fc46dcaceb.png?fit=668%2C445&ssl=1&resize=350%2C200 1x, https:\/\/i0.wp.com\/larevistadigital.com.ar\/blog\/wp-content\/uploads\/696fc46dcaceb.png?fit=668%2C445&ssl=1&resize=525%2C300 1.5x"},"classes":[]},{"id":25358,"url":"https:\/\/larevistadigital.com.ar\/blog\/se-realizaron-operativos-de-prevencion-en-sectores-rurales\/","url_meta":{"origin":9212,"position":5},"title":"SE REALIZARON OPERATIVOS DE PREVENCI\u00d3N EN SECTORES RURALES","author":"Alejandro Sosa Ruda","date":"22 mayo, 2022","format":false,"excerpt":"Cada vez m\u00e1s operativos se efect\u00faan en el \u00e1rea rural, como prevenci\u00f3n del delito, lo que demuestra una firme decisi\u00f3n pol\u00edtica de ocuparse de un tema que estaba bastante postergado. CHASCOM\u00daS -\u00a0 Como parte de las acciones destinadas a fortalecer las tareas de prevenci\u00f3n del delito en la zona rural,\u2026","rel":"","context":"En \u00abINTERES GENERAL\u00bb","block_context":{"text":"INTERES GENERAL","link":"https:\/\/larevistadigital.com.ar\/blog\/category\/interes-general\/"},"img":{"alt_text":"","src":"https:\/\/i0.wp.com\/larevistadigital.com.ar\/blog\/wp-content\/uploads\/2022_05_20_01_56_30_7775366.jpeg?fit=600%2C338&ssl=1&resize=350%2C200","width":350,"height":200,"srcset":"https:\/\/i0.wp.com\/larevistadigital.com.ar\/blog\/wp-content\/uploads\/2022_05_20_01_56_30_7775366.jpeg?fit=600%2C338&ssl=1&resize=350%2C200 1x, https:\/\/i0.wp.com\/larevistadigital.com.ar\/blog\/wp-content\/uploads\/2022_05_20_01_56_30_7775366.jpeg?fit=600%2C338&ssl=1&resize=525%2C300 1.5x"},"classes":[]}],"_links":{"self":[{"href":"https:\/\/larevistadigital.com.ar\/blog\/wp-json\/wp\/v2\/posts\/9212","targetHints":{"allow":["GET"]}}],"collection":[{"href":"https:\/\/larevistadigital.com.ar\/blog\/wp-json\/wp\/v2\/posts"}],"about":[{"href":"https:\/\/larevistadigital.com.ar\/blog\/wp-json\/wp\/v2\/types\/post"}],"author":[{"embeddable":true,"href":"https:\/\/larevistadigital.com.ar\/blog\/wp-json\/wp\/v2\/users\/3"}],"replies":[{"embeddable":true,"href":"https:\/\/larevistadigital.com.ar\/blog\/wp-json\/wp\/v2\/comments?post=9212"}],"version-history":[{"count":1,"href":"https:\/\/larevistadigital.com.ar\/blog\/wp-json\/wp\/v2\/posts\/9212\/revisions"}],"predecessor-version":[{"id":9214,"href":"https:\/\/larevistadigital.com.ar\/blog\/wp-json\/wp\/v2\/posts\/9212\/revisions\/9214"}],"wp:featuredmedia":[{"embeddable":true,"href":"https:\/\/larevistadigital.com.ar\/blog\/wp-json\/wp\/v2\/media\/9213"}],"wp:attachment":[{"href":"https:\/\/larevistadigital.com.ar\/blog\/wp-json\/wp\/v2\/media?parent=9212"}],"wp:term":[{"taxonomy":"category","embeddable":true,"href":"https:\/\/larevistadigital.com.ar\/blog\/wp-json\/wp\/v2\/categories?post=9212"},{"taxonomy":"post_tag","embeddable":true,"href":"https:\/\/larevistadigital.com.ar\/blog\/wp-json\/wp\/v2\/tags?post=9212"}],"curies":[{"name":"wp","href":"https:\/\/api.w.org\/{rel}","templated":true}]}}