{"id":9215,"date":"2019-03-19T17:59:41","date_gmt":"2019-03-19T17:59:41","guid":{"rendered":"https:\/\/larevistadigital.com.ar\/blog\/?p=9215"},"modified":"2019-03-19T17:59:41","modified_gmt":"2019-03-19T17:59:41","slug":"tribunal-de-cuentas-dejo-sin-efecto-los-cargos-contra-el-gobierno-de-javier-gaston-y-el-contador-municipal-dice-que-los-problemas-los-ocasionaron-denot-y-gobbi","status":"publish","type":"post","link":"https:\/\/larevistadigital.com.ar\/blog\/tribunal-de-cuentas-dejo-sin-efecto-los-cargos-contra-el-gobierno-de-javier-gaston-y-el-contador-municipal-dice-que-los-problemas-los-ocasionaron-denot-y-gobbi\/","title":{"rendered":"TRIBUNAL DE CUENTAS DEJ\u00d3 SIN EFECTO LOS CARGOS CONTRA EL GOBIERNO DE JAVIER GAST\u00d3N Y EL CONTADOR MUNICIPAL DICE QUE LOS PROBLEMAS LOS OCASIONARON DENOT Y GOBBI"},"content":{"rendered":"<p class=\"notaIntro\">Al conocerse la informaci\u00f3n de que el Honorable Tribunal de Cuentas de la provincia de Buenos Aires dej\u00f3 sin efecto los cargos por observaciones en la rendici\u00f3n de cuentas del ejercicio 2016, el Contador Municipal <strong>Gast\u00f3n Gualazzini<\/strong> destac\u00f3 el trabajo articulado que viene desarrollando la Secretar\u00eda de Hacienda con el equipo t\u00e9cnico del Tribunal para corregir ciertas anomal\u00edas administrativas de arrastre.<\/p>\n<p class=\"notaTexto\">En este sentido, <strong>Gualazzini<\/strong> remarc\u00f3 que <em><strong>\u201cuna de las principales obligaciones que tenemos como funcionarios p\u00fablicos es la de rendir cuentas de nuestros actos ante los vecinos. Si algo ha caracterizado a esta gesti\u00f3n es la transparencia y la responsabilidad en el manejo del erario p\u00fablico. Hablar con claridad y exponer los problemas es parte de esta conducta. Desde que asumimos, nos fijamos el objetivo de ir normalizando y corrigiendo los incumplimientos detectados por el Tribunal de Cuentas, que no son nuevos sino que vienen de arrastre desde hace m\u00e1s de 10 a\u00f1os\u201d<\/strong><\/em>.<\/p>\n<p>Cabe recordar que el principal cargo del Tribunal en su fallo original hab\u00eda girado en torno a un convenio de agosto del 2015 con el Banco Provincia, referido a las conciliaciones bancarias del \u201cVisa Vale Social\u201d por unos 2 millones de pesos. Este programa, que depende de la Secretar\u00eda de Desarrollo Social, consiste en una tarjeta que se entrega a familias previamente evaluadas por las trabajadoras sociales del municipio y que les permite adquirir alimentos y comestibles. Actualmente, bajo este programa, se asiste a m\u00e1s de 550 familias de Chascom\u00fas.<\/p>\n<p>Al momento de suscribir el convenio, la entidad bancaria abri\u00f3 una cuenta asociada a este programa, pero sobre la cual la Municipalidad de Chascom\u00fas no tiene ninguna disposici\u00f3n ni injerencia. El aparente faltante de dinero que observ\u00f3 el Tribunal de Cuentas guardaba relaci\u00f3n con la imposibilidad de conciliar los fondos del erario municipal con los movimientos de una cuenta bancaria que, cabe destacar, no es propia del municipio sino de los beneficiarios del programa.<\/p>\n<p><em><strong>\u201cLamentamos el uso pol\u00edtico que se le dio al fallo original, y las dudas malintencionadas que se sembraron sobre la honestidad de nuestro equipo de gesti\u00f3n. Siempre supimos que la observaci\u00f3n era simplemente un problema de arrastre, que qued\u00f3 debidamente aclarada con la nota en la que el Banco Provincia certific\u00f3 que nosotros no tenemos ninguna disposici\u00f3n sobre esa cuenta\u201d,<\/strong><\/em> explic\u00f3 el contador <strong>Gualazzini<\/strong>.<\/p>\n","protected":false},"excerpt":{"rendered":"<div class=\"mh-excerpt\"><p>Al conocerse la informaci\u00f3n de que el Honorable Tribunal de Cuentas de la provincia de Buenos Aires dej\u00f3 sin efecto los cargos por observaciones en la rendici\u00f3n de cuentas del ejercicio 2016, el Contador Municipal <a class=\"mh-excerpt-more\" href=\"https:\/\/larevistadigital.com.ar\/blog\/tribunal-de-cuentas-dejo-sin-efecto-los-cargos-contra-el-gobierno-de-javier-gaston-y-el-contador-municipal-dice-que-los-problemas-los-ocasionaron-denot-y-gobbi\/\" title=\"TRIBUNAL DE CUENTAS DEJ\u00d3 SIN EFECTO LOS CARGOS CONTRA EL GOBIERNO DE JAVIER GAST\u00d3N Y EL CONTADOR MUNICIPAL DICE QUE LOS PROBLEMAS LOS OCASIONARON DENOT Y GOBBI\">[Leer M\u00e1s]<\/a><\/p>\n<\/div>","protected":false},"author":3,"featured_media":9216,"comment_status":"open","ping_status":"open","sticky":false,"template":"","format":"standard","meta":{"_jetpack_memberships_contains_paid_content":false,"footnotes":"","jetpack_publicize_message":"","jetpack_publicize_feature_enabled":true,"jetpack_social_post_already_shared":true,"jetpack_social_options":{"image_generator_settings":{"template":"highway","default_image_id":0,"font":"","enabled":false},"version":2}},"categories":[6,12],"tags":[],"class_list":{"0":"post-9215","1":"post","2":"type-post","3":"status-publish","4":"format-standard","5":"has-post-thumbnail","7":"category-chascomus","8":"category-politica"},"jetpack_publicize_connections":[],"jetpack_featured_media_url":"https:\/\/i0.wp.com\/larevistadigital.com.ar\/blog\/wp-content\/uploads\/2019\/03\/54372183_2340810029273202_702850515859406848_o.jpg?fit=1280%2C854&ssl=1","jetpack_sharing_enabled":true,"jetpack_shortlink":"https:\/\/wp.me\/p8qtrQ-2oD","jetpack-related-posts":[{"id":6068,"url":"https:\/\/larevistadigital.com.ar\/blog\/multan-al-municipio-de-chascomus-con-3-000-000\/","url_meta":{"origin":9215,"position":0},"title":"MULTAN AL MUNICIPIO DE CHASCOM\u00daS CON $3.000.000.-","author":"Alejandro Sosa Ruda","date":"17 julio, 2018","format":false,"excerpt":"Seg\u00fan publica el sitio DixitP el Tribunal de Cuentas le estar\u00eda reclamando m\u00e1s de 3 millones de pesos al intendente Javier Gast\u00f3n. Esta suma, es consecuencia de los millonarios cargos, amonestaciones y apercibimientos que le impuso el Tribunal de Cuentas de la provincia de Buenos Aires. Los mismos tienen que\u2026","rel":"","context":"En \u00abDESTACADAS\u00bb","block_context":{"text":"DESTACADAS","link":"https:\/\/larevistadigital.com.ar\/blog\/category\/destacadas\/"},"img":{"alt_text":"","src":"https:\/\/i0.wp.com\/larevistadigital.com.ar\/blog\/wp-content\/uploads\/2018\/07\/maxresdefault.jpg?fit=654%2C520&ssl=1&resize=350%2C200","width":350,"height":200,"srcset":"https:\/\/i0.wp.com\/larevistadigital.com.ar\/blog\/wp-content\/uploads\/2018\/07\/maxresdefault.jpg?fit=654%2C520&ssl=1&resize=350%2C200 1x, https:\/\/i0.wp.com\/larevistadigital.com.ar\/blog\/wp-content\/uploads\/2018\/07\/maxresdefault.jpg?fit=654%2C520&ssl=1&resize=525%2C300 1.5x"},"classes":[]},{"id":24859,"url":"https:\/\/larevistadigital.com.ar\/blog\/miente-miente-que-algo-quedara-relato-relato-y-mas-relato\/","url_meta":{"origin":9215,"position":1},"title":"MIENTE, MIENTE QUE ALGO QUEDAR\u00c1&#8230; (RELATO, RELATO Y M\u00c1S RELATO)","author":"Alejandro Sosa Ruda","date":"28 marzo, 2022","format":false,"excerpt":"CHASCOM\u00daS -\u00a0 A principios de la semana pasada, el intendente municipal, profesor Javier Gast\u00f3n, manifest\u00f3 por los medios locales, que \"LAS CUENTAS CLARAS Y EL CORRECTO MANEJO DE LOS RECURSOS DE LOS VECINOS SON UN PILAR FUNDAMENTAL DE LA GESTI\u00d3N\". Todo se deb\u00eda a que el Tribunal de Cuentas de\u2026","rel":"","context":"En \u00abINTERES GENERAL\u00bb","block_context":{"text":"INTERES GENERAL","link":"https:\/\/larevistadigital.com.ar\/blog\/category\/interes-general\/"},"img":{"alt_text":"","src":"https:\/\/i0.wp.com\/larevistadigital.com.ar\/blog\/wp-content\/uploads\/Pinocho-Gaston.jpg?fit=1000%2C986&ssl=1&resize=350%2C200","width":350,"height":200,"srcset":"https:\/\/i0.wp.com\/larevistadigital.com.ar\/blog\/wp-content\/uploads\/Pinocho-Gaston.jpg?fit=1000%2C986&ssl=1&resize=350%2C200 1x, https:\/\/i0.wp.com\/larevistadigital.com.ar\/blog\/wp-content\/uploads\/Pinocho-Gaston.jpg?fit=1000%2C986&ssl=1&resize=525%2C300 1.5x, https:\/\/i0.wp.com\/larevistadigital.com.ar\/blog\/wp-content\/uploads\/Pinocho-Gaston.jpg?fit=1000%2C986&ssl=1&resize=700%2C400 2x"},"classes":[]},{"id":32076,"url":"https:\/\/larevistadigital.com.ar\/blog\/el-intendente-gaston-veto-la-ordenanza-que-suspendia-el-pago-de-derechos-de-espacio-publico\/","url_meta":{"origin":9215,"position":2},"title":"EL INTENDENTE GAST\u00d3N VET\u00d3 LA ORDENANZA QUE SUSPEND\u00cdA EL PAGO DE DERECHOS DE ESPACIO P\u00daBLICO.","author":"Alejandro Sosa Ruda","date":"19 junio, 2023","format":false,"excerpt":"Tambi\u00e9n, le solicit\u00f3 al Tribunal de Cuentas, que estudie si los Concejales se excedieron en sus atribuciones y si pueden ser sancionados. 19 de junio de 2023 El pasado 5 de junio, el Intendente Javier Gast\u00f3n emiti\u00f3 un veto total sobre la ordenanza 5722, la cual fue aprobada el 24\u2026","rel":"","context":"En \u00abINTERES GENERAL\u00bb","block_context":{"text":"INTERES GENERAL","link":"https:\/\/larevistadigital.com.ar\/blog\/category\/interes-general\/"},"img":{"alt_text":"","src":"https:\/\/i0.wp.com\/larevistadigital.com.ar\/blog\/wp-content\/uploads\/2018\/11\/gaston-800x445.jpg?fit=800%2C445&ssl=1&resize=350%2C200","width":350,"height":200,"srcset":"https:\/\/i0.wp.com\/larevistadigital.com.ar\/blog\/wp-content\/uploads\/2018\/11\/gaston-800x445.jpg?fit=800%2C445&ssl=1&resize=350%2C200 1x, https:\/\/i0.wp.com\/larevistadigital.com.ar\/blog\/wp-content\/uploads\/2018\/11\/gaston-800x445.jpg?fit=800%2C445&ssl=1&resize=525%2C300 1.5x, https:\/\/i0.wp.com\/larevistadigital.com.ar\/blog\/wp-content\/uploads\/2018\/11\/gaston-800x445.jpg?fit=800%2C445&ssl=1&resize=700%2C400 2x"},"classes":[]},{"id":1699,"url":"https:\/\/larevistadigital.com.ar\/blog\/primicia-de-la-revista-digital-el-tribunal-de-cuentas-lo-confirmo-el-veto-de-gaston-fue-extemporaneo-por-lo-que-esta-en-vigencia-el-pago-del-bono-a-municipales\/","url_meta":{"origin":9215,"position":3},"title":"PRIMICIA DE LA REVISTA DIGITAL: EL TRIBUNAL DE CUENTAS LO CONFIRM\u00d3: EL VETO DE GASTON FUE EXTEMPORANEO POR LO QUE EST\u00c1 EN VIGENCIA EL PAGO DEL BONO A MUNICIPALES","author":"Alejandro Sosa Ruda","date":"28 marzo, 2017","format":false,"excerpt":"En exclusiva, LRD tuvo acceso al fallo del Honorable Tribunal de Cuentas en el que dice que \u201cEn atenci\u00f3n a lo se\u00f1alado y vistas las fechas que acontecieron las distintas instancias, el veto del Ejecutivo al proyecto de ordenanza tra\u00eddo a consulta (pago del bono a empleados municipales) ha sido\u2026","rel":"","context":"En \u00abCHASCOM\u00daS\u00bb","block_context":{"text":"CHASCOM\u00daS","link":"https:\/\/larevistadigital.com.ar\/blog\/category\/chascomus\/"},"img":{"alt_text":"","src":"https:\/\/i0.wp.com\/larevistadigital.com.ar\/blog\/wp-content\/uploads\/2017\/03\/PROTESTA-CHASCOMUS1.jpg?fit=1200%2C900&ssl=1&resize=350%2C200","width":350,"height":200,"srcset":"https:\/\/i0.wp.com\/larevistadigital.com.ar\/blog\/wp-content\/uploads\/2017\/03\/PROTESTA-CHASCOMUS1.jpg?fit=1200%2C900&ssl=1&resize=350%2C200 1x, https:\/\/i0.wp.com\/larevistadigital.com.ar\/blog\/wp-content\/uploads\/2017\/03\/PROTESTA-CHASCOMUS1.jpg?fit=1200%2C900&ssl=1&resize=525%2C300 1.5x, https:\/\/i0.wp.com\/larevistadigital.com.ar\/blog\/wp-content\/uploads\/2017\/03\/PROTESTA-CHASCOMUS1.jpg?fit=1200%2C900&ssl=1&resize=700%2C400 2x, https:\/\/i0.wp.com\/larevistadigital.com.ar\/blog\/wp-content\/uploads\/2017\/03\/PROTESTA-CHASCOMUS1.jpg?fit=1200%2C900&ssl=1&resize=1050%2C600 3x"},"classes":[]},{"id":36991,"url":"https:\/\/larevistadigital.com.ar\/blog\/el-concejal-leandro-bordalecou-asumira-como-intendente-interino\/","url_meta":{"origin":9215,"position":4},"title":"EL CONCEJAL LEANDRO BORDALECOU, ASUMIR\u00c1 COMO INTENDENTE INTERINO","author":"Alejandro Sosa Ruda","date":"18 agosto, 2024","format":false,"excerpt":"El intendente Javier Gast\u00f3n har\u00e1 uso de una licencia en su cargo, desde el domingo 18 hasta el s\u00e1bado 31 de agosto inclusive. 18 de Agosto de 2024 CHASCOM\u00daS -\u00a0 Durante su ausencia, asumir\u00e1 el cargo de forma interina, el concejal Leandro Bordalecou, quien ocup\u00f3 el primer lugar en la\u2026","rel":"","context":"En \u00abCHASCOM\u00daS\u00bb","block_context":{"text":"CHASCOM\u00daS","link":"https:\/\/larevistadigital.com.ar\/blog\/category\/chascomus\/"},"img":{"alt_text":"","src":"https:\/\/i0.wp.com\/larevistadigital.com.ar\/blog\/wp-content\/uploads\/66bf8ca259d48.png?fit=668%2C445&ssl=1&resize=350%2C200","width":350,"height":200,"srcset":"https:\/\/i0.wp.com\/larevistadigital.com.ar\/blog\/wp-content\/uploads\/66bf8ca259d48.png?fit=668%2C445&ssl=1&resize=350%2C200 1x, https:\/\/i0.wp.com\/larevistadigital.com.ar\/blog\/wp-content\/uploads\/66bf8ca259d48.png?fit=668%2C445&ssl=1&resize=525%2C300 1.5x"},"classes":[]},{"id":428,"url":"https:\/\/larevistadigital.com.ar\/blog\/se-incorporaran-35-nuevas-camaras-seguridad\/","url_meta":{"origin":9215,"position":5},"title":"Se incorporar\u00e1n 35 nuevas c\u00e1maras de seguridad","author":"editor","date":"28 febrero, 2017","format":false,"excerpt":"Se inform\u00f3 desde la Comuna que en el despacho del Intendente Municipal, se realiz\u00f3 la apertura de sobres de la licitaci\u00f3n privada que permitir\u00e1 realizar la tercera etapa de la ampliaci\u00f3n del sistema de monitoreo. La misma contempla una adquisici\u00f3n de 35 nuevas c\u00e1maras de seguridad, diferenciadas en 15 fijas\u2026","rel":"","context":"En \u00abCHASCOM\u00daS\u00bb","block_context":{"text":"CHASCOM\u00daS","link":"https:\/\/larevistadigital.com.ar\/blog\/category\/chascomus\/"},"img":{"alt_text":"","src":"https:\/\/i0.wp.com\/larevistadigital.com.ar\/blog\/wp-content\/uploads\/2017\/02\/camaras_20defebrerode2017_elfuerte.jpg?fit=868%2C574&ssl=1&resize=350%2C200","width":350,"height":200,"srcset":"https:\/\/i0.wp.com\/larevistadigital.com.ar\/blog\/wp-content\/uploads\/2017\/02\/camaras_20defebrerode2017_elfuerte.jpg?fit=868%2C574&ssl=1&resize=350%2C200 1x, https:\/\/i0.wp.com\/larevistadigital.com.ar\/blog\/wp-content\/uploads\/2017\/02\/camaras_20defebrerode2017_elfuerte.jpg?fit=868%2C574&ssl=1&resize=525%2C300 1.5x, https:\/\/i0.wp.com\/larevistadigital.com.ar\/blog\/wp-content\/uploads\/2017\/02\/camaras_20defebrerode2017_elfuerte.jpg?fit=868%2C574&ssl=1&resize=700%2C400 2x"},"classes":[]}],"_links":{"self":[{"href":"https:\/\/larevistadigital.com.ar\/blog\/wp-json\/wp\/v2\/posts\/9215","targetHints":{"allow":["GET"]}}],"collection":[{"href":"https:\/\/larevistadigital.com.ar\/blog\/wp-json\/wp\/v2\/posts"}],"about":[{"href":"https:\/\/larevistadigital.com.ar\/blog\/wp-json\/wp\/v2\/types\/post"}],"author":[{"embeddable":true,"href":"https:\/\/larevistadigital.com.ar\/blog\/wp-json\/wp\/v2\/users\/3"}],"replies":[{"embeddable":true,"href":"https:\/\/larevistadigital.com.ar\/blog\/wp-json\/wp\/v2\/comments?post=9215"}],"version-history":[{"count":1,"href":"https:\/\/larevistadigital.com.ar\/blog\/wp-json\/wp\/v2\/posts\/9215\/revisions"}],"predecessor-version":[{"id":9217,"href":"https:\/\/larevistadigital.com.ar\/blog\/wp-json\/wp\/v2\/posts\/9215\/revisions\/9217"}],"wp:featuredmedia":[{"embeddable":true,"href":"https:\/\/larevistadigital.com.ar\/blog\/wp-json\/wp\/v2\/media\/9216"}],"wp:attachment":[{"href":"https:\/\/larevistadigital.com.ar\/blog\/wp-json\/wp\/v2\/media?parent=9215"}],"wp:term":[{"taxonomy":"category","embeddable":true,"href":"https:\/\/larevistadigital.com.ar\/blog\/wp-json\/wp\/v2\/categories?post=9215"},{"taxonomy":"post_tag","embeddable":true,"href":"https:\/\/larevistadigital.com.ar\/blog\/wp-json\/wp\/v2\/tags?post=9215"}],"curies":[{"name":"wp","href":"https:\/\/api.w.org\/{rel}","templated":true}]}}