{"id":9220,"date":"2019-03-20T02:36:34","date_gmt":"2019-03-20T02:36:34","guid":{"rendered":"https:\/\/larevistadigital.com.ar\/blog\/?p=9220"},"modified":"2019-03-20T02:36:34","modified_gmt":"2019-03-20T02:36:34","slug":"dolores-se-escaparon-dos-presos-de-la-unidad-6-uno-fue-recapturado-en-maipu","status":"publish","type":"post","link":"https:\/\/larevistadigital.com.ar\/blog\/dolores-se-escaparon-dos-presos-de-la-unidad-6-uno-fue-recapturado-en-maipu\/","title":{"rendered":"DOLORES: SE ESCAPARON DOS PRESOS DE LA UNIDAD 6, UNO FUE RECAPTURADO EN MAIP\u00da"},"content":{"rendered":"<p>Dos internos que estaban en la c\u00e1rcel de Dolores, quebrantaron el r\u00e9gimen abierto art\u00edculo 100 de la ley 12.256 que fuera otorgado por sus respectivos juzgados. Este r\u00e9gimen implica una faz de confianza con custodia m\u00ednima, aclarando que no se fugaron del instituto, ni saltaron el muro.<\/p>\n<blockquote>\n<h3>Los internos son <strong>Diego Avellaneda Castro y Osvaldo Ferreyra<\/strong>.<\/h3>\n<\/blockquote>\n<p>Hace instantes, nos llega la informaci\u00f3n que uno de los internos escapados, fue recapturado en la localidad de Maip\u00fa.<\/p>\n<p>La detenci\u00f3n del sujeto, se habr\u00eda producido en el \u00e1mbito de la terminal de \u00f3mnibus de la mencionada ciudad, mientras contin\u00faa una b\u00fasqueda fren\u00e9tica del otro delincuente escapado.<\/p>\n","protected":false},"excerpt":{"rendered":"<div class=\"mh-excerpt\"><p>Dos internos que estaban en la c\u00e1rcel de Dolores, quebrantaron el r\u00e9gimen abierto art\u00edculo 100 de la ley 12.256 que fuera otorgado por sus respectivos juzgados. Este r\u00e9gimen implica una faz de confianza con custodia <a class=\"mh-excerpt-more\" href=\"https:\/\/larevistadigital.com.ar\/blog\/dolores-se-escaparon-dos-presos-de-la-unidad-6-uno-fue-recapturado-en-maipu\/\" title=\"DOLORES: SE ESCAPARON DOS PRESOS DE LA UNIDAD 6, UNO FUE RECAPTURADO EN MAIP\u00da\">[Leer M\u00e1s]<\/a><\/p>\n<\/div>","protected":false},"author":3,"featured_media":9221,"comment_status":"open","ping_status":"open","sticky":false,"template":"","format":"standard","meta":{"_jetpack_memberships_contains_paid_content":false,"footnotes":"","jetpack_publicize_message":"","jetpack_publicize_feature_enabled":true,"jetpack_social_post_already_shared":true,"jetpack_social_options":{"image_generator_settings":{"template":"highway","default_image_id":0,"font":"","enabled":false},"version":2}},"categories":[43,12],"tags":[],"class_list":{"0":"post-9220","1":"post","2":"type-post","3":"status-publish","4":"format-standard","5":"has-post-thumbnail","7":"category-dolores","8":"category-politica"},"jetpack_publicize_connections":[],"jetpack_featured_media_url":"https:\/\/i0.wp.com\/larevistadigital.com.ar\/blog\/wp-content\/uploads\/2019\/03\/Screenshot_2-10.jpg?fit=872%2C548&ssl=1","jetpack_sharing_enabled":true,"jetpack_shortlink":"https:\/\/wp.me\/p8qtrQ-2oI","jetpack-related-posts":[{"id":18029,"url":"https:\/\/larevistadigital.com.ar\/blog\/18029-2\/","url_meta":{"origin":9220,"position":0},"title":"DOS PRESOS SE FUGARON DEL PENAL DE DOLORES, Y FUERON RECAPTURADOS","author":"Alejandro Sosa Ruda","date":"10 diciembre, 2020","format":false,"excerpt":"Dos presos intentaron fugarse saltando el muro del penal de Dolores, pero fueron atrapados de forma inmediata por personal del Servicio Penitenciario de la Unidad N\u00b0 6. Seg\u00fan se inform\u00f3 los detenidos, de 41 y 42 a\u00f1os, se encontraban en el patio de recreo realizando tareas de limpieza cuando, en\u2026","rel":"","context":"En \u00abDOLORES\u00bb","block_context":{"text":"DOLORES","link":"https:\/\/larevistadigital.com.ar\/blog\/category\/dolores\/"},"img":{"alt_text":"","src":"https:\/\/i0.wp.com\/larevistadigital.com.ar\/blog\/wp-content\/uploads\/comisaria-de-dolores0220.jpg?fit=783%2C505&ssl=1&resize=350%2C200","width":350,"height":200,"srcset":"https:\/\/i0.wp.com\/larevistadigital.com.ar\/blog\/wp-content\/uploads\/comisaria-de-dolores0220.jpg?fit=783%2C505&ssl=1&resize=350%2C200 1x, https:\/\/i0.wp.com\/larevistadigital.com.ar\/blog\/wp-content\/uploads\/comisaria-de-dolores0220.jpg?fit=783%2C505&ssl=1&resize=525%2C300 1.5x, https:\/\/i0.wp.com\/larevistadigital.com.ar\/blog\/wp-content\/uploads\/comisaria-de-dolores0220.jpg?fit=783%2C505&ssl=1&resize=700%2C400 2x"},"classes":[]},{"id":15100,"url":"https:\/\/larevistadigital.com.ar\/blog\/dolores-internos-inician-huelga-de-hambre\/","url_meta":{"origin":9220,"position":1},"title":"DOLORES: INTERNOS INICIAN HUELGA DE HAMBRE","author":"Alejandro Sosa Ruda","date":"1 mayo, 2020","format":false,"excerpt":"En el marco del conflicto que tiene lugar en distintos penales se la Provincia, ayer por la tarde 59 internos del Pabell\u00f3n de F\u00fatbol de la C\u00e1rcel, iniciaron una huelga de hambre. Los detenidos decidieron no retirar el almuerzo y la cena que se les brinda desde el Servicio Penitenciario\u2026","rel":"","context":"En \u00abDOLORES\u00bb","block_context":{"text":"DOLORES","link":"https:\/\/larevistadigital.com.ar\/blog\/category\/dolores\/"},"img":{"alt_text":"","src":"https:\/\/i0.wp.com\/larevistadigital.com.ar\/blog\/wp-content\/uploads\/Carcel-Edificio-pintado-nuevo-2015.jpg?fit=759%2C379&ssl=1&resize=350%2C200","width":350,"height":200,"srcset":"https:\/\/i0.wp.com\/larevistadigital.com.ar\/blog\/wp-content\/uploads\/Carcel-Edificio-pintado-nuevo-2015.jpg?fit=759%2C379&ssl=1&resize=350%2C200 1x, https:\/\/i0.wp.com\/larevistadigital.com.ar\/blog\/wp-content\/uploads\/Carcel-Edificio-pintado-nuevo-2015.jpg?fit=759%2C379&ssl=1&resize=525%2C300 1.5x, https:\/\/i0.wp.com\/larevistadigital.com.ar\/blog\/wp-content\/uploads\/Carcel-Edificio-pintado-nuevo-2015.jpg?fit=759%2C379&ssl=1&resize=700%2C400 2x"},"classes":[]},{"id":11876,"url":"https:\/\/larevistadigital.com.ar\/blog\/dolores-se-entregaron-impresoras-3d-a-instituciones-educativas-de-la-region\/","url_meta":{"origin":9220,"position":2},"title":"DOLORES: SE ENTREGARON IMPRESORAS 3D A INSTITUCIONES EDUCATIVAS DE LA REGI\u00d3N","author":"Alejandro Sosa Ruda","date":"16 agosto, 2019","format":false,"excerpt":"En la Sala de Conferencias de la Municipalidad, se llev\u00f3 a cabo la entrega de Impresoras 3D, un encuentro que reuni\u00f3 a la comunidad educativa de los Centros de Formaci\u00f3n Profesional y Laboral, Institutos T\u00e9cnicos y Escuelas Secundarias de Chascom\u00fas, Dolores, General Guido, General Madariaga, General Paz, La Costa, Maip\u00fa,\u2026","rel":"","context":"En \u00abDOLORES\u00bb","block_context":{"text":"DOLORES","link":"https:\/\/larevistadigital.com.ar\/blog\/category\/dolores\/"},"img":{"alt_text":"","src":"https:\/\/i0.wp.com\/larevistadigital.com.ar\/blog\/wp-content\/uploads\/Impresoras-660x330.jpg?fit=660%2C330&ssl=1&resize=350%2C200","width":350,"height":200,"srcset":"https:\/\/i0.wp.com\/larevistadigital.com.ar\/blog\/wp-content\/uploads\/Impresoras-660x330.jpg?fit=660%2C330&ssl=1&resize=350%2C200 1x, https:\/\/i0.wp.com\/larevistadigital.com.ar\/blog\/wp-content\/uploads\/Impresoras-660x330.jpg?fit=660%2C330&ssl=1&resize=525%2C300 1.5x"},"classes":[]},{"id":10638,"url":"https:\/\/larevistadigital.com.ar\/blog\/maipu-auto-choca-con-camion-estacionado-un-muerto-y-un-herido\/","url_meta":{"origin":9220,"position":3},"title":"MAIP\u00da: AUTO CHOCA CON CAMI\u00d3N ESTACIONADO. UN MUERTO Y UN HERIDO.","author":"Alejandro Sosa Ruda","date":"15 junio, 2019","format":false,"excerpt":"Un joven vecino de Maipu falleci\u00f3 esta madrugada como consecuencia de un siniestro vial ocurrido en la calle Lavalle de tal ciudad, frente al predio del club Atl\u00e9tico. Por causas que se tratan de establecer, el veh\u00edculo en el que se trasladaba el maipuense, colision\u00f3 contra un cami\u00f3n que estaba\u2026","rel":"","context":"En \u00abPOLICIALES\u00bb","block_context":{"text":"POLICIALES","link":"https:\/\/larevistadigital.com.ar\/blog\/category\/policiales\/"},"img":{"alt_text":"","src":"https:\/\/i0.wp.com\/larevistadigital.com.ar\/blog\/wp-content\/uploads\/64445929_2294786880612685_2261391686837993472_n.jpg?fit=960%2C540&ssl=1&resize=350%2C200","width":350,"height":200,"srcset":"https:\/\/i0.wp.com\/larevistadigital.com.ar\/blog\/wp-content\/uploads\/64445929_2294786880612685_2261391686837993472_n.jpg?fit=960%2C540&ssl=1&resize=350%2C200 1x, https:\/\/i0.wp.com\/larevistadigital.com.ar\/blog\/wp-content\/uploads\/64445929_2294786880612685_2261391686837993472_n.jpg?fit=960%2C540&ssl=1&resize=525%2C300 1.5x, https:\/\/i0.wp.com\/larevistadigital.com.ar\/blog\/wp-content\/uploads\/64445929_2294786880612685_2261391686837993472_n.jpg?fit=960%2C540&ssl=1&resize=700%2C400 2x"},"classes":[]},{"id":2861,"url":"https:\/\/larevistadigital.com.ar\/blog\/hallaron-en-madariaga-en-buenas-condiciones-a-un-vecino-de-maipu\/","url_meta":{"origin":9220,"position":4},"title":"Hallaron en Madariaga en buenas condiciones a un vecino de Maip\u00fa","author":"admin","date":"3 agosto, 2017","format":false,"excerpt":"La Polic\u00eda Local encontr\u00f3 a Avelino Valcarcel, de 82 a\u00f1os, en una vivienda de la Calle 16 al 2.200 de General Madariaga, en donde se hallaba en buenas condiciones. El hombre hab\u00eda mantenido una discusi\u00f3n con su esposa y decidi\u00f3 retirarse del domicilio de Maip\u00fa, en su auto, para emprender\u2026","rel":"","context":"En \u00abPOLICIALES\u00bb","block_context":{"text":"POLICIALES","link":"https:\/\/larevistadigital.com.ar\/blog\/category\/policiales\/"},"img":{"alt_text":"","src":"https:\/\/i0.wp.com\/larevistadigital.com.ar\/blog\/wp-content\/uploads\/2017\/08\/madariaga_03deagostode2017_elfuerte.jpg?fit=737%2C415&ssl=1&resize=350%2C200","width":350,"height":200,"srcset":"https:\/\/i0.wp.com\/larevistadigital.com.ar\/blog\/wp-content\/uploads\/2017\/08\/madariaga_03deagostode2017_elfuerte.jpg?fit=737%2C415&ssl=1&resize=350%2C200 1x, https:\/\/i0.wp.com\/larevistadigital.com.ar\/blog\/wp-content\/uploads\/2017\/08\/madariaga_03deagostode2017_elfuerte.jpg?fit=737%2C415&ssl=1&resize=525%2C300 1.5x, https:\/\/i0.wp.com\/larevistadigital.com.ar\/blog\/wp-content\/uploads\/2017\/08\/madariaga_03deagostode2017_elfuerte.jpg?fit=737%2C415&ssl=1&resize=700%2C400 2x"},"classes":[]},{"id":13026,"url":"https:\/\/larevistadigital.com.ar\/blog\/maipu-impugnan-la-eleccion-de-intendente\/","url_meta":{"origin":9220,"position":5},"title":"MAIPU: IMPUGNAN LA ELECCI\u00d3N DE INTENDENTE","author":"Alejandro Sosa Ruda","date":"4 noviembre, 2019","format":false,"excerpt":"El Juez Federal de Dolores, Alejo Ramos Padilla tom\u00f3 la decisi\u00f3n de impugnar la elecci\u00f3n a Intendente de la ciudad de Maipu, tras la denuncia de algunos ciudadanos que afirmaron que le fueron sustra\u00eddos y retenidos sus DNI a efectos que no pudieran ejercer su voto. Esto sucede luego del\u2026","rel":"","context":"En \u00abPOLITICA\u00bb","block_context":{"text":"POLITICA","link":"https:\/\/larevistadigital.com.ar\/blog\/category\/politica\/"},"img":{"alt_text":"","src":"https:\/\/i0.wp.com\/larevistadigital.com.ar\/blog\/wp-content\/uploads\/intendenterappallini1.jpg?fit=650%2C406&ssl=1&resize=350%2C200","width":350,"height":200,"srcset":"https:\/\/i0.wp.com\/larevistadigital.com.ar\/blog\/wp-content\/uploads\/intendenterappallini1.jpg?fit=650%2C406&ssl=1&resize=350%2C200 1x, https:\/\/i0.wp.com\/larevistadigital.com.ar\/blog\/wp-content\/uploads\/intendenterappallini1.jpg?fit=650%2C406&ssl=1&resize=525%2C300 1.5x"},"classes":[]}],"_links":{"self":[{"href":"https:\/\/larevistadigital.com.ar\/blog\/wp-json\/wp\/v2\/posts\/9220","targetHints":{"allow":["GET"]}}],"collection":[{"href":"https:\/\/larevistadigital.com.ar\/blog\/wp-json\/wp\/v2\/posts"}],"about":[{"href":"https:\/\/larevistadigital.com.ar\/blog\/wp-json\/wp\/v2\/types\/post"}],"author":[{"embeddable":true,"href":"https:\/\/larevistadigital.com.ar\/blog\/wp-json\/wp\/v2\/users\/3"}],"replies":[{"embeddable":true,"href":"https:\/\/larevistadigital.com.ar\/blog\/wp-json\/wp\/v2\/comments?post=9220"}],"version-history":[{"count":1,"href":"https:\/\/larevistadigital.com.ar\/blog\/wp-json\/wp\/v2\/posts\/9220\/revisions"}],"predecessor-version":[{"id":9222,"href":"https:\/\/larevistadigital.com.ar\/blog\/wp-json\/wp\/v2\/posts\/9220\/revisions\/9222"}],"wp:featuredmedia":[{"embeddable":true,"href":"https:\/\/larevistadigital.com.ar\/blog\/wp-json\/wp\/v2\/media\/9221"}],"wp:attachment":[{"href":"https:\/\/larevistadigital.com.ar\/blog\/wp-json\/wp\/v2\/media?parent=9220"}],"wp:term":[{"taxonomy":"category","embeddable":true,"href":"https:\/\/larevistadigital.com.ar\/blog\/wp-json\/wp\/v2\/categories?post=9220"},{"taxonomy":"post_tag","embeddable":true,"href":"https:\/\/larevistadigital.com.ar\/blog\/wp-json\/wp\/v2\/tags?post=9220"}],"curies":[{"name":"wp","href":"https:\/\/api.w.org\/{rel}","templated":true}]}}