{"id":9224,"date":"2019-03-20T11:49:06","date_gmt":"2019-03-20T11:49:06","guid":{"rendered":"https:\/\/larevistadigital.com.ar\/blog\/?p=9224"},"modified":"2019-03-20T11:49:06","modified_gmt":"2019-03-20T11:49:06","slug":"chascomus-hubo-acuerdo-en-la-mesa-de-negociacion-salarial","status":"publish","type":"post","link":"https:\/\/larevistadigital.com.ar\/blog\/chascomus-hubo-acuerdo-en-la-mesa-de-negociacion-salarial\/","title":{"rendered":"CHASCOM\u00daS: HUBO ACUERDO EN LA MESA DE NEGOCIACI\u00d3N SALARIAL"},"content":{"rendered":"<h2 class=\"notaIntro\"><em><strong>El Departamento Ejecutivo y los representantes de los tres gremios municipales acordaron, ayer el pago de la cl\u00e1usula gatillo y un nuevo aumento, logrando, de esta manera, una mejora para los trabajadores municipales de un 30.54 por ciento.<\/strong><\/em><\/h2>\n<p class=\"notaTexto\">El acuerdo, que incluye la aplicaci\u00f3n de la cl\u00e1usula gatillo del 22%, m\u00e1s un aumento del 7% en el mes de julio pr\u00f3ximo, implica para el trabajador municipal un incremento del 30.54%. De esta manera, los trabajadores obtienen una mejora salarial del 38% en lo que va del 2019.<\/p>\n<p>En el mes de julio volver\u00e1 a reunirse la Mesa de Negociaci\u00f3n Salarial.<\/p>\n<p><em><strong>\u201cEn abril habr\u00e1 un aumento sumamente significativo en el bolsillo de nuestros empleados municipales, y creemos que esto va a repercutir favorablemente, en la econom\u00eda local. Pero no podemos dejar de mencionar que, a su vez, va significar un gran impacto para las finanzas municipales\u201d<\/strong><\/em>, se\u00f1al\u00f3 el secretario de Gobierno,<strong> Cipriano P\u00e9rez del Cerro<\/strong> tras finalizar el encuentro.<\/p>\n<p><em><strong>\u201cAsumimos el compromiso de gobernar con responsabilidad, seriedad y transparencia, y en ese sentido, trabajamos articuladamente con los sindicatos. Estamos cumpliendo con lo acordado y buscando siempre, a trav\u00e9s del di\u00e1logo abierto y responsable, lo mejor para los trabajadores municipales, que repercute en servicios de calidad y cantidad para nuestros vecinos\u201d<\/strong><\/em>.<\/p>\n<p>El subsecretario de Producci\u00f3n y Capital Humano, <strong>Jos\u00e9 Yezza Ross<\/strong> brind\u00f3 detalles del acuerdo y en tal sentido indic\u00f3 que <strong><em>\u201ceste acuerdo salarial implica para un trabajador ingresante de 35 hs, la categor\u00eda m\u00e1s baja, una mejora del 48%\u201d<\/em><\/strong>.<\/p>\n<p>Fueron parte de la reuni\u00f3n el Secretario de Gobierno,<strong> Cipriano P\u00e9rez del Cerro<\/strong>, el subsecretario de Producci\u00f3n y Capital Humano, <strong>Jos\u00e9 Yezza Ross<\/strong>; <strong>Mecedes Rold\u00e1n<\/strong> y <strong>Claudio Bertucci<\/strong> por el Sindicato de Trabajadores Municipales; <strong>Mar\u00eda Alicia Barletta<\/strong> y <strong>Bernardo Ocampo<\/strong> por ATE, y <strong>Francisco Balzano<\/strong> y <strong>Carlos Rold\u00e1n<\/strong> por UPCN.<\/p>\n","protected":false},"excerpt":{"rendered":"<div class=\"mh-excerpt\"><p>El Departamento Ejecutivo y los representantes de los tres gremios municipales acordaron, ayer el pago de la cl\u00e1usula gatillo y un nuevo aumento, logrando, de esta manera, una mejora para los trabajadores municipales de un <a class=\"mh-excerpt-more\" href=\"https:\/\/larevistadigital.com.ar\/blog\/chascomus-hubo-acuerdo-en-la-mesa-de-negociacion-salarial\/\" title=\"CHASCOM\u00daS: HUBO ACUERDO EN LA MESA DE NEGOCIACI\u00d3N SALARIAL\">[Leer M\u00e1s]<\/a><\/p>\n<\/div>","protected":false},"author":3,"featured_media":9225,"comment_status":"open","ping_status":"open","sticky":false,"template":"","format":"standard","meta":{"_jetpack_memberships_contains_paid_content":false,"footnotes":"","jetpack_publicize_message":"","jetpack_publicize_feature_enabled":true,"jetpack_social_post_already_shared":true,"jetpack_social_options":{"image_generator_settings":{"template":"highway","default_image_id":0,"font":"","enabled":false},"version":2}},"categories":[6],"tags":[],"class_list":{"0":"post-9224","1":"post","2":"type-post","3":"status-publish","4":"format-standard","5":"has-post-thumbnail","7":"category-chascomus"},"jetpack_publicize_connections":[],"jetpack_featured_media_url":"https:\/\/i0.wp.com\/larevistadigital.com.ar\/blog\/wp-content\/uploads\/2019\/03\/54516566_2340908479263357_1947239288974344192_o.jpg?fit=1840%2C1228&ssl=1","jetpack_sharing_enabled":true,"jetpack_shortlink":"https:\/\/wp.me\/p8qtrQ-2oM","jetpack-related-posts":[{"id":5195,"url":"https:\/\/larevistadigital.com.ar\/blog\/chascomus-municipio-saber-hubo-acuerdo-los-gremios-19-aumento\/","url_meta":{"origin":9224,"position":0},"title":"CHASCOM\u00daS: EL MUNICIPIO HIZO SABER QUE HUBO ACUERDO CON LOS GREMIOS POR UN 19% DE AUMENTO","author":"Alejandro Sosa Ruda","date":"7 marzo, 2018","format":false,"excerpt":"La Municipalidad de Chascom\u00fas, desde su p\u00e1gina de facebook\u00a0 hizo conocer que tras realizarse el segundo encuentro de la Mesa Paritaria, el Departamento Ejecutivo logr\u00f3 un\u00a0 acuerdo con todos los gremios, sobre un incremento salarial para los empleados municipales del 19,1 %, en tres tramos que incluye la cl\u00e1usula gatillo.\u2026","rel":"","context":"En \u00abGREMIALES\u00bb","block_context":{"text":"GREMIALES","link":"https:\/\/larevistadigital.com.ar\/blog\/category\/gremiales\/"},"img":{"alt_text":"","src":"https:\/\/i0.wp.com\/larevistadigital.com.ar\/blog\/wp-content\/uploads\/2018\/03\/28783319_1801448603209350_666381720539938954_n.jpg?fit=883%2C589&ssl=1&resize=350%2C200","width":350,"height":200,"srcset":"https:\/\/i0.wp.com\/larevistadigital.com.ar\/blog\/wp-content\/uploads\/2018\/03\/28783319_1801448603209350_666381720539938954_n.jpg?fit=883%2C589&ssl=1&resize=350%2C200 1x, https:\/\/i0.wp.com\/larevistadigital.com.ar\/blog\/wp-content\/uploads\/2018\/03\/28783319_1801448603209350_666381720539938954_n.jpg?fit=883%2C589&ssl=1&resize=525%2C300 1.5x, https:\/\/i0.wp.com\/larevistadigital.com.ar\/blog\/wp-content\/uploads\/2018\/03\/28783319_1801448603209350_666381720539938954_n.jpg?fit=883%2C589&ssl=1&resize=700%2C400 2x"},"classes":[]},{"id":36632,"url":"https:\/\/larevistadigital.com.ar\/blog\/ejecutivo-y-sindicatos-acuerdan-un-nuevo-aumento-salarial-para-trabajadores-municipales\/","url_meta":{"origin":9224,"position":1},"title":"EJECUTIVO Y SINDICATOS ACUERDAN UN NUEVO AUMENTO SALARIAL PARA TRABAJADORES MUNICIPALES","author":"Alejandro Sosa Ruda","date":"10 julio, 2024","format":false,"excerpt":"El incremento beneficiar\u00e1 a toda la planta municipal en dos etapas y actualizar\u00e1 las asignaciones familiares. 10 de Julio de 2024 CHASCOM\u00daS -\u00a0 El secretario de Recursos Humanos y Modernizaci\u00f3n del Estado, Jos\u00e9 Yezza Ross, y el de Gobierno, Cipriano P\u00e9rez del Cerro se reunieron con representantes gremiales con quienes\u2026","rel":"","context":"En \u00abCHASCOM\u00daS\u00bb","block_context":{"text":"CHASCOM\u00daS","link":"https:\/\/larevistadigital.com.ar\/blog\/category\/chascomus\/"},"img":{"alt_text":"","src":"https:\/\/i0.wp.com\/larevistadigital.com.ar\/blog\/wp-content\/uploads\/2024_07_11_01_30_23_4218651.jpg?fit=600%2C401&ssl=1&resize=350%2C200","width":350,"height":200,"srcset":"https:\/\/i0.wp.com\/larevistadigital.com.ar\/blog\/wp-content\/uploads\/2024_07_11_01_30_23_4218651.jpg?fit=600%2C401&ssl=1&resize=350%2C200 1x, https:\/\/i0.wp.com\/larevistadigital.com.ar\/blog\/wp-content\/uploads\/2024_07_11_01_30_23_4218651.jpg?fit=600%2C401&ssl=1&resize=525%2C300 1.5x"},"classes":[]},{"id":43237,"url":"https:\/\/larevistadigital.com.ar\/blog\/chascomus-aumento-salarial-del-13-para-trabajadores-municipales\/","url_meta":{"origin":9224,"position":2},"title":"Chascom\u00fas: Aumento salarial del 13% para trabajadores municipales","author":"Alejandro Sosa Ruda","date":"10 enero, 2026","format":false,"excerpt":"Las autoridades del Departamento Ejecutivo y representantes de los sindicatos municipales alcanzaron un acuerdo un\u00e1nime que establece aumentos salariales en dos tramos y mantiene el di\u00e1logo permanente con los gremios. 10 de enero de 2026 CHASCOM\u00daS -\u00a0 \u00a0El encuentro de la Mesa Salarial tuvo lugar en el Palacio Municipal, donde\u2026","rel":"","context":"En \u00abINTERES GENERAL\u00bb","block_context":{"text":"INTERES GENERAL","link":"https:\/\/larevistadigital.com.ar\/blog\/category\/interes-general\/"},"img":{"alt_text":"","src":"https:\/\/i0.wp.com\/larevistadigital.com.ar\/blog\/wp-content\/uploads\/69615a06816dc.png?fit=668%2C445&ssl=1&resize=350%2C200","width":350,"height":200,"srcset":"https:\/\/i0.wp.com\/larevistadigital.com.ar\/blog\/wp-content\/uploads\/69615a06816dc.png?fit=668%2C445&ssl=1&resize=350%2C200 1x, https:\/\/i0.wp.com\/larevistadigital.com.ar\/blog\/wp-content\/uploads\/69615a06816dc.png?fit=668%2C445&ssl=1&resize=525%2C300 1.5x"},"classes":[]},{"id":13817,"url":"https:\/\/larevistadigital.com.ar\/blog\/chascomus-el-intendente-javier-gaston-anuncio-un-aumento-para-los-trabajadores-municipales\/","url_meta":{"origin":9224,"position":3},"title":"CHASCOM\u00daS: EL INTENDENTE JAVIER GAST\u00d3N ANUNCI\u00d3 UN AUMENTO PARA LOS TRABAJADORES MUNICIPALES","author":"Alejandro Sosa Ruda","date":"26 diciembre, 2019","format":false,"excerpt":"Se inform\u00f3 desde la p\u00e1gina del municipio, que se acord\u00f3 un aumento para los trabajadores municipales que a continuaci\u00f3n reproducimos. La Nota: Tras la reuni\u00f3n con la mesa de negociaci\u00f3n salarial, el departamento ejecutivo y los representantes de los tres gremios municipales acordaron, esta tarde, un nuevo aumento del 12%\u2026","rel":"","context":"En \u00abCHASCOM\u00daS\u00bb","block_context":{"text":"CHASCOM\u00daS","link":"https:\/\/larevistadigital.com.ar\/blog\/category\/chascomus\/"},"img":{"alt_text":"","src":"","width":0,"height":0},"classes":[]},{"id":530,"url":"https:\/\/larevistadigital.com.ar\/blog\/los-tres-gremios-pidieron-distintos-aumentos-coincidieron-la-necesidad-una-clausula-gatillo-la-inflacion\/","url_meta":{"origin":9224,"position":4},"title":"Los tres gremios pidieron distintos aumentos pero coincidieron en la necesidad de una cl\u00e1usula gatillo por la inflaci\u00f3n","author":"editor","date":"4 marzo, 2017","format":false,"excerpt":"Reuni\u00f3n de la Mesa Salarial Municipal En la ma\u00f1ana del jueves pasado, el Secretario de Gobierno, Cipriano P\u00e9rez del Cerro, junto al Director de Recursos Humanos, Jos\u00e9 Yezza Ross, recibieron a los representantes gremiales. Durante la reuni\u00f3n se aprob\u00f3 el listado de recategorizaciones correspondientes al sector de la Secretar\u00eda de\u2026","rel":"","context":"En \u00abGREMIALES\u00bb","block_context":{"text":"GREMIALES","link":"https:\/\/larevistadigital.com.ar\/blog\/category\/gremiales\/"},"img":{"alt_text":"","src":"https:\/\/i0.wp.com\/larevistadigital.com.ar\/blog\/wp-content\/uploads\/2017\/03\/gremios_elfuerte_040317.jpg?fit=946%2C641&ssl=1&resize=350%2C200","width":350,"height":200,"srcset":"https:\/\/i0.wp.com\/larevistadigital.com.ar\/blog\/wp-content\/uploads\/2017\/03\/gremios_elfuerte_040317.jpg?fit=946%2C641&ssl=1&resize=350%2C200 1x, https:\/\/i0.wp.com\/larevistadigital.com.ar\/blog\/wp-content\/uploads\/2017\/03\/gremios_elfuerte_040317.jpg?fit=946%2C641&ssl=1&resize=525%2C300 1.5x, https:\/\/i0.wp.com\/larevistadigital.com.ar\/blog\/wp-content\/uploads\/2017\/03\/gremios_elfuerte_040317.jpg?fit=946%2C641&ssl=1&resize=700%2C400 2x"},"classes":[]},{"id":40811,"url":"https:\/\/larevistadigital.com.ar\/blog\/nuevo-aumento-salarial-para-trabajadores-municipales-el-acumulado-alcanza-el-328-en-lo-que-va-del-ano\/","url_meta":{"origin":9224,"position":5},"title":"Nuevo aumento salarial para trabajadores municipales: el acumulado alcanza el 32,8% en lo que va del a\u00f1o","author":"Alejandro Sosa Ruda","date":"8 agosto, 2025","format":false,"excerpt":"En un contexto econ\u00f3mico desafiante, la Municipalidad de Chascom\u00fas y los sindicatos alcanzaron este mi\u00e9rcoles un nuevo acuerdo salarial por unanimidad, en el marco de la Mesa Salarial. 08 de Agosto de 2025 CHASCOM\u00daS\u00a0 -\u00a0 \u00a0Participaron del encuentro Cipriano P\u00e9rez del Cerro, secretario de Gobierno; Jos\u00e9 Yezza Ross, secretario de\u2026","rel":"","context":"En \u00abINTERES GENERAL\u00bb","block_context":{"text":"INTERES GENERAL","link":"https:\/\/larevistadigital.com.ar\/blog\/category\/interes-general\/"},"img":{"alt_text":"","src":"https:\/\/i0.wp.com\/larevistadigital.com.ar\/blog\/wp-content\/uploads\/6895023a5e520.png?fit=668%2C445&ssl=1&resize=350%2C200","width":350,"height":200,"srcset":"https:\/\/i0.wp.com\/larevistadigital.com.ar\/blog\/wp-content\/uploads\/6895023a5e520.png?fit=668%2C445&ssl=1&resize=350%2C200 1x, https:\/\/i0.wp.com\/larevistadigital.com.ar\/blog\/wp-content\/uploads\/6895023a5e520.png?fit=668%2C445&ssl=1&resize=525%2C300 1.5x"},"classes":[]}],"_links":{"self":[{"href":"https:\/\/larevistadigital.com.ar\/blog\/wp-json\/wp\/v2\/posts\/9224","targetHints":{"allow":["GET"]}}],"collection":[{"href":"https:\/\/larevistadigital.com.ar\/blog\/wp-json\/wp\/v2\/posts"}],"about":[{"href":"https:\/\/larevistadigital.com.ar\/blog\/wp-json\/wp\/v2\/types\/post"}],"author":[{"embeddable":true,"href":"https:\/\/larevistadigital.com.ar\/blog\/wp-json\/wp\/v2\/users\/3"}],"replies":[{"embeddable":true,"href":"https:\/\/larevistadigital.com.ar\/blog\/wp-json\/wp\/v2\/comments?post=9224"}],"version-history":[{"count":1,"href":"https:\/\/larevistadigital.com.ar\/blog\/wp-json\/wp\/v2\/posts\/9224\/revisions"}],"predecessor-version":[{"id":9226,"href":"https:\/\/larevistadigital.com.ar\/blog\/wp-json\/wp\/v2\/posts\/9224\/revisions\/9226"}],"wp:featuredmedia":[{"embeddable":true,"href":"https:\/\/larevistadigital.com.ar\/blog\/wp-json\/wp\/v2\/media\/9225"}],"wp:attachment":[{"href":"https:\/\/larevistadigital.com.ar\/blog\/wp-json\/wp\/v2\/media?parent=9224"}],"wp:term":[{"taxonomy":"category","embeddable":true,"href":"https:\/\/larevistadigital.com.ar\/blog\/wp-json\/wp\/v2\/categories?post=9224"},{"taxonomy":"post_tag","embeddable":true,"href":"https:\/\/larevistadigital.com.ar\/blog\/wp-json\/wp\/v2\/tags?post=9224"}],"curies":[{"name":"wp","href":"https:\/\/api.w.org\/{rel}","templated":true}]}}