{"id":9227,"date":"2019-03-20T11:55:17","date_gmt":"2019-03-20T11:55:17","guid":{"rendered":"https:\/\/larevistadigital.com.ar\/blog\/?p=9227"},"modified":"2019-03-20T11:55:17","modified_gmt":"2019-03-20T11:55:17","slug":"ranchos-se-realizara-la-colecta-mensual-de-sangre","status":"publish","type":"post","link":"https:\/\/larevistadigital.com.ar\/blog\/ranchos-se-realizara-la-colecta-mensual-de-sangre\/","title":{"rendered":"RANCHOS: SE REALIZAR\u00c1 LA COLECTA MENSUAL DE SANGRE"},"content":{"rendered":"<p>El Hospital Campomar informa que el viernes 5 de Abril de 8 a 11 horas se realizar\u00e1, en el Servicio de Hemoterapia, la colecta mensual de donantes voluntarios de sangre.<\/p>\n<p><strong>Se recuerda concurrir con D.N.I<\/strong><\/p>\n<p><strong>Los turnos para donar sangre se sacan a partir de las 7 horas<\/strong><\/p>\n<div class=\"text_exposed_show\">\n<p><strong>Para donar sangre hay que:<\/strong><\/p>\n<p><strong>Tener entre 18 y 65 a\u00f1os<\/strong><br \/>\n<strong>Pesar m\u00e1s de 50 kilos<\/strong><br \/>\n<strong>Gozar de buena salud<\/strong><\/p>\n<\/div>\n","protected":false},"excerpt":{"rendered":"<div class=\"mh-excerpt\"><p>El Hospital Campomar informa que el viernes 5 de Abril de 8 a 11 horas se realizar\u00e1, en el Servicio de Hemoterapia, la colecta mensual de donantes voluntarios de sangre. Se recuerda concurrir con D.N.I <a class=\"mh-excerpt-more\" href=\"https:\/\/larevistadigital.com.ar\/blog\/ranchos-se-realizara-la-colecta-mensual-de-sangre\/\" title=\"RANCHOS: SE REALIZAR\u00c1 LA COLECTA MENSUAL DE SANGRE\">[Leer M\u00e1s]<\/a><\/p>\n<\/div>","protected":false},"author":3,"featured_media":9228,"comment_status":"open","ping_status":"open","sticky":false,"template":"","format":"standard","meta":{"_jetpack_memberships_contains_paid_content":false,"footnotes":"","jetpack_publicize_message":"","jetpack_publicize_feature_enabled":true,"jetpack_social_post_already_shared":true,"jetpack_social_options":{"image_generator_settings":{"template":"highway","default_image_id":0,"font":"","enabled":false},"version":2}},"categories":[14],"tags":[],"class_list":{"0":"post-9227","1":"post","2":"type-post","3":"status-publish","4":"format-standard","5":"has-post-thumbnail","7":"category-ranchos"},"jetpack_publicize_connections":[],"jetpack_featured_media_url":"https:\/\/i0.wp.com\/larevistadigital.com.ar\/blog\/wp-content\/uploads\/2019\/03\/53794422_2128493797390231_4381711251533725696_n.jpg?fit=960%2C960&ssl=1","jetpack_sharing_enabled":true,"jetpack_shortlink":"https:\/\/wp.me\/p8qtrQ-2oP","jetpack-related-posts":[{"id":8164,"url":"https:\/\/larevistadigital.com.ar\/blog\/el-municipio-de-lezama-realiza-colecta-de-sangre\/","url_meta":{"origin":9227,"position":0},"title":"EL MUNICIPIO DE LEZAMA REALIZA COLECTA DE SANGRE","author":"Alejandro Sosa Ruda","date":"5 febrero, 2019","format":false,"excerpt":"\u2022 La Municipalidad de Lezama en conjunto con la Unidad de Pronta Atenci\u00f3n N\u00b0 7 y el Instituto Provincial de Hemoterapia invitan a los Lezamenses a ser donantes para salvar vidas. El pr\u00f3ximo mi\u00e9rcoles 13 de febrero se realizar\u00e1 una vez m\u00e1s en el distrito la Colecta de Sangre, organizada\u2026","rel":"","context":"En \u00abLEZAMA\u00bb","block_context":{"text":"LEZAMA","link":"https:\/\/larevistadigital.com.ar\/blog\/category\/lezama\/"},"img":{"alt_text":"","src":"https:\/\/i0.wp.com\/larevistadigital.com.ar\/blog\/wp-content\/uploads\/2019\/02\/51477550_1397901607069203_6828995011342761984_o.jpg?fit=1067%2C899&ssl=1&resize=350%2C200","width":350,"height":200,"srcset":"https:\/\/i0.wp.com\/larevistadigital.com.ar\/blog\/wp-content\/uploads\/2019\/02\/51477550_1397901607069203_6828995011342761984_o.jpg?fit=1067%2C899&ssl=1&resize=350%2C200 1x, https:\/\/i0.wp.com\/larevistadigital.com.ar\/blog\/wp-content\/uploads\/2019\/02\/51477550_1397901607069203_6828995011342761984_o.jpg?fit=1067%2C899&ssl=1&resize=525%2C300 1.5x, https:\/\/i0.wp.com\/larevistadigital.com.ar\/blog\/wp-content\/uploads\/2019\/02\/51477550_1397901607069203_6828995011342761984_o.jpg?fit=1067%2C899&ssl=1&resize=700%2C400 2x, https:\/\/i0.wp.com\/larevistadigital.com.ar\/blog\/wp-content\/uploads\/2019\/02\/51477550_1397901607069203_6828995011342761984_o.jpg?fit=1067%2C899&ssl=1&resize=1050%2C600 3x"},"classes":[]},{"id":41122,"url":"https:\/\/larevistadigital.com.ar\/blog\/colecta-de-sangre-en-el-club-tiro-federal\/","url_meta":{"origin":9227,"position":1},"title":"Colecta de sangre en el Club Tiro Federal","author":"Alejandro Sosa Ruda","date":"29 agosto, 2025","format":false,"excerpt":"\u00a0El club no s\u00f3lo se vive en la cancha: tambi\u00e9n en estos gestos solidarios que salvan vidas. 29 de agosto de 2025 CHASCOM\u00daS\u00a0 -\u00a0 \u00a0 La Municipalidad de Chascom\u00fas invita a los ciudadanos a colaborar en la campa\u00f1a solidaria de recolecci\u00f3n de sangre, que se realizar\u00e1 este s\u00e1bado 30 de\u2026","rel":"","context":"En \u00abCHASCOM\u00daS\u00bb","block_context":{"text":"CHASCOM\u00daS","link":"https:\/\/larevistadigital.com.ar\/blog\/category\/chascomus\/"},"img":{"alt_text":"","src":"https:\/\/i0.wp.com\/larevistadigital.com.ar\/blog\/wp-content\/uploads\/68b08a1fdf3ae.png?fit=668%2C445&ssl=1&resize=350%2C200","width":350,"height":200,"srcset":"https:\/\/i0.wp.com\/larevistadigital.com.ar\/blog\/wp-content\/uploads\/68b08a1fdf3ae.png?fit=668%2C445&ssl=1&resize=350%2C200 1x, https:\/\/i0.wp.com\/larevistadigital.com.ar\/blog\/wp-content\/uploads\/68b08a1fdf3ae.png?fit=668%2C445&ssl=1&resize=525%2C300 1.5x"},"classes":[]},{"id":34248,"url":"https:\/\/larevistadigital.com.ar\/blog\/exitosa-colecta-de-sangre-en-el-club-atletico-chascomus\/","url_meta":{"origin":9227,"position":2},"title":"EXITOSA COLECTA DE SANGRE EN EL CLUB ATL\u00c9TICO CHASCOM\u00daS","author":"Alejandro Sosa Ruda","date":"31 octubre, 2023","format":false,"excerpt":"La Municipalidad en colaboraci\u00f3n con el Club Atl\u00e9tico llev\u00f3 a cabo una colecta de sangre con el objetivo de concientizar a la comunidad sobre la importancia de la donaci\u00f3n y aumentar las reservas. 31 de Octubre de 2023 CHASCOM\u00daS -\u00a0 En un esfuerzo por acercarse a la comunidad en otro\u2026","rel":"","context":"En \u00abCHASCOM\u00daS\u00bb","block_context":{"text":"CHASCOM\u00daS","link":"https:\/\/larevistadigital.com.ar\/blog\/category\/chascomus\/"},"img":{"alt_text":"","src":"https:\/\/i0.wp.com\/larevistadigital.com.ar\/blog\/wp-content\/uploads\/2023_10_31_01_26_23_1067111.jpeg?fit=600%2C338&ssl=1&resize=350%2C200","width":350,"height":200,"srcset":"https:\/\/i0.wp.com\/larevistadigital.com.ar\/blog\/wp-content\/uploads\/2023_10_31_01_26_23_1067111.jpeg?fit=600%2C338&ssl=1&resize=350%2C200 1x, https:\/\/i0.wp.com\/larevistadigital.com.ar\/blog\/wp-content\/uploads\/2023_10_31_01_26_23_1067111.jpeg?fit=600%2C338&ssl=1&resize=525%2C300 1.5x"},"classes":[]},{"id":10529,"url":"https:\/\/larevistadigital.com.ar\/blog\/en-junio-lezama-se-viste-de-rojo-para-concientizar-sobre-la-donacion-de-sangre\/","url_meta":{"origin":9227,"position":3},"title":"EN JUNIO LEZAMA SE VISTE DE ROJO, PARA CONCIENTIZAR SOBRE LA DONACI\u00d3N DE SANGRE","author":"Alejandro Sosa Ruda","date":"10 junio, 2019","format":false,"excerpt":"En alusi\u00f3n al D\u00eda Mundial del Donante de Sangre, que se conmemora el 14 de junio, el servicio transfusional de la UPA Trauma 7 de Lezama realizar\u00e1 durante todo el mes actividades de concientizaci\u00f3n en nuestra comunidad. Adem\u00e1s invita a las instituciones de Lezama a decorar sus instalaciones aleg\u00f3ricamente \u2013en\u2026","rel":"","context":"En \u00abLEZAMA\u00bb","block_context":{"text":"LEZAMA","link":"https:\/\/larevistadigital.com.ar\/blog\/category\/lezama\/"},"img":{"alt_text":"","src":"https:\/\/i0.wp.com\/larevistadigital.com.ar\/blog\/wp-content\/uploads\/62447389_1476701819189181_4240584312723865600_n.jpg?fit=960%2C641&ssl=1&resize=350%2C200","width":350,"height":200,"srcset":"https:\/\/i0.wp.com\/larevistadigital.com.ar\/blog\/wp-content\/uploads\/62447389_1476701819189181_4240584312723865600_n.jpg?fit=960%2C641&ssl=1&resize=350%2C200 1x, https:\/\/i0.wp.com\/larevistadigital.com.ar\/blog\/wp-content\/uploads\/62447389_1476701819189181_4240584312723865600_n.jpg?fit=960%2C641&ssl=1&resize=525%2C300 1.5x, https:\/\/i0.wp.com\/larevistadigital.com.ar\/blog\/wp-content\/uploads\/62447389_1476701819189181_4240584312723865600_n.jpg?fit=960%2C641&ssl=1&resize=700%2C400 2x"},"classes":[]},{"id":12283,"url":"https:\/\/larevistadigital.com.ar\/blog\/la-plata-importante-el-instituto-de-hemoterapia-se-quedo-sin-sangre-0-y-piden-dadores\/","url_meta":{"origin":9227,"position":4},"title":"LA PLATA: \u00a1IMPORTANTE! &#8211; EL INSTITUTO DE HEMOTERAPIA SE QUED\u00d3 SIN SANGRE 0 (-) Y PIDEN DADORES","author":"Alejandro Sosa Ruda","date":"26 septiembre, 2019","format":false,"excerpt":"A partir de un comunicado, el instituto de Hemoterapia de La Plata, ubicado en 15 y 66 comunic\u00f3 que necesitan con urgencia dadores de sangre de todo tipo para abastecer a hospitales de toda la regi\u00f3n. Asimismo, aclararon que se trata de un \"caso especial\", por lo que solicitaron la\u2026","rel":"","context":"En \u00abREGIONALES\u00bb","block_context":{"text":"REGIONALES","link":"https:\/\/larevistadigital.com.ar\/blog\/category\/regionales\/"},"img":{"alt_text":"","src":"https:\/\/i0.wp.com\/larevistadigital.com.ar\/blog\/wp-content\/uploads\/2780.jpg?fit=663%2C450&ssl=1&resize=350%2C200","width":350,"height":200,"srcset":"https:\/\/i0.wp.com\/larevistadigital.com.ar\/blog\/wp-content\/uploads\/2780.jpg?fit=663%2C450&ssl=1&resize=350%2C200 1x, https:\/\/i0.wp.com\/larevistadigital.com.ar\/blog\/wp-content\/uploads\/2780.jpg?fit=663%2C450&ssl=1&resize=525%2C300 1.5x"},"classes":[]},{"id":10115,"url":"https:\/\/larevistadigital.com.ar\/blog\/ranchos-la-casa-del-nino-elige-a-su-nueva-comision-cooperadora\/","url_meta":{"origin":9227,"position":5},"title":"RANCHOS: LA CASA DEL NI\u00d1O ELIGE A SU NUEVA COMISI\u00d3N COOPERADORA","author":"Alejandro Sosa Ruda","date":"10 mayo, 2019","format":false,"excerpt":"Este viernes 10 de mayo, en la sede de la Casa del ni\u00f1o \u201cVirgencita del Pilar\u201d de Ranchos, se llevar\u00e1 a cabo una reuni\u00f3n para conformar la comisi\u00f3n cooperadora de la Ia instituci\u00f3n. La reuni\u00f3n dar\u00e1 comienzo a partir de las 18 hs., y se realizar\u00e1 en la intersecci\u00f3n de\u2026","rel":"","context":"En \u00abPOLITICA\u00bb","block_context":{"text":"POLITICA","link":"https:\/\/larevistadigital.com.ar\/blog\/category\/politica\/"},"img":{"alt_text":"","src":"https:\/\/i0.wp.com\/larevistadigital.com.ar\/blog\/wp-content\/uploads\/2019\/05\/Screenshot_5.jpg?fit=797%2C444&ssl=1&resize=350%2C200","width":350,"height":200,"srcset":"https:\/\/i0.wp.com\/larevistadigital.com.ar\/blog\/wp-content\/uploads\/2019\/05\/Screenshot_5.jpg?fit=797%2C444&ssl=1&resize=350%2C200 1x, https:\/\/i0.wp.com\/larevistadigital.com.ar\/blog\/wp-content\/uploads\/2019\/05\/Screenshot_5.jpg?fit=797%2C444&ssl=1&resize=525%2C300 1.5x, https:\/\/i0.wp.com\/larevistadigital.com.ar\/blog\/wp-content\/uploads\/2019\/05\/Screenshot_5.jpg?fit=797%2C444&ssl=1&resize=700%2C400 2x"},"classes":[]}],"_links":{"self":[{"href":"https:\/\/larevistadigital.com.ar\/blog\/wp-json\/wp\/v2\/posts\/9227","targetHints":{"allow":["GET"]}}],"collection":[{"href":"https:\/\/larevistadigital.com.ar\/blog\/wp-json\/wp\/v2\/posts"}],"about":[{"href":"https:\/\/larevistadigital.com.ar\/blog\/wp-json\/wp\/v2\/types\/post"}],"author":[{"embeddable":true,"href":"https:\/\/larevistadigital.com.ar\/blog\/wp-json\/wp\/v2\/users\/3"}],"replies":[{"embeddable":true,"href":"https:\/\/larevistadigital.com.ar\/blog\/wp-json\/wp\/v2\/comments?post=9227"}],"version-history":[{"count":1,"href":"https:\/\/larevistadigital.com.ar\/blog\/wp-json\/wp\/v2\/posts\/9227\/revisions"}],"predecessor-version":[{"id":9229,"href":"https:\/\/larevistadigital.com.ar\/blog\/wp-json\/wp\/v2\/posts\/9227\/revisions\/9229"}],"wp:featuredmedia":[{"embeddable":true,"href":"https:\/\/larevistadigital.com.ar\/blog\/wp-json\/wp\/v2\/media\/9228"}],"wp:attachment":[{"href":"https:\/\/larevistadigital.com.ar\/blog\/wp-json\/wp\/v2\/media?parent=9227"}],"wp:term":[{"taxonomy":"category","embeddable":true,"href":"https:\/\/larevistadigital.com.ar\/blog\/wp-json\/wp\/v2\/categories?post=9227"},{"taxonomy":"post_tag","embeddable":true,"href":"https:\/\/larevistadigital.com.ar\/blog\/wp-json\/wp\/v2\/tags?post=9227"}],"curies":[{"name":"wp","href":"https:\/\/api.w.org\/{rel}","templated":true}]}}