{"id":9231,"date":"2019-03-20T12:46:40","date_gmt":"2019-03-20T12:46:40","guid":{"rendered":"https:\/\/larevistadigital.com.ar\/blog\/?p=9231"},"modified":"2019-03-20T12:46:40","modified_gmt":"2019-03-20T12:46:40","slug":"edesur-fue-multado-en-120-millones-por-problemas-de-atencion-a-los-usuarios","status":"publish","type":"post","link":"https:\/\/larevistadigital.com.ar\/blog\/edesur-fue-multado-en-120-millones-por-problemas-de-atencion-a-los-usuarios\/","title":{"rendered":"EDESUR FUE MULTADO EN $120 MILLONES POR PROBLEMAS DE ATENCI\u00d3N A LOS USUARIOS"},"content":{"rendered":"<h2><em><strong>La estableci\u00f3 el ENRE. Los inspectores constataron fallas entre enero y junio de 2018 en la atenci\u00f3n al p\u00fablico. Devolver\u00e1n, en promedio, $ 50 por usuario.<\/strong><\/em><\/h2>\n<div class=\"mvp-post-soc-in\">\n<div id=\"mvp-content-body\" class=\"left relative\">\n<div id=\"mvp-content-body-top\" class=\"left\">\n<div id=\"mvp-content-main\" class=\"left relative\">\n<div id=\"tps_slideContainer_15523\" class=\"theiaPostSlider_slides\">\n<p>El Ente Nacional Regulador de la Electricidad (ENRE) mult\u00f3 a Edesur en $ 120 millones. La sanci\u00f3n es por \u201cincumplir los par\u00e1metros de calidad del contrato de concesi\u00f3n para las oficinas comerciales\u201d. El organismo de control realiz\u00f3 inspecciones entre enero y junio de 2018, en las que detect\u00f3 \u201cfaltas\u201d.<\/p>\n<blockquote>\n<h3>Edesur deber\u00e1 depositar la multa de $ 120 millones dentro de los diez h\u00e1biles administrativos desde la resoluci\u00f3n, que fue publicada este martes.<\/h3>\n<\/blockquote>\n<p><em><strong>\u201cAsimismo, la prestataria deber\u00e1 acreditar el monto a los usuarios activos, seg\u00fan establece la resoluci\u00f3n ENRE 171\/2000\u201d<\/strong><\/em>, inform\u00f3 el organismo.<\/p>\n<blockquote>\n<h3>Seg\u00fan el regulador, la sanci\u00f3n se dividir\u00e1 entre los clientes activos. Como se trata de 2,5 millones, cada hogar deber\u00eda recibir un resarcimiento de alrededor de $ 50.<\/h3>\n<\/blockquote>\n<p>La mayor parte de las quejas de los clientes en Edesur tiene que ver con la facturaci\u00f3n. Seg\u00fan contaron en distintas ocasiones, las boletas reflejan estimados de consumo que pueden terminar difiriendo de la demanda real final de esos hogares. Se supone que, en ese caso, la distribuidora debe realizar la devoluci\u00f3n correspondiente si la estimaci\u00f3n fue incorrecta.<\/p>\n<p>La resoluci\u00f3n que establece la sanci\u00f3n fue publicada hoy, y es la n\u00famero 59\/2019. <em><strong>\u201cEl Directorio del Ente Nacional Regulador de la Electricidad (ENRE) aplicar\u00e1 una multa en pesos equivalente a 30.675.000 kWh responde a las faltas que personal del Ente observ\u00f3 en el transcurso de inspecciones realizadas entre enero y junio de 2018\u201d<\/strong><\/em>, comunic\u00f3 ese organismo.<\/p>\n<\/div>\n<\/div>\n<\/div>\n<\/div>\n<\/div>\n","protected":false},"excerpt":{"rendered":"<div class=\"mh-excerpt\"><p>La estableci\u00f3 el ENRE. Los inspectores constataron fallas entre enero y junio de 2018 en la atenci\u00f3n al p\u00fablico. Devolver\u00e1n, en promedio, $ 50 por usuario. El Ente Nacional Regulador de la Electricidad (ENRE) mult\u00f3 <a class=\"mh-excerpt-more\" href=\"https:\/\/larevistadigital.com.ar\/blog\/edesur-fue-multado-en-120-millones-por-problemas-de-atencion-a-los-usuarios\/\" title=\"EDESUR FUE MULTADO EN $120 MILLONES POR PROBLEMAS DE ATENCI\u00d3N A LOS USUARIOS\">[Leer M\u00e1s]<\/a><\/p>\n<\/div>","protected":false},"author":3,"featured_media":9232,"comment_status":"open","ping_status":"open","sticky":false,"template":"","format":"standard","meta":{"_jetpack_memberships_contains_paid_content":false,"footnotes":"","jetpack_publicize_message":"","jetpack_publicize_feature_enabled":true,"jetpack_social_post_already_shared":true,"jetpack_social_options":{"image_generator_settings":{"template":"highway","default_image_id":0,"font":"","enabled":false},"version":2}},"categories":[12,29],"tags":[],"class_list":{"0":"post-9231","1":"post","2":"type-post","3":"status-publish","4":"format-standard","5":"has-post-thumbnail","7":"category-politica","8":"category-sociedad"},"jetpack_publicize_connections":[],"jetpack_featured_media_url":"https:\/\/i0.wp.com\/larevistadigital.com.ar\/blog\/wp-content\/uploads\/2019\/03\/20190319_222342.jpg?fit=1070%2C604&ssl=1","jetpack_sharing_enabled":true,"jetpack_shortlink":"https:\/\/wp.me\/p8qtrQ-2oT","jetpack-related-posts":[{"id":25744,"url":"https:\/\/larevistadigital.com.ar\/blog\/colgados-vip-detectan-20-casas-en-un-cowntry-de-canning-con-conecciones-electricas-clandestinas\/","url_meta":{"origin":9231,"position":0},"title":"\u00abCOLGADOS VIP\u00bb: DETECTAN 20 CASAS EN UN COWNTRY DE CANNING CON CONECCIONES EL\u00c9CTRICAS CLANDESTINAS","author":"Alejandro Sosa Ruda","date":"10 junio, 2022","format":false,"excerpt":"Se trata del barrio \u201cFinca Las Albas\u201d, ubicado al sur del conurbano bonaerense, donde personal t\u00e9cnico y un escribano p\u00fablico constataron las anomal\u00edas, de acuerdo a lo informado por la empresa Edesur Un equipo t\u00e9cnico de la empresa de energ\u00eda Edesur detect\u00f3 ayer la exsitencia de conexiones clandestinas en un\u2026","rel":"","context":"En \u00abINTERES GENERAL\u00bb","block_context":{"text":"INTERES GENERAL","link":"https:\/\/larevistadigital.com.ar\/blog\/category\/interes-general\/"},"img":{"alt_text":"","src":"https:\/\/i0.wp.com\/larevistadigital.com.ar\/blog\/wp-content\/uploads\/COLGADOS-VIP.png?fit=704%2C362&ssl=1&resize=350%2C200","width":350,"height":200,"srcset":"https:\/\/i0.wp.com\/larevistadigital.com.ar\/blog\/wp-content\/uploads\/COLGADOS-VIP.png?fit=704%2C362&ssl=1&resize=350%2C200 1x, https:\/\/i0.wp.com\/larevistadigital.com.ar\/blog\/wp-content\/uploads\/COLGADOS-VIP.png?fit=704%2C362&ssl=1&resize=525%2C300 1.5x, https:\/\/i0.wp.com\/larevistadigital.com.ar\/blog\/wp-content\/uploads\/COLGADOS-VIP.png?fit=704%2C362&ssl=1&resize=700%2C400 2x"},"classes":[]},{"id":13716,"url":"https:\/\/larevistadigital.com.ar\/blog\/san-vicente-el-municipio-intimo-a-edesur-a-acortar-los-plazos-de-la-obra-de-la-subestacion-electrica\/","url_meta":{"origin":9231,"position":1},"title":"SAN VICENTE: EL MUNICIPIO INTIM\u00d3 A EDESUR A ACORTAR LOS PLAZOS DE LA OBRA DE LA SUBESTACI\u00d3N EL\u00c9CTRICA","author":"Alejandro Sosa Ruda","date":"19 diciembre, 2019","format":false,"excerpt":"El Intendente Municipal, Nicol\u00e1s Mantegazza, recibi\u00f3 en su despacho a los representantes de la empresa distribuidora de energ\u00eda el\u00e9ctrica, EDESUR, para tratar diversos temas de inter\u00e9s para el distrito, como los son la Subestaci\u00f3n El\u00e9ctrica y los cortes reiterados en el suministro que sufren todos los vecinos. En este contexto\u2026","rel":"","context":"En \u00abREGIONALES\u00bb","block_context":{"text":"REGIONALES","link":"https:\/\/larevistadigital.com.ar\/blog\/category\/regionales\/"},"img":{"alt_text":"","src":"https:\/\/i0.wp.com\/larevistadigital.com.ar\/blog\/wp-content\/uploads\/FB_IMG_1576772064636.jpg?fit=1080%2C835&ssl=1&resize=350%2C200","width":350,"height":200,"srcset":"https:\/\/i0.wp.com\/larevistadigital.com.ar\/blog\/wp-content\/uploads\/FB_IMG_1576772064636.jpg?fit=1080%2C835&ssl=1&resize=350%2C200 1x, https:\/\/i0.wp.com\/larevistadigital.com.ar\/blog\/wp-content\/uploads\/FB_IMG_1576772064636.jpg?fit=1080%2C835&ssl=1&resize=525%2C300 1.5x, https:\/\/i0.wp.com\/larevistadigital.com.ar\/blog\/wp-content\/uploads\/FB_IMG_1576772064636.jpg?fit=1080%2C835&ssl=1&resize=700%2C400 2x, https:\/\/i0.wp.com\/larevistadigital.com.ar\/blog\/wp-content\/uploads\/FB_IMG_1576772064636.jpg?fit=1080%2C835&ssl=1&resize=1050%2C600 3x"},"classes":[]},{"id":43411,"url":"https:\/\/larevistadigital.com.ar\/blog\/que-paso-apagon-masivo-afecto-a-mas-de-800-mil-usuarios-en-el-amba-en-plena-ola-de-calor\/","url_meta":{"origin":9231,"position":2},"title":"Qu\u00e9 pas\u00f3? Apag\u00f3n masivo afect\u00f3 a m\u00e1s de 800 mil usuarios en el AMBA en plena ola de calor","author":"Alejandro Sosa Ruda","date":"16 enero, 2026","format":false,"excerpt":"Una falla en l\u00edneas de alta tensi\u00f3n de Edenor provoc\u00f3 un corte de luz que impact\u00f3 en barrios de la Ciudad de Buenos Aires y el norte y oeste del conurbano bonaerense. El servicio qued\u00f3 totalmente restablecido hacia la tarde. 16 de enero de 2026 Un corte de energ\u00eda el\u00e9ctrica\u2026","rel":"","context":"En \u00abINTERES GENERAL\u00bb","block_context":{"text":"INTERES GENERAL","link":"https:\/\/larevistadigital.com.ar\/blog\/category\/interes-general\/"},"img":{"alt_text":"","src":"https:\/\/i0.wp.com\/larevistadigital.com.ar\/blog\/wp-content\/uploads\/Captura-de-pantalla-2026-01-16-015139.jpg?fit=912%2C498&ssl=1&resize=350%2C200","width":350,"height":200,"srcset":"https:\/\/i0.wp.com\/larevistadigital.com.ar\/blog\/wp-content\/uploads\/Captura-de-pantalla-2026-01-16-015139.jpg?fit=912%2C498&ssl=1&resize=350%2C200 1x, https:\/\/i0.wp.com\/larevistadigital.com.ar\/blog\/wp-content\/uploads\/Captura-de-pantalla-2026-01-16-015139.jpg?fit=912%2C498&ssl=1&resize=525%2C300 1.5x, https:\/\/i0.wp.com\/larevistadigital.com.ar\/blog\/wp-content\/uploads\/Captura-de-pantalla-2026-01-16-015139.jpg?fit=912%2C498&ssl=1&resize=700%2C400 2x"},"classes":[]},{"id":25901,"url":"https:\/\/larevistadigital.com.ar\/blog\/edesur-lo-hizo-concejales-de-juntos-y-el-fdt-rompen-la-grieta-en-defensa-de-los-vecinos-de-lomas-de-zamora\/","url_meta":{"origin":9231,"position":3},"title":"EDESUR LO HIZO: CONCEJALES DE JUNTOS Y EL FDT, ROMPEN LA GRIETA EN DEFENSA DE LOS VECINOS DE LOMAS DE ZAMORA","author":"Alejandro Sosa Ruda","date":"14 junio, 2022","format":false,"excerpt":"Vecinos de distintos barrios del distrito, acompa\u00f1ados por concejales, oficialistas y opositores, protestaron frente a las puertas de la sede local de Edesur para reclamar por la falta del servicio el\u00e9ctrico e irrumpieron en el edificio. En la \u00faltima sesi\u00f3n del HCD hab\u00edan pedido la estatizaci\u00f3n de la empresa. La\u2026","rel":"","context":"En \u00abPOLITICA\u00bb","block_context":{"text":"POLITICA","link":"https:\/\/larevistadigital.com.ar\/blog\/category\/politica\/"},"img":{"alt_text":"","src":"https:\/\/i0.wp.com\/larevistadigital.com.ar\/blog\/wp-content\/uploads\/20220614143803_vecinos-concejales-fdt-juntos-edesur.jpg?fit=880%2C512&ssl=1&resize=350%2C200","width":350,"height":200,"srcset":"https:\/\/i0.wp.com\/larevistadigital.com.ar\/blog\/wp-content\/uploads\/20220614143803_vecinos-concejales-fdt-juntos-edesur.jpg?fit=880%2C512&ssl=1&resize=350%2C200 1x, https:\/\/i0.wp.com\/larevistadigital.com.ar\/blog\/wp-content\/uploads\/20220614143803_vecinos-concejales-fdt-juntos-edesur.jpg?fit=880%2C512&ssl=1&resize=525%2C300 1.5x, https:\/\/i0.wp.com\/larevistadigital.com.ar\/blog\/wp-content\/uploads\/20220614143803_vecinos-concejales-fdt-juntos-edesur.jpg?fit=880%2C512&ssl=1&resize=700%2C400 2x"},"classes":[]},{"id":38931,"url":"https:\/\/larevistadigital.com.ar\/blog\/nuevo-apagon-en-el-amba-mas-de-620-000-usuarios-afectados\/","url_meta":{"origin":9231,"position":4},"title":"Nuevo apag\u00f3n en el AMBA: m\u00e1s de 620.000 usuarios afectados","author":"Alejandro Sosa Ruda","date":"5 marzo, 2025","format":false,"excerpt":"Un segundo corte de luz en el d\u00eda genera caos en Buenos Aires 05 de Marzo de 2025 BUENOS AIRES -\u00a0 El \u00c1rea Metropolitana de Buenos Aires (AMBA) sufri\u00f3 un segundo apag\u00f3n este mi\u00e9rcoles, dejando sin suministro el\u00e9ctrico a m\u00e1s de 620.000 usuarios. La falla ocurri\u00f3 alrededor de las 12:40\u2026","rel":"","context":"En \u00abINTERES GENERAL\u00bb","block_context":{"text":"INTERES GENERAL","link":"https:\/\/larevistadigital.com.ar\/blog\/category\/interes-general\/"},"img":{"alt_text":"","src":"https:\/\/i0.wp.com\/larevistadigital.com.ar\/blog\/wp-content\/uploads\/2019\/03\/810410405c904feca65209eb66a49a3f.jpg?fit=1058%2C791&ssl=1&resize=350%2C200","width":350,"height":200,"srcset":"https:\/\/i0.wp.com\/larevistadigital.com.ar\/blog\/wp-content\/uploads\/2019\/03\/810410405c904feca65209eb66a49a3f.jpg?fit=1058%2C791&ssl=1&resize=350%2C200 1x, https:\/\/i0.wp.com\/larevistadigital.com.ar\/blog\/wp-content\/uploads\/2019\/03\/810410405c904feca65209eb66a49a3f.jpg?fit=1058%2C791&ssl=1&resize=525%2C300 1.5x, https:\/\/i0.wp.com\/larevistadigital.com.ar\/blog\/wp-content\/uploads\/2019\/03\/810410405c904feca65209eb66a49a3f.jpg?fit=1058%2C791&ssl=1&resize=700%2C400 2x, https:\/\/i0.wp.com\/larevistadigital.com.ar\/blog\/wp-content\/uploads\/2019\/03\/810410405c904feca65209eb66a49a3f.jpg?fit=1058%2C791&ssl=1&resize=1050%2C600 3x"},"classes":[]},{"id":6035,"url":"https:\/\/larevistadigital.com.ar\/blog\/entre-30-000-y-50-000-millones-el-ajuste-le-licuara-a-vidal-el-fondo-del-conurbano\/","url_meta":{"origin":9231,"position":5},"title":"Entre 30.000 y 50.000 millones: el ajuste le licuar\u00e1 a Vidal el fondo del Conurbano","author":"admin","date":"14 julio, 2018","format":false,"excerpt":"Ese es el tama\u00f1o del impacto que esperan en la Gobernaci\u00f3n. La discusi\u00f3n gira en torno a que responsabilidades Naci\u00f3n les traslada a la Provincia, a pedido de los gobernadores que se muestran intransigentes. A eso se suma el detalle del Presupuesto 2019. Los funcionarios de la provincia de Buenos\u2026","rel":"","context":"En \u00abPOLITICA\u00bb","block_context":{"text":"POLITICA","link":"https:\/\/larevistadigital.com.ar\/blog\/category\/politica\/"},"img":{"alt_text":"","src":"https:\/\/i0.wp.com\/larevistadigital.com.ar\/blog\/wp-content\/uploads\/2018\/07\/85946_3.jpg?fit=862%2C470&ssl=1&resize=350%2C200","width":350,"height":200,"srcset":"https:\/\/i0.wp.com\/larevistadigital.com.ar\/blog\/wp-content\/uploads\/2018\/07\/85946_3.jpg?fit=862%2C470&ssl=1&resize=350%2C200 1x, https:\/\/i0.wp.com\/larevistadigital.com.ar\/blog\/wp-content\/uploads\/2018\/07\/85946_3.jpg?fit=862%2C470&ssl=1&resize=525%2C300 1.5x, https:\/\/i0.wp.com\/larevistadigital.com.ar\/blog\/wp-content\/uploads\/2018\/07\/85946_3.jpg?fit=862%2C470&ssl=1&resize=700%2C400 2x"},"classes":[]}],"_links":{"self":[{"href":"https:\/\/larevistadigital.com.ar\/blog\/wp-json\/wp\/v2\/posts\/9231","targetHints":{"allow":["GET"]}}],"collection":[{"href":"https:\/\/larevistadigital.com.ar\/blog\/wp-json\/wp\/v2\/posts"}],"about":[{"href":"https:\/\/larevistadigital.com.ar\/blog\/wp-json\/wp\/v2\/types\/post"}],"author":[{"embeddable":true,"href":"https:\/\/larevistadigital.com.ar\/blog\/wp-json\/wp\/v2\/users\/3"}],"replies":[{"embeddable":true,"href":"https:\/\/larevistadigital.com.ar\/blog\/wp-json\/wp\/v2\/comments?post=9231"}],"version-history":[{"count":1,"href":"https:\/\/larevistadigital.com.ar\/blog\/wp-json\/wp\/v2\/posts\/9231\/revisions"}],"predecessor-version":[{"id":9233,"href":"https:\/\/larevistadigital.com.ar\/blog\/wp-json\/wp\/v2\/posts\/9231\/revisions\/9233"}],"wp:featuredmedia":[{"embeddable":true,"href":"https:\/\/larevistadigital.com.ar\/blog\/wp-json\/wp\/v2\/media\/9232"}],"wp:attachment":[{"href":"https:\/\/larevistadigital.com.ar\/blog\/wp-json\/wp\/v2\/media?parent=9231"}],"wp:term":[{"taxonomy":"category","embeddable":true,"href":"https:\/\/larevistadigital.com.ar\/blog\/wp-json\/wp\/v2\/categories?post=9231"},{"taxonomy":"post_tag","embeddable":true,"href":"https:\/\/larevistadigital.com.ar\/blog\/wp-json\/wp\/v2\/tags?post=9231"}],"curies":[{"name":"wp","href":"https:\/\/api.w.org\/{rel}","templated":true}]}}