{"id":9252,"date":"2019-03-20T14:50:47","date_gmt":"2019-03-20T14:50:47","guid":{"rendered":"https:\/\/larevistadigital.com.ar\/blog\/?p=9252"},"modified":"2019-03-20T14:50:47","modified_gmt":"2019-03-20T14:50:47","slug":"nuevamente-el-abogado-fernando-rampazzo-en-los-medios-nacionales","status":"publish","type":"post","link":"https:\/\/larevistadigital.com.ar\/blog\/nuevamente-el-abogado-fernando-rampazzo-en-los-medios-nacionales\/","title":{"rendered":"NUEVAMENTE EL ABOGADO FERNANDO RAMPAZZO EN LOS MEDIOS NACIONALES"},"content":{"rendered":"<p>Otra vez el abogado chascomunense <strong>Fernando Rampazzo<\/strong> ha aparecido en alg\u00fan medio de alcance nacional, y en este caso se trata del Diario Popular, que le hace una nota, en donde se destaca su especializaci\u00f3n en derecho previsional, adem\u00e1s de bautizarlo como <strong>\u00abEl abogado de los famosos\u00bb<\/strong>.<\/p>\n<blockquote>\n<h3>No es la primera vez que alg\u00fan medio se interesa en la figura del exitoso vecino de Chascom\u00fas, que ha logrado sobresalir no solo en el \u00e1mbito local o zonal, sin\u00f3 que con dedicaci\u00f3n, trabajo y mucho esfuerzo se ha convertido en <strong>\u00abexclusivo de Cr\u00f3nica TV\u00bb<\/strong>, y ha sido entrevistado por medios nacionales como Paparazzi y en este caso el Diario Popular entre otros.<\/h3>\n<\/blockquote>\n<p><strong>Rampazzo<\/strong> sigue sumando \u00e9xitos a su trayectoria en el derecho, no solo por la calidad de clientes que lo eligen cada d\u00eda, sino adem\u00e1s porque est\u00e1 sumando equipos de trabajo en distintos lugares, adem\u00e1s de buscar constantemente la forma de profesionalizar, agilizar y dar un mejor y m\u00e1s completo servicio a sus clientes.<\/p>\n<p>Nos coment\u00f3 alguien de su entorno que se est\u00e1 preparando para salir con un servicio que ser\u00eda casi exclusivo de su estudio, y que seg\u00fan nos afirm\u00f3: <strong><em>\u00abRampazzo es un obsesivo de brindar mejor atenci\u00f3n a la gente. No se permite y no nos permite fallar con los clientes, y apunta constantemente a la excelencia. Creo que sus ideas no tienen techo\u00bb.<\/em><\/strong><\/p>\n<p>De hecho, no es casual que los medios de relevancia hayan posado sus ojos en \u00e9l, como as\u00ed tambi\u00e9n muchos personajes que lo eligen, aunque poseen los medios para contratar el abogado que se les antoje.<\/p>\n<p><strong>LA NOTA DEL \u00abPOPULAR\u00bb<\/strong><\/p>\n<figure id=\"attachment_9256\" aria-describedby=\"caption-attachment-9256\" style=\"width: 600px\" class=\"wp-caption aligncenter\"><a href=\"https:\/\/i0.wp.com\/larevistadigital.com.ar\/blog\/wp-content\/uploads\/2019\/03\/53472603_2080854131951946_5656708229342691328_n..jpg?ssl=1\"><img data-recalc-dims=\"1\" loading=\"lazy\" decoding=\"async\" class=\"wp-image-9256 size-full\" src=\"https:\/\/i0.wp.com\/larevistadigital.com.ar\/blog\/wp-content\/uploads\/2019\/03\/53472603_2080854131951946_5656708229342691328_n..jpg?resize=600%2C1205&#038;ssl=1\" alt=\"\" width=\"600\" height=\"1205\" srcset=\"https:\/\/i0.wp.com\/larevistadigital.com.ar\/blog\/wp-content\/uploads\/2019\/03\/53472603_2080854131951946_5656708229342691328_n..jpg?w=600&amp;ssl=1 600w, https:\/\/i0.wp.com\/larevistadigital.com.ar\/blog\/wp-content\/uploads\/2019\/03\/53472603_2080854131951946_5656708229342691328_n..jpg?resize=149%2C300&amp;ssl=1 149w, https:\/\/i0.wp.com\/larevistadigital.com.ar\/blog\/wp-content\/uploads\/2019\/03\/53472603_2080854131951946_5656708229342691328_n..jpg?resize=510%2C1024&amp;ssl=1 510w\" sizes=\"auto, (max-width: 600px) 100vw, 600px\" \/><\/a><figcaption id=\"caption-attachment-9256\" class=\"wp-caption-text\"><strong>NOTA A RAMPAZZO EN DIARIO POPULAR<\/strong><\/figcaption><\/figure>\n","protected":false},"excerpt":{"rendered":"<div class=\"mh-excerpt\"><p>Otra vez el abogado chascomunense Fernando Rampazzo ha aparecido en alg\u00fan medio de alcance nacional, y en este caso se trata del Diario Popular, que le hace una nota, en donde se destaca su especializaci\u00f3n <a class=\"mh-excerpt-more\" href=\"https:\/\/larevistadigital.com.ar\/blog\/nuevamente-el-abogado-fernando-rampazzo-en-los-medios-nacionales\/\" title=\"NUEVAMENTE EL ABOGADO FERNANDO RAMPAZZO EN LOS MEDIOS NACIONALES\">[Leer M\u00e1s]<\/a><\/p>\n<\/div>","protected":false},"author":3,"featured_media":7159,"comment_status":"open","ping_status":"open","sticky":false,"template":"","format":"standard","meta":{"_jetpack_memberships_contains_paid_content":false,"footnotes":"","jetpack_publicize_message":"","jetpack_publicize_feature_enabled":true,"jetpack_social_post_already_shared":true,"jetpack_social_options":{"image_generator_settings":{"template":"highway","default_image_id":0,"font":"","enabled":false},"version":2}},"categories":[6,12],"tags":[],"class_list":{"0":"post-9252","1":"post","2":"type-post","3":"status-publish","4":"format-standard","5":"has-post-thumbnail","7":"category-chascomus","8":"category-politica"},"jetpack_publicize_connections":[],"jetpack_featured_media_url":"https:\/\/i0.wp.com\/larevistadigital.com.ar\/blog\/wp-content\/uploads\/2018\/12\/WhatsApp-Image-2018-12-12-at-11.26.39.jpeg?fit=1280%2C853&ssl=1","jetpack_sharing_enabled":true,"jetpack_shortlink":"https:\/\/wp.me\/p8qtrQ-2pe","jetpack-related-posts":[{"id":6420,"url":"https:\/\/larevistadigital.com.ar\/blog\/el-abogado-fernando-rampazzo-tendra-una-audiencia-representando-a-la-famosa-conductora-anabela-ascar\/","url_meta":{"origin":9252,"position":0},"title":"EL ABOGADO FERNANDO RAMPAZZO TENDR\u00c1 UNA AUDIENCIA REPRESENTANDO A LA FAMOSA CONDUCTORA ANABELA ASCAR","author":"Alejandro Sosa Ruda","date":"29 agosto, 2018","format":false,"excerpt":"El abogado chascomunense Fernando Rampazzo tendr\u00e1 ma\u00f1ana una audiencia en representaci\u00f3n de una de las figuras m\u00e1s conocidas de los medios, especialmente de Cr\u00f3nica TV, canal en el que se desempe\u00f1\u00f3 durante a\u00f1os como exclusiva. Se trata de la locutora, periodista y conductora televisiva Anabela Ascar, quien ha contratado los\u2026","rel":"","context":"En \u00abCHASCOM\u00daS\u00bb","block_context":{"text":"CHASCOM\u00daS","link":"https:\/\/larevistadigital.com.ar\/blog\/category\/chascomus\/"},"img":{"alt_text":"","src":"https:\/\/i0.wp.com\/larevistadigital.com.ar\/blog\/wp-content\/uploads\/2018\/08\/39105903_1781469408557088_1979674091719753728_n.jpg?fit=960%2C720&ssl=1&resize=350%2C200","width":350,"height":200,"srcset":"https:\/\/i0.wp.com\/larevistadigital.com.ar\/blog\/wp-content\/uploads\/2018\/08\/39105903_1781469408557088_1979674091719753728_n.jpg?fit=960%2C720&ssl=1&resize=350%2C200 1x, https:\/\/i0.wp.com\/larevistadigital.com.ar\/blog\/wp-content\/uploads\/2018\/08\/39105903_1781469408557088_1979674091719753728_n.jpg?fit=960%2C720&ssl=1&resize=525%2C300 1.5x, https:\/\/i0.wp.com\/larevistadigital.com.ar\/blog\/wp-content\/uploads\/2018\/08\/39105903_1781469408557088_1979674091719753728_n.jpg?fit=960%2C720&ssl=1&resize=700%2C400 2x"},"classes":[]},{"id":4355,"url":"https:\/\/larevistadigital.com.ar\/blog\/chascomus-abogado-fernando-rampazzo-volvio-invitado-participar-cronica-tv\/","url_meta":{"origin":9252,"position":1},"title":"CHASCOM\u00daS: EL ABOGADO FERNANDO RAMPAZZO VOLVI\u00d3 A SER INVITADO PARA PARTICIPAR EN CR\u00d3NICA TV.","author":"Alejandro Sosa Ruda","date":"3 enero, 2018","format":false,"excerpt":"El joven abogado chascomunense, Fernando Rampazzo volvi\u00f3 a ser convocado por el popular canal de noticias \u201cCr\u00f3nica TV\u201d, para referirse a temas que tienen que ver sobre todo con el derecho previsional. Rampazzo ya hab\u00eda sido convocado hace unos d\u00edas, y evidentemente los responsables del noticiero quedaron muy conformes con\u2026","rel":"","context":"En \u00abDESTACADAS\u00bb","block_context":{"text":"DESTACADAS","link":"https:\/\/larevistadigital.com.ar\/blog\/category\/destacadas\/"},"img":{"alt_text":"","src":"https:\/\/i0.wp.com\/larevistadigital.com.ar\/blog\/wp-content\/uploads\/2018\/01\/WhatsApp-Image-2018-01-02-at-17.46.23-1.jpeg?fit=960%2C540&ssl=1&resize=350%2C200","width":350,"height":200,"srcset":"https:\/\/i0.wp.com\/larevistadigital.com.ar\/blog\/wp-content\/uploads\/2018\/01\/WhatsApp-Image-2018-01-02-at-17.46.23-1.jpeg?fit=960%2C540&ssl=1&resize=350%2C200 1x, https:\/\/i0.wp.com\/larevistadigital.com.ar\/blog\/wp-content\/uploads\/2018\/01\/WhatsApp-Image-2018-01-02-at-17.46.23-1.jpeg?fit=960%2C540&ssl=1&resize=525%2C300 1.5x, https:\/\/i0.wp.com\/larevistadigital.com.ar\/blog\/wp-content\/uploads\/2018\/01\/WhatsApp-Image-2018-01-02-at-17.46.23-1.jpeg?fit=960%2C540&ssl=1&resize=700%2C400 2x"},"classes":[]},{"id":6761,"url":"https:\/\/larevistadigital.com.ar\/blog\/rampazzo-imparable-en-la-tv-gano-en-el-rating-en-su-franja-horaria-de-cronica-tv-a-la-propuesta-de-a24-y-tn\/","url_meta":{"origin":9252,"position":2},"title":"\u00a1RAMPAZZO IMPARABLE EN LA TV! GAN\u00d3 EN EL RATING EN SU FRANJA HORARIA DE CR\u00d3NICA TV A LA PROPUESTA DE A24 Y TN","author":"Alejandro Sosa Ruda","date":"8 octubre, 2018","format":false,"excerpt":"El joven abogado chascomunense Fernando Rampazzo, parece convertir en oro todo lo que toca y confirma su obsesi\u00f3n por triunfar en cada cosa que encara. A su pasi\u00f3n por su profesi\u00f3n, le sum\u00f3 su amor por el deporte, participando de los torneos m\u00e1s importantes, (mundial inclusive) en la disciplina del\u2026","rel":"","context":"En \u00abCHASCOM\u00daS\u00bb","block_context":{"text":"CHASCOM\u00daS","link":"https:\/\/larevistadigital.com.ar\/blog\/category\/chascomus\/"},"img":{"alt_text":"","src":"https:\/\/i0.wp.com\/larevistadigital.com.ar\/blog\/wp-content\/uploads\/2018\/10\/WhatsApp-Image-2018-10-07-at-20.27.21.jpeg?fit=1152%2C864&ssl=1&resize=350%2C200","width":350,"height":200,"srcset":"https:\/\/i0.wp.com\/larevistadigital.com.ar\/blog\/wp-content\/uploads\/2018\/10\/WhatsApp-Image-2018-10-07-at-20.27.21.jpeg?fit=1152%2C864&ssl=1&resize=350%2C200 1x, https:\/\/i0.wp.com\/larevistadigital.com.ar\/blog\/wp-content\/uploads\/2018\/10\/WhatsApp-Image-2018-10-07-at-20.27.21.jpeg?fit=1152%2C864&ssl=1&resize=525%2C300 1.5x, https:\/\/i0.wp.com\/larevistadigital.com.ar\/blog\/wp-content\/uploads\/2018\/10\/WhatsApp-Image-2018-10-07-at-20.27.21.jpeg?fit=1152%2C864&ssl=1&resize=700%2C400 2x, https:\/\/i0.wp.com\/larevistadigital.com.ar\/blog\/wp-content\/uploads\/2018\/10\/WhatsApp-Image-2018-10-07-at-20.27.21.jpeg?fit=1152%2C864&ssl=1&resize=1050%2C600 3x"},"classes":[]},{"id":15006,"url":"https:\/\/larevistadigital.com.ar\/blog\/video-destacan-en-el-diario-clarin-una-iniciativa-del-abogado-chascomunense-fernando-rampazzo\/","url_meta":{"origin":9252,"position":3},"title":"[VIDEO] DESTACAN EN EL DIARIO CLARIN UNA INICIATIVA DEL ABOGADO CHASCOMUNENSE FERNANDO RAMPAZZO","author":"Alejandro Sosa Ruda","date":"30 marzo, 2020","format":false,"excerpt":"VIDEO AL FINAL DE LA NOTA (hacer click en el enlace) El diario Clar\u00edn, public\u00f3 en su p\u00e1gina un video en el que el abogado chascomunense Fernando Rampazzo explica en qu\u00e9 consiste su iniciativa para ayudar a quienes m\u00e1s lo necesitan en esta situaci\u00f3n ocasionada por la pandemia de Coronavirus\u2026","rel":"","context":"En \u00abINTERES GENERAL\u00bb","block_context":{"text":"INTERES GENERAL","link":"https:\/\/larevistadigital.com.ar\/blog\/category\/interes-general\/"},"img":{"alt_text":"","src":"https:\/\/i0.wp.com\/larevistadigital.com.ar\/blog\/wp-content\/uploads\/Screenshot_1-107.jpg?fit=685%2C429&ssl=1&resize=350%2C200","width":350,"height":200,"srcset":"https:\/\/i0.wp.com\/larevistadigital.com.ar\/blog\/wp-content\/uploads\/Screenshot_1-107.jpg?fit=685%2C429&ssl=1&resize=350%2C200 1x, https:\/\/i0.wp.com\/larevistadigital.com.ar\/blog\/wp-content\/uploads\/Screenshot_1-107.jpg?fit=685%2C429&ssl=1&resize=525%2C300 1.5x"},"classes":[]},{"id":7125,"url":"https:\/\/larevistadigital.com.ar\/blog\/fernando-rampazzo-el-abogado-de-chascomus-que-dejo-sin-palabras-al-diputado-olmedo\/","url_meta":{"origin":9252,"position":4},"title":"FERNANDO RAMPAZZO, EL ABOGADO DE CHASCOM\u00daS QUE DEJ\u00d3 SIN PALABRAS AL DIPUTADO OLMEDO","author":"Alejandro Sosa Ruda","date":"10 diciembre, 2018","format":false,"excerpt":"El abogado chascomunense Fernando Rampazzo, demostr\u00f3 que no se \u201cachica\u201d con nadie, ya que mantuvo un interesante y \u201cpicante\u201d cruce con el medi\u00e1tico diputado nacional representante de la provincia de Salta, Alfredo Olmedo. El momento se vivi\u00f3 durante la ma\u00f1ana en el canal televisivo \u201cCr\u00f3nica TV\u201d, del que Rampazzo tiene\u2026","rel":"","context":"En \u00abCHASCOM\u00daS\u00bb","block_context":{"text":"CHASCOM\u00daS","link":"https:\/\/larevistadigital.com.ar\/blog\/category\/chascomus\/"},"img":{"alt_text":"","src":"https:\/\/i0.wp.com\/larevistadigital.com.ar\/blog\/wp-content\/uploads\/2018\/12\/fd864d0f-be25-4c3c-aeb4-bbf6b21bff5f.jpg?fit=896%2C485&ssl=1&resize=350%2C200","width":350,"height":200,"srcset":"https:\/\/i0.wp.com\/larevistadigital.com.ar\/blog\/wp-content\/uploads\/2018\/12\/fd864d0f-be25-4c3c-aeb4-bbf6b21bff5f.jpg?fit=896%2C485&ssl=1&resize=350%2C200 1x, https:\/\/i0.wp.com\/larevistadigital.com.ar\/blog\/wp-content\/uploads\/2018\/12\/fd864d0f-be25-4c3c-aeb4-bbf6b21bff5f.jpg?fit=896%2C485&ssl=1&resize=525%2C300 1.5x, https:\/\/i0.wp.com\/larevistadigital.com.ar\/blog\/wp-content\/uploads\/2018\/12\/fd864d0f-be25-4c3c-aeb4-bbf6b21bff5f.jpg?fit=896%2C485&ssl=1&resize=700%2C400 2x"},"classes":[]},{"id":6299,"url":"https:\/\/larevistadigital.com.ar\/blog\/personajes-fernando-rampazzo-la-receta-del-exito\/","url_meta":{"origin":9252,"position":5},"title":"PERSONAJES: FERNANDO RAMPAZZO&#8230; LA RECETA DEL \u00c9XITO","author":"Alejandro Sosa Ruda","date":"20 agosto, 2018","format":false,"excerpt":"Desde hace rato que venimos siguiendo la trayectoria del abogado chascomunense Fernando Rampazzo, por lo que noticias como esta no nos sorprenden, ya que desde que se recibi\u00f3 ha tomado un camino que en base a trabajo y mucho sacrificio, fue en franco crecimiento. Pero lo m\u00e1s importante, y el\u2026","rel":"","context":"En \u00abDESTACADAS\u00bb","block_context":{"text":"DESTACADAS","link":"https:\/\/larevistadigital.com.ar\/blog\/category\/destacadas\/"},"img":{"alt_text":"","src":"https:\/\/i0.wp.com\/larevistadigital.com.ar\/blog\/wp-content\/uploads\/2018\/08\/35199152_1689702534400443_5345705880753012736_n.jpg?fit=854%2C853&ssl=1&resize=350%2C200","width":350,"height":200,"srcset":"https:\/\/i0.wp.com\/larevistadigital.com.ar\/blog\/wp-content\/uploads\/2018\/08\/35199152_1689702534400443_5345705880753012736_n.jpg?fit=854%2C853&ssl=1&resize=350%2C200 1x, https:\/\/i0.wp.com\/larevistadigital.com.ar\/blog\/wp-content\/uploads\/2018\/08\/35199152_1689702534400443_5345705880753012736_n.jpg?fit=854%2C853&ssl=1&resize=525%2C300 1.5x, https:\/\/i0.wp.com\/larevistadigital.com.ar\/blog\/wp-content\/uploads\/2018\/08\/35199152_1689702534400443_5345705880753012736_n.jpg?fit=854%2C853&ssl=1&resize=700%2C400 2x"},"classes":[]}],"_links":{"self":[{"href":"https:\/\/larevistadigital.com.ar\/blog\/wp-json\/wp\/v2\/posts\/9252","targetHints":{"allow":["GET"]}}],"collection":[{"href":"https:\/\/larevistadigital.com.ar\/blog\/wp-json\/wp\/v2\/posts"}],"about":[{"href":"https:\/\/larevistadigital.com.ar\/blog\/wp-json\/wp\/v2\/types\/post"}],"author":[{"embeddable":true,"href":"https:\/\/larevistadigital.com.ar\/blog\/wp-json\/wp\/v2\/users\/3"}],"replies":[{"embeddable":true,"href":"https:\/\/larevistadigital.com.ar\/blog\/wp-json\/wp\/v2\/comments?post=9252"}],"version-history":[{"count":1,"href":"https:\/\/larevistadigital.com.ar\/blog\/wp-json\/wp\/v2\/posts\/9252\/revisions"}],"predecessor-version":[{"id":9257,"href":"https:\/\/larevistadigital.com.ar\/blog\/wp-json\/wp\/v2\/posts\/9252\/revisions\/9257"}],"wp:featuredmedia":[{"embeddable":true,"href":"https:\/\/larevistadigital.com.ar\/blog\/wp-json\/wp\/v2\/media\/7159"}],"wp:attachment":[{"href":"https:\/\/larevistadigital.com.ar\/blog\/wp-json\/wp\/v2\/media?parent=9252"}],"wp:term":[{"taxonomy":"category","embeddable":true,"href":"https:\/\/larevistadigital.com.ar\/blog\/wp-json\/wp\/v2\/categories?post=9252"},{"taxonomy":"post_tag","embeddable":true,"href":"https:\/\/larevistadigital.com.ar\/blog\/wp-json\/wp\/v2\/tags?post=9252"}],"curies":[{"name":"wp","href":"https:\/\/api.w.org\/{rel}","templated":true}]}}