{"id":9258,"date":"2019-03-22T13:43:27","date_gmt":"2019-03-22T13:43:27","guid":{"rendered":"https:\/\/larevistadigital.com.ar\/blog\/?p=9258"},"modified":"2019-03-22T13:43:27","modified_gmt":"2019-03-22T13:43:27","slug":"alexa-oyhamburu-es-la-referente-de-compromiso-federal-en-chascomus","status":"publish","type":"post","link":"https:\/\/larevistadigital.com.ar\/blog\/alexa-oyhamburu-es-la-referente-de-compromiso-federal-en-chascomus\/","title":{"rendered":"ALEXA OYHAMBURU ES LA REFERENTE DE \u00abCOMPROMISO FEDERAL\u00bb EN CHASCOM\u00daS"},"content":{"rendered":"<p>En el d\u00eda de ayer, se hizo efectivo el lanzamiento del espacio denominado \u00abCompromiso Federal\u00bb en la ciudad de Chascom\u00fas, con la presencia de quien es el \u00abarmador\u00bb de la quinta secci\u00f3n, <strong>Daniel Garc\u00eda<\/strong>, y un grupo de militantes y dirigentes del espacio que lidera el gobernador de San Luis, <strong>Alberto Rodriguez Saa<\/strong>.<\/p>\n<p>La reuni\u00f3n se llev\u00f3 a cabo en el caf\u00e9 costanero \u00abAlma Chascom\u00fas\u00bb, a las 11 de la ma\u00f1ana, donde Garc\u00eda pudo dialogar con distintos medios de prensa, la TV, radios, diarios y medios digitales.<\/p>\n<blockquote>\n<h3>Entre los participantes, se hizo presente el dirigente<strong> V\u00edctor Reginfo<\/strong>, de la tercera secci\u00f3n electoral y candidato a Intendente de la localidad de \u00abPresidente Per\u00f3n\u00bb, acompa\u00f1ado de un grupo importante de militantes que lo siguen y acompa\u00f1an en sus viajes y recorridas. <strong>Reginfo<\/strong>, muy probablemente sea electo Intendente en su localidad, seg\u00fan se comenta y as\u00ed lo asegur\u00f3 <strong>Garc\u00eda<\/strong> ayer durante su charla con los medios.<\/h3>\n<\/blockquote>\n<p>Entre todas las cosas, se destac\u00f3 la intenci\u00f3n de \u00abCompromiso Federal\u00bb de lograr con los distintos sectores y espacios del peronismo, una unidad desprovista de mezquindades, que permita ganar los pr\u00f3ximas elecciones de octubre, para, seg\u00fan dijo, sacar al pa\u00eds de la terrible situaci\u00f3n en que se encuentra.<\/p>\n<figure id=\"attachment_9260\" aria-describedby=\"caption-attachment-9260\" style=\"width: 1152px\" class=\"wp-caption alignnone\"><a href=\"https:\/\/i0.wp.com\/larevistadigital.com.ar\/blog\/wp-content\/uploads\/2019\/03\/WhatsApp-Image-2019-03-22-at-10.10.44-1.jpeg?ssl=1\"><img data-recalc-dims=\"1\" loading=\"lazy\" decoding=\"async\" class=\"size-full wp-image-9260\" src=\"https:\/\/i0.wp.com\/larevistadigital.com.ar\/blog\/wp-content\/uploads\/2019\/03\/WhatsApp-Image-2019-03-22-at-10.10.44-1.jpeg?resize=1152%2C864&#038;ssl=1\" alt=\"\" width=\"1152\" height=\"864\" srcset=\"https:\/\/i0.wp.com\/larevistadigital.com.ar\/blog\/wp-content\/uploads\/2019\/03\/WhatsApp-Image-2019-03-22-at-10.10.44-1.jpeg?w=1152&amp;ssl=1 1152w, https:\/\/i0.wp.com\/larevistadigital.com.ar\/blog\/wp-content\/uploads\/2019\/03\/WhatsApp-Image-2019-03-22-at-10.10.44-1.jpeg?resize=300%2C225&amp;ssl=1 300w, https:\/\/i0.wp.com\/larevistadigital.com.ar\/blog\/wp-content\/uploads\/2019\/03\/WhatsApp-Image-2019-03-22-at-10.10.44-1.jpeg?resize=768%2C576&amp;ssl=1 768w, https:\/\/i0.wp.com\/larevistadigital.com.ar\/blog\/wp-content\/uploads\/2019\/03\/WhatsApp-Image-2019-03-22-at-10.10.44-1.jpeg?resize=1024%2C768&amp;ssl=1 1024w, https:\/\/i0.wp.com\/larevistadigital.com.ar\/blog\/wp-content\/uploads\/2019\/03\/WhatsApp-Image-2019-03-22-at-10.10.44-1.jpeg?resize=678%2C509&amp;ssl=1 678w, https:\/\/i0.wp.com\/larevistadigital.com.ar\/blog\/wp-content\/uploads\/2019\/03\/WhatsApp-Image-2019-03-22-at-10.10.44-1.jpeg?resize=326%2C245&amp;ssl=1 326w, https:\/\/i0.wp.com\/larevistadigital.com.ar\/blog\/wp-content\/uploads\/2019\/03\/WhatsApp-Image-2019-03-22-at-10.10.44-1.jpeg?resize=80%2C60&amp;ssl=1 80w\" sizes=\"auto, (max-width: 1000px) 100vw, 1000px\" \/><\/a><figcaption id=\"caption-attachment-9260\" class=\"wp-caption-text\"><strong>DANIEL GARC\u00cdA Y ALEXA OYHAMBURU<\/strong><\/figcaption><\/figure>\n<p>En su alocuci\u00f3n, <strong>Garc\u00eda<\/strong> destac\u00f3 la relevancia de contar en las filas del partido a una persona como <strong>Alexa Oyhamburu<\/strong>, que cuenta con una basta militancia a pesar de su juventud, y con ideales inquebrantables entre otras cualidades, por lo que agradeci\u00f3 que la vecina de Chascom\u00fas se haya sumado al espacio.<\/p>\n<blockquote>\n<h3><strong>Garc\u00eda<\/strong> resalt\u00f3 sobre todas las cosas la urgente necesidad de armar el Frente Patri\u00f3tico, ideado por <strong>Rodriguez Saa<\/strong> en su momento, y que hoy d\u00eda forma parte del discurso de todos los dirigentes pol\u00edticos nacionales y provinciales. El fin del Frente mencionado, postula la unidad de los distintos sectores del peronismo, dejando de lado los intereses personales, con el objeto de dar a la ciudadan\u00eda la posibilidad de recuperar los derechos primordiales, que hoy no son tenidos en cuenta, y cumplir con los preceptos e ideales del peronismo.<\/h3>\n<\/blockquote>\n<p>Consultada <strong>Oyhamburu<\/strong> acerca de por qu\u00e9 acept\u00f3 la propuesta de convertirse en la referente zonal de \u00abCompromiso Federal\u00bb, sostuvo que encontr\u00f3 en el espacio, un lugar en el que sobre todo se trabaja por y para los vecinos, con convicciones firmes, y vocaci\u00f3n de servicio, que es lo que ella prioriza en su diaria militancia. <strong>\u00abSiempre pongo por delante el compromiso con los vecinos. Es lo primordial y lo que aprend\u00ed a hacer: trabajar para la gente. Es la \u00fanica forma que entiendo de hacer pol\u00edtica\u00bb<\/strong>, asegur\u00f3.<\/p>\n<p>Respecto al panorama local, dijo que <em><strong>\u00abEs hora de que se dejen de lado las mezquindades, y se prioricen las necesidades de los vecinos. Hoy, m\u00e1s que nunca la gente necesita de los pol\u00edticos. Hoy, m\u00e1s que nunca debemos representar y defender los intereses de nuestros vecinos, cada uno desde el lugar que ocupe. No podemos ver como nuestros vecinos y amigos se hunden, sufren, son desatendidos, no se los escucha, no se los contiene, y mirar para otro lado. Si no entendemos esto, y no reaccionamos, tenemos que dejar la pol\u00edtica. Por eso, hay que unirse, dejar egos de lado,\u00a0 e ir juntos con la gente que nos necesita\u00bb<\/strong><\/em>.<\/p>\n","protected":false},"excerpt":{"rendered":"<div class=\"mh-excerpt\"><p>En el d\u00eda de ayer, se hizo efectivo el lanzamiento del espacio denominado \u00abCompromiso Federal\u00bb en la ciudad de Chascom\u00fas, con la presencia de quien es el \u00abarmador\u00bb de la quinta secci\u00f3n, Daniel Garc\u00eda, y <a class=\"mh-excerpt-more\" href=\"https:\/\/larevistadigital.com.ar\/blog\/alexa-oyhamburu-es-la-referente-de-compromiso-federal-en-chascomus\/\" title=\"ALEXA OYHAMBURU ES LA REFERENTE DE \u00abCOMPROMISO FEDERAL\u00bb EN CHASCOM\u00daS\">[Leer M\u00e1s]<\/a><\/p>\n<\/div>","protected":false},"author":3,"featured_media":9259,"comment_status":"open","ping_status":"open","sticky":false,"template":"","format":"standard","meta":{"_jetpack_memberships_contains_paid_content":false,"footnotes":"","jetpack_publicize_message":"","jetpack_publicize_feature_enabled":true,"jetpack_social_post_already_shared":true,"jetpack_social_options":{"image_generator_settings":{"template":"highway","default_image_id":0,"font":"","enabled":false},"version":2}},"categories":[6,12],"tags":[],"class_list":{"0":"post-9258","1":"post","2":"type-post","3":"status-publish","4":"format-standard","5":"has-post-thumbnail","7":"category-chascomus","8":"category-politica"},"jetpack_publicize_connections":[],"jetpack_featured_media_url":"https:\/\/i0.wp.com\/larevistadigital.com.ar\/blog\/wp-content\/uploads\/2019\/03\/D.jpg?fit=894%2C562&ssl=1","jetpack_sharing_enabled":true,"jetpack_shortlink":"https:\/\/wp.me\/p8qtrQ-2pk","jetpack-related-posts":[{"id":11481,"url":"https:\/\/larevistadigital.com.ar\/blog\/fuerte-apoyo-de-la-campora-a-javier-gaston-con-mesas-militancia-y-dirigentes-locales-en-las-calles-de-chascomus\/","url_meta":{"origin":9258,"position":0},"title":"FUERTE APOYO DE LA CAMPORA A JAVIER GAST\u00d3N,  CON MESAS, MILITANCIA Y DIRIGENTES LOCALES EN LAS CALLES DE CHASCOM\u00daS","author":"Alejandro Sosa Ruda","date":"25 julio, 2019","format":false,"excerpt":"En la tarde de hoy, un grupo de militantes de la agrupaci\u00f3n pol\u00edtica de M\u00e1ximo Kirchner, \"La Campora\" , \u00a0colocaron una mesa en la puerta de Banco Provincia de Chascom\u00fas, donde repartieron volantes e hicieron campa\u00f1a por la reelecci\u00f3n de Javier Gast\u00f3n como intendente de Chascom\u00fas, Axel Kicillof como gobernador,\u2026","rel":"","context":"En \u00abDESTACADAS\u00bb","block_context":{"text":"DESTACADAS","link":"https:\/\/larevistadigital.com.ar\/blog\/category\/destacadas\/"},"img":{"alt_text":"","src":"https:\/\/i0.wp.com\/larevistadigital.com.ar\/blog\/wp-content\/uploads\/frente-de-todos-chascomus-1.jpg?fit=775%2C678&ssl=1&resize=350%2C200","width":350,"height":200,"srcset":"https:\/\/i0.wp.com\/larevistadigital.com.ar\/blog\/wp-content\/uploads\/frente-de-todos-chascomus-1.jpg?fit=775%2C678&ssl=1&resize=350%2C200 1x, https:\/\/i0.wp.com\/larevistadigital.com.ar\/blog\/wp-content\/uploads\/frente-de-todos-chascomus-1.jpg?fit=775%2C678&ssl=1&resize=525%2C300 1.5x, https:\/\/i0.wp.com\/larevistadigital.com.ar\/blog\/wp-content\/uploads\/frente-de-todos-chascomus-1.jpg?fit=775%2C678&ssl=1&resize=700%2C400 2x"},"classes":[]},{"id":33488,"url":"https:\/\/larevistadigital.com.ar\/blog\/chascomus-vandalizaron-el-frente-del-local-de-santiago-dos-santos\/","url_meta":{"origin":9258,"position":1},"title":"CHASCOM\u00daS: VANDALIZARON EL FRENTE DEL LOCAL DE SANTIAGO DOS SANTOS","author":"Alejandro Sosa Ruda","date":"18 septiembre, 2023","format":false,"excerpt":"El local de Juntos por el Cambio se encuentra en Libres del Sur, entre lastra y Arenales. 18 de Septiembre de 2023 CHASCOM\u00daS -\u00a0 Gran indignaci\u00f3n despert\u00f3 en militantes y amigos de Juntos por el Cambio, y el mismo candidato a intendente del espacio, Santiago Dos Santos, porque apareci\u00f3 vandalizado\u2026","rel":"","context":"En \u00abDESTACADAS\u00bb","block_context":{"text":"DESTACADAS","link":"https:\/\/larevistadigital.com.ar\/blog\/category\/destacadas\/"},"img":{"alt_text":"","src":"https:\/\/i0.wp.com\/larevistadigital.com.ar\/blog\/wp-content\/uploads\/379923261_274266462121745_8113120472407276242_n-e1695052074374.jpg?fit=846%2C1200&ssl=1&resize=350%2C200","width":350,"height":200,"srcset":"https:\/\/i0.wp.com\/larevistadigital.com.ar\/blog\/wp-content\/uploads\/379923261_274266462121745_8113120472407276242_n-e1695052074374.jpg?fit=846%2C1200&ssl=1&resize=350%2C200 1x, https:\/\/i0.wp.com\/larevistadigital.com.ar\/blog\/wp-content\/uploads\/379923261_274266462121745_8113120472407276242_n-e1695052074374.jpg?fit=846%2C1200&ssl=1&resize=525%2C300 1.5x, https:\/\/i0.wp.com\/larevistadigital.com.ar\/blog\/wp-content\/uploads\/379923261_274266462121745_8113120472407276242_n-e1695052074374.jpg?fit=846%2C1200&ssl=1&resize=700%2C400 2x"},"classes":[]},{"id":26108,"url":"https:\/\/larevistadigital.com.ar\/blog\/concurrido-e-importante-marco-para-el-lanzamiento-de-martin-larralde-como-el-referente-del-partido-fe-en-chascomus\/","url_meta":{"origin":9258,"position":2},"title":"CONCURRIDO E IMPORTANTE MARCO PARA EL LANZAMIENTO DE MART\u00cdN LARRALDE COMO EL REFERENTE DEL PARTIDO FE EN CHASCOM\u00daS","author":"Alejandro Sosa Ruda","date":"26 junio, 2022","format":false,"excerpt":"Diputados, el presidente del partido en provincia, dirigentes de la quinta con asistencia perfecta y figuras invitadas de otras secciones fueron parte del marco que en un plenario presentaron al dirigente peronista Mart\u00edn Larralde, como el referente del Partido Fe en la quinta secci\u00f3n electoral. CHASCOM\u00daS -\u00a0 El d\u00eda s\u00e1bado,\u2026","rel":"","context":"En \u00abDESTACADAS\u00bb","block_context":{"text":"DESTACADAS","link":"https:\/\/larevistadigital.com.ar\/blog\/category\/destacadas\/"},"img":{"alt_text":"","src":"https:\/\/i0.wp.com\/larevistadigital.com.ar\/blog\/wp-content\/uploads\/20220626130251_sanchez-jauregui-2.jpg?fit=730%2C487&ssl=1&resize=350%2C200","width":350,"height":200,"srcset":"https:\/\/i0.wp.com\/larevistadigital.com.ar\/blog\/wp-content\/uploads\/20220626130251_sanchez-jauregui-2.jpg?fit=730%2C487&ssl=1&resize=350%2C200 1x, https:\/\/i0.wp.com\/larevistadigital.com.ar\/blog\/wp-content\/uploads\/20220626130251_sanchez-jauregui-2.jpg?fit=730%2C487&ssl=1&resize=525%2C300 1.5x, https:\/\/i0.wp.com\/larevistadigital.com.ar\/blog\/wp-content\/uploads\/20220626130251_sanchez-jauregui-2.jpg?fit=730%2C487&ssl=1&resize=700%2C400 2x"},"classes":[]},{"id":22308,"url":"https:\/\/larevistadigital.com.ar\/blog\/con-galeria-de-fotos-de-la-mano-de-ramiro-ferrante-y-con-importante-acompanamiento-diego-santilli-visito-chascomus\/","url_meta":{"origin":9258,"position":3},"title":"[CON GALER\u00cdA DE FOTOS] DE LA MANO DE RAMIRO FERRANTE, Y CON IMPORTANTE ACOMPA\u00d1AMIENTO, DIEGO SANTILLI VISIT\u00d3 CHASCOM\u00daS","author":"Alejandro Sosa Ruda","date":"11 octubre, 2021","format":false,"excerpt":"Lleg\u00f3 nuevamente a la ciudad, como muestra de apoyo mutuo con el candidato a concejal y referente del espacio, Ramiro Ferrante. Se reunieron con vecinos y simpatizantes que brindaron muestras de afecto y compromiso. CHASCOM\u00daS - Durante la jornada de ayer, estuvo en la ciudad de Chascom\u00fas, el primer candidato\u2026","rel":"","context":"En \u00abDESTACADAS\u00bb","block_context":{"text":"DESTACADAS","link":"https:\/\/larevistadigital.com.ar\/blog\/category\/destacadas\/"},"img":{"alt_text":"","src":"https:\/\/i0.wp.com\/larevistadigital.com.ar\/blog\/wp-content\/uploads\/WhatsApp-Image-2021-10-10-at-19.32.43.jpeg?fit=1200%2C900&ssl=1&resize=350%2C200","width":350,"height":200,"srcset":"https:\/\/i0.wp.com\/larevistadigital.com.ar\/blog\/wp-content\/uploads\/WhatsApp-Image-2021-10-10-at-19.32.43.jpeg?fit=1200%2C900&ssl=1&resize=350%2C200 1x, https:\/\/i0.wp.com\/larevistadigital.com.ar\/blog\/wp-content\/uploads\/WhatsApp-Image-2021-10-10-at-19.32.43.jpeg?fit=1200%2C900&ssl=1&resize=525%2C300 1.5x, https:\/\/i0.wp.com\/larevistadigital.com.ar\/blog\/wp-content\/uploads\/WhatsApp-Image-2021-10-10-at-19.32.43.jpeg?fit=1200%2C900&ssl=1&resize=700%2C400 2x, https:\/\/i0.wp.com\/larevistadigital.com.ar\/blog\/wp-content\/uploads\/WhatsApp-Image-2021-10-10-at-19.32.43.jpeg?fit=1200%2C900&ssl=1&resize=1050%2C600 3x"},"classes":[]},{"id":10271,"url":"https:\/\/larevistadigital.com.ar\/blog\/chascomus-el-diputado-ignacio-cote-rossi-en-comodoro-py\/","url_meta":{"origin":9258,"position":4},"title":"CHASCOM\u00daS: EL DIPUTADO IGNACIO \u00abCOTE\u00bb ROSSI EN COMODORO PY","author":"Alejandro Sosa Ruda","date":"22 mayo, 2019","format":false,"excerpt":"Queda claro que los \"ojos\" de La Revista Digital, llegan a todos lados. En esta oportunidad, un cronista y colaborador de nuestro medio (a quien llamaremos \"El Encubierto\" o \"agente 22\") nos hizo llegar una foto de la puerta de Comodoro Py mientras se estaba llevando a cabo el comienzo\u2026","rel":"","context":"En \u00abPOLITICA\u00bb","block_context":{"text":"POLITICA","link":"https:\/\/larevistadigital.com.ar\/blog\/category\/politica\/"},"img":{"alt_text":"","src":"https:\/\/i0.wp.com\/larevistadigital.com.ar\/blog\/wp-content\/uploads\/2017\/07\/Cote_Rossi-777x437.jpg?fit=777%2C437&ssl=1&resize=350%2C200","width":350,"height":200,"srcset":"https:\/\/i0.wp.com\/larevistadigital.com.ar\/blog\/wp-content\/uploads\/2017\/07\/Cote_Rossi-777x437.jpg?fit=777%2C437&ssl=1&resize=350%2C200 1x, https:\/\/i0.wp.com\/larevistadigital.com.ar\/blog\/wp-content\/uploads\/2017\/07\/Cote_Rossi-777x437.jpg?fit=777%2C437&ssl=1&resize=525%2C300 1.5x, https:\/\/i0.wp.com\/larevistadigital.com.ar\/blog\/wp-content\/uploads\/2017\/07\/Cote_Rossi-777x437.jpg?fit=777%2C437&ssl=1&resize=700%2C400 2x"},"classes":[]},{"id":21057,"url":"https:\/\/larevistadigital.com.ar\/blog\/aqui-estan-la-agrupacion-bancaria-peronista-la-rucci-hizo-una-importante-pegatina-en-distintos-puntos-de-la-ciudad\/","url_meta":{"origin":9258,"position":5},"title":"AQU\u00cd EST\u00c1N! LA AGRUPACI\u00d3N BANCARIA PERONISTA \u00abLA RUCCI\u00bb, HIZO UNA IMPORTANTE PEGATINA EN DISTINTOS PUNTOS DE LA CIUDAD","author":"Alejandro Sosa Ruda","date":"8 julio, 2021","format":false,"excerpt":"La agrupaci\u00f3n peronista de los Bancarios, \"La Rucci\" volvi\u00f3 a hacerse presente en la ciudad de Chascom\u00fas. Es un espacio en crecimiento con figuras destacadas que lo integran. \u00bfFormar\u00e1 alguno de los armados en las listas o frentes locales en la pr\u00f3xima elecci\u00f3n? CHASCOM\u00daS\u00a0 - Nuevamente apareci\u00f3 una importante pegatina\u2026","rel":"","context":"En \u00abCHASCOM\u00daS\u00bb","block_context":{"text":"CHASCOM\u00daS","link":"https:\/\/larevistadigital.com.ar\/blog\/category\/chascomus\/"},"img":{"alt_text":"","src":"https:\/\/i0.wp.com\/larevistadigital.com.ar\/blog\/wp-content\/uploads\/WhatsApp-Image-2021-07-07-at-22.42.35-1.jpeg?fit=900%2C1200&ssl=1&resize=350%2C200","width":350,"height":200,"srcset":"https:\/\/i0.wp.com\/larevistadigital.com.ar\/blog\/wp-content\/uploads\/WhatsApp-Image-2021-07-07-at-22.42.35-1.jpeg?fit=900%2C1200&ssl=1&resize=350%2C200 1x, https:\/\/i0.wp.com\/larevistadigital.com.ar\/blog\/wp-content\/uploads\/WhatsApp-Image-2021-07-07-at-22.42.35-1.jpeg?fit=900%2C1200&ssl=1&resize=525%2C300 1.5x, https:\/\/i0.wp.com\/larevistadigital.com.ar\/blog\/wp-content\/uploads\/WhatsApp-Image-2021-07-07-at-22.42.35-1.jpeg?fit=900%2C1200&ssl=1&resize=700%2C400 2x"},"classes":[]}],"_links":{"self":[{"href":"https:\/\/larevistadigital.com.ar\/blog\/wp-json\/wp\/v2\/posts\/9258","targetHints":{"allow":["GET"]}}],"collection":[{"href":"https:\/\/larevistadigital.com.ar\/blog\/wp-json\/wp\/v2\/posts"}],"about":[{"href":"https:\/\/larevistadigital.com.ar\/blog\/wp-json\/wp\/v2\/types\/post"}],"author":[{"embeddable":true,"href":"https:\/\/larevistadigital.com.ar\/blog\/wp-json\/wp\/v2\/users\/3"}],"replies":[{"embeddable":true,"href":"https:\/\/larevistadigital.com.ar\/blog\/wp-json\/wp\/v2\/comments?post=9258"}],"version-history":[{"count":2,"href":"https:\/\/larevistadigital.com.ar\/blog\/wp-json\/wp\/v2\/posts\/9258\/revisions"}],"predecessor-version":[{"id":9262,"href":"https:\/\/larevistadigital.com.ar\/blog\/wp-json\/wp\/v2\/posts\/9258\/revisions\/9262"}],"wp:featuredmedia":[{"embeddable":true,"href":"https:\/\/larevistadigital.com.ar\/blog\/wp-json\/wp\/v2\/media\/9259"}],"wp:attachment":[{"href":"https:\/\/larevistadigital.com.ar\/blog\/wp-json\/wp\/v2\/media?parent=9258"}],"wp:term":[{"taxonomy":"category","embeddable":true,"href":"https:\/\/larevistadigital.com.ar\/blog\/wp-json\/wp\/v2\/categories?post=9258"},{"taxonomy":"post_tag","embeddable":true,"href":"https:\/\/larevistadigital.com.ar\/blog\/wp-json\/wp\/v2\/tags?post=9258"}],"curies":[{"name":"wp","href":"https:\/\/api.w.org\/{rel}","templated":true}]}}