{"id":9263,"date":"2019-03-22T13:51:05","date_gmt":"2019-03-22T13:51:05","guid":{"rendered":"https:\/\/larevistadigital.com.ar\/blog\/?p=9263"},"modified":"2019-03-22T13:51:05","modified_gmt":"2019-03-22T13:51:05","slug":"ranchos-informacion-del-municipio","status":"publish","type":"post","link":"https:\/\/larevistadigital.com.ar\/blog\/ranchos-informacion-del-municipio\/","title":{"rendered":"RANCHOS: INFORMACI\u00d3N DEL MUNICIPIO"},"content":{"rendered":"<p>La Municipalidad de General Paz, informa a la poblaci\u00f3n que el pr\u00f3ximo martes 26; no habr\u00e1 atenci\u00f3n al p\u00fablico para los tr\u00e1mites que se efect\u00faan en las oficinas de Mesa de Entradas (Licencias de Conducir, Gu\u00edas, Impuestos, Cementerio, Ingresos Brutos, REBA) y Tesorer\u00eda Municipal (caja).<br \/>\nEl motivo de esta medida, est\u00e1 directamente relacionado con la capacitaci\u00f3n del personal, en el marco del programa de sistema de Reforma de la Administraci\u00f3n Financiera en el \u00c1mbito Municipal (RAFAM).<br \/>\nEste sistema se utiliza para facilitar la recaudaci\u00f3n y mejorar el servicio al contribuyente. Por tal motivo, se solicitan las disculpas correspondientes por las molestias ocasionadas.<\/p>\n","protected":false},"excerpt":{"rendered":"<div class=\"mh-excerpt\"><p>La Municipalidad de General Paz, informa a la poblaci\u00f3n que el pr\u00f3ximo martes 26; no habr\u00e1 atenci\u00f3n al p\u00fablico para los tr\u00e1mites que se efect\u00faan en las oficinas de Mesa de Entradas (Licencias de Conducir, <a class=\"mh-excerpt-more\" href=\"https:\/\/larevistadigital.com.ar\/blog\/ranchos-informacion-del-municipio\/\" title=\"RANCHOS: INFORMACI\u00d3N DEL MUNICIPIO\">[Leer M\u00e1s]<\/a><\/p>\n<\/div>","protected":false},"author":3,"featured_media":9264,"comment_status":"open","ping_status":"open","sticky":false,"template":"","format":"standard","meta":{"_jetpack_memberships_contains_paid_content":false,"footnotes":"","jetpack_publicize_message":"","jetpack_publicize_feature_enabled":true,"jetpack_social_post_already_shared":true,"jetpack_social_options":{"image_generator_settings":{"template":"highway","default_image_id":0,"font":"","enabled":false},"version":2}},"categories":[12,14],"tags":[],"class_list":{"0":"post-9263","1":"post","2":"type-post","3":"status-publish","4":"format-standard","5":"has-post-thumbnail","7":"category-politica","8":"category-ranchos"},"jetpack_publicize_connections":[],"jetpack_featured_media_url":"https:\/\/i0.wp.com\/larevistadigital.com.ar\/blog\/wp-content\/uploads\/2019\/03\/54436729_2129831233923154_5882890041897779200_n.jpg?fit=640%2C426&ssl=1","jetpack_sharing_enabled":true,"jetpack_shortlink":"https:\/\/wp.me\/p8qtrQ-2pp","jetpack-related-posts":[{"id":13642,"url":"https:\/\/larevistadigital.com.ar\/blog\/ranchos-el-16-de-diciembre-llega-la-planta-movil-de-vtv-al-distrito\/","url_meta":{"origin":9263,"position":0},"title":"RANCHOS: EL 16 DE DICIEMBRE LLEGA LA PLANTA M\u00d3VIL DE VTV AL DISTRITO","author":"Alejandro Sosa Ruda","date":"12 diciembre, 2019","format":false,"excerpt":"Como viene aconteciendo peri\u00f3dicamente, la planta m\u00f3vil de la Verificaci\u00f3n T\u00e9cnica Vehicular, estar\u00e1 instal\u00e1ndose sobre la calle Espa\u00f1a entre Av. Campomar y Ameghino de la ciudad de Ranchos. La misma atender\u00e1 al p\u00fablico del lunes 16 al 30 del corriente, en el horario comprendido entre las 8:00 a 17:00 hs.\u2026","rel":"","context":"En \u00abRANCHOS\u00bb","block_context":{"text":"RANCHOS","link":"https:\/\/larevistadigital.com.ar\/blog\/category\/ranchos\/"},"img":{"alt_text":"","src":"https:\/\/i0.wp.com\/larevistadigital.com.ar\/blog\/wp-content\/uploads\/20180816_123507.jpg?fit=1044%2C619&ssl=1&resize=350%2C200","width":350,"height":200,"srcset":"https:\/\/i0.wp.com\/larevistadigital.com.ar\/blog\/wp-content\/uploads\/20180816_123507.jpg?fit=1044%2C619&ssl=1&resize=350%2C200 1x, https:\/\/i0.wp.com\/larevistadigital.com.ar\/blog\/wp-content\/uploads\/20180816_123507.jpg?fit=1044%2C619&ssl=1&resize=525%2C300 1.5x, https:\/\/i0.wp.com\/larevistadigital.com.ar\/blog\/wp-content\/uploads\/20180816_123507.jpg?fit=1044%2C619&ssl=1&resize=700%2C400 2x"},"classes":[]},{"id":29530,"url":"https:\/\/larevistadigital.com.ar\/blog\/chascomus-galeria-de-fotos-accidente-en-la-ruta-20-mano-a-ranchos\/","url_meta":{"origin":9263,"position":1},"title":"CHASCOMUS: [GALER\u00cdA DE FOTOS] ACCIDENTE EN LA RUTA 20, MANO A RANCHOS.","author":"Alejandro Sosa Ruda","date":"19 diciembre, 2022","format":false,"excerpt":"Viajaba una sola persona y fue derivada al Hospital (Cr\u00f3nica y fotos: Dami\u00e1n Jorquera) 19 de diciembre de 2022 CHASCOM\u00daS -\u00a0 Ayer, aproximadamente a las 17:30hs. ocurri\u00f3 un accidente en la ruta 20, mano a Ranchos que pudo terminar en tragedia. Se trat\u00f3 de un despiste de un autom\u00f3vil\u00a0 en\u2026","rel":"","context":"En \u00abDEPORTES\u00bb","block_context":{"text":"DEPORTES","link":"https:\/\/larevistadigital.com.ar\/blog\/category\/deportes\/"},"img":{"alt_text":"","src":"https:\/\/i0.wp.com\/larevistadigital.com.ar\/blog\/wp-content\/uploads\/3-4.jpg?fit=1156%2C832&ssl=1&resize=350%2C200","width":350,"height":200,"srcset":"https:\/\/i0.wp.com\/larevistadigital.com.ar\/blog\/wp-content\/uploads\/3-4.jpg?fit=1156%2C832&ssl=1&resize=350%2C200 1x, https:\/\/i0.wp.com\/larevistadigital.com.ar\/blog\/wp-content\/uploads\/3-4.jpg?fit=1156%2C832&ssl=1&resize=525%2C300 1.5x, https:\/\/i0.wp.com\/larevistadigital.com.ar\/blog\/wp-content\/uploads\/3-4.jpg?fit=1156%2C832&ssl=1&resize=700%2C400 2x, https:\/\/i0.wp.com\/larevistadigital.com.ar\/blog\/wp-content\/uploads\/3-4.jpg?fit=1156%2C832&ssl=1&resize=1050%2C600 3x"},"classes":[]},{"id":9548,"url":"https:\/\/larevistadigital.com.ar\/blog\/ranchos-se-instalaron-luminarias-en-el-barrio-compartir\/","url_meta":{"origin":9263,"position":2},"title":"RANCHOS: SE INSTALARON LUMINARIAS EN EL BARRIO COMPARTIR","author":"Alejandro Sosa Ruda","date":"4 abril, 2019","format":false,"excerpt":"En los \u00faltimos d\u00edas, sigue llev\u00e1ndose a cabo la\u00a0instalaci\u00f3n de luminarias LED\u00a0en el\u00a0Barrio Compartir\u00a0de la ciudad de\u00a0Ranchos.\u00a0Colocaron 39 columnas de iluminaci\u00f3n en distintas calles del distrito.\u00a0Las mismas fueron instaladas en las calles\u00a0N\u00ba 75; 75 bis; 77; Dantas\u00a0y prolongaci\u00f3n de\u00a0calle San Mart\u00edn. D\u00edas atr\u00e1s se hab\u00edan realizado trabajos en distintas instalaciones\u2026","rel":"","context":"En \u00abPOLITICA\u00bb","block_context":{"text":"POLITICA","link":"https:\/\/larevistadigital.com.ar\/blog\/category\/politica\/"},"img":{"alt_text":"","src":"https:\/\/i0.wp.com\/larevistadigital.com.ar\/blog\/wp-content\/uploads\/2019\/04\/56531251_2136257673280510_4376227149527384064_n.jpg?fit=910%2C607&ssl=1&resize=350%2C200","width":350,"height":200,"srcset":"https:\/\/i0.wp.com\/larevistadigital.com.ar\/blog\/wp-content\/uploads\/2019\/04\/56531251_2136257673280510_4376227149527384064_n.jpg?fit=910%2C607&ssl=1&resize=350%2C200 1x, https:\/\/i0.wp.com\/larevistadigital.com.ar\/blog\/wp-content\/uploads\/2019\/04\/56531251_2136257673280510_4376227149527384064_n.jpg?fit=910%2C607&ssl=1&resize=525%2C300 1.5x, https:\/\/i0.wp.com\/larevistadigital.com.ar\/blog\/wp-content\/uploads\/2019\/04\/56531251_2136257673280510_4376227149527384064_n.jpg?fit=910%2C607&ssl=1&resize=700%2C400 2x"},"classes":[]},{"id":9860,"url":"https:\/\/larevistadigital.com.ar\/blog\/ranchos-el-intendente-se-reunio-con-el-ministerio-de-salud\/","url_meta":{"origin":9263,"position":3},"title":"RANCHOS: EL INTENDENTE SE REUNI\u00d3 CON EL MINISTERIO DE SALUD","author":"Alejandro Sosa Ruda","date":"26 abril, 2019","format":false,"excerpt":"El Intendente Municipal de General Paz, Juan Manuel Alvarez, mantuvo una importante reuni\u00f3n con el Jefe de Gabinete del Ministerio de Salud de la Provincia de Buenos Aires, Dr. Juan Ignacio Grosso y el Director Provincial de Hospitales, dependiente de la misma cartera, Dr. Alejandro Ravecca. Durante el encuentro, Alvarez\u2026","rel":"","context":"En \u00abPOLITICA\u00bb","block_context":{"text":"POLITICA","link":"https:\/\/larevistadigital.com.ar\/blog\/category\/politica\/"},"img":{"alt_text":"","src":"https:\/\/i0.wp.com\/larevistadigital.com.ar\/blog\/wp-content\/uploads\/2019\/04\/IMG_20190426_092453-1.jpg?fit=974%2C549&ssl=1&resize=350%2C200","width":350,"height":200,"srcset":"https:\/\/i0.wp.com\/larevistadigital.com.ar\/blog\/wp-content\/uploads\/2019\/04\/IMG_20190426_092453-1.jpg?fit=974%2C549&ssl=1&resize=350%2C200 1x, https:\/\/i0.wp.com\/larevistadigital.com.ar\/blog\/wp-content\/uploads\/2019\/04\/IMG_20190426_092453-1.jpg?fit=974%2C549&ssl=1&resize=525%2C300 1.5x, https:\/\/i0.wp.com\/larevistadigital.com.ar\/blog\/wp-content\/uploads\/2019\/04\/IMG_20190426_092453-1.jpg?fit=974%2C549&ssl=1&resize=700%2C400 2x"},"classes":[]},{"id":8360,"url":"https:\/\/larevistadigital.com.ar\/blog\/ranchos-moderno-sistema-de-iluminacion-publico-en-el-barrio-la-pilarica\/","url_meta":{"origin":9263,"position":4},"title":"RANCHOS: MODERNO SISTEMA DE ILUMINACI\u00d3N P\u00daBLICO EN EL BARRIO LA PILARICA","author":"Alejandro Sosa Ruda","date":"12 febrero, 2019","format":false,"excerpt":"Personal de Servicios Urbanos, dependiente de la Municipalidad de General Paz; procedi\u00f3 a la colocaci\u00f3n de 28 nuevas columnas de iluminaci\u00f3n con un sistema moderno a led; en el Barrio \u201cLa Pilarica\u201d de la ciudad de Ranchos. El renovado servicio, ya se encuentra en funcionamiento y abarca seis cuadras del\u2026","rel":"","context":"En \u00abPOLITICA\u00bb","block_context":{"text":"POLITICA","link":"https:\/\/larevistadigital.com.ar\/blog\/category\/politica\/"},"img":{"alt_text":"","src":"https:\/\/i0.wp.com\/larevistadigital.com.ar\/blog\/wp-content\/uploads\/2019\/02\/51716739_2109999359239675_8123353306585104384_n.jpg?fit=960%2C896&ssl=1&resize=350%2C200","width":350,"height":200,"srcset":"https:\/\/i0.wp.com\/larevistadigital.com.ar\/blog\/wp-content\/uploads\/2019\/02\/51716739_2109999359239675_8123353306585104384_n.jpg?fit=960%2C896&ssl=1&resize=350%2C200 1x, https:\/\/i0.wp.com\/larevistadigital.com.ar\/blog\/wp-content\/uploads\/2019\/02\/51716739_2109999359239675_8123353306585104384_n.jpg?fit=960%2C896&ssl=1&resize=525%2C300 1.5x, https:\/\/i0.wp.com\/larevistadigital.com.ar\/blog\/wp-content\/uploads\/2019\/02\/51716739_2109999359239675_8123353306585104384_n.jpg?fit=960%2C896&ssl=1&resize=700%2C400 2x"},"classes":[]},{"id":10170,"url":"https:\/\/larevistadigital.com.ar\/blog\/ranchos-se-inauguro-una-empresa-de-mozzarela\/","url_meta":{"origin":9263,"position":5},"title":"RANCHOS:  SE INAUGUR\u00d3 UNA EMPRESA DE MOZZARELA","author":"Alejandro Sosa Ruda","date":"14 mayo, 2019","format":false,"excerpt":"El Intendente Municipal de General Paz, Juan Manuel Alvarez, particip\u00f3 de la jornada de presentaci\u00f3n de una nueva f\u00e1brica de mozzarella que se radica en la ciudad de Ranchos. El mencionado emprendimiento pertenece a una cooperativa, que recupera el edificio\u00a0ubicado en la intersecci\u00f3n de las calles Ram\u00f3n Castro y Desvi\u00f3\u2026","rel":"","context":"En \u00abPOLITICA\u00bb","block_context":{"text":"POLITICA","link":"https:\/\/larevistadigital.com.ar\/blog\/category\/politica\/"},"img":{"alt_text":"","src":"https:\/\/i0.wp.com\/larevistadigital.com.ar\/blog\/wp-content\/uploads\/2019\/05\/Screenshot_1-11.jpg?fit=905%2C345&ssl=1&resize=350%2C200","width":350,"height":200,"srcset":"https:\/\/i0.wp.com\/larevistadigital.com.ar\/blog\/wp-content\/uploads\/2019\/05\/Screenshot_1-11.jpg?fit=905%2C345&ssl=1&resize=350%2C200 1x, https:\/\/i0.wp.com\/larevistadigital.com.ar\/blog\/wp-content\/uploads\/2019\/05\/Screenshot_1-11.jpg?fit=905%2C345&ssl=1&resize=525%2C300 1.5x, https:\/\/i0.wp.com\/larevistadigital.com.ar\/blog\/wp-content\/uploads\/2019\/05\/Screenshot_1-11.jpg?fit=905%2C345&ssl=1&resize=700%2C400 2x"},"classes":[]}],"_links":{"self":[{"href":"https:\/\/larevistadigital.com.ar\/blog\/wp-json\/wp\/v2\/posts\/9263","targetHints":{"allow":["GET"]}}],"collection":[{"href":"https:\/\/larevistadigital.com.ar\/blog\/wp-json\/wp\/v2\/posts"}],"about":[{"href":"https:\/\/larevistadigital.com.ar\/blog\/wp-json\/wp\/v2\/types\/post"}],"author":[{"embeddable":true,"href":"https:\/\/larevistadigital.com.ar\/blog\/wp-json\/wp\/v2\/users\/3"}],"replies":[{"embeddable":true,"href":"https:\/\/larevistadigital.com.ar\/blog\/wp-json\/wp\/v2\/comments?post=9263"}],"version-history":[{"count":1,"href":"https:\/\/larevistadigital.com.ar\/blog\/wp-json\/wp\/v2\/posts\/9263\/revisions"}],"predecessor-version":[{"id":9265,"href":"https:\/\/larevistadigital.com.ar\/blog\/wp-json\/wp\/v2\/posts\/9263\/revisions\/9265"}],"wp:featuredmedia":[{"embeddable":true,"href":"https:\/\/larevistadigital.com.ar\/blog\/wp-json\/wp\/v2\/media\/9264"}],"wp:attachment":[{"href":"https:\/\/larevistadigital.com.ar\/blog\/wp-json\/wp\/v2\/media?parent=9263"}],"wp:term":[{"taxonomy":"category","embeddable":true,"href":"https:\/\/larevistadigital.com.ar\/blog\/wp-json\/wp\/v2\/categories?post=9263"},{"taxonomy":"post_tag","embeddable":true,"href":"https:\/\/larevistadigital.com.ar\/blog\/wp-json\/wp\/v2\/tags?post=9263"}],"curies":[{"name":"wp","href":"https:\/\/api.w.org\/{rel}","templated":true}]}}