{"id":9266,"date":"2019-03-22T13:56:29","date_gmt":"2019-03-22T13:56:29","guid":{"rendered":"https:\/\/larevistadigital.com.ar\/blog\/?p=9266"},"modified":"2019-03-22T13:56:29","modified_gmt":"2019-03-22T13:56:29","slug":"los-peajes-de-la-autopista-buenos-aires-la-plata-aumentaran-un-33","status":"publish","type":"post","link":"https:\/\/larevistadigital.com.ar\/blog\/los-peajes-de-la-autopista-buenos-aires-la-plata-aumentaran-un-33\/","title":{"rendered":"LOS PEAJES DE LA AUTOPISTA BUENOS AIRES-LA PLATA AUMENTAR\u00c1N UN 33%"},"content":{"rendered":"<p>Parece de nunca acabar, pero lamentablemente ha vueltoa\u00a0 ocurrir: La<strong>\u00a0tarifa\u00a0<\/strong>de los<strong>\u00a0peajes de la Autopista Buenos Aires \u2013 La Plata<\/strong>\u00a0y el\u00a0<strong>Corredor del Atl\u00e1ntico<\/strong>\u00a0<strong>aumentar\u00e1n un 33%<\/strong>, seg\u00fan la actualizaci\u00f3n de precios que fue presentada en las audiencias p\u00fablicas que se llevaron a cabo en la ciudad de La Plata.<\/p>\n<p>Los autos pasar\u00e1n de pagar<strong>\u00a0$90 a $120 pesos en las rutas 2 y 11<\/strong>, y de\u00a0<strong>$25 a $33 en los peajes de la Autopista Buenos Aires La Plata,<\/strong>\u00a0en horario no pico.<\/p>\n","protected":false},"excerpt":{"rendered":"<div class=\"mh-excerpt\"><p>Parece de nunca acabar, pero lamentablemente ha vueltoa\u00a0 ocurrir: La\u00a0tarifa\u00a0de los\u00a0peajes de la Autopista Buenos Aires \u2013 La Plata\u00a0y el\u00a0Corredor del Atl\u00e1ntico\u00a0aumentar\u00e1n un 33%, seg\u00fan la actualizaci\u00f3n de precios que fue presentada en las audiencias <a class=\"mh-excerpt-more\" href=\"https:\/\/larevistadigital.com.ar\/blog\/los-peajes-de-la-autopista-buenos-aires-la-plata-aumentaran-un-33\/\" title=\"LOS PEAJES DE LA AUTOPISTA BUENOS AIRES-LA PLATA AUMENTAR\u00c1N UN 33%\">[Leer M\u00e1s]<\/a><\/p>\n<\/div>","protected":false},"author":3,"featured_media":9267,"comment_status":"open","ping_status":"open","sticky":false,"template":"","format":"standard","meta":{"_jetpack_memberships_contains_paid_content":false,"footnotes":"","jetpack_publicize_message":"","jetpack_publicize_feature_enabled":true,"jetpack_social_post_already_shared":true,"jetpack_social_options":{"image_generator_settings":{"template":"highway","default_image_id":0,"font":"","enabled":false},"version":2}},"categories":[41],"tags":[],"class_list":{"0":"post-9266","1":"post","2":"type-post","3":"status-publish","4":"format-standard","5":"has-post-thumbnail","7":"category-destacadas"},"jetpack_publicize_connections":[],"jetpack_featured_media_url":"https:\/\/i0.wp.com\/larevistadigital.com.ar\/blog\/wp-content\/uploads\/2019\/03\/20181001105050_.0004956188.jpg?fit=780%2C440&ssl=1","jetpack_sharing_enabled":true,"jetpack_shortlink":"https:\/\/wp.me\/p8qtrQ-2ps","jetpack-related-posts":[{"id":3732,"url":"https:\/\/larevistadigital.com.ar\/blog\/aumentaran-los-peajes-la-provincia-buenos-aires\/","url_meta":{"origin":9266,"position":0},"title":"AUMENTARAN LOS PEAJES EN LA PROVINCIA DE BUENOS AIRES","author":"Alejandro Sosa Ruda","date":"7 noviembre, 2017","format":false,"excerpt":"El gobierno de Mar\u00eda Eugenia Vidal tom\u00f3 la decisi\u00f3n que a partir de diciembre pr\u00f3ximo, el peaje aumentar\u00e1 un 70% en la provincia, lo que significa que en la autov\u00eda 2, en los peajes de Samborobon, Maipu y Conesa se pasar\u00e1 de abonar 35 a casi 60 pesos aproximadamente. El\u2026","rel":"","context":"En \u00abPOLITICA\u00bb","block_context":{"text":"POLITICA","link":"https:\/\/larevistadigital.com.ar\/blog\/category\/politica\/"},"img":{"alt_text":"","src":"https:\/\/i0.wp.com\/larevistadigital.com.ar\/blog\/wp-content\/uploads\/2017\/11\/o_1435965093-1.jpg?fit=800%2C450&ssl=1&resize=350%2C200","width":350,"height":200,"srcset":"https:\/\/i0.wp.com\/larevistadigital.com.ar\/blog\/wp-content\/uploads\/2017\/11\/o_1435965093-1.jpg?fit=800%2C450&ssl=1&resize=350%2C200 1x, https:\/\/i0.wp.com\/larevistadigital.com.ar\/blog\/wp-content\/uploads\/2017\/11\/o_1435965093-1.jpg?fit=800%2C450&ssl=1&resize=525%2C300 1.5x, https:\/\/i0.wp.com\/larevistadigital.com.ar\/blog\/wp-content\/uploads\/2017\/11\/o_1435965093-1.jpg?fit=800%2C450&ssl=1&resize=700%2C400 2x"},"classes":[]},{"id":29585,"url":"https:\/\/larevistadigital.com.ar\/blog\/fatal-accidente-en-la-autopista-la-plata-buenos-aires\/","url_meta":{"origin":9266,"position":1},"title":"FATAL ACCIDENTE EN LA AUTOPISTA LA PLATA-BUENOS AIRES","author":"Alejandro Sosa Ruda","date":"23 diciembre, 2022","format":false,"excerpt":"Ocurri\u00f3 en la autopista La Plata - Buenos Aires y hubo una persona fallecida. 23 de diciembre de 2022 Un accidente con un fatal desenlace se produjo hoy por la ma\u00f1ana, cuando un autom\u00f3vil impact\u00f3 contra un cami\u00f3n de volquetes que estaba detenido en la Autopista La Plata - Buenos\u2026","rel":"","context":"En \u00abDESTACADAS\u00bb","block_context":{"text":"DESTACADAS","link":"https:\/\/larevistadigital.com.ar\/blog\/category\/destacadas\/"},"img":{"alt_text":"","src":"https:\/\/i0.wp.com\/larevistadigital.com.ar\/blog\/wp-content\/uploads\/ACCIDENTE-AUTOPISTA-LP-BA.jpg?fit=900%2C562&ssl=1&resize=350%2C200","width":350,"height":200,"srcset":"https:\/\/i0.wp.com\/larevistadigital.com.ar\/blog\/wp-content\/uploads\/ACCIDENTE-AUTOPISTA-LP-BA.jpg?fit=900%2C562&ssl=1&resize=350%2C200 1x, https:\/\/i0.wp.com\/larevistadigital.com.ar\/blog\/wp-content\/uploads\/ACCIDENTE-AUTOPISTA-LP-BA.jpg?fit=900%2C562&ssl=1&resize=525%2C300 1.5x, https:\/\/i0.wp.com\/larevistadigital.com.ar\/blog\/wp-content\/uploads\/ACCIDENTE-AUTOPISTA-LP-BA.jpg?fit=900%2C562&ssl=1&resize=700%2C400 2x"},"classes":[]},{"id":19861,"url":"https:\/\/larevistadigital.com.ar\/blog\/los-peajes-de-las-rutas-2-y-11-ya-pueden-abonarse-con-mercadopago\/","url_meta":{"origin":9266,"position":2},"title":"LOS PEAJES DE LAS RUTAS 2 Y 11, YA PUEDEN ABONARSE CON \u00abMERCADOPAGO\u00bb","author":"Alejandro Sosa Ruda","date":"27 abril, 2021","format":false,"excerpt":"Las autoridades de Autopistas de Buenos Aires S.A. (AUBASA) informaron que quienes todav\u00eda no est\u00e9n adheridos a TelePASE podr\u00e1n hacerlo desde la App de Mercado Pago. Desde esta semana, los peajes de las autopistas y rutas administradas por AUBASA se podr\u00e1n pagar de una manera m\u00e1s \u00e1gil y simple a\u2026","rel":"","context":"En \u00abINTERES GENERAL\u00bb","block_context":{"text":"INTERES GENERAL","link":"https:\/\/larevistadigital.com.ar\/blog\/category\/interes-general\/"},"img":{"alt_text":"","src":"https:\/\/i0.wp.com\/larevistadigital.com.ar\/blog\/wp-content\/uploads\/autopista-buenos-aires-la-plata-peaje-750x430-1.jpg?fit=750%2C430&ssl=1&resize=350%2C200","width":350,"height":200,"srcset":"https:\/\/i0.wp.com\/larevistadigital.com.ar\/blog\/wp-content\/uploads\/autopista-buenos-aires-la-plata-peaje-750x430-1.jpg?fit=750%2C430&ssl=1&resize=350%2C200 1x, https:\/\/i0.wp.com\/larevistadigital.com.ar\/blog\/wp-content\/uploads\/autopista-buenos-aires-la-plata-peaje-750x430-1.jpg?fit=750%2C430&ssl=1&resize=525%2C300 1.5x, https:\/\/i0.wp.com\/larevistadigital.com.ar\/blog\/wp-content\/uploads\/autopista-buenos-aires-la-plata-peaje-750x430-1.jpg?fit=750%2C430&ssl=1&resize=700%2C400 2x"},"classes":[]},{"id":29927,"url":"https:\/\/larevistadigital.com.ar\/blog\/terrible-vuelco-mortal-en-la-autopista-buenos-aires-la-plata\/","url_meta":{"origin":9266,"position":3},"title":"TERRIBLE VUELCO MORTAL EN LA AUTOPISTA BUENOS AIRES &#8211; LA PLATA","author":"Alejandro Sosa Ruda","date":"2 febrero, 2023","format":false,"excerpt":"Se produjo el d\u00eda de hoy en la autopista, y es uno m\u00e1s de la seguidilla de siniestros que se vienen produciendo en las rutas. \u00bfQu\u00e9 pasa con la forma de conducir de las personas? 2 de febrero de 2023 BUENOS AIRES -\u00a0 Otro siniestro de gravedad ocurri\u00f3 el d\u00eda\u2026","rel":"","context":"En \u00abDESTACADAS\u00bb","block_context":{"text":"DESTACADAS","link":"https:\/\/larevistadigital.com.ar\/blog\/category\/destacadas\/"},"img":{"alt_text":"","src":"https:\/\/i0.wp.com\/larevistadigital.com.ar\/blog\/wp-content\/uploads\/1675356588479.jpeg?fit=1152%2C720&ssl=1&resize=350%2C200","width":350,"height":200,"srcset":"https:\/\/i0.wp.com\/larevistadigital.com.ar\/blog\/wp-content\/uploads\/1675356588479.jpeg?fit=1152%2C720&ssl=1&resize=350%2C200 1x, https:\/\/i0.wp.com\/larevistadigital.com.ar\/blog\/wp-content\/uploads\/1675356588479.jpeg?fit=1152%2C720&ssl=1&resize=525%2C300 1.5x, https:\/\/i0.wp.com\/larevistadigital.com.ar\/blog\/wp-content\/uploads\/1675356588479.jpeg?fit=1152%2C720&ssl=1&resize=700%2C400 2x, https:\/\/i0.wp.com\/larevistadigital.com.ar\/blog\/wp-content\/uploads\/1675356588479.jpeg?fit=1152%2C720&ssl=1&resize=1050%2C600 3x"},"classes":[]},{"id":21663,"url":"https:\/\/larevistadigital.com.ar\/blog\/auto-destrozado-impactante-choque-en-la-autopista-la-plata-buenos-aires\/","url_meta":{"origin":9266,"position":4},"title":"AUTO DESTROZADO: IMPACTANTE CHOQUE EN LA AUTOPISTA LA PLATA-BUENOS AIRES","author":"Alejandro Sosa Ruda","date":"23 agosto, 2021","format":false,"excerpt":"Un auto se estrell\u00f3 contra un muro de contenci\u00f3n y qued\u00f3 destrozado. Hubo trasladados al hospital y se realizan las pericias correspondientes. En el arranque de este lunes\u00a0se produjo un impresionante incidente de tr\u00e1nsito en la Autopista La Plata-Buenos Aires, donde un auto embisti\u00f3 de frente y de lleno a\u2026","rel":"","context":"En \u00abINTERES GENERAL\u00bb","block_context":{"text":"INTERES GENERAL","link":"https:\/\/larevistadigital.com.ar\/blog\/category\/interes-general\/"},"img":{"alt_text":"","src":"https:\/\/i0.wp.com\/larevistadigital.com.ar\/blog\/wp-content\/uploads\/0B9DF62F7B1A4598333393408FD2B6BC665-1629718604.jpg?fit=1023%2C573&ssl=1&resize=350%2C200","width":350,"height":200,"srcset":"https:\/\/i0.wp.com\/larevistadigital.com.ar\/blog\/wp-content\/uploads\/0B9DF62F7B1A4598333393408FD2B6BC665-1629718604.jpg?fit=1023%2C573&ssl=1&resize=350%2C200 1x, https:\/\/i0.wp.com\/larevistadigital.com.ar\/blog\/wp-content\/uploads\/0B9DF62F7B1A4598333393408FD2B6BC665-1629718604.jpg?fit=1023%2C573&ssl=1&resize=525%2C300 1.5x, https:\/\/i0.wp.com\/larevistadigital.com.ar\/blog\/wp-content\/uploads\/0B9DF62F7B1A4598333393408FD2B6BC665-1629718604.jpg?fit=1023%2C573&ssl=1&resize=700%2C400 2x"},"classes":[]},{"id":20792,"url":"https:\/\/larevistadigital.com.ar\/blog\/despisto-una-avioneta-y-cayo-en-la-autopista-buenos-aires-la-plata\/","url_meta":{"origin":9266,"position":5},"title":"DESPIST\u00d3 UNA AVIONETA Y CAY\u00d3 EN LA AUTOPISTA BUENOS AIRES-LA PLATA","author":"Alejandro Sosa Ruda","date":"21 junio, 2021","format":false,"excerpt":"Luego de despegar del Aer\u00f3dromo de Berazategui una avioneta despist\u00f3 y tuvo que aterrizar de emergencia en la colectora de la Autopista. Tras despegar del Aeroclub \u201cR\u00edo de la Plata\u201d, en Berazategui, una avioneta tuvo que realizar un aterrizaje de emergencia en la autopista Buenos Aires-La Plata, a la altura\u2026","rel":"","context":"En \u00abINTERES GENERAL\u00bb","block_context":{"text":"INTERES GENERAL","link":"https:\/\/larevistadigital.com.ar\/blog\/category\/interes-general\/"},"img":{"alt_text":"","src":"https:\/\/i0.wp.com\/larevistadigital.com.ar\/blog\/wp-content\/uploads\/72865d6acc5dbff99c673e8b6c465e1ed9c3bf3c.jpg?fit=1140%2C641&ssl=1&resize=350%2C200","width":350,"height":200,"srcset":"https:\/\/i0.wp.com\/larevistadigital.com.ar\/blog\/wp-content\/uploads\/72865d6acc5dbff99c673e8b6c465e1ed9c3bf3c.jpg?fit=1140%2C641&ssl=1&resize=350%2C200 1x, https:\/\/i0.wp.com\/larevistadigital.com.ar\/blog\/wp-content\/uploads\/72865d6acc5dbff99c673e8b6c465e1ed9c3bf3c.jpg?fit=1140%2C641&ssl=1&resize=525%2C300 1.5x, https:\/\/i0.wp.com\/larevistadigital.com.ar\/blog\/wp-content\/uploads\/72865d6acc5dbff99c673e8b6c465e1ed9c3bf3c.jpg?fit=1140%2C641&ssl=1&resize=700%2C400 2x, https:\/\/i0.wp.com\/larevistadigital.com.ar\/blog\/wp-content\/uploads\/72865d6acc5dbff99c673e8b6c465e1ed9c3bf3c.jpg?fit=1140%2C641&ssl=1&resize=1050%2C600 3x"},"classes":[]}],"_links":{"self":[{"href":"https:\/\/larevistadigital.com.ar\/blog\/wp-json\/wp\/v2\/posts\/9266","targetHints":{"allow":["GET"]}}],"collection":[{"href":"https:\/\/larevistadigital.com.ar\/blog\/wp-json\/wp\/v2\/posts"}],"about":[{"href":"https:\/\/larevistadigital.com.ar\/blog\/wp-json\/wp\/v2\/types\/post"}],"author":[{"embeddable":true,"href":"https:\/\/larevistadigital.com.ar\/blog\/wp-json\/wp\/v2\/users\/3"}],"replies":[{"embeddable":true,"href":"https:\/\/larevistadigital.com.ar\/blog\/wp-json\/wp\/v2\/comments?post=9266"}],"version-history":[{"count":1,"href":"https:\/\/larevistadigital.com.ar\/blog\/wp-json\/wp\/v2\/posts\/9266\/revisions"}],"predecessor-version":[{"id":9268,"href":"https:\/\/larevistadigital.com.ar\/blog\/wp-json\/wp\/v2\/posts\/9266\/revisions\/9268"}],"wp:featuredmedia":[{"embeddable":true,"href":"https:\/\/larevistadigital.com.ar\/blog\/wp-json\/wp\/v2\/media\/9267"}],"wp:attachment":[{"href":"https:\/\/larevistadigital.com.ar\/blog\/wp-json\/wp\/v2\/media?parent=9266"}],"wp:term":[{"taxonomy":"category","embeddable":true,"href":"https:\/\/larevistadigital.com.ar\/blog\/wp-json\/wp\/v2\/categories?post=9266"},{"taxonomy":"post_tag","embeddable":true,"href":"https:\/\/larevistadigital.com.ar\/blog\/wp-json\/wp\/v2\/tags?post=9266"}],"curies":[{"name":"wp","href":"https:\/\/api.w.org\/{rel}","templated":true}]}}