{"id":9269,"date":"2019-03-22T14:00:18","date_gmt":"2019-03-22T14:00:18","guid":{"rendered":"https:\/\/larevistadigital.com.ar\/blog\/?p=9269"},"modified":"2019-03-22T16:46:56","modified_gmt":"2019-03-22T16:46:56","slug":"muere-joven-atropellado-por-el-tren-cuando-escapaba-de-ladrones","status":"publish","type":"post","link":"https:\/\/larevistadigital.com.ar\/blog\/muere-joven-atropellado-por-el-tren-cuando-escapaba-de-ladrones\/","title":{"rendered":"MUERE JOVEN ATROPELLADO POR EL TREN, CUANDO ESCAPABA DE LADRONES"},"content":{"rendered":"<h2 id=\"mvp-post-feat-img\" class=\"left relative mvp-post-feat-img-wide2\"><em><strong>El terrible hecho ocurri\u00f3 en el cruce peatonal que est\u00e1 sobre el bajo nivel de Carrefour, de Glew. La polic\u00eda busca testigos para dar con los delincuentes.<\/strong><\/em><\/h2>\n<p>En la noche del martes 19 de marzo, un joven de 17 a\u00f1os fue embestido por una formaci\u00f3n del tren roca cuando cruzaba las v\u00edas corriendo escapando de un robo.<\/p>\n<p><strong>Luca Aranda, un joven lleno de vida, \u201cbueno, divertido y amante de la m\u00fasica\u201d<\/strong>\u00a0como lo describ\u00edan sus amigos,\u00a0<strong>era vecino de Villa Par\u00eds, y sal\u00eda del entrenamiento de rugby en el Circuito de Glew, donde practica el Club Almafuerte, de donde el joven era jugador.<\/strong><\/p>\n<blockquote>\n<h3>Seg\u00fan se pudo establecer,\u00a0<strong>Luca fue abordado por delincuentes que intentaron robarle sus pertenencias. El joven intent\u00f3 escapar, corri\u00f3, el tren lo embisti\u00f3 y falleci\u00f3 en la ambulancia camino al hospital.<\/strong><\/h3>\n<\/blockquote>\n<p>Los investigadores revisan las c\u00e1maras de seguridad de la zona y piden testigos.<\/p>\n<p>El joven era alumno de la Escuela 7 de Glew y era fan\u00e1tico de Los Andes. \u201cCon profundo pesar lamentamos informar el fallecimiento del socio Luca Aranda, hijo del siempre colaborador Gabriel Aranda. Condolencias a toda la familia\u201d, escribi\u00f3 el Club Atl\u00e9tico Los Andes en su cuenta de Facebook.<\/p>\n<p>En este momento, amigos y familiares lo despiden en el velatorio casa D\u2019Ambra de Glew.<\/p>\n<p>FUENTE: DLN<\/p>\n<div id=\"mvp-content-wrap\" class=\"left relative\">\n<div class=\"mvp-post-soc-out right relative\">\n<div class=\"mvp-post-soc-wrap left relative\"><\/div>\n<div class=\"mvp-post-soc-in\">\n<div id=\"mvp-content-body\" class=\"left relative\">\n<div id=\"mvp-content-body-top\" class=\"left\">\n<div id=\"mvp-content-main\" class=\"left relative\">\n<div id=\"tps_slideContainer_15573\" class=\"theiaPostSlider_slides\">\n<div class=\"theiaPostSlider_preloadedSlide\">\n<p>&nbsp;<\/p>\n<\/div>\n<\/div>\n<\/div>\n<\/div>\n<\/div>\n<\/div>\n<\/div>\n<\/div>\n","protected":false},"excerpt":{"rendered":"<div class=\"mh-excerpt\"><p>El terrible hecho ocurri\u00f3 en el cruce peatonal que est\u00e1 sobre el bajo nivel de Carrefour, de Glew. La polic\u00eda busca testigos para dar con los delincuentes. En la noche del martes 19 de marzo, <a class=\"mh-excerpt-more\" href=\"https:\/\/larevistadigital.com.ar\/blog\/muere-joven-atropellado-por-el-tren-cuando-escapaba-de-ladrones\/\" title=\"MUERE JOVEN ATROPELLADO POR EL TREN, CUANDO ESCAPABA DE LADRONES\">[Leer M\u00e1s]<\/a><\/p>\n<\/div>","protected":false},"author":3,"featured_media":9270,"comment_status":"open","ping_status":"open","sticky":false,"template":"","format":"standard","meta":{"_jetpack_memberships_contains_paid_content":false,"footnotes":"","jetpack_publicize_message":"","jetpack_publicize_feature_enabled":true,"jetpack_social_post_already_shared":true,"jetpack_social_options":{"image_generator_settings":{"template":"highway","default_image_id":0,"font":"","enabled":false},"version":2}},"categories":[44,12],"tags":[],"class_list":{"0":"post-9269","1":"post","2":"type-post","3":"status-publish","4":"format-standard","5":"has-post-thumbnail","7":"category-policiales","8":"category-politica"},"jetpack_publicize_connections":[],"jetpack_featured_media_url":"https:\/\/i0.wp.com\/larevistadigital.com.ar\/blog\/wp-content\/uploads\/2019\/03\/20190321_002556.jpg?fit=972%2C773&ssl=1","jetpack_sharing_enabled":true,"jetpack_shortlink":"https:\/\/wp.me\/p8qtrQ-2pv","jetpack-related-posts":[{"id":23491,"url":"https:\/\/larevistadigital.com.ar\/blog\/la-plata-sangrienta-entradera-roban-a-un-joven-4000-dolares\/","url_meta":{"origin":9269,"position":0},"title":"LA PLATA: SANGRIENTA ENTRADERA. ROBAN A UN JOVEN 4000.- DOLARES","author":"Alejandro Sosa Ruda","date":"20 enero, 2022","format":false,"excerpt":"Un joven de 22 a\u00f1os fue v\u00edctima de un brutal asalto cuando\u00a0sal\u00eda de su casa para llevar a un amigo y dos ladrones lo sorprendieron y lo golpearon con violencia. LA PLATA -\u00a0 Otro violento asalto perturb\u00f3 la tranquilidad de La Loma, donde un joven de 22 a\u00f1os fue sorprendido\u2026","rel":"","context":"En \u00abPOLICIALES\u00bb","block_context":{"text":"POLICIALES","link":"https:\/\/larevistadigital.com.ar\/blog\/category\/policiales\/"},"img":{"alt_text":"","src":"https:\/\/i0.wp.com\/larevistadigital.com.ar\/blog\/wp-content\/uploads\/1584137435036.jpg?fit=1200%2C797&ssl=1&resize=350%2C200","width":350,"height":200,"srcset":"https:\/\/i0.wp.com\/larevistadigital.com.ar\/blog\/wp-content\/uploads\/1584137435036.jpg?fit=1200%2C797&ssl=1&resize=350%2C200 1x, https:\/\/i0.wp.com\/larevistadigital.com.ar\/blog\/wp-content\/uploads\/1584137435036.jpg?fit=1200%2C797&ssl=1&resize=525%2C300 1.5x, https:\/\/i0.wp.com\/larevistadigital.com.ar\/blog\/wp-content\/uploads\/1584137435036.jpg?fit=1200%2C797&ssl=1&resize=700%2C400 2x, https:\/\/i0.wp.com\/larevistadigital.com.ar\/blog\/wp-content\/uploads\/1584137435036.jpg?fit=1200%2C797&ssl=1&resize=1050%2C600 3x"},"classes":[]},{"id":14575,"url":"https:\/\/larevistadigital.com.ar\/blog\/mar-del-plata-delincuentes-balearon-a-un-policia\/","url_meta":{"origin":9269,"position":1},"title":"MAR DEL PLATA: DELINCUENTES BALEARON A UN POLIC\u00cdA","author":"Alejandro Sosa Ruda","date":"3 febrero, 2020","format":false,"excerpt":"El hecho ocurri\u00f3 a las 19 hs.. Los investigadores trabajan en el lugar: la zona fue vallada y se interrumpi\u00f3 el tr\u00e1nsito. En el enfrentamiento tambi\u00e9n fue herido uno de los ladrones. Un polic\u00eda fue baleado este lunes a la tarde durante un tiroteo que mantuvo con delincuentes La Rioja,\u2026","rel":"","context":"En \u00abREGIONALES\u00bb","block_context":{"text":"REGIONALES","link":"https:\/\/larevistadigital.com.ar\/blog\/category\/regionales\/"},"img":{"alt_text":"","src":"https:\/\/i0.wp.com\/larevistadigital.com.ar\/blog\/wp-content\/uploads\/Screenshot_3-40.jpg?fit=1010%2C475&ssl=1&resize=350%2C200","width":350,"height":200,"srcset":"https:\/\/i0.wp.com\/larevistadigital.com.ar\/blog\/wp-content\/uploads\/Screenshot_3-40.jpg?fit=1010%2C475&ssl=1&resize=350%2C200 1x, https:\/\/i0.wp.com\/larevistadigital.com.ar\/blog\/wp-content\/uploads\/Screenshot_3-40.jpg?fit=1010%2C475&ssl=1&resize=525%2C300 1.5x, https:\/\/i0.wp.com\/larevistadigital.com.ar\/blog\/wp-content\/uploads\/Screenshot_3-40.jpg?fit=1010%2C475&ssl=1&resize=700%2C400 2x"},"classes":[]},{"id":12286,"url":"https:\/\/larevistadigital.com.ar\/blog\/noche-de-terror-atan-a-una-familia-completa-y-los-desvalijan\/","url_meta":{"origin":9269,"position":2},"title":"NOCHE DE TERROR: ATAN A UNA FAMILIA COMPLETA Y LOS DESVALIJAN","author":"Alejandro Sosa Ruda","date":"26 septiembre, 2019","format":false,"excerpt":"\u00a0 Una familia de Glew fue v\u00edctima de una madrugada de terror: Mientras dorm\u00edan, cinco delincuentes armados ingresaron a su vivienda, los ataron y los desvalijaron. Los ladrones entraron sin forzar las puertas en la vivienda ubicada sobre la calle French, y fueron directamente a la habitaci\u00f3n del matrimonio que\u2026","rel":"","context":"En \u00abREGIONALES\u00bb","block_context":{"text":"REGIONALES","link":"https:\/\/larevistadigital.com.ar\/blog\/category\/regionales\/"},"img":{"alt_text":"","src":"https:\/\/i0.wp.com\/larevistadigital.com.ar\/blog\/wp-content\/uploads\/IMG-20190926-WA0020.jpg?fit=1200%2C674&ssl=1&resize=350%2C200","width":350,"height":200,"srcset":"https:\/\/i0.wp.com\/larevistadigital.com.ar\/blog\/wp-content\/uploads\/IMG-20190926-WA0020.jpg?fit=1200%2C674&ssl=1&resize=350%2C200 1x, https:\/\/i0.wp.com\/larevistadigital.com.ar\/blog\/wp-content\/uploads\/IMG-20190926-WA0020.jpg?fit=1200%2C674&ssl=1&resize=525%2C300 1.5x, https:\/\/i0.wp.com\/larevistadigital.com.ar\/blog\/wp-content\/uploads\/IMG-20190926-WA0020.jpg?fit=1200%2C674&ssl=1&resize=700%2C400 2x, https:\/\/i0.wp.com\/larevistadigital.com.ar\/blog\/wp-content\/uploads\/IMG-20190926-WA0020.jpg?fit=1200%2C674&ssl=1&resize=1050%2C600 3x"},"classes":[]},{"id":20105,"url":"https:\/\/larevistadigital.com.ar\/blog\/20105-2\/","url_meta":{"origin":9269,"position":3},"title":"LE ROBAN LA BICICLETA Y LE PEGAN UN TIRO EN LA INGLE: SE SALV\u00d3 DE MILAGRO","author":"Alejandro Sosa Ruda","date":"5 mayo, 2021","format":false,"excerpt":"LA PLATA - Durante la tarde de este martes un joven de 20 a\u00f1os fue v\u00edctima de un violento robo que ocurri\u00f3 en la zona de avenida 72 entre 134 y 135. Seg\u00fan lo relatado, los delincuentes ven\u00edan siguiendo al chico desde el Parque Castelli y al llegar a la\u2026","rel":"","context":"En \u00abPOLICIALES\u00bb","block_context":{"text":"POLICIALES","link":"https:\/\/larevistadigital.com.ar\/blog\/category\/policiales\/"},"img":{"alt_text":"","src":"https:\/\/i0.wp.com\/larevistadigital.com.ar\/blog\/wp-content\/uploads\/Hospital-San-Martin.jpg?fit=700%2C392&ssl=1&resize=350%2C200","width":350,"height":200,"srcset":"https:\/\/i0.wp.com\/larevistadigital.com.ar\/blog\/wp-content\/uploads\/Hospital-San-Martin.jpg?fit=700%2C392&ssl=1&resize=350%2C200 1x, https:\/\/i0.wp.com\/larevistadigital.com.ar\/blog\/wp-content\/uploads\/Hospital-San-Martin.jpg?fit=700%2C392&ssl=1&resize=525%2C300 1.5x, https:\/\/i0.wp.com\/larevistadigital.com.ar\/blog\/wp-content\/uploads\/Hospital-San-Martin.jpg?fit=700%2C392&ssl=1&resize=700%2C400 2x"},"classes":[]},{"id":42712,"url":"https:\/\/larevistadigital.com.ar\/blog\/un-joven-fue-brutalmente-asaltado-y-la-justicia-investiga-si-la-mujer-que-conocio-horas-antes-actuo-como-entregadora\/","url_meta":{"origin":9269,"position":4},"title":"Un joven fue brutalmente asaltado y la Justicia investiga si la mujer que conoci\u00f3 horas antes actu\u00f3 como entregadora","author":"Alejandro Sosa Ruda","date":"2 diciembre, 2025","format":false,"excerpt":"La v\u00edctima fue sorprendida y golpeada por cinco delincuentes tras conocer a una chica en una reuni\u00f3n. Las autoridades investigan si la mujer funcion\u00f3 como entregadora. 02 de Diciembre de 2025 BERISSO -\u00a0 Un joven fue v\u00edctima de un violento robo en Berisso luego de conocer a una mujer durante\u2026","rel":"","context":"En \u00abPOLICIALES\u00bb","block_context":{"text":"POLICIALES","link":"https:\/\/larevistadigital.com.ar\/blog\/category\/policiales\/"},"img":{"alt_text":"","src":"https:\/\/i0.wp.com\/larevistadigital.com.ar\/blog\/wp-content\/uploads\/Captura-de-pantalla-2025-12-02-010619.jpg?fit=877%2C387&ssl=1&resize=350%2C200","width":350,"height":200,"srcset":"https:\/\/i0.wp.com\/larevistadigital.com.ar\/blog\/wp-content\/uploads\/Captura-de-pantalla-2025-12-02-010619.jpg?fit=877%2C387&ssl=1&resize=350%2C200 1x, https:\/\/i0.wp.com\/larevistadigital.com.ar\/blog\/wp-content\/uploads\/Captura-de-pantalla-2025-12-02-010619.jpg?fit=877%2C387&ssl=1&resize=525%2C300 1.5x, https:\/\/i0.wp.com\/larevistadigital.com.ar\/blog\/wp-content\/uploads\/Captura-de-pantalla-2025-12-02-010619.jpg?fit=877%2C387&ssl=1&resize=700%2C400 2x"},"classes":[]},{"id":45189,"url":"https:\/\/larevistadigital.com.ar\/blog\/le-robaron-en-la-plata-y-desataron-una-pesadilla-en-berisso-golpearon-a-sus-padres-y-escaparon-con-todo\/","url_meta":{"origin":9269,"position":5},"title":"Le robaron en La Plata y desataron una pesadilla en Berisso: golpearon a sus padres y escaparon con todo","author":"Alejandro Sosa Ruda","date":"18 abril, 2026","format":false,"excerpt":"Delincuentes usaron informaci\u00f3n obtenida en un robo previo para irrumpir en la vivienda familiar. Hubo amenazas, violencia extrema y un auto robado que es intensamente buscado. 08 de abril de 2026 Una familia vivi\u00f3 horas de terror tras un violento asalto que comenz\u00f3 con un robo en la v\u00eda p\u00fablica\u2026","rel":"","context":"En \u00abPOLICIALES\u00bb","block_context":{"text":"POLICIALES","link":"https:\/\/larevistadigital.com.ar\/blog\/category\/policiales\/"},"img":{"alt_text":"","src":"https:\/\/i0.wp.com\/larevistadigital.com.ar\/blog\/wp-content\/uploads\/Captura-de-pantalla-2026-04-18-195827.jpg?fit=883%2C476&ssl=1&resize=350%2C200","width":350,"height":200,"srcset":"https:\/\/i0.wp.com\/larevistadigital.com.ar\/blog\/wp-content\/uploads\/Captura-de-pantalla-2026-04-18-195827.jpg?fit=883%2C476&ssl=1&resize=350%2C200 1x, https:\/\/i0.wp.com\/larevistadigital.com.ar\/blog\/wp-content\/uploads\/Captura-de-pantalla-2026-04-18-195827.jpg?fit=883%2C476&ssl=1&resize=525%2C300 1.5x, https:\/\/i0.wp.com\/larevistadigital.com.ar\/blog\/wp-content\/uploads\/Captura-de-pantalla-2026-04-18-195827.jpg?fit=883%2C476&ssl=1&resize=700%2C400 2x"},"classes":[]}],"_links":{"self":[{"href":"https:\/\/larevistadigital.com.ar\/blog\/wp-json\/wp\/v2\/posts\/9269","targetHints":{"allow":["GET"]}}],"collection":[{"href":"https:\/\/larevistadigital.com.ar\/blog\/wp-json\/wp\/v2\/posts"}],"about":[{"href":"https:\/\/larevistadigital.com.ar\/blog\/wp-json\/wp\/v2\/types\/post"}],"author":[{"embeddable":true,"href":"https:\/\/larevistadigital.com.ar\/blog\/wp-json\/wp\/v2\/users\/3"}],"replies":[{"embeddable":true,"href":"https:\/\/larevistadigital.com.ar\/blog\/wp-json\/wp\/v2\/comments?post=9269"}],"version-history":[{"count":1,"href":"https:\/\/larevistadigital.com.ar\/blog\/wp-json\/wp\/v2\/posts\/9269\/revisions"}],"predecessor-version":[{"id":9271,"href":"https:\/\/larevistadigital.com.ar\/blog\/wp-json\/wp\/v2\/posts\/9269\/revisions\/9271"}],"wp:featuredmedia":[{"embeddable":true,"href":"https:\/\/larevistadigital.com.ar\/blog\/wp-json\/wp\/v2\/media\/9270"}],"wp:attachment":[{"href":"https:\/\/larevistadigital.com.ar\/blog\/wp-json\/wp\/v2\/media?parent=9269"}],"wp:term":[{"taxonomy":"category","embeddable":true,"href":"https:\/\/larevistadigital.com.ar\/blog\/wp-json\/wp\/v2\/categories?post=9269"},{"taxonomy":"post_tag","embeddable":true,"href":"https:\/\/larevistadigital.com.ar\/blog\/wp-json\/wp\/v2\/tags?post=9269"}],"curies":[{"name":"wp","href":"https:\/\/api.w.org\/{rel}","templated":true}]}}