{"id":9275,"date":"2019-03-23T21:53:31","date_gmt":"2019-03-23T21:53:31","guid":{"rendered":"https:\/\/larevistadigital.com.ar\/blog\/?p=9275"},"modified":"2019-03-23T21:53:31","modified_gmt":"2019-03-23T21:53:31","slug":"otero-acepto-ser-candidato-de-la-ucr-en-avellaneda-y-dejo-canal-13","status":"publish","type":"post","link":"https:\/\/larevistadigital.com.ar\/blog\/otero-acepto-ser-candidato-de-la-ucr-en-avellaneda-y-dejo-canal-13\/","title":{"rendered":"OTERO ACEPT\u00d3 SER CANDIDATO DE LA UCR EN AVELLANEDA, Y DEJ\u00d3 CANAL 13"},"content":{"rendered":"<h2><em><strong>El periodista dej\u00f3 su carrera de 35 a\u00f1os en los medios para ser el candidato del radicalismo en Cambiemos. Pero el PRO impulsa la postulaci\u00f3n de la senadora Gladys Gonz\u00e1lez, quien ya compiti\u00f3 en 2015.<\/strong><\/em><\/h2>\n<p>El periodista\u00a0<strong>Luis Otero<\/strong>\u00a0confirm\u00f3 que abandona su carrera en el noticiero de El Trece para volcarse a la pol\u00edtica como candidato a la intendencia de Avellaneda.<\/p>\n<p>En una entrevista con Clar\u00edn.com, <strong>Otero<\/strong> cont\u00f3 que ser\u00e1 por el radicalismo -al que estuvo afiliado hasta iniciar su carrera en los medios- <em><strong>\u00a0<\/strong><strong>\u00abdentro de Cambiemos, para reforzar las posibilidades de Mar\u00eda Eugenia Vidal en la provincia de Buenos Aires\u00bb<\/strong>.\u00a0<\/em><\/p>\n<blockquote>\n<h3><strong>Otero<\/strong> se despidi\u00f3 de la pantalla de la se\u00f1al de Grupo Clar\u00edn este viernes. All\u00ed condujo el Noticiero del Trece \u00faltimamente. Tambi\u00e9n tuvo participaci\u00f3n en TN desde sus inicios.<\/h3>\n<\/blockquote>\n<p><strong><em>\u00abToda la vida me prepar\u00e9 para este momento. Es el mejor momento. En el que hay que involucrarse. A la gente de Avellaneda, \u00a0nos vamos a ver mucho tiempo \u00a0y voy a escucharlos para ayudarlos a resolver sus problemas, para que est\u00e9n mejor\u00bb<\/em><\/strong>, dijo en sus palabras finales.<\/p>\n<p>Otero respondi\u00f3 finalmente a la insistencia de la UCR, que lo viene buscando desde hace tiempo para competir por la jefatura comunal. D\u00edas atr\u00e1s,\u00a0<strong>Fernando Landaburu<\/strong>, presidente de la UCR de Avellaneda, dijo que aguardaban la respuesta del periodista.<\/p>\n<p><strong>Landaburu<\/strong> explic\u00f3 que <strong>Otero<\/strong> ser\u00e1 el candidato radical dentro de Cambiemos, lo que genera una controversia con el macrismo, que impulsa a la senadora\u00a0<strong>Gladys Gonz\u00e1lez.<\/strong>\u00a0\u00a0As\u00ed las cosas, lo m\u00e1s probable es que se dispute una PASO, algo que no cae bien en las filas del PRO.<\/p>\n<blockquote>\n<h3><em><strong>\u201cQueremos generar una propuesta desde nuestro lugar. Esperamos alcanzar una lista \u00fanica y si no tendremos unas PASO, siempre tratando de fortalecer a Cambiemos y ganarle al intendente\u00a0(Jorge) Ferraresi\u201d<\/strong><\/em>, \u00a0hab\u00eda dicho <strong>Landaburu<\/strong> en declaraciones al portal Inforegi\u00f3n.<\/h3>\n<\/blockquote>\n<p>De todas formas, el radicalismo le pone pa\u00f1os fr\u00edos a la virtual interna.\u00a0<strong><em>\u00abTengo un profundo respeto por Gladys Gonz\u00e1lez pero nos parece que Luis Otero puede ser un buen candidato a intendente. Pero eso no lo ponemos como una confrontaci\u00f3n contra el PRO, sino como una forma de armar la mejor propuesta posible para ganarle a Ferraresi\u201d<\/em><\/strong>, dijo el presidente del radicalismo local.<\/p>\n<p>La aclaraci\u00f3n no es inocente. En las elecciones de 2015 hubo un fuerte choque entre el PRO y la UCR, cuando el radicalismo se neg\u00f3 a integrar Cambiemos por un desacuerdo entre las c\u00fapulas. Entonces, la candidatura de <strong>Gonz\u00e1lez<\/strong> fue impugnada por concejales radicales.<\/p>\n","protected":false},"excerpt":{"rendered":"<div class=\"mh-excerpt\"><p>El periodista dej\u00f3 su carrera de 35 a\u00f1os en los medios para ser el candidato del radicalismo en Cambiemos. Pero el PRO impulsa la postulaci\u00f3n de la senadora Gladys Gonz\u00e1lez, quien ya compiti\u00f3 en 2015. <a class=\"mh-excerpt-more\" href=\"https:\/\/larevistadigital.com.ar\/blog\/otero-acepto-ser-candidato-de-la-ucr-en-avellaneda-y-dejo-canal-13\/\" title=\"OTERO ACEPT\u00d3 SER CANDIDATO DE LA UCR EN AVELLANEDA, Y DEJ\u00d3 CANAL 13\">[Leer M\u00e1s]<\/a><\/p>\n<\/div>","protected":false},"author":3,"featured_media":9276,"comment_status":"open","ping_status":"open","sticky":false,"template":"","format":"standard","meta":{"_jetpack_memberships_contains_paid_content":false,"footnotes":"","jetpack_publicize_message":"","jetpack_publicize_feature_enabled":true,"jetpack_social_post_already_shared":true,"jetpack_social_options":{"image_generator_settings":{"template":"highway","default_image_id":0,"font":"","enabled":false},"version":2}},"categories":[12],"tags":[],"class_list":{"0":"post-9275","1":"post","2":"type-post","3":"status-publish","4":"format-standard","5":"has-post-thumbnail","7":"category-politica"},"jetpack_publicize_connections":[],"jetpack_featured_media_url":"https:\/\/i0.wp.com\/larevistadigital.com.ar\/blog\/wp-content\/uploads\/2019\/03\/luisotero.jpg?fit=1000%2C650&ssl=1","jetpack_sharing_enabled":true,"jetpack_shortlink":"https:\/\/wp.me\/p8qtrQ-2pB","jetpack-related-posts":[{"id":10729,"url":"https:\/\/larevistadigital.com.ar\/blog\/el-chascomunense-pablo-otero-es-candidato-titular-a-senador-provincial-por-el-espacio-de-roberto-lavagna\/","url_meta":{"origin":9275,"position":0},"title":"EL CHASCOMUNENSE PABLO OTERO ES CANDIDATO TITULAR A SENADOR PROVINCIAL , POR EL ESPACIO DE ROBERTO LAVAGNA","author":"Alejandro Sosa Ruda","date":"23 junio, 2019","format":false,"excerpt":"Otra vez la ciudad de Chascom\u00fas provee de candidatos de todo tipo a los distintos espacios pol\u00edticos que conforman el arco de probables representantes por los pr\u00f3ximos cuatro a\u00f1os, luego de las elecciones de agosto y octubre de este a\u00f1o. Otero es un vecino de larga trayectoria militando en el\u2026","rel":"","context":"En \u00abCHASCOM\u00daS\u00bb","block_context":{"text":"CHASCOM\u00daS","link":"https:\/\/larevistadigital.com.ar\/blog\/category\/chascomus\/"},"img":{"alt_text":"","src":"https:\/\/i0.wp.com\/larevistadigital.com.ar\/blog\/wp-content\/uploads\/WhatsApp-Image-2019-06-23-at-18.23.07.jpeg?fit=719%2C699&ssl=1&resize=350%2C200","width":350,"height":200,"srcset":"https:\/\/i0.wp.com\/larevistadigital.com.ar\/blog\/wp-content\/uploads\/WhatsApp-Image-2019-06-23-at-18.23.07.jpeg?fit=719%2C699&ssl=1&resize=350%2C200 1x, https:\/\/i0.wp.com\/larevistadigital.com.ar\/blog\/wp-content\/uploads\/WhatsApp-Image-2019-06-23-at-18.23.07.jpeg?fit=719%2C699&ssl=1&resize=525%2C300 1.5x, https:\/\/i0.wp.com\/larevistadigital.com.ar\/blog\/wp-content\/uploads\/WhatsApp-Image-2019-06-23-at-18.23.07.jpeg?fit=719%2C699&ssl=1&resize=700%2C400 2x"},"classes":[]},{"id":1962,"url":"https:\/\/larevistadigital.com.ar\/blog\/se-realizo-el-lanzamiento-de-la-pre-candidatura-de-dario-el-ruso-sivisky-en-avellaneda\/","url_meta":{"origin":9275,"position":1},"title":"SE REALIZ\u00d3 EL LANZAMIENTO DE LA PRE CANDIDATURA DE DAR\u00cdO \u201cEL RUSO SIVISKY\u201d EN AVELLANEDA","author":"Alejandro Sosa Ruda","date":"10 abril, 2017","format":false,"excerpt":"Tal como lo hab\u00edamos anunciado en La Revista Digital hace alg\u00fan tiempo, el d\u00eda viernes pasado se hizo efectivo el lanzamiento como precandidato a concejal del ex jugador de f\u00fatbol de la selecci\u00f3n Dar\u00edo \u201cEl Ruso\u201d Sivisky, en una confiter\u00eda c\u00e9ntrica de la localidad de Avellaneda. La candidatura del \u201cRuso\u201d,\u2026","rel":"","context":"En \u00abPOLITICA\u00bb","block_context":{"text":"POLITICA","link":"https:\/\/larevistadigital.com.ar\/blog\/category\/politica\/"},"img":{"alt_text":"","src":"https:\/\/i0.wp.com\/larevistadigital.com.ar\/blog\/wp-content\/uploads\/2017\/04\/WhatsApp-Image-2017-04-10-at-01.37.54.jpeg?fit=960%2C495&ssl=1&resize=350%2C200","width":350,"height":200,"srcset":"https:\/\/i0.wp.com\/larevistadigital.com.ar\/blog\/wp-content\/uploads\/2017\/04\/WhatsApp-Image-2017-04-10-at-01.37.54.jpeg?fit=960%2C495&ssl=1&resize=350%2C200 1x, https:\/\/i0.wp.com\/larevistadigital.com.ar\/blog\/wp-content\/uploads\/2017\/04\/WhatsApp-Image-2017-04-10-at-01.37.54.jpeg?fit=960%2C495&ssl=1&resize=525%2C300 1.5x, https:\/\/i0.wp.com\/larevistadigital.com.ar\/blog\/wp-content\/uploads\/2017\/04\/WhatsApp-Image-2017-04-10-at-01.37.54.jpeg?fit=960%2C495&ssl=1&resize=700%2C400 2x"},"classes":[]},{"id":11386,"url":"https:\/\/larevistadigital.com.ar\/blog\/visito-chascomus-el-candidato-a-gobernador-de-roberto-lavagna\/","url_meta":{"origin":9275,"position":2},"title":"VISIT\u00d3 CHASCOM\u00daS EL CANDIDATO A GOBERNADOR DE ROBERTO LAVAGNA","author":"Alejandro Sosa Ruda","date":"20 julio, 2019","format":false,"excerpt":"EDUARDO \u201cBALI\u201d BUCCA, EX INTNEDENTE DE BOL\u00cdVAR MANTUVO ENCUENTRO CON LA PRENSA, SE REUNIO CON LOS CANDIDATOS IGNACIO GORRIZ, LEO MOYANO, EVA BRICCIO, LA PRIMERA CANDIDATA A CONSEJERA ESCOLAR CLAUDIA QUIROGA Y DEMAS INTEGRANTES DE LA LISTA. TUVO UN CALIDO ENCUENTRO CON JUAN CARLOS HAEDO, VISITO UNA FABRICA DE CALZADO,\u2026","rel":"","context":"En \u00abINTERES GENERAL\u00bb","block_context":{"text":"INTERES GENERAL","link":"https:\/\/larevistadigital.com.ar\/blog\/category\/interes-general\/"},"img":{"alt_text":"","src":"https:\/\/i0.wp.com\/larevistadigital.com.ar\/blog\/wp-content\/uploads\/WhatsApp-Image-2019-07-20-at-21.11.24.jpeg?fit=1200%2C797&ssl=1&resize=350%2C200","width":350,"height":200,"srcset":"https:\/\/i0.wp.com\/larevistadigital.com.ar\/blog\/wp-content\/uploads\/WhatsApp-Image-2019-07-20-at-21.11.24.jpeg?fit=1200%2C797&ssl=1&resize=350%2C200 1x, https:\/\/i0.wp.com\/larevistadigital.com.ar\/blog\/wp-content\/uploads\/WhatsApp-Image-2019-07-20-at-21.11.24.jpeg?fit=1200%2C797&ssl=1&resize=525%2C300 1.5x, https:\/\/i0.wp.com\/larevistadigital.com.ar\/blog\/wp-content\/uploads\/WhatsApp-Image-2019-07-20-at-21.11.24.jpeg?fit=1200%2C797&ssl=1&resize=700%2C400 2x, https:\/\/i0.wp.com\/larevistadigital.com.ar\/blog\/wp-content\/uploads\/WhatsApp-Image-2019-07-20-at-21.11.24.jpeg?fit=1200%2C797&ssl=1&resize=1050%2C600 3x"},"classes":[]},{"id":36939,"url":"https:\/\/larevistadigital.com.ar\/blog\/chascomus-de-la-mano-de-juani-otero-la-pena-de-independiente-ricardo-chivo-pavoni-le-cumple-el-sueno-a-los-mas-chicos\/","url_meta":{"origin":9275,"position":3},"title":"CHASCOM\u00daS: DE LA MANO DE \u00abJUANI OTERO\u00bb, LA PE\u00d1A DE INDEPENDIENTE RICARDO \u00abCHIVO\u00bb PAVONI LE CUMPLE EL SUE\u00d1O A LOS M\u00c1S CHICOS","author":"Alejandro Sosa Ruda","date":"11 agosto, 2024","format":false,"excerpt":"Una excelente iniciativa que los chicos no olvidar\u00e1n en su vida. 11 de Agosto de 2024 CHASCOM\u00daS -\u00a0 El Club Atl\u00e9tico Independiente de Avellaneda, brind\u00f3 la posibilidad que un nene o nena de entre 3 a 12 a\u00f1os pueda ingresar al estadio, con todo lo que eso implica y m\u00e1s\u2026","rel":"","context":"En \u00abCHASCOM\u00daS\u00bb","block_context":{"text":"CHASCOM\u00daS","link":"https:\/\/larevistadigital.com.ar\/blog\/category\/chascomus\/"},"img":{"alt_text":"","src":"https:\/\/i0.wp.com\/larevistadigital.com.ar\/blog\/wp-content\/uploads\/454317598_3220443288089477_2011464290364192778_n-e1723392225410.jpg?fit=898%2C863&ssl=1&resize=350%2C200","width":350,"height":200,"srcset":"https:\/\/i0.wp.com\/larevistadigital.com.ar\/blog\/wp-content\/uploads\/454317598_3220443288089477_2011464290364192778_n-e1723392225410.jpg?fit=898%2C863&ssl=1&resize=350%2C200 1x, https:\/\/i0.wp.com\/larevistadigital.com.ar\/blog\/wp-content\/uploads\/454317598_3220443288089477_2011464290364192778_n-e1723392225410.jpg?fit=898%2C863&ssl=1&resize=525%2C300 1.5x, https:\/\/i0.wp.com\/larevistadigital.com.ar\/blog\/wp-content\/uploads\/454317598_3220443288089477_2011464290364192778_n-e1723392225410.jpg?fit=898%2C863&ssl=1&resize=700%2C400 2x"},"classes":[]},{"id":657,"url":"https:\/\/larevistadigital.com.ar\/blog\/bienvenido-vicente-otero-dagorret\/","url_meta":{"origin":9275,"position":4},"title":"\u00a1Bienvenido Vicente Otero Dagorret!","author":"Alejandro Sosa Ruda","date":"7 marzo, 2017","format":false,"excerpt":"Naci\u00f3 el 4 de marzo de 2017 a las 11:22 hs. \u00a0Pes\u00f3 2,700 kg. y midi\u00f3 48 cm. Para felicidad de sus papis y familiares. Nuestra m\u00e1s profunda felicitaci\u00f3n a Juan Ignacio (Juani) Otero, el flamante pap\u00e1 y a Clara Dagorret, su mam\u00e1. Los bisabuelos maternos:\u00a0Juan Carlos Ilzarbe y Ester\u2026","rel":"","context":"En \u00abCHASCOM\u00daS\u00bb","block_context":{"text":"CHASCOM\u00daS","link":"https:\/\/larevistadigital.com.ar\/blog\/category\/chascomus\/"},"img":{"alt_text":"","src":"https:\/\/i0.wp.com\/larevistadigital.com.ar\/blog\/wp-content\/uploads\/2017\/03\/baf6b0da-db51-435d-9de8-f8c87d72f565.jpg?fit=768%2C694&ssl=1&resize=350%2C200","width":350,"height":200,"srcset":"https:\/\/i0.wp.com\/larevistadigital.com.ar\/blog\/wp-content\/uploads\/2017\/03\/baf6b0da-db51-435d-9de8-f8c87d72f565.jpg?fit=768%2C694&ssl=1&resize=350%2C200 1x, https:\/\/i0.wp.com\/larevistadigital.com.ar\/blog\/wp-content\/uploads\/2017\/03\/baf6b0da-db51-435d-9de8-f8c87d72f565.jpg?fit=768%2C694&ssl=1&resize=525%2C300 1.5x, https:\/\/i0.wp.com\/larevistadigital.com.ar\/blog\/wp-content\/uploads\/2017\/03\/baf6b0da-db51-435d-9de8-f8c87d72f565.jpg?fit=768%2C694&ssl=1&resize=700%2C400 2x"},"classes":[]},{"id":10802,"url":"https:\/\/larevistadigital.com.ar\/blog\/el-lavagnismo-de-la-plata-hizo-depuracion-quedo-una-sola-lista\/","url_meta":{"origin":9275,"position":5},"title":"EL LAVAGNISMO DE LA PLATA HIZO DEPURACI\u00d3N: QUED\u00d3 UNA SOLA LISTA","author":"Alejandro Sosa Ruda","date":"28 junio, 2019","format":false,"excerpt":"Finalmente, y tras arduas negociaciones, los distintos sectores que conforman Consenso Federal en La Plata decidieron acordar la conformaci\u00f3n de una lista \u00fanica, por lo que no habr\u00e1 internas el 11 de agosto en el mencionado espacio que lleva como candidato a presidente de la Naci\u00f3n a\u00a0Roberto Lavagna. Al respecto,\u2026","rel":"","context":"En \u00abINTERES GENERAL\u00bb","block_context":{"text":"INTERES GENERAL","link":"https:\/\/larevistadigital.com.ar\/blog\/category\/interes-general\/"},"img":{"alt_text":"","src":"https:\/\/i0.wp.com\/larevistadigital.com.ar\/blog\/wp-content\/uploads\/bbx_717505101_ORTELLI.jpg?fit=1200%2C545&ssl=1&resize=350%2C200","width":350,"height":200,"srcset":"https:\/\/i0.wp.com\/larevistadigital.com.ar\/blog\/wp-content\/uploads\/bbx_717505101_ORTELLI.jpg?fit=1200%2C545&ssl=1&resize=350%2C200 1x, https:\/\/i0.wp.com\/larevistadigital.com.ar\/blog\/wp-content\/uploads\/bbx_717505101_ORTELLI.jpg?fit=1200%2C545&ssl=1&resize=525%2C300 1.5x, https:\/\/i0.wp.com\/larevistadigital.com.ar\/blog\/wp-content\/uploads\/bbx_717505101_ORTELLI.jpg?fit=1200%2C545&ssl=1&resize=700%2C400 2x, https:\/\/i0.wp.com\/larevistadigital.com.ar\/blog\/wp-content\/uploads\/bbx_717505101_ORTELLI.jpg?fit=1200%2C545&ssl=1&resize=1050%2C600 3x"},"classes":[]}],"_links":{"self":[{"href":"https:\/\/larevistadigital.com.ar\/blog\/wp-json\/wp\/v2\/posts\/9275","targetHints":{"allow":["GET"]}}],"collection":[{"href":"https:\/\/larevistadigital.com.ar\/blog\/wp-json\/wp\/v2\/posts"}],"about":[{"href":"https:\/\/larevistadigital.com.ar\/blog\/wp-json\/wp\/v2\/types\/post"}],"author":[{"embeddable":true,"href":"https:\/\/larevistadigital.com.ar\/blog\/wp-json\/wp\/v2\/users\/3"}],"replies":[{"embeddable":true,"href":"https:\/\/larevistadigital.com.ar\/blog\/wp-json\/wp\/v2\/comments?post=9275"}],"version-history":[{"count":1,"href":"https:\/\/larevistadigital.com.ar\/blog\/wp-json\/wp\/v2\/posts\/9275\/revisions"}],"predecessor-version":[{"id":9277,"href":"https:\/\/larevistadigital.com.ar\/blog\/wp-json\/wp\/v2\/posts\/9275\/revisions\/9277"}],"wp:featuredmedia":[{"embeddable":true,"href":"https:\/\/larevistadigital.com.ar\/blog\/wp-json\/wp\/v2\/media\/9276"}],"wp:attachment":[{"href":"https:\/\/larevistadigital.com.ar\/blog\/wp-json\/wp\/v2\/media?parent=9275"}],"wp:term":[{"taxonomy":"category","embeddable":true,"href":"https:\/\/larevistadigital.com.ar\/blog\/wp-json\/wp\/v2\/categories?post=9275"},{"taxonomy":"post_tag","embeddable":true,"href":"https:\/\/larevistadigital.com.ar\/blog\/wp-json\/wp\/v2\/tags?post=9275"}],"curies":[{"name":"wp","href":"https:\/\/api.w.org\/{rel}","templated":true}]}}