{"id":9278,"date":"2019-03-23T22:32:20","date_gmt":"2019-03-23T22:32:20","guid":{"rendered":"https:\/\/larevistadigital.com.ar\/blog\/?p=9278"},"modified":"2019-03-23T22:32:20","modified_gmt":"2019-03-23T22:32:20","slug":"dolores-aprendieron-a-dos-sujetos-con-marihuana","status":"publish","type":"post","link":"https:\/\/larevistadigital.com.ar\/blog\/dolores-aprendieron-a-dos-sujetos-con-marihuana\/","title":{"rendered":"DOLORES: APRENDIERON A DOS SUJETOS CON MARIHUANA"},"content":{"rendered":"<p>En horas de la madrugada, personal policial del Gabinete Criminol\u00f3gico perteneciente a la Comisar\u00eda Distrital de Dolores procedi\u00f3 a la incautaci\u00f3n de sustancia estupefaciente y a la aprehensi\u00f3n de dos sujetos.<\/p>\n<blockquote>\n<h3>Un joven mayor y otro menor de edad caminaban por la v\u00eda p\u00fablica trasladando entre sus prendas un total de 400 gramos de marihuana en su estado natural, cuando fueron interceptados por la polic\u00eda en el marco Orden de Servicio \u00abOperativo prevenci\u00f3n de estupefacientes ley 23.737\u00bb<\/h3>\n<\/blockquote>\n<p>A la fecha, el Gabinete Criminol\u00f3gico ha logrado el secuestro de un promedio que sumar\u00eda un total de 25 kg. de marihuana a lo largo de estos tres meses, ello mediante los intensos operativos de identificaci\u00f3n de personas y prevenci\u00f3n de infraccipon a la ley antes mencionada.<\/p>\n<p>&nbsp;<\/p>\n<p>&nbsp;<\/p>\n","protected":false},"excerpt":{"rendered":"<div class=\"mh-excerpt\"><p>En horas de la madrugada, personal policial del Gabinete Criminol\u00f3gico perteneciente a la Comisar\u00eda Distrital de Dolores procedi\u00f3 a la incautaci\u00f3n de sustancia estupefaciente y a la aprehensi\u00f3n de dos sujetos. Un joven mayor y <a class=\"mh-excerpt-more\" href=\"https:\/\/larevistadigital.com.ar\/blog\/dolores-aprendieron-a-dos-sujetos-con-marihuana\/\" title=\"DOLORES: APRENDIERON A DOS SUJETOS CON MARIHUANA\">[Leer M\u00e1s]<\/a><\/p>\n<\/div>","protected":false},"author":3,"featured_media":9279,"comment_status":"open","ping_status":"open","sticky":false,"template":"","format":"standard","meta":{"_jetpack_memberships_contains_paid_content":false,"footnotes":"","jetpack_publicize_message":"","jetpack_publicize_feature_enabled":true,"jetpack_social_post_already_shared":true,"jetpack_social_options":{"image_generator_settings":{"template":"highway","default_image_id":0,"font":"","enabled":false},"version":2}},"categories":[43,12],"tags":[],"class_list":{"0":"post-9278","1":"post","2":"type-post","3":"status-publish","4":"format-standard","5":"has-post-thumbnail","7":"category-dolores","8":"category-politica"},"jetpack_publicize_connections":[],"jetpack_featured_media_url":"https:\/\/i0.wp.com\/larevistadigital.com.ar\/blog\/wp-content\/uploads\/2019\/03\/Screenshot_2-11.jpg?fit=869%2C593&ssl=1","jetpack_sharing_enabled":true,"jetpack_shortlink":"https:\/\/wp.me\/p8qtrQ-2pE","jetpack-related-posts":[{"id":2209,"url":"https:\/\/larevistadigital.com.ar\/blog\/importante-cantidad-de-marihuana-y-cocaina-se-secuestro-en-el-peaje-samborombon\/","url_meta":{"origin":9278,"position":0},"title":"IMPORTANTE CANTIDAD DE MARIHUANA Y COCAINA SE SECUESTRO EN EL PEAJE SAMBOROMBON","author":"editor","date":"5 mayo, 2017","format":false,"excerpt":"LA DROGA SECUESTRADA IRIA CON DESTINO A CHASCOM\u00daS Y MAR DEL TUYU En la fecha de ayer 4 de mayo personal del gabinete criminologico de comisar\u00eda de Chascom\u00fas junto con personal destacamento vial Samboromb\u00f3n y cr\u00eda Brandsen a ra\u00edz de informaci\u00f3n obtenida montan operativo interceptaci\u00f3n de veh\u00edculos en cercan\u00edas de\u2026","rel":"","context":"En \u00abCASTELLI\u00bb","block_context":{"text":"CASTELLI","link":"https:\/\/larevistadigital.com.ar\/blog\/category\/castelli\/"},"img":{"alt_text":"","src":"https:\/\/i0.wp.com\/larevistadigital.com.ar\/blog\/wp-content\/uploads\/2017\/05\/89abb2df-95ca-4a15-a2b5-86e586e83428.jpg?fit=1040%2C585&ssl=1&resize=350%2C200","width":350,"height":200,"srcset":"https:\/\/i0.wp.com\/larevistadigital.com.ar\/blog\/wp-content\/uploads\/2017\/05\/89abb2df-95ca-4a15-a2b5-86e586e83428.jpg?fit=1040%2C585&ssl=1&resize=350%2C200 1x, https:\/\/i0.wp.com\/larevistadigital.com.ar\/blog\/wp-content\/uploads\/2017\/05\/89abb2df-95ca-4a15-a2b5-86e586e83428.jpg?fit=1040%2C585&ssl=1&resize=525%2C300 1.5x, https:\/\/i0.wp.com\/larevistadigital.com.ar\/blog\/wp-content\/uploads\/2017\/05\/89abb2df-95ca-4a15-a2b5-86e586e83428.jpg?fit=1040%2C585&ssl=1&resize=700%2C400 2x"},"classes":[]},{"id":5981,"url":"https:\/\/larevistadigital.com.ar\/blog\/informe-policia-comunal-de-general-paz\/","url_meta":{"origin":9278,"position":1},"title":"Informe Polic\u00eda Comunal de General Paz","author":"admin","date":"11 julio, 2018","format":false,"excerpt":"Dirijo la presente, a los fines de llevar a conocimiento de los medios de difusi\u00f3n, en virtud a los operativos que se vienen realizando en los accesos a nuestra localidad, se procede a informar que con fecha 07 de Julio de cte. a\u00f1o, en horas de la noche, personal del\u2026","rel":"","context":"En \u00abRANCHOS\u00bb","block_context":{"text":"RANCHOS","link":"https:\/\/larevistadigital.com.ar\/blog\/category\/ranchos\/"},"img":{"alt_text":"","src":"https:\/\/i0.wp.com\/grupotiempodigital.com.ar\/wp-content\/uploads\/2018\/03\/firma-crio-sanchez-300x174.png?resize=350%2C200","width":350,"height":200},"classes":[]},{"id":4922,"url":"https:\/\/larevistadigital.com.ar\/blog\/chascomus-la-policia-comunal-intercepta-jovenes-marihuana\/","url_meta":{"origin":9278,"position":2},"title":"CHASCOM\u00daS: LA POLIC\u00cdA COMUNAL INTERCEPTA J\u00d3VENES CON MARIHUANA","author":"Alejandro Sosa Ruda","date":"14 febrero, 2018","format":false,"excerpt":"En horas de la tarde del s\u00e1bado pasado, personal de la cuadr\u00edcula, en cercan\u00edas de la Estaci\u00f3n Ferroautomotor, detecta dos j\u00f3venes en actitud sospechosa, por lo que procede a interceptarlos para su identificaci\u00f3n. Se trataba de un hombre mayor, de 21 a\u00f1os de edad, y una chica menor de edad,\u2026","rel":"","context":"En \u00abPOLICIALES\u00bb","block_context":{"text":"POLICIALES","link":"https:\/\/larevistadigital.com.ar\/blog\/category\/policiales\/"},"img":{"alt_text":"","src":"https:\/\/i0.wp.com\/larevistadigital.com.ar\/blog\/wp-content\/uploads\/2018\/02\/WhatsApp-Image-2018-02-14-at-14.05.51.jpeg?fit=650%2C786&ssl=1&resize=350%2C200","width":350,"height":200,"srcset":"https:\/\/i0.wp.com\/larevistadigital.com.ar\/blog\/wp-content\/uploads\/2018\/02\/WhatsApp-Image-2018-02-14-at-14.05.51.jpeg?fit=650%2C786&ssl=1&resize=350%2C200 1x, https:\/\/i0.wp.com\/larevistadigital.com.ar\/blog\/wp-content\/uploads\/2018\/02\/WhatsApp-Image-2018-02-14-at-14.05.51.jpeg?fit=650%2C786&ssl=1&resize=525%2C300 1.5x"},"classes":[]},{"id":39446,"url":"https:\/\/larevistadigital.com.ar\/blog\/chascomus-durante-operativos-de-prevencion-la-policia-incauto-marihuana\/","url_meta":{"origin":9278,"position":3},"title":"Chascom\u00fas: durante operativos de prevenci\u00f3n, la polic\u00eda incaut\u00f3 marihuana","author":"Alejandro Sosa Ruda","date":"19 abril, 2025","format":false,"excerpt":"Durante un operativo de prevenci\u00f3n en el marco de Semana Santa, las fuerzas de seguridad lograron incautar sustancias ilegales. 19 de Abril de 2025 CHASCOM\u00daS -\u00a0 En el marco del dispositivo especial de seguridad por el fin de semana largo, personal de la Polic\u00eda Vial y efectivos de la Comisar\u00eda\u2026","rel":"","context":"En \u00abDESTACADAS\u00bb","block_context":{"text":"DESTACADAS","link":"https:\/\/larevistadigital.com.ar\/blog\/category\/destacadas\/"},"img":{"alt_text":"","src":"https:\/\/i0.wp.com\/larevistadigital.com.ar\/blog\/wp-content\/uploads\/Screenshot_1-121.jpg?fit=1007%2C565&ssl=1&resize=350%2C200","width":350,"height":200,"srcset":"https:\/\/i0.wp.com\/larevistadigital.com.ar\/blog\/wp-content\/uploads\/Screenshot_1-121.jpg?fit=1007%2C565&ssl=1&resize=350%2C200 1x, https:\/\/i0.wp.com\/larevistadigital.com.ar\/blog\/wp-content\/uploads\/Screenshot_1-121.jpg?fit=1007%2C565&ssl=1&resize=525%2C300 1.5x, https:\/\/i0.wp.com\/larevistadigital.com.ar\/blog\/wp-content\/uploads\/Screenshot_1-121.jpg?fit=1007%2C565&ssl=1&resize=700%2C400 2x"},"classes":[]},{"id":26403,"url":"https:\/\/larevistadigital.com.ar\/blog\/chascomus-tres-allanamientos-con-resultado-positivo-dos-aprehendidos-y-secuestro-de-marihuana-y-cocaina\/","url_meta":{"origin":9278,"position":4},"title":"CHASCOM\u00daS: TRES ALLANAMIENTOS CON RESULTADO POSITIVO, DOS APREHENDIDOS Y SECUESTRO DE MARIHUANA Y COCA\u00cdNA","author":"Alejandro Sosa Ruda","date":"7 julio, 2022","format":false,"excerpt":"CHASCOM\u00daS -\u00a0 Durante el d\u00eda de ayer, 6 de julio, se llevaron a cabo tres allanamientos por infracci\u00f3n a la ley 23.737 (estupefacientes), luego de que se tom\u00f3 conocimiento de que en tres lugares se estar\u00edan comercializando drogas. De esta manera se dio conocimiento a la UFI 3 a cargo\u2026","rel":"","context":"En \u00abDESTACADAS\u00bb","block_context":{"text":"DESTACADAS","link":"https:\/\/larevistadigital.com.ar\/blog\/category\/destacadas\/"},"img":{"alt_text":"","src":"https:\/\/i0.wp.com\/larevistadigital.com.ar\/blog\/wp-content\/uploads\/WhatsApp-Image-2022-07-06-at-11.11.42-PM-1.jpeg?fit=850%2C813&ssl=1&resize=350%2C200","width":350,"height":200,"srcset":"https:\/\/i0.wp.com\/larevistadigital.com.ar\/blog\/wp-content\/uploads\/WhatsApp-Image-2022-07-06-at-11.11.42-PM-1.jpeg?fit=850%2C813&ssl=1&resize=350%2C200 1x, https:\/\/i0.wp.com\/larevistadigital.com.ar\/blog\/wp-content\/uploads\/WhatsApp-Image-2022-07-06-at-11.11.42-PM-1.jpeg?fit=850%2C813&ssl=1&resize=525%2C300 1.5x, https:\/\/i0.wp.com\/larevistadigital.com.ar\/blog\/wp-content\/uploads\/WhatsApp-Image-2022-07-06-at-11.11.42-PM-1.jpeg?fit=850%2C813&ssl=1&resize=700%2C400 2x"},"classes":[]},{"id":3213,"url":"https:\/\/larevistadigital.com.ar\/blog\/dolores-detienen-a-dos-individuos-por-abigeato-agravado\/","url_meta":{"origin":9278,"position":5},"title":"DOLORES: DETIENEN A DOS INDIVIDUOS POR ABIGEATO AGRAVADO","author":"Alejandro Sosa Ruda","date":"27 agosto, 2017","format":false,"excerpt":"En la tarde noche del pasado viernes, personal del Comando de Prevenci\u00f3n Rural Dolores fue alertado que dos sujetos de sexo masculino habr\u00edan faenado un ternero en un Establecimiento rural ubicado en el kil\u00f3metro 4,5 descendente de la ruta 63, mano hacia Dolores, d\u00e1ndose a la fuga campo adentro luego\u2026","rel":"","context":"En \u00abDOLORES\u00bb","block_context":{"text":"DOLORES","link":"https:\/\/larevistadigital.com.ar\/blog\/category\/dolores\/"},"img":{"alt_text":"","src":"https:\/\/i0.wp.com\/larevistadigital.com.ar\/blog\/wp-content\/uploads\/2017\/08\/descarga-3.jpg?fit=650%2C350&ssl=1&resize=350%2C200","width":350,"height":200,"srcset":"https:\/\/i0.wp.com\/larevistadigital.com.ar\/blog\/wp-content\/uploads\/2017\/08\/descarga-3.jpg?fit=650%2C350&ssl=1&resize=350%2C200 1x, https:\/\/i0.wp.com\/larevistadigital.com.ar\/blog\/wp-content\/uploads\/2017\/08\/descarga-3.jpg?fit=650%2C350&ssl=1&resize=525%2C300 1.5x"},"classes":[]}],"_links":{"self":[{"href":"https:\/\/larevistadigital.com.ar\/blog\/wp-json\/wp\/v2\/posts\/9278","targetHints":{"allow":["GET"]}}],"collection":[{"href":"https:\/\/larevistadigital.com.ar\/blog\/wp-json\/wp\/v2\/posts"}],"about":[{"href":"https:\/\/larevistadigital.com.ar\/blog\/wp-json\/wp\/v2\/types\/post"}],"author":[{"embeddable":true,"href":"https:\/\/larevistadigital.com.ar\/blog\/wp-json\/wp\/v2\/users\/3"}],"replies":[{"embeddable":true,"href":"https:\/\/larevistadigital.com.ar\/blog\/wp-json\/wp\/v2\/comments?post=9278"}],"version-history":[{"count":1,"href":"https:\/\/larevistadigital.com.ar\/blog\/wp-json\/wp\/v2\/posts\/9278\/revisions"}],"predecessor-version":[{"id":9280,"href":"https:\/\/larevistadigital.com.ar\/blog\/wp-json\/wp\/v2\/posts\/9278\/revisions\/9280"}],"wp:featuredmedia":[{"embeddable":true,"href":"https:\/\/larevistadigital.com.ar\/blog\/wp-json\/wp\/v2\/media\/9279"}],"wp:attachment":[{"href":"https:\/\/larevistadigital.com.ar\/blog\/wp-json\/wp\/v2\/media?parent=9278"}],"wp:term":[{"taxonomy":"category","embeddable":true,"href":"https:\/\/larevistadigital.com.ar\/blog\/wp-json\/wp\/v2\/categories?post=9278"},{"taxonomy":"post_tag","embeddable":true,"href":"https:\/\/larevistadigital.com.ar\/blog\/wp-json\/wp\/v2\/tags?post=9278"}],"curies":[{"name":"wp","href":"https:\/\/api.w.org\/{rel}","templated":true}]}}