{"id":9281,"date":"2019-03-23T23:00:55","date_gmt":"2019-03-23T23:00:55","guid":{"rendered":"https:\/\/larevistadigital.com.ar\/blog\/?p=9281"},"modified":"2019-03-23T23:00:55","modified_gmt":"2019-03-23T23:00:55","slug":"dolores-detienen-a-policia-por-tenencia-de-estupefacientes-para-comercializacion","status":"publish","type":"post","link":"https:\/\/larevistadigital.com.ar\/blog\/dolores-detienen-a-policia-por-tenencia-de-estupefacientes-para-comercializacion\/","title":{"rendered":"DOLORES: DETIENEN A POLIC\u00cdA POR TENENCIA DE ESTUPEFACIENTES PARA COMERCIALIZACI\u00d3N"},"content":{"rendered":"<p>En un allanamiento practicado en la madrugada de ayer en una vivienda del Barrio Solidaridad. El efectivo prestaba actualmente servicio en la Divisi\u00f3n Traslado de Detenidos en Dolores. La investigaci\u00f3n se hab\u00eda iniciado en el 2016 pero tuvo interrupci\u00f3n, en raz\u00f3n que el imputado trabaj\u00f3 durante un determinado per\u00edodo en La Costa.<\/p>\n<p><strong>\u00a0<\/strong>Un dolorense que es miembro de la Polic\u00eda bonaerense fue detenido durante un allanamiento practicado en la madrugada de ayer en nuestra ciudad, imputado de tenencia de estupefacientes con fines de comercializaci\u00f3n.<\/p>\n<blockquote>\n<h3>El procedimiento se concret\u00f3 a partir de la hora 2 en una propiedad del Barrio Solidaridad (pasaje Hern\u00e1ndez entre Brandsen y Paz), tanto en la vivienda del investigado como la de su padre (pegada a la primera), en este caso con resultado negativo.<\/h3>\n<\/blockquote>\n<p>De los procedimientos participaron personal de la Ayudant\u00eda de Estupefacientes de la Fiscal\u00eda n\u00ba 3 Departamental, de la Delegaci\u00f3n de Investigaciones del Tr\u00e1fico de Drogas Il\u00edcitas y Crimen Organizado Dolores, como tambi\u00e9n efectivos del Grupo de Apoyo Departamental (G.A.D.), oportunidad donde se aprehendi\u00f3 al investigado, quien fue identificado como Franco M\u00e1rquez.<\/p>\n<p>Durante el allanamiento en su domicilio, se secuestr\u00f3 en el placard de la habitaci\u00f3n matrimonial una bolsa con 32 bochas de coca\u00edna (aproximadamente 16 grs.), una tiza (6 grs.), una balanza de precisi\u00f3n, tambi\u00e9n 200 gramos de marihuana (hojas y cogollos), una escopeta sin autorizaci\u00f3n para su tenencia y municiones. Por su parte en el Volkswagen Gol estacionado en el lugar se hallaron cigarrillos de marihuana combustionados, como tambi\u00e9n su arma reglamentaria, lejos \u00e9sta de la custodia que su tenencia obliga al personal policial.<\/p>\n<blockquote>\n<h3>Sobre la investigaci\u00f3n se pudo conocer que tuvo inicios en el a\u00f1o 2016, cuando se constat\u00f3 a partir de una denuncia que a trav\u00e9s de las redes sociales el sospechoso estaba realizando esa actividad il\u00edcita. Luego las actuaciones tuvieron un periodo de interrupci\u00f3n, cuando el investigado prest\u00f3 servicios en La Costa en la Divisi\u00f3n Narcotr\u00e1fico y en la DDI.<\/h3>\n<\/blockquote>\n<p>Regresado el polic\u00eda a Dolores se reactiv\u00f3 la causa, logr\u00e1ndose determinar a trav\u00e9s de investigaciones de campo y filmaciones, tanto est\u00e1ticas como din\u00e1micas, realizadas por la Divisi\u00f3n Narcotr\u00e1fico Dolores, que continuaba la actividad il\u00edcita, dictando la Juez de Garant\u00edas Dra. <strong>Laura El\u00edas<\/strong> ha pedido de la Fiscal\u00eda las \u00f3rdenes de allanamiento concretadas ayer.<\/p>\n<p>El efectuado en la casa del padre del investigado se realiz\u00f3 por la sola raz\u00f3n que ambas viviendas ten\u00edan una comunicaci\u00f3n directa, pero como dijimos, nada se encontr\u00f3 en \u00e9sta que se pudiera relacionar con lo investigado.<\/p>\n<p>Se conoci\u00f3 por otra parte, que en la ma\u00f1ana de ayer el imputado <strong>M\u00e1rquez<\/strong> fue trasladado a la Fiscal\u00eda n\u00ba 3 Departamental, cuyo titular es el Dr. <strong>Diego Torres<\/strong>, para su indagatoria.<\/p>\n","protected":false},"excerpt":{"rendered":"<div class=\"mh-excerpt\"><p>En un allanamiento practicado en la madrugada de ayer en una vivienda del Barrio Solidaridad. El efectivo prestaba actualmente servicio en la Divisi\u00f3n Traslado de Detenidos en Dolores. La investigaci\u00f3n se hab\u00eda iniciado en el <a class=\"mh-excerpt-more\" href=\"https:\/\/larevistadigital.com.ar\/blog\/dolores-detienen-a-policia-por-tenencia-de-estupefacientes-para-comercializacion\/\" title=\"DOLORES: DETIENEN A POLIC\u00cdA POR TENENCIA DE ESTUPEFACIENTES PARA COMERCIALIZACI\u00d3N\">[Leer M\u00e1s]<\/a><\/p>\n<\/div>","protected":false},"author":3,"featured_media":9282,"comment_status":"open","ping_status":"open","sticky":false,"template":"","format":"standard","meta":{"_jetpack_memberships_contains_paid_content":false,"footnotes":"","jetpack_publicize_message":"","jetpack_publicize_feature_enabled":true,"jetpack_social_post_already_shared":true,"jetpack_social_options":{"image_generator_settings":{"template":"highway","default_image_id":0,"font":"","enabled":false},"version":2}},"categories":[44,12],"tags":[],"class_list":{"0":"post-9281","1":"post","2":"type-post","3":"status-publish","4":"format-standard","5":"has-post-thumbnail","7":"category-policiales","8":"category-politica"},"jetpack_publicize_connections":[],"jetpack_featured_media_url":"https:\/\/i0.wp.com\/larevistadigital.com.ar\/blog\/wp-content\/uploads\/2019\/03\/Marquez-Droga-660x330.jpg?fit=660%2C330&ssl=1","jetpack_sharing_enabled":true,"jetpack_shortlink":"https:\/\/wp.me\/p8qtrQ-2pH","jetpack-related-posts":[{"id":32933,"url":"https:\/\/larevistadigital.com.ar\/blog\/chascomus-allanamiento-con-resultado-positivo-y-aprehenden-a-una-persona-de-sexo-masculino\/","url_meta":{"origin":9281,"position":0},"title":"CHASCOM\u00daS: ALLANAMIENTO CON RESULTADO POSITIVO Y APREHENDEN A UNA PERSONA DE SEXO MASCULINO.","author":"Alejandro Sosa Ruda","date":"20 agosto, 2023","format":false,"excerpt":"Se lograron incautar distintos elementos y drogas. Aprehendieron a un sujeto con frondosos antecedentes. 20 de agosto de 2023 CHASCOM\u00daS -\u00a0 El d\u00eda viernes pasado, la polic\u00eda comunal de Chascom\u00fas, procedi\u00f3 a realizar un allanamiento en el barrio el Algarrobo. La medida judicial se recibi\u00f3 del Juzgado de Garant\u00edas N\u2026","rel":"","context":"En \u00abINTERES GENERAL\u00bb","block_context":{"text":"INTERES GENERAL","link":"https:\/\/larevistadigital.com.ar\/blog\/category\/interes-general\/"},"img":{"alt_text":"","src":"https:\/\/i0.wp.com\/larevistadigital.com.ar\/blog\/wp-content\/uploads\/APREHENDIDO.jpg?fit=800%2C812&ssl=1&resize=350%2C200","width":350,"height":200,"srcset":"https:\/\/i0.wp.com\/larevistadigital.com.ar\/blog\/wp-content\/uploads\/APREHENDIDO.jpg?fit=800%2C812&ssl=1&resize=350%2C200 1x, https:\/\/i0.wp.com\/larevistadigital.com.ar\/blog\/wp-content\/uploads\/APREHENDIDO.jpg?fit=800%2C812&ssl=1&resize=525%2C300 1.5x, https:\/\/i0.wp.com\/larevistadigital.com.ar\/blog\/wp-content\/uploads\/APREHENDIDO.jpg?fit=800%2C812&ssl=1&resize=700%2C400 2x"},"classes":[]},{"id":28639,"url":"https:\/\/larevistadigital.com.ar\/blog\/chascomus-tras-ocho-meses-de-investigacion-se-desbarato-una-cueva-donde-se-comercializaban-estupefacientes-secuestraron-elementos-y-se-aprehendio-a-un-hombre\/","url_meta":{"origin":9281,"position":1},"title":"CHASCOM\u00daS: TRAS OCHO MESES DE INVESTIGACI\u00d3N, SE DESBARAT\u00d3 UNA \u00abCUEVA\u00bb DONDE SE COMERCIALIZABAN ESTUPEFACIENTES. SECUESTRARON ELEMENTOS Y SE APREHENDI\u00d3 A UN HOMBRE.","author":"Alejandro Sosa Ruda","date":"27 octubre, 2022","format":false,"excerpt":"Se investig\u00f3 durante ocho meses y se obtuvieron resultados que permitieron allanar y secuestrar drogas, aprehendiendo al morador de la vivienda. 27 de Octubre de 2022 CHASCOM\u00daS -\u00a0\u00a0A ra\u00edz de investigaciones llevadas a cabo, la subdelegaci\u00f3n de Investigaciones del tr\u00e1fico de drogas il\u00edcitas tom\u00f3 conocimiento de la presunta comercializaci\u00f3n de\u2026","rel":"","context":"En \u00abDESTACADAS\u00bb","block_context":{"text":"DESTACADAS","link":"https:\/\/larevistadigital.com.ar\/blog\/category\/destacadas\/"},"img":{"alt_text":"","src":"https:\/\/i0.wp.com\/larevistadigital.com.ar\/blog\/wp-content\/uploads\/WhatsApp-Image-2022-10-27-at-06.41.33.jpeg?fit=1200%2C900&ssl=1&resize=350%2C200","width":350,"height":200,"srcset":"https:\/\/i0.wp.com\/larevistadigital.com.ar\/blog\/wp-content\/uploads\/WhatsApp-Image-2022-10-27-at-06.41.33.jpeg?fit=1200%2C900&ssl=1&resize=350%2C200 1x, https:\/\/i0.wp.com\/larevistadigital.com.ar\/blog\/wp-content\/uploads\/WhatsApp-Image-2022-10-27-at-06.41.33.jpeg?fit=1200%2C900&ssl=1&resize=525%2C300 1.5x, https:\/\/i0.wp.com\/larevistadigital.com.ar\/blog\/wp-content\/uploads\/WhatsApp-Image-2022-10-27-at-06.41.33.jpeg?fit=1200%2C900&ssl=1&resize=700%2C400 2x, https:\/\/i0.wp.com\/larevistadigital.com.ar\/blog\/wp-content\/uploads\/WhatsApp-Image-2022-10-27-at-06.41.33.jpeg?fit=1200%2C900&ssl=1&resize=1050%2C600 3x"},"classes":[]},{"id":32820,"url":"https:\/\/larevistadigital.com.ar\/blog\/chascomus-aprehenden-a-una-mujer-por-comercializacion-de-estupefacientes-y-a-un-hombre-con-pedido-de-captura\/","url_meta":{"origin":9281,"position":2},"title":"CHASCOM\u00daS: APREHENDEN A UNA MUJER POR COMERCIALIZACI\u00d3N DE ESTUPEFACIENTES, Y A UN HOMBRE CON PEDIDO DE CAPTURA","author":"Alejandro Sosa Ruda","date":"10 agosto, 2023","format":false,"excerpt":"Todo comienza con sospechas de la delegaci\u00f3n de Drogas il\u00edcitas y se confirma luego de investigaciones que derivaron en un allanamiento con resultado positivo. 10 de agosto CHASCOM\u00daS -\u00a0 Drogas il\u00edcitas de Chascom\u00fas, tom\u00f3 conocimiento que una persona del sexo femenino se estar\u00eda dedicando a la comercializaci\u00f3n de sustancias estupefacientes\u2026","rel":"","context":"En \u00abDESTACADAS\u00bb","block_context":{"text":"DESTACADAS","link":"https:\/\/larevistadigital.com.ar\/blog\/category\/destacadas\/"},"img":{"alt_text":"","src":"https:\/\/i0.wp.com\/larevistadigital.com.ar\/blog\/wp-content\/uploads\/WhatsApp-Image-2023-08-10-at-03.36.32.jpeg?fit=1200%2C1144&ssl=1&resize=350%2C200","width":350,"height":200,"srcset":"https:\/\/i0.wp.com\/larevistadigital.com.ar\/blog\/wp-content\/uploads\/WhatsApp-Image-2023-08-10-at-03.36.32.jpeg?fit=1200%2C1144&ssl=1&resize=350%2C200 1x, https:\/\/i0.wp.com\/larevistadigital.com.ar\/blog\/wp-content\/uploads\/WhatsApp-Image-2023-08-10-at-03.36.32.jpeg?fit=1200%2C1144&ssl=1&resize=525%2C300 1.5x, https:\/\/i0.wp.com\/larevistadigital.com.ar\/blog\/wp-content\/uploads\/WhatsApp-Image-2023-08-10-at-03.36.32.jpeg?fit=1200%2C1144&ssl=1&resize=700%2C400 2x, https:\/\/i0.wp.com\/larevistadigital.com.ar\/blog\/wp-content\/uploads\/WhatsApp-Image-2023-08-10-at-03.36.32.jpeg?fit=1200%2C1144&ssl=1&resize=1050%2C600 3x"},"classes":[]},{"id":25409,"url":"https:\/\/larevistadigital.com.ar\/blog\/chascomus-tercer-procedimiento-importante-de-drogas-en-los-ultimos-tres-meses\/","url_meta":{"origin":9281,"position":3},"title":"CHASCOM\u00daS: TERCER PROCEDIMIENTO IMPORTANTE DE DROGAS EN LOS \u00daLTIMOS TRES MESES","author":"Alejandro Sosa Ruda","date":"26 mayo, 2022","format":false,"excerpt":"Se logr\u00f3 resultado positivo, en distintos allanamientos y se detuvo una persona por comercializaci\u00f3n de estupefacientes, consiguiendo otro buen resultado en la materia. La subdelegaci\u00f3n departamental de investigaciones del tr\u00e1fico de drogas il\u00edcitas de Chascom\u00fas, inform\u00f3 que se llevaron a cabo tres allanamientos por infracci\u00f3n a la ley 23.737. Tras\u2026","rel":"","context":"En \u00abDESTACADAS\u00bb","block_context":{"text":"DESTACADAS","link":"https:\/\/larevistadigital.com.ar\/blog\/category\/destacadas\/"},"img":{"alt_text":"","src":"https:\/\/i0.wp.com\/larevistadigital.com.ar\/blog\/wp-content\/uploads\/WhatsApp-Image-2022-05-26-at-8.02.24-AM-1.jpeg?fit=1200%2C900&ssl=1&resize=350%2C200","width":350,"height":200,"srcset":"https:\/\/i0.wp.com\/larevistadigital.com.ar\/blog\/wp-content\/uploads\/WhatsApp-Image-2022-05-26-at-8.02.24-AM-1.jpeg?fit=1200%2C900&ssl=1&resize=350%2C200 1x, https:\/\/i0.wp.com\/larevistadigital.com.ar\/blog\/wp-content\/uploads\/WhatsApp-Image-2022-05-26-at-8.02.24-AM-1.jpeg?fit=1200%2C900&ssl=1&resize=525%2C300 1.5x, https:\/\/i0.wp.com\/larevistadigital.com.ar\/blog\/wp-content\/uploads\/WhatsApp-Image-2022-05-26-at-8.02.24-AM-1.jpeg?fit=1200%2C900&ssl=1&resize=700%2C400 2x, https:\/\/i0.wp.com\/larevistadigital.com.ar\/blog\/wp-content\/uploads\/WhatsApp-Image-2022-05-26-at-8.02.24-AM-1.jpeg?fit=1200%2C900&ssl=1&resize=1050%2C600 3x"},"classes":[]},{"id":33046,"url":"https:\/\/larevistadigital.com.ar\/blog\/chascomus-allanan-y-aprehenden-a-un-hombre-y-su-hija-por-tenencia-y-comercializacion-de-estupefacientes\/","url_meta":{"origin":9281,"position":4},"title":"CHASCOM\u00daS:  ALLANAN Y APREHENDEN A UN HOMBRE Y SU HIJA POR TENENCIA Y COMERCIALIZACI\u00d3N DE ESTUPEFACIENTES","author":"Alejandro Sosa Ruda","date":"26 agosto, 2023","format":false,"excerpt":"En los allanamientos secuestraron coca\u00edna, tel\u00e9fonos y dinero. 26 de agosto de 2023 CHASCOM\u00daS -\u00a0 La Subdelegaci\u00f3n Departamental de Investigaciones del Tr\u00e1fico de Drogas Il\u00edcitas Chascom\u00fas, en la noche del jueves llev\u00f3 a cabo dos allanamientos por infracci\u00f3n a la ley de estupefacientes. El mismo se debi\u00f3 a que un\u2026","rel":"","context":"En \u00abINTERES GENERAL\u00bb","block_context":{"text":"INTERES GENERAL","link":"https:\/\/larevistadigital.com.ar\/blog\/category\/interes-general\/"},"img":{"alt_text":"","src":"https:\/\/i0.wp.com\/larevistadigital.com.ar\/blog\/wp-content\/uploads\/2019\/02\/esposado.jpg?fit=1024%2C768&ssl=1&resize=350%2C200","width":350,"height":200,"srcset":"https:\/\/i0.wp.com\/larevistadigital.com.ar\/blog\/wp-content\/uploads\/2019\/02\/esposado.jpg?fit=1024%2C768&ssl=1&resize=350%2C200 1x, https:\/\/i0.wp.com\/larevistadigital.com.ar\/blog\/wp-content\/uploads\/2019\/02\/esposado.jpg?fit=1024%2C768&ssl=1&resize=525%2C300 1.5x, https:\/\/i0.wp.com\/larevistadigital.com.ar\/blog\/wp-content\/uploads\/2019\/02\/esposado.jpg?fit=1024%2C768&ssl=1&resize=700%2C400 2x"},"classes":[]},{"id":31034,"url":"https:\/\/larevistadigital.com.ar\/blog\/mar-del-plata-secuestran-mas-de-cien-kg-de-cocaina-en-un-allanamiento-en-un-bunker-de-drogas\/","url_meta":{"origin":9281,"position":5},"title":"MAR DEL PLATA: SECUESTRAN M\u00c1S DE CIEN KG. DE COCA\u00cdNA EN UN ALLANAMIENTO EN UN BUNKER DE DROGAS","author":"Alejandro Sosa Ruda","date":"14 abril, 2023","format":false,"excerpt":"Se logr\u00f3 secuestrar una importante cantidad de droga, y se detuvo una persona. 14 de abril de 2023 MAR DEL PLATA -\u00a0 La Polic\u00eda Federal llev\u00f3 a cabo un allanamiento en un b\u00fanker de drogas en el barrio Malvinas Argentinas, donde detuvieron al principal sospechoso y secuestraron alrededor de cien\u2026","rel":"","context":"En \u00abPOLICIALES\u00bb","block_context":{"text":"POLICIALES","link":"https:\/\/larevistadigital.com.ar\/blog\/category\/policiales\/"},"img":{"alt_text":"","src":"https:\/\/i0.wp.com\/larevistadigital.com.ar\/blog\/wp-content\/uploads\/Captura-de-pantalla-2023-04-14-125738.png?fit=808%2C452&ssl=1&resize=350%2C200","width":350,"height":200,"srcset":"https:\/\/i0.wp.com\/larevistadigital.com.ar\/blog\/wp-content\/uploads\/Captura-de-pantalla-2023-04-14-125738.png?fit=808%2C452&ssl=1&resize=350%2C200 1x, https:\/\/i0.wp.com\/larevistadigital.com.ar\/blog\/wp-content\/uploads\/Captura-de-pantalla-2023-04-14-125738.png?fit=808%2C452&ssl=1&resize=525%2C300 1.5x, https:\/\/i0.wp.com\/larevistadigital.com.ar\/blog\/wp-content\/uploads\/Captura-de-pantalla-2023-04-14-125738.png?fit=808%2C452&ssl=1&resize=700%2C400 2x"},"classes":[]}],"_links":{"self":[{"href":"https:\/\/larevistadigital.com.ar\/blog\/wp-json\/wp\/v2\/posts\/9281","targetHints":{"allow":["GET"]}}],"collection":[{"href":"https:\/\/larevistadigital.com.ar\/blog\/wp-json\/wp\/v2\/posts"}],"about":[{"href":"https:\/\/larevistadigital.com.ar\/blog\/wp-json\/wp\/v2\/types\/post"}],"author":[{"embeddable":true,"href":"https:\/\/larevistadigital.com.ar\/blog\/wp-json\/wp\/v2\/users\/3"}],"replies":[{"embeddable":true,"href":"https:\/\/larevistadigital.com.ar\/blog\/wp-json\/wp\/v2\/comments?post=9281"}],"version-history":[{"count":1,"href":"https:\/\/larevistadigital.com.ar\/blog\/wp-json\/wp\/v2\/posts\/9281\/revisions"}],"predecessor-version":[{"id":9283,"href":"https:\/\/larevistadigital.com.ar\/blog\/wp-json\/wp\/v2\/posts\/9281\/revisions\/9283"}],"wp:featuredmedia":[{"embeddable":true,"href":"https:\/\/larevistadigital.com.ar\/blog\/wp-json\/wp\/v2\/media\/9282"}],"wp:attachment":[{"href":"https:\/\/larevistadigital.com.ar\/blog\/wp-json\/wp\/v2\/media?parent=9281"}],"wp:term":[{"taxonomy":"category","embeddable":true,"href":"https:\/\/larevistadigital.com.ar\/blog\/wp-json\/wp\/v2\/categories?post=9281"},{"taxonomy":"post_tag","embeddable":true,"href":"https:\/\/larevistadigital.com.ar\/blog\/wp-json\/wp\/v2\/tags?post=9281"}],"curies":[{"name":"wp","href":"https:\/\/api.w.org\/{rel}","templated":true}]}}