{"id":9284,"date":"2019-03-24T00:16:03","date_gmt":"2019-03-24T00:16:03","guid":{"rendered":"https:\/\/larevistadigital.com.ar\/blog\/?p=9284"},"modified":"2019-03-24T00:16:03","modified_gmt":"2019-03-24T00:16:03","slug":"apertura-oficial-de-japon-en-chascomus","status":"publish","type":"post","link":"https:\/\/larevistadigital.com.ar\/blog\/apertura-oficial-de-japon-en-chascomus\/","title":{"rendered":"APERTURA OFICIAL DE JAP\u00d3N EN CHASCOM\u00daS"},"content":{"rendered":"<p>Esta ma\u00f1ana, con la presencia del Intendente Municipal, <strong>Javier Gast\u00f3n<\/strong> y el Sr. Embajador de Jap\u00f3n, <strong>Noriteru Fukushima<\/strong>, qued\u00f3 oficialmente inaugurado el Torii, arco tradicional japon\u00e9s emplazado en Avenida Costanera Pedro Gast\u00f3n, en el marco de la apertura del evento Jap\u00f3n en Chascom\u00fas que se desarrolla por primera vez en nuestra ciudad.<\/p>\n<div class=\"text_exposed_show\">\n<p>Dando inicio al acto, se entonaron las estrofas del Himno Nacional Argentino, interpretado por la Filarm\u00f3nica de Chascom\u00fas, y seguidamente, el Himno Nacional de Jap\u00f3n interpretado junto al Coro- Escuela.<\/p>\n<blockquote>\n<h3>Luego, el Director General del evento Jap\u00f3n en Chascom\u00fas,<strong> Alejandro Sartori<\/strong> fue invitado a decir unas palabras y a continuaci\u00f3n, el Intendente <strong>Javier Gast\u00f3n<\/strong> brind\u00f3 un mensaje destacando la importancia de consolidar y fortalecer los lazos de hermandad que unen a nuestra ciudad con Jap\u00f3n.<\/h3>\n<\/blockquote>\n<p>Asimismo, el Sr. Embajador de Jap\u00f3n en la Rep\u00fablica Argentina, <strong>Noriteru Fukushima<\/strong>, comparti\u00f3 unas palabras de agradecimiento.<\/p>\n<p><a href=\"https:\/\/i0.wp.com\/larevistadigital.com.ar\/blog\/wp-content\/uploads\/2019\/03\/54800142_2347428711944667_1897784703360958464_o.jpg?ssl=1\"><img data-recalc-dims=\"1\" loading=\"lazy\" decoding=\"async\" class=\"alignnone size-full wp-image-9286\" src=\"https:\/\/i0.wp.com\/larevistadigital.com.ar\/blog\/wp-content\/uploads\/2019\/03\/54800142_2347428711944667_1897784703360958464_o.jpg?resize=2048%2C1367&#038;ssl=1\" alt=\"\" width=\"2048\" height=\"1367\" srcset=\"https:\/\/i0.wp.com\/larevistadigital.com.ar\/blog\/wp-content\/uploads\/2019\/03\/54800142_2347428711944667_1897784703360958464_o.jpg?w=2048&amp;ssl=1 2048w, https:\/\/i0.wp.com\/larevistadigital.com.ar\/blog\/wp-content\/uploads\/2019\/03\/54800142_2347428711944667_1897784703360958464_o.jpg?resize=300%2C200&amp;ssl=1 300w, https:\/\/i0.wp.com\/larevistadigital.com.ar\/blog\/wp-content\/uploads\/2019\/03\/54800142_2347428711944667_1897784703360958464_o.jpg?resize=768%2C513&amp;ssl=1 768w, https:\/\/i0.wp.com\/larevistadigital.com.ar\/blog\/wp-content\/uploads\/2019\/03\/54800142_2347428711944667_1897784703360958464_o.jpg?resize=1024%2C684&amp;ssl=1 1024w\" sizes=\"auto, (max-width: 1000px) 100vw, 1000px\" \/><\/a><\/p>\n<p>Al finalizar este acto oficial, las autoridades descubrieron la placa conmemorativa que habilita la entrada al Torii.<br \/>\nA continuaci\u00f3n, los presentes se dieron cita en la Escuela Municipal N\u00ba1, Juan Galo de Lavalle, donde se realiz\u00f3 el tradicional corte de cinta para dejar inaugurada la muestra y los talleres, que contaron con un gran n\u00famero de asistentes en la primera jornada.<\/p>\n<p>Luego, la Comisi\u00f3n de Honor e invitados compartieron un almuerzo en la planta alta del Edificio del Turista.<\/p>\n<blockquote>\n<h3>Participaron del acto, el presidente de la Fundaci\u00f3n Cultural Argentino Japonesa, <strong>Kosaka\u00a0Kasunori<\/strong>, la directora del Centro Cultural e Informativo de la Embajada de Jap\u00f3n, <strong>Natsue Kaneko<\/strong>, el gerente de difusi\u00f3n cultural de la Fundaci\u00f3n Cultural Argentino Japonesa, <strong>Eduardo Kill\u00e1n<\/strong>, autoridades municipales, integrantes de la fundaci\u00f3n y vecinos de la comunidad.<\/h3>\n<\/blockquote>\n<p>Durante la jornada del domingo tendr\u00e1n continuidad las muestras, seminarios, talleres y espect\u00e1culos en la Escuela Municipal N\u00ba 1 y en el Parque Libres del Sur.<\/p>\n<\/div>\n","protected":false},"excerpt":{"rendered":"<div class=\"mh-excerpt\"><p>Esta ma\u00f1ana, con la presencia del Intendente Municipal, Javier Gast\u00f3n y el Sr. Embajador de Jap\u00f3n, Noriteru Fukushima, qued\u00f3 oficialmente inaugurado el Torii, arco tradicional japon\u00e9s emplazado en Avenida Costanera Pedro Gast\u00f3n, en el marco <a class=\"mh-excerpt-more\" href=\"https:\/\/larevistadigital.com.ar\/blog\/apertura-oficial-de-japon-en-chascomus\/\" title=\"APERTURA OFICIAL DE JAP\u00d3N EN CHASCOM\u00daS\">[Leer M\u00e1s]<\/a><\/p>\n<\/div>","protected":false},"author":3,"featured_media":9285,"comment_status":"open","ping_status":"open","sticky":false,"template":"","format":"standard","meta":{"_jetpack_memberships_contains_paid_content":false,"footnotes":"","jetpack_publicize_message":"","jetpack_publicize_feature_enabled":true,"jetpack_social_post_already_shared":true,"jetpack_social_options":{"image_generator_settings":{"template":"highway","default_image_id":0,"font":"","enabled":false},"version":2}},"categories":[41],"tags":[],"class_list":{"0":"post-9284","1":"post","2":"type-post","3":"status-publish","4":"format-standard","5":"has-post-thumbnail","7":"category-destacadas"},"jetpack_publicize_connections":[],"jetpack_featured_media_url":"https:\/\/i0.wp.com\/larevistadigital.com.ar\/blog\/wp-content\/uploads\/2019\/03\/55882038_2347428661944672_5805142565380423680_o.jpg?fit=2048%2C1365&ssl=1","jetpack_sharing_enabled":true,"jetpack_shortlink":"https:\/\/wp.me\/p8qtrQ-2pK","jetpack-related-posts":[{"id":8781,"url":"https:\/\/larevistadigital.com.ar\/blog\/chascomus-el-evento-japon-en-chascomus-contara-con-mas-de-100-artistas-numerosas-actividades-y-la-presencia-del-embajador\/","url_meta":{"origin":9284,"position":0},"title":"CHASCOM\u00daS: EL EVENTO \u201cJAP\u00d3N EN CHASCOM\u00daS\u201d CONTAR\u00c1 CON M\u00c1S DE 100 ARTISTAS, NUMEROSAS ACTIVIDADES Y LA PRESENCIA DEL EMBAJADOR","author":"Alejandro Sosa Ruda","date":"27 febrero, 2019","format":false,"excerpt":"Los pr\u00f3ximos 23 y 24 de marzo y con el objetivo de difundir la cultura japonesa en nuestra ciudad, se desarrollar\u00e1 este importante encuentro organizado por la Municipalidad y la Fundaci\u00f3n Cultural Argentino Japonesa, que contar\u00e1 con la presencia del embajador Noriteru Fukushima En el marco de dicho evento, trabajadores\u2026","rel":"","context":"En \u00abCHASCOM\u00daS\u00bb","block_context":{"text":"CHASCOM\u00daS","link":"https:\/\/larevistadigital.com.ar\/blog\/category\/chascomus\/"},"img":{"alt_text":"","src":"https:\/\/i0.wp.com\/larevistadigital.com.ar\/blog\/wp-content\/uploads\/2019\/02\/52789780_2310990982255107_3766035785665478656_o.jpg?fit=1200%2C801&ssl=1&resize=350%2C200","width":350,"height":200,"srcset":"https:\/\/i0.wp.com\/larevistadigital.com.ar\/blog\/wp-content\/uploads\/2019\/02\/52789780_2310990982255107_3766035785665478656_o.jpg?fit=1200%2C801&ssl=1&resize=350%2C200 1x, https:\/\/i0.wp.com\/larevistadigital.com.ar\/blog\/wp-content\/uploads\/2019\/02\/52789780_2310990982255107_3766035785665478656_o.jpg?fit=1200%2C801&ssl=1&resize=525%2C300 1.5x, https:\/\/i0.wp.com\/larevistadigital.com.ar\/blog\/wp-content\/uploads\/2019\/02\/52789780_2310990982255107_3766035785665478656_o.jpg?fit=1200%2C801&ssl=1&resize=700%2C400 2x, https:\/\/i0.wp.com\/larevistadigital.com.ar\/blog\/wp-content\/uploads\/2019\/02\/52789780_2310990982255107_3766035785665478656_o.jpg?fit=1200%2C801&ssl=1&resize=1050%2C600 3x"},"classes":[]},{"id":13656,"url":"https:\/\/larevistadigital.com.ar\/blog\/javier-gaston-asumio-su-segundo-mandato-como-intendente-de-chascomus\/","url_meta":{"origin":9284,"position":1},"title":"JAVIER GAST\u00d3N ASUMI\u00d3 SU SEGUNDO MANDATO COMO INTENDENTE DE CHASCOM\u00daS","author":"Alejandro Sosa Ruda","date":"13 diciembre, 2019","format":false,"excerpt":"Previamente el Intendente realiz\u00f3 la jura correspondiente en el Honorable Concejo Deliberante, donde estuvo acompa\u00f1ado por su familia, equipo de trabajo, concejales y p\u00fablico en general. Luego, en la plaza, lleg\u00f3 el momento de la Orquesta Filarm\u00f3nica Municipal, creada en 2017, que interpret\u00f3 las estrofas del Himno Nacional. Continuando con\u2026","rel":"","context":"En \u00abDESTACADAS\u00bb","block_context":{"text":"DESTACADAS","link":"https:\/\/larevistadigital.com.ar\/blog\/category\/destacadas\/"},"img":{"alt_text":"","src":"https:\/\/i0.wp.com\/larevistadigital.com.ar\/blog\/wp-content\/uploads\/78869289_2860712707282929_6023469827643932672_o.jpg?fit=960%2C639&ssl=1&resize=350%2C200","width":350,"height":200,"srcset":"https:\/\/i0.wp.com\/larevistadigital.com.ar\/blog\/wp-content\/uploads\/78869289_2860712707282929_6023469827643932672_o.jpg?fit=960%2C639&ssl=1&resize=350%2C200 1x, https:\/\/i0.wp.com\/larevistadigital.com.ar\/blog\/wp-content\/uploads\/78869289_2860712707282929_6023469827643932672_o.jpg?fit=960%2C639&ssl=1&resize=525%2C300 1.5x, https:\/\/i0.wp.com\/larevistadigital.com.ar\/blog\/wp-content\/uploads\/78869289_2860712707282929_6023469827643932672_o.jpg?fit=960%2C639&ssl=1&resize=700%2C400 2x"},"classes":[]},{"id":39813,"url":"https:\/\/larevistadigital.com.ar\/blog\/chascomus-este-domingo-se-realizara-el-acto-oficial-en-conmemoracion-de-la-revolucion-de-mayo\/","url_meta":{"origin":9284,"position":2},"title":"Chascom\u00fas: Este domingo se realizar\u00e1 el acto oficial en conmemoraci\u00f3n de la Revoluci\u00f3n de Mayo","author":"Alejandro Sosa Ruda","date":"20 mayo, 2025","format":false,"excerpt":"Comenzar\u00e1 a las 11,50 horas, en la Plaza Independencia y ser\u00e1 encabezado por el intendente Javier Gast\u00f3n. 20 de Mayo de 2025 CHASCOM\u00daS -\u00a0 \u00a0La Municipalidad de Chascom\u00fas invita a los vecinos a participar de los actos a celebrarse en la jornada de este domingo 25 de mayo, en conmemoraci\u00f3n\u2026","rel":"","context":"En \u00abCHASCOM\u00daS\u00bb","block_context":{"text":"CHASCOM\u00daS","link":"https:\/\/larevistadigital.com.ar\/blog\/category\/chascomus\/"},"img":{"alt_text":"","src":"https:\/\/i0.wp.com\/larevistadigital.com.ar\/blog\/wp-content\/uploads\/682cab20e594a.png?fit=668%2C445&ssl=1&resize=350%2C200","width":350,"height":200,"srcset":"https:\/\/i0.wp.com\/larevistadigital.com.ar\/blog\/wp-content\/uploads\/682cab20e594a.png?fit=668%2C445&ssl=1&resize=350%2C200 1x, https:\/\/i0.wp.com\/larevistadigital.com.ar\/blog\/wp-content\/uploads\/682cab20e594a.png?fit=668%2C445&ssl=1&resize=525%2C300 1.5x"},"classes":[]},{"id":6125,"url":"https:\/\/larevistadigital.com.ar\/blog\/destacable-gesto-del-intendente-de-chascomus-javier-gaston-y-su-bloque-de-concejales\/","url_meta":{"origin":9284,"position":3},"title":"DESTACABLE GESTO DEL INTENDENTE DE CHASCOM\u00daS, JAVIER GAST\u00d3N Y SU BLOQUE DE CONCEJALES","author":"Alejandro Sosa Ruda","date":"3 agosto, 2018","format":false,"excerpt":"El intendente de Chascom\u00fas, Javier Gast\u00f3n y el bloque de concejales de Unidad por Chascom\u00fas, se hicieron presentes en el Congreso Nacional a efectos de apoyar a los Bomberos Voluntarios de la ciudad y el pa\u00eds en su reclamo para que no se quiten los subsidios para el equipamiento y\u2026","rel":"","context":"En \u00abCHASCOM\u00daS\u00bb","block_context":{"text":"CHASCOM\u00daS","link":"https:\/\/larevistadigital.com.ar\/blog\/category\/chascomus\/"},"img":{"alt_text":"","src":"https:\/\/i0.wp.com\/larevistadigital.com.ar\/blog\/wp-content\/uploads\/2018\/08\/Screenshot_1.jpg?fit=670%2C556&ssl=1&resize=350%2C200","width":350,"height":200,"srcset":"https:\/\/i0.wp.com\/larevistadigital.com.ar\/blog\/wp-content\/uploads\/2018\/08\/Screenshot_1.jpg?fit=670%2C556&ssl=1&resize=350%2C200 1x, https:\/\/i0.wp.com\/larevistadigital.com.ar\/blog\/wp-content\/uploads\/2018\/08\/Screenshot_1.jpg?fit=670%2C556&ssl=1&resize=525%2C300 1.5x"},"classes":[]},{"id":39983,"url":"https:\/\/larevistadigital.com.ar\/blog\/chascomus-preparativos-para-la-apertura-del-hotel-de-utedyc\/","url_meta":{"origin":9284,"position":4},"title":"Chascom\u00fas: Preparativos para la apertura del Hotel de Utedyc","author":"Alejandro Sosa Ruda","date":"6 junio, 2025","format":false,"excerpt":"El intendente Javier Gast\u00f3n se reuni\u00f3 con representantes del gremio para coordinar los actos de inauguraci\u00f3n. 6 de Junio de 2025 CHASCOM\u00daS-\u00a0 \u00a0El intendente Javier Gast\u00f3n mantuvo un encuentro con referentes de la Uni\u00f3n Trabajadores de Entidades Deportivas y Civiles (UTEDYC), con el objetivo de avanzar en la organizaci\u00f3n de\u2026","rel":"","context":"En \u00abDESTACADAS\u00bb","block_context":{"text":"DESTACADAS","link":"https:\/\/larevistadigital.com.ar\/blog\/category\/destacadas\/"},"img":{"alt_text":"","src":"https:\/\/i0.wp.com\/larevistadigital.com.ar\/blog\/wp-content\/uploads\/684324096ef36-1.png?fit=668%2C445&ssl=1&resize=350%2C200","width":350,"height":200,"srcset":"https:\/\/i0.wp.com\/larevistadigital.com.ar\/blog\/wp-content\/uploads\/684324096ef36-1.png?fit=668%2C445&ssl=1&resize=350%2C200 1x, https:\/\/i0.wp.com\/larevistadigital.com.ar\/blog\/wp-content\/uploads\/684324096ef36-1.png?fit=668%2C445&ssl=1&resize=525%2C300 1.5x"},"classes":[]},{"id":4054,"url":"https:\/\/larevistadigital.com.ar\/blog\/japon-aportara-mamografo-al-hospital\/","url_meta":{"origin":9284,"position":5},"title":"Jap\u00f3n aportar\u00e1 un mam\u00f3grafo al hospital","author":"admin","date":"27 noviembre, 2017","format":false,"excerpt":"En el d\u00eda de hoy, funcionarios municipales junto a integrantes de la asociaci\u00f3n cooperadora del hospital municipal, rubricar\u00e1n un convenio de asistencia en la Embajada del Jap\u00f3n en el pa\u00eds. En principio y de acuerdo a lo que pudo saberse, esto implicar\u00e1 la posibilidad de comprar un mam\u00f3grafo para el\u2026","rel":"","context":"En \u00abCHASCOM\u00daS\u00bb","block_context":{"text":"CHASCOM\u00daS","link":"https:\/\/larevistadigital.com.ar\/blog\/category\/chascomus\/"},"img":{"alt_text":"","src":"https:\/\/i0.wp.com\/larevistadigital.com.ar\/blog\/wp-content\/uploads\/2017\/11\/JAPON_25denoviembrede2017_elfuerte.jpg?fit=737%2C415&ssl=1&resize=350%2C200","width":350,"height":200,"srcset":"https:\/\/i0.wp.com\/larevistadigital.com.ar\/blog\/wp-content\/uploads\/2017\/11\/JAPON_25denoviembrede2017_elfuerte.jpg?fit=737%2C415&ssl=1&resize=350%2C200 1x, https:\/\/i0.wp.com\/larevistadigital.com.ar\/blog\/wp-content\/uploads\/2017\/11\/JAPON_25denoviembrede2017_elfuerte.jpg?fit=737%2C415&ssl=1&resize=525%2C300 1.5x, https:\/\/i0.wp.com\/larevistadigital.com.ar\/blog\/wp-content\/uploads\/2017\/11\/JAPON_25denoviembrede2017_elfuerte.jpg?fit=737%2C415&ssl=1&resize=700%2C400 2x"},"classes":[]}],"_links":{"self":[{"href":"https:\/\/larevistadigital.com.ar\/blog\/wp-json\/wp\/v2\/posts\/9284","targetHints":{"allow":["GET"]}}],"collection":[{"href":"https:\/\/larevistadigital.com.ar\/blog\/wp-json\/wp\/v2\/posts"}],"about":[{"href":"https:\/\/larevistadigital.com.ar\/blog\/wp-json\/wp\/v2\/types\/post"}],"author":[{"embeddable":true,"href":"https:\/\/larevistadigital.com.ar\/blog\/wp-json\/wp\/v2\/users\/3"}],"replies":[{"embeddable":true,"href":"https:\/\/larevistadigital.com.ar\/blog\/wp-json\/wp\/v2\/comments?post=9284"}],"version-history":[{"count":1,"href":"https:\/\/larevistadigital.com.ar\/blog\/wp-json\/wp\/v2\/posts\/9284\/revisions"}],"predecessor-version":[{"id":9287,"href":"https:\/\/larevistadigital.com.ar\/blog\/wp-json\/wp\/v2\/posts\/9284\/revisions\/9287"}],"wp:featuredmedia":[{"embeddable":true,"href":"https:\/\/larevistadigital.com.ar\/blog\/wp-json\/wp\/v2\/media\/9285"}],"wp:attachment":[{"href":"https:\/\/larevistadigital.com.ar\/blog\/wp-json\/wp\/v2\/media?parent=9284"}],"wp:term":[{"taxonomy":"category","embeddable":true,"href":"https:\/\/larevistadigital.com.ar\/blog\/wp-json\/wp\/v2\/categories?post=9284"},{"taxonomy":"post_tag","embeddable":true,"href":"https:\/\/larevistadigital.com.ar\/blog\/wp-json\/wp\/v2\/tags?post=9284"}],"curies":[{"name":"wp","href":"https:\/\/api.w.org\/{rel}","templated":true}]}}