{"id":9288,"date":"2019-03-24T01:31:38","date_gmt":"2019-03-24T01:31:38","guid":{"rendered":"https:\/\/larevistadigital.com.ar\/blog\/?p=9288"},"modified":"2019-03-24T01:31:38","modified_gmt":"2019-03-24T01:31:38","slug":"aca-te-mostramos-la-galeria-de-aranas-mas-terribles-del-planeta","status":"publish","type":"post","link":"https:\/\/larevistadigital.com.ar\/blog\/aca-te-mostramos-la-galeria-de-aranas-mas-terribles-del-planeta\/","title":{"rendered":"AC\u00c1 TE MOSTRAMOS LA GALER\u00cdA DE ARA\u00d1AS MAS TERRIBLES DEL PLANETA"},"content":{"rendered":"<p><strong>Pr\u00e1cticamente todas las ARA\u00d1AS son carn\u00edvoras<\/strong>\u00a0(se alimentan de grillos, cucarachas, moscas, p\u00e1jaros y vertebrados peque\u00f1os&#8230;), pero existen algunas -muy pocas, eso s\u00ed- especies herb\u00edvoras (como la saltarina\u00a0<em>Bagheera kiplingi,<\/em>\u00a0una ara\u00f1a de Centroam\u00e9rica que solo come plantas). Los cient\u00edficos est\u00e1n convencidos de que a\u00fan quedan especies asombrosas por descubrir. Por el momento,\u00a0<strong>se conocen aproximadamente 43.000 tipos de ara\u00f1as en todo el mundo<\/strong>\u00a0y solo en Australia existen m\u00e1s de 4.000 especies de ara\u00f1as.<\/p>\n<p>Aunque hay personas que sufren de\u00a0 aracnof\u00f3bia<strong>,<\/strong>\u00a0lo m\u00e1s llamativo de todo es que a pesar del p\u00e1nico que pueda provocarnos verlas, las ara\u00f1as consideradas como m\u00e1s aterradoras son inofensivas para el ser humano. De hecho,\u00a0<strong>se dan m\u00e1s casos de heridas causadas por reacciones de miedo ante la visi\u00f3n de una de estas ara\u00f1as que por picaduras de ara\u00f1a.<\/strong><\/p>\n<blockquote>\n<h3>Un curioso estudio publicado en 2012 en la revista<em>\u00a0The Science of Nature,<\/em> revel\u00f3 que si todas las ara\u00f1as del planeta se coordinaran y comenzaran a comerse a los seres humanos, <strong>tardar\u00edan menos de un a\u00f1o en hacerlo<\/strong>\u00a0e incluso pasar\u00edan hambre, pues entre todas comen el equivalente a 400-800 millones de toneladas al a\u00f1o en presas.<\/h3>\n<\/blockquote>\n<p>Fuera de suposiciones, si tuvi\u00e9ramos que destacar una ara\u00f1a por su picadura mortal esta ser\u00eda sin duda la ara\u00f1a\u00a0<em>Atrax robustus<\/em>. Esta ara\u00f1a australiana, conocida tambi\u00e9n como ara\u00f1a de S\u00eddney, es una de las ara\u00f1as con la picadura m\u00e1s potente del mundo, pues sus colmillos son incluso capaces de atravesar un zapato humano. La ara\u00f1a bananera (<em>Phoneutria nigriventer<\/em>) es otra de las que destaca por su veneno letal. Es agresiva, grande (ocupa la palma de la mano), r\u00e1pida y tan venenosa que la cantidad de veneno necesario para matar a un rat\u00f3n de 20 gramos es de apenas 6 microgramos por v\u00eda intravenosa. <strong>Para algunos cient\u00edficos, es la ara\u00f1a m\u00e1s t\u00f3xica del mundo.\u00a0<\/strong>Para otros, un esp\u00e9cimen peculiar, pues en los hombres provoca un efecto secundario un tanto curioso: la toxina produce una erecci\u00f3n de 4 horas m\u00ednimo de duraci\u00f3n; eso s\u00ed, es dolorosa y puede conducir a males mayores si no recibe tratamiento.<\/p>\n<p>Sin embargo, las ara\u00f1as que vamos a ver hoy destacan no tanto por su toxicidad, sino\u00a0<strong>por su aspecto<\/strong>. Un solo vistazo a estas ara\u00f1as \u2013con aumento, pues la mayor\u00eda son de nimio tama\u00f1o-, har\u00e1 que te sorprendas una vez m\u00e1s de<strong> las maravillosas criaturas que podemos encontrar en la naturaleza.<\/strong><\/p>\n<figure id=\"attachment_9289\" aria-describedby=\"caption-attachment-9289\" style=\"width: 1140px\" class=\"wp-caption alignnone\"><a href=\"https:\/\/i0.wp.com\/larevistadigital.com.ar\/blog\/wp-content\/uploads\/2019\/03\/aranas-maratus.jpg?ssl=1\"><img data-recalc-dims=\"1\" loading=\"lazy\" decoding=\"async\" class=\"size-full wp-image-9289\" src=\"https:\/\/i0.wp.com\/larevistadigital.com.ar\/blog\/wp-content\/uploads\/2019\/03\/aranas-maratus.jpg?resize=1140%2C792&#038;ssl=1\" alt=\"\" width=\"1140\" height=\"792\" srcset=\"https:\/\/i0.wp.com\/larevistadigital.com.ar\/blog\/wp-content\/uploads\/2019\/03\/aranas-maratus.jpg?w=1140&amp;ssl=1 1140w, https:\/\/i0.wp.com\/larevistadigital.com.ar\/blog\/wp-content\/uploads\/2019\/03\/aranas-maratus.jpg?resize=300%2C208&amp;ssl=1 300w, https:\/\/i0.wp.com\/larevistadigital.com.ar\/blog\/wp-content\/uploads\/2019\/03\/aranas-maratus.jpg?resize=768%2C534&amp;ssl=1 768w, https:\/\/i0.wp.com\/larevistadigital.com.ar\/blog\/wp-content\/uploads\/2019\/03\/aranas-maratus.jpg?resize=1024%2C711&amp;ssl=1 1024w\" sizes=\"auto, (max-width: 1000px) 100vw, 1000px\" \/><\/a><figcaption id=\"caption-attachment-9289\" class=\"wp-caption-text\"><strong>ARANAS MARATUS<\/strong><\/figcaption><\/figure>\n<p><strong>1-<\/strong> <strong>ARA\u00d1A ELEFANTE<\/strong><\/p>\n<p>Dentro de la especie de la especie de<strong>\u00a0ara\u00f1as pavo real<\/strong> -consideradas de las m\u00e1s bonitas gracias a sus vistosos colores y al baile que los machos realizan para llamar la atenci\u00f3n de las hembras-, en 2015 un equipo de cient\u00edficos de la Universidad de California en Berkeley (EE. UU) present\u00f3 el descubrimiento en Australia de varios ejemplares no conocidos. Entre ellos se encuentra la bautizada como ara\u00f1a elefante, hallada en S\u00eddney por el fot\u00f3grafo J\u00fcrgen Otto, que presenta en las solapas traseras de su cuerpo lo que parece ser la silueta de un elefante. Se trata de una ara\u00f1a muy peque\u00f1a, apenas unos 3-5 mil\u00edmetros, por lo que es necesario el uso de una lupa o una lente potente para percibir su particular belleza. Es curioso que cuando la ara\u00f1a no lleva a cabo el cortejo, dobla su zona corporal de exhibici\u00f3n cerca de su abdomen.<\/p>\n<p><em>Cr\u00e9dito imagen:\u00a0<a href=\"https:\/\/www.flickr.com\/photos\/59431731@N05\/page3\" target=\"_blank\" rel=\"noopener noreferrer\">J\u00fcrgen Otto<\/a><\/em><\/p>\n<figure id=\"attachment_9290\" aria-describedby=\"caption-attachment-9290\" style=\"width: 1140px\" class=\"wp-caption alignnone\"><a href=\"https:\/\/i0.wp.com\/larevistadigital.com.ar\/blog\/wp-content\/uploads\/2019\/03\/aranas-deinopis.jpg?ssl=1\"><img data-recalc-dims=\"1\" loading=\"lazy\" decoding=\"async\" class=\"size-full wp-image-9290\" src=\"https:\/\/i0.wp.com\/larevistadigital.com.ar\/blog\/wp-content\/uploads\/2019\/03\/aranas-deinopis.jpg?resize=1140%2C855&#038;ssl=1\" alt=\"\" width=\"1140\" height=\"855\" srcset=\"https:\/\/i0.wp.com\/larevistadigital.com.ar\/blog\/wp-content\/uploads\/2019\/03\/aranas-deinopis.jpg?w=1140&amp;ssl=1 1140w, https:\/\/i0.wp.com\/larevistadigital.com.ar\/blog\/wp-content\/uploads\/2019\/03\/aranas-deinopis.jpg?resize=300%2C225&amp;ssl=1 300w, https:\/\/i0.wp.com\/larevistadigital.com.ar\/blog\/wp-content\/uploads\/2019\/03\/aranas-deinopis.jpg?resize=768%2C576&amp;ssl=1 768w, https:\/\/i0.wp.com\/larevistadigital.com.ar\/blog\/wp-content\/uploads\/2019\/03\/aranas-deinopis.jpg?resize=1024%2C768&amp;ssl=1 1024w, https:\/\/i0.wp.com\/larevistadigital.com.ar\/blog\/wp-content\/uploads\/2019\/03\/aranas-deinopis.jpg?resize=678%2C509&amp;ssl=1 678w, https:\/\/i0.wp.com\/larevistadigital.com.ar\/blog\/wp-content\/uploads\/2019\/03\/aranas-deinopis.jpg?resize=326%2C245&amp;ssl=1 326w, https:\/\/i0.wp.com\/larevistadigital.com.ar\/blog\/wp-content\/uploads\/2019\/03\/aranas-deinopis.jpg?resize=80%2C60&amp;ssl=1 80w\" sizes=\"auto, (max-width: 1000px) 100vw, 1000px\" \/><\/a><figcaption id=\"caption-attachment-9290\" class=\"wp-caption-text\"><strong>ARANAS-DEINOPIS<\/strong><\/figcaption><\/figure>\n<p><strong>2- ARA\u00d1A CARA DE OGRO<\/strong><\/p>\n<p>El g\u00e9nero m\u00e1s com\u00fan de la familia de las\u00a0<em>Deinopidae<\/em>\u00a0es el\u00a0<strong>Deinopis.<\/strong>\u00a0Estas criaturas son conocidas como<strong>\u00a0ara\u00f1as cara de ogro<\/strong> precisamente porque presentan unos grandes ojos que recuerdan a esta criatura mitol\u00f3gica. Las ara\u00f1as cara de ogro o ara\u00f1as gladiadoras se encuentran en todas las regiones tropicales y subtropicales del mundo, sobre todo en Sudam\u00e9rica, \u00c1frica y Ocean\u00eda principalmente. Miden unos 2 cent\u00edmetros y tienen fundamentalmente h\u00e1bitos nocturnos. Sus llamativos OJOS les sirven para ver mejor en la oscuridad. Como curiosidad, para cazar a sus presas tejen una especie de red entre sus patas y esperan a que est\u00e9 a una distancia adecuada para echarse encima de la presa atrapando a su v\u00edctima con la red, al igual que los gladiadores romanos reciarios, los luchadores de la red.<\/p>\n<figure id=\"attachment_9291\" aria-describedby=\"caption-attachment-9291\" style=\"width: 1140px\" class=\"wp-caption alignnone\"><a href=\"https:\/\/i0.wp.com\/larevistadigital.com.ar\/blog\/wp-content\/uploads\/2019\/03\/arana-cazadora1.jpg?ssl=1\"><img data-recalc-dims=\"1\" loading=\"lazy\" decoding=\"async\" class=\"size-full wp-image-9291\" src=\"https:\/\/i0.wp.com\/larevistadigital.com.ar\/blog\/wp-content\/uploads\/2019\/03\/arana-cazadora1.jpg?resize=1140%2C855&#038;ssl=1\" alt=\"\" width=\"1140\" height=\"855\" srcset=\"https:\/\/i0.wp.com\/larevistadigital.com.ar\/blog\/wp-content\/uploads\/2019\/03\/arana-cazadora1.jpg?w=1140&amp;ssl=1 1140w, https:\/\/i0.wp.com\/larevistadigital.com.ar\/blog\/wp-content\/uploads\/2019\/03\/arana-cazadora1.jpg?resize=300%2C225&amp;ssl=1 300w, https:\/\/i0.wp.com\/larevistadigital.com.ar\/blog\/wp-content\/uploads\/2019\/03\/arana-cazadora1.jpg?resize=768%2C576&amp;ssl=1 768w, https:\/\/i0.wp.com\/larevistadigital.com.ar\/blog\/wp-content\/uploads\/2019\/03\/arana-cazadora1.jpg?resize=1024%2C768&amp;ssl=1 1024w, https:\/\/i0.wp.com\/larevistadigital.com.ar\/blog\/wp-content\/uploads\/2019\/03\/arana-cazadora1.jpg?resize=678%2C509&amp;ssl=1 678w, https:\/\/i0.wp.com\/larevistadigital.com.ar\/blog\/wp-content\/uploads\/2019\/03\/arana-cazadora1.jpg?resize=326%2C245&amp;ssl=1 326w, https:\/\/i0.wp.com\/larevistadigital.com.ar\/blog\/wp-content\/uploads\/2019\/03\/arana-cazadora1.jpg?resize=80%2C60&amp;ssl=1 80w\" sizes=\"auto, (max-width: 1000px) 100vw, 1000px\" \/><\/a><figcaption id=\"caption-attachment-9291\" class=\"wp-caption-text\"><strong>ARA\u00d1A CAZADORA<\/strong><\/figcaption><\/figure>\n<p><strong>3- ARA\u00d1A CAZADORA GIGANTE<\/strong><\/p>\n<p><strong>La ara\u00f1a cazadora gigante<\/strong>\u00a0(<em>Heteropoda maxima<\/em>) es la ara\u00f1a con patas m\u00e1s grande del mundo. Para que nos hagamos una idea, su longitud puede llegar hasta 30 cent\u00edmetros. El motivo por el que es capaz de crecer hasta tan magno tama\u00f1o es un misterio para los cient\u00edficos.<\/p>\n<p>Con un aspecto similar al de un cangrejo, estas ara\u00f1as suelen esconderse en cuevas, de ah\u00ed que su crecimiento sea lento pero contundente (las presas escasean en el exterior). Se alimenta de ranas y grillos. Habita \u00fanicamente en Laos.<\/p>\n<p><em>Cr\u00e9dito imagen: BARNYARD BETTY&#8217;S RESCUE<\/em><\/p>\n<figure id=\"attachment_9292\" aria-describedby=\"caption-attachment-9292\" style=\"width: 1140px\" class=\"wp-caption alignnone\"><a href=\"https:\/\/i0.wp.com\/larevistadigital.com.ar\/blog\/wp-content\/uploads\/2019\/03\/aranas-goliat.jpg?ssl=1\"><img data-recalc-dims=\"1\" loading=\"lazy\" decoding=\"async\" class=\"size-full wp-image-9292\" src=\"https:\/\/i0.wp.com\/larevistadigital.com.ar\/blog\/wp-content\/uploads\/2019\/03\/aranas-goliat.jpg?resize=1140%2C855&#038;ssl=1\" alt=\"\" width=\"1140\" height=\"855\" srcset=\"https:\/\/i0.wp.com\/larevistadigital.com.ar\/blog\/wp-content\/uploads\/2019\/03\/aranas-goliat.jpg?w=1140&amp;ssl=1 1140w, https:\/\/i0.wp.com\/larevistadigital.com.ar\/blog\/wp-content\/uploads\/2019\/03\/aranas-goliat.jpg?resize=300%2C225&amp;ssl=1 300w, https:\/\/i0.wp.com\/larevistadigital.com.ar\/blog\/wp-content\/uploads\/2019\/03\/aranas-goliat.jpg?resize=768%2C576&amp;ssl=1 768w, https:\/\/i0.wp.com\/larevistadigital.com.ar\/blog\/wp-content\/uploads\/2019\/03\/aranas-goliat.jpg?resize=1024%2C768&amp;ssl=1 1024w, https:\/\/i0.wp.com\/larevistadigital.com.ar\/blog\/wp-content\/uploads\/2019\/03\/aranas-goliat.jpg?resize=678%2C509&amp;ssl=1 678w, https:\/\/i0.wp.com\/larevistadigital.com.ar\/blog\/wp-content\/uploads\/2019\/03\/aranas-goliat.jpg?resize=326%2C245&amp;ssl=1 326w, https:\/\/i0.wp.com\/larevistadigital.com.ar\/blog\/wp-content\/uploads\/2019\/03\/aranas-goliat.jpg?resize=80%2C60&amp;ssl=1 80w\" sizes=\"auto, (max-width: 1000px) 100vw, 1000px\" \/><\/a><figcaption id=\"caption-attachment-9292\" class=\"wp-caption-text\"><strong>ARA\u00d1A GOLIAT<\/strong><\/figcaption><\/figure>\n<p><b>4- TAR\u00c1NTULA\u00a0GOLIAT COME\u00a0P\u00c1JAROS<\/b><\/p>\n<p>Si nos fijamos en sus piernas, la<strong>\u00a0ara\u00f1a goliat come p\u00e1jaros<\/strong> es la segunda ara\u00f1a m\u00e1s grande del mundo. Sus patas pueden abarcar un pie humano completo y hace un extra\u00f1o ruido al moverse debido a su tama\u00f1o, una especie de sonido met\u00e1lico como si de los cascos de un caballo se tratara. Esta colosal ara\u00f1a puede matar a un peque\u00f1o MAM\u00cdFERO, inyectando un veneno a trav\u00e9s de sus colmillos.<\/p>\n<figure id=\"attachment_9293\" aria-describedby=\"caption-attachment-9293\" style=\"width: 1140px\" class=\"wp-caption alignnone\"><a href=\"https:\/\/i0.wp.com\/larevistadigital.com.ar\/blog\/wp-content\/uploads\/2019\/03\/arana-sedadorada.jpg?ssl=1\"><img data-recalc-dims=\"1\" loading=\"lazy\" decoding=\"async\" class=\"size-full wp-image-9293\" src=\"https:\/\/i0.wp.com\/larevistadigital.com.ar\/blog\/wp-content\/uploads\/2019\/03\/arana-sedadorada.jpg?resize=1140%2C855&#038;ssl=1\" alt=\"\" width=\"1140\" height=\"855\" srcset=\"https:\/\/i0.wp.com\/larevistadigital.com.ar\/blog\/wp-content\/uploads\/2019\/03\/arana-sedadorada.jpg?w=1140&amp;ssl=1 1140w, https:\/\/i0.wp.com\/larevistadigital.com.ar\/blog\/wp-content\/uploads\/2019\/03\/arana-sedadorada.jpg?resize=300%2C225&amp;ssl=1 300w, https:\/\/i0.wp.com\/larevistadigital.com.ar\/blog\/wp-content\/uploads\/2019\/03\/arana-sedadorada.jpg?resize=768%2C576&amp;ssl=1 768w, https:\/\/i0.wp.com\/larevistadigital.com.ar\/blog\/wp-content\/uploads\/2019\/03\/arana-sedadorada.jpg?resize=1024%2C768&amp;ssl=1 1024w, https:\/\/i0.wp.com\/larevistadigital.com.ar\/blog\/wp-content\/uploads\/2019\/03\/arana-sedadorada.jpg?resize=678%2C509&amp;ssl=1 678w, https:\/\/i0.wp.com\/larevistadigital.com.ar\/blog\/wp-content\/uploads\/2019\/03\/arana-sedadorada.jpg?resize=326%2C245&amp;ssl=1 326w, https:\/\/i0.wp.com\/larevistadigital.com.ar\/blog\/wp-content\/uploads\/2019\/03\/arana-sedadorada.jpg?resize=80%2C60&amp;ssl=1 80w\" sizes=\"auto, (max-width: 1000px) 100vw, 1000px\" \/><\/a><figcaption id=\"caption-attachment-9293\" class=\"wp-caption-text\"><strong>ARA\u00d1A SEDADORADA<\/strong><\/figcaption><\/figure>\n<p><strong>5- ARA\u00d1A DE SEDA DE ORO<\/strong><\/p>\n<p><strong>Las ara\u00f1as seda de oro<\/strong>, dentro del g\u00e9nero\u00a0<em>Nephilia<\/em>, son muy particulares, pues la SEDA que producen es de color amarillento que, con los rayos de sol, se torna de color dorado, como si de fibras de oro se tratase. Estas ara\u00f1as pueden encontrarse por todo el mundo, Am\u00e9rica del Sur, \u00c1frica o Australia. Sus presas favoritas son los saltamontes, las polillas y los escarabajos. De nuevo, su veneno no es preocupante para el ser humano pues nunca llega a ser fatal. Como mucho, puede causar dolor, irritaci\u00f3n y dificultad para respirar, sobre todo en personas con alergias.<\/p>\n<figure id=\"attachment_9294\" aria-describedby=\"caption-attachment-9294\" style=\"width: 1140px\" class=\"wp-caption alignnone\"><a href=\"https:\/\/i0.wp.com\/larevistadigital.com.ar\/blog\/wp-content\/uploads\/2019\/03\/arana-trampera.jpg?ssl=1\"><img data-recalc-dims=\"1\" loading=\"lazy\" decoding=\"async\" class=\"size-full wp-image-9294\" src=\"https:\/\/i0.wp.com\/larevistadigital.com.ar\/blog\/wp-content\/uploads\/2019\/03\/arana-trampera.jpg?resize=1140%2C855&#038;ssl=1\" alt=\"\" width=\"1140\" height=\"855\" srcset=\"https:\/\/i0.wp.com\/larevistadigital.com.ar\/blog\/wp-content\/uploads\/2019\/03\/arana-trampera.jpg?w=1140&amp;ssl=1 1140w, https:\/\/i0.wp.com\/larevistadigital.com.ar\/blog\/wp-content\/uploads\/2019\/03\/arana-trampera.jpg?resize=300%2C225&amp;ssl=1 300w, https:\/\/i0.wp.com\/larevistadigital.com.ar\/blog\/wp-content\/uploads\/2019\/03\/arana-trampera.jpg?resize=768%2C576&amp;ssl=1 768w, https:\/\/i0.wp.com\/larevistadigital.com.ar\/blog\/wp-content\/uploads\/2019\/03\/arana-trampera.jpg?resize=1024%2C768&amp;ssl=1 1024w, https:\/\/i0.wp.com\/larevistadigital.com.ar\/blog\/wp-content\/uploads\/2019\/03\/arana-trampera.jpg?resize=678%2C509&amp;ssl=1 678w, https:\/\/i0.wp.com\/larevistadigital.com.ar\/blog\/wp-content\/uploads\/2019\/03\/arana-trampera.jpg?resize=326%2C245&amp;ssl=1 326w, https:\/\/i0.wp.com\/larevistadigital.com.ar\/blog\/wp-content\/uploads\/2019\/03\/arana-trampera.jpg?resize=80%2C60&amp;ssl=1 80w\" sizes=\"auto, (max-width: 1000px) 100vw, 1000px\" \/><\/a><figcaption id=\"caption-attachment-9294\" class=\"wp-caption-text\"><strong>ARA\u00d1A TRAMPERA<\/strong><\/figcaption><\/figure>\n<p><strong>6- ARA\u00d1A TRAMPERA<\/strong><\/p>\n<p>La mayor\u00eda de las ara\u00f1as de esta familia se dedican a construir MADRIGUERAS trampa para apresar a sus v\u00edctimas.<strong>Esta ara\u00f1a abunda en las regiones c\u00e1lidas,<\/strong>\u00a0aunque tambi\u00e9n pueden encontrarse algunas especies en pa\u00edses templados. La salvedad es que su tama\u00f1o es bastante menor. \u00bfC\u00f3mo prepara la trampa? Primero, la ara\u00f1a abre en el suelo un agujero de forma cil\u00edndrica y bastante profundo, de 30 a 60 cent\u00edmetros y de varios cent\u00edmetros de ancho, y lo tapa con una especie de puerta de papel de seda y tierra, un camuflaje perfecto. La ara\u00f1a se queda en el fondo del agujero. En cuanto un insecto se acerca, sale, lo captura r\u00e1pidamente y lo arrastra hasta el fondo para disfrutar de su manjar. Suelen ser de color negro o color caf\u00e9.<\/p>\n<figure id=\"attachment_9295\" aria-describedby=\"caption-attachment-9295\" style=\"width: 1140px\" class=\"wp-caption alignnone\"><a href=\"https:\/\/i0.wp.com\/larevistadigital.com.ar\/blog\/wp-content\/uploads\/2019\/03\/aranas-mariquita.jpg?ssl=1\"><img data-recalc-dims=\"1\" loading=\"lazy\" decoding=\"async\" class=\"size-full wp-image-9295\" src=\"https:\/\/i0.wp.com\/larevistadigital.com.ar\/blog\/wp-content\/uploads\/2019\/03\/aranas-mariquita.jpg?resize=1140%2C855&#038;ssl=1\" alt=\"\" width=\"1140\" height=\"855\" srcset=\"https:\/\/i0.wp.com\/larevistadigital.com.ar\/blog\/wp-content\/uploads\/2019\/03\/aranas-mariquita.jpg?w=1140&amp;ssl=1 1140w, https:\/\/i0.wp.com\/larevistadigital.com.ar\/blog\/wp-content\/uploads\/2019\/03\/aranas-mariquita.jpg?resize=300%2C225&amp;ssl=1 300w, https:\/\/i0.wp.com\/larevistadigital.com.ar\/blog\/wp-content\/uploads\/2019\/03\/aranas-mariquita.jpg?resize=768%2C576&amp;ssl=1 768w, https:\/\/i0.wp.com\/larevistadigital.com.ar\/blog\/wp-content\/uploads\/2019\/03\/aranas-mariquita.jpg?resize=1024%2C768&amp;ssl=1 1024w, https:\/\/i0.wp.com\/larevistadigital.com.ar\/blog\/wp-content\/uploads\/2019\/03\/aranas-mariquita.jpg?resize=678%2C509&amp;ssl=1 678w, https:\/\/i0.wp.com\/larevistadigital.com.ar\/blog\/wp-content\/uploads\/2019\/03\/aranas-mariquita.jpg?resize=326%2C245&amp;ssl=1 326w, https:\/\/i0.wp.com\/larevistadigital.com.ar\/blog\/wp-content\/uploads\/2019\/03\/aranas-mariquita.jpg?resize=80%2C60&amp;ssl=1 80w\" sizes=\"auto, (max-width: 1000px) 100vw, 1000px\" \/><\/a><figcaption id=\"caption-attachment-9295\" class=\"wp-caption-text\"><strong>ARA\u00d1A MARIQUITA<\/strong><\/figcaption><\/figure>\n<p><strong>7- ARA\u00d1A MARIQUITA<\/strong><\/p>\n<p><strong>La ara\u00f1a mariquita<\/strong>\u00a0(<em>Eresus sandaliatus<\/em>) es una de las m\u00e1s raras en Europa. Vive en madrigueras que recubren con seda y pueden localizarse en todo el norte y centro de Europa. Esta curiosa ara\u00f1a presenta unos puntos negros, cuatro grandes y dos m\u00e1s peque\u00f1os en la parte trasera junto con un color naranja brillante o rojo que las hace asemejarse a las mariquitas. Eso s\u00ed, los \u00fanicos ejemplares que presentan esta curiosa caracter\u00edstica son los machos. Las hembras son todas de color negro azabache, al igual que los machos cuando son muy j\u00f3venes a\u00fan.<\/p>\n<figure id=\"attachment_9296\" aria-describedby=\"caption-attachment-9296\" style=\"width: 1140px\" class=\"wp-caption alignnone\"><a href=\"https:\/\/i0.wp.com\/larevistadigital.com.ar\/blog\/wp-content\/uploads\/2019\/03\/arana-cangrejo.jpg?ssl=1\"><img data-recalc-dims=\"1\" loading=\"lazy\" decoding=\"async\" class=\"size-full wp-image-9296\" src=\"https:\/\/i0.wp.com\/larevistadigital.com.ar\/blog\/wp-content\/uploads\/2019\/03\/arana-cangrejo.jpg?resize=1140%2C855&#038;ssl=1\" alt=\"\" width=\"1140\" height=\"855\" srcset=\"https:\/\/i0.wp.com\/larevistadigital.com.ar\/blog\/wp-content\/uploads\/2019\/03\/arana-cangrejo.jpg?w=1140&amp;ssl=1 1140w, https:\/\/i0.wp.com\/larevistadigital.com.ar\/blog\/wp-content\/uploads\/2019\/03\/arana-cangrejo.jpg?resize=300%2C225&amp;ssl=1 300w, https:\/\/i0.wp.com\/larevistadigital.com.ar\/blog\/wp-content\/uploads\/2019\/03\/arana-cangrejo.jpg?resize=768%2C576&amp;ssl=1 768w, https:\/\/i0.wp.com\/larevistadigital.com.ar\/blog\/wp-content\/uploads\/2019\/03\/arana-cangrejo.jpg?resize=1024%2C768&amp;ssl=1 1024w, https:\/\/i0.wp.com\/larevistadigital.com.ar\/blog\/wp-content\/uploads\/2019\/03\/arana-cangrejo.jpg?resize=678%2C509&amp;ssl=1 678w, https:\/\/i0.wp.com\/larevistadigital.com.ar\/blog\/wp-content\/uploads\/2019\/03\/arana-cangrejo.jpg?resize=326%2C245&amp;ssl=1 326w, https:\/\/i0.wp.com\/larevistadigital.com.ar\/blog\/wp-content\/uploads\/2019\/03\/arana-cangrejo.jpg?resize=80%2C60&amp;ssl=1 80w\" sizes=\"auto, (max-width: 1000px) 100vw, 1000px\" \/><\/a><figcaption id=\"caption-attachment-9296\" class=\"wp-caption-text\"><strong>ARA\u00d1A CANGREJO<\/strong><\/figcaption><\/figure>\n<p><strong>8- ARA\u00d1A CANGREJO DE OCHO MANCHAS<\/strong><\/p>\n<p>Las\u00a0<strong>ara\u00f1as cangrejo<\/strong>\u00a0(<em>Misumena vatia<\/em>) son muy comunes en Eurasia y Am\u00e9rica del Norte, aunque se conocen pocos datos sobre ellas. Su caracter\u00edstica forma, color y veneno, la convierten en una ara\u00f1a de lo m\u00e1s llamativa. Habitualmente podemos encontrarlas en las flores, pues su presa favorita son las abejas.\u00a0 Su velocidad de movimiento y su potente veneno hacen el resto.<\/p>\n<figure id=\"attachment_9297\" aria-describedby=\"caption-attachment-9297\" style=\"width: 1140px\" class=\"wp-caption alignnone\"><a href=\"https:\/\/i0.wp.com\/larevistadigital.com.ar\/blog\/wp-content\/uploads\/2019\/03\/arana-tigre.jpg?ssl=1\"><img data-recalc-dims=\"1\" loading=\"lazy\" decoding=\"async\" class=\"size-full wp-image-9297\" src=\"https:\/\/i0.wp.com\/larevistadigital.com.ar\/blog\/wp-content\/uploads\/2019\/03\/arana-tigre.jpg?resize=1140%2C855&#038;ssl=1\" alt=\"\" width=\"1140\" height=\"855\" srcset=\"https:\/\/i0.wp.com\/larevistadigital.com.ar\/blog\/wp-content\/uploads\/2019\/03\/arana-tigre.jpg?w=1140&amp;ssl=1 1140w, https:\/\/i0.wp.com\/larevistadigital.com.ar\/blog\/wp-content\/uploads\/2019\/03\/arana-tigre.jpg?resize=300%2C225&amp;ssl=1 300w, https:\/\/i0.wp.com\/larevistadigital.com.ar\/blog\/wp-content\/uploads\/2019\/03\/arana-tigre.jpg?resize=768%2C576&amp;ssl=1 768w, https:\/\/i0.wp.com\/larevistadigital.com.ar\/blog\/wp-content\/uploads\/2019\/03\/arana-tigre.jpg?resize=1024%2C768&amp;ssl=1 1024w, https:\/\/i0.wp.com\/larevistadigital.com.ar\/blog\/wp-content\/uploads\/2019\/03\/arana-tigre.jpg?resize=678%2C509&amp;ssl=1 678w, https:\/\/i0.wp.com\/larevistadigital.com.ar\/blog\/wp-content\/uploads\/2019\/03\/arana-tigre.jpg?resize=326%2C245&amp;ssl=1 326w, https:\/\/i0.wp.com\/larevistadigital.com.ar\/blog\/wp-content\/uploads\/2019\/03\/arana-tigre.jpg?resize=80%2C60&amp;ssl=1 80w\" sizes=\"auto, (max-width: 1000px) 100vw, 1000px\" \/><\/a><figcaption id=\"caption-attachment-9297\" class=\"wp-caption-text\"><strong>ARA\u00d1A TIGRE<\/strong><\/figcaption><\/figure>\n<p><strong>9- ARA\u00d1A TIGRE<\/strong><\/p>\n<p>La<strong>\u00a0ara\u00f1a tigre<\/strong>\u00a0(<em>Scytodes globula<\/em>) puede encontrarse masivamente en Chile, pero tambi\u00e9n en Per\u00fa, Uruguay o Argentina. Para apresar a sus v\u00edctimas, la ara\u00f1a tigre se mueve sigilosamente hacia su v\u00edctima y le escupe una pegajos\u00edsima telara\u00f1a. Luego se acerca r\u00e1pidamente y le inocula el veneno. Este m\u00e9todo de ataque le facilita poder cazar abejorros, cucarachas o incluso otras ara\u00f1as. Es inofensiva para el ser humano.<\/p>\n<p>En 2013 descubrieron en Sri Lanka una tar\u00e1ntula de este tipo pero tan grande como una cara humana y muy venenosa.<\/p>\n<figure id=\"attachment_9298\" aria-describedby=\"caption-attachment-9298\" style=\"width: 1140px\" class=\"wp-caption alignnone\"><a href=\"https:\/\/i0.wp.com\/larevistadigital.com.ar\/blog\/wp-content\/uploads\/2019\/03\/aranas-azul.jpg?ssl=1\"><img data-recalc-dims=\"1\" loading=\"lazy\" decoding=\"async\" class=\"size-full wp-image-9298\" src=\"https:\/\/i0.wp.com\/larevistadigital.com.ar\/blog\/wp-content\/uploads\/2019\/03\/aranas-azul.jpg?resize=1140%2C855&#038;ssl=1\" alt=\"\" width=\"1140\" height=\"855\" srcset=\"https:\/\/i0.wp.com\/larevistadigital.com.ar\/blog\/wp-content\/uploads\/2019\/03\/aranas-azul.jpg?w=1140&amp;ssl=1 1140w, https:\/\/i0.wp.com\/larevistadigital.com.ar\/blog\/wp-content\/uploads\/2019\/03\/aranas-azul.jpg?resize=300%2C225&amp;ssl=1 300w, https:\/\/i0.wp.com\/larevistadigital.com.ar\/blog\/wp-content\/uploads\/2019\/03\/aranas-azul.jpg?resize=768%2C576&amp;ssl=1 768w, https:\/\/i0.wp.com\/larevistadigital.com.ar\/blog\/wp-content\/uploads\/2019\/03\/aranas-azul.jpg?resize=1024%2C768&amp;ssl=1 1024w, https:\/\/i0.wp.com\/larevistadigital.com.ar\/blog\/wp-content\/uploads\/2019\/03\/aranas-azul.jpg?resize=678%2C509&amp;ssl=1 678w, https:\/\/i0.wp.com\/larevistadigital.com.ar\/blog\/wp-content\/uploads\/2019\/03\/aranas-azul.jpg?resize=326%2C245&amp;ssl=1 326w, https:\/\/i0.wp.com\/larevistadigital.com.ar\/blog\/wp-content\/uploads\/2019\/03\/aranas-azul.jpg?resize=80%2C60&amp;ssl=1 80w\" sizes=\"auto, (max-width: 1000px) 100vw, 1000px\" \/><\/a><figcaption id=\"caption-attachment-9298\" class=\"wp-caption-text\"><strong>ARA\u00d1A AZU<\/strong>L<\/figcaption><\/figure>\n<p><strong>10- TAR\u00c1NTULA AZUL<\/strong><\/p>\n<p>Nos centramos ahora en la\u00a0<strong>tar\u00e1ntula azul cobalto<\/strong>\u00a0(<em>Haplopelma Lividum Cobalt Blue<\/em>). Esta ara\u00f1a es agresiva y r\u00e1pida y de gran tama\u00f1o. Su cuerpo llega a los 10 cent\u00edmetros de largo y sus patas pueden llegar a medir 30 cms. Su veneno no provoca graves da\u00f1os en el ser humano, pero la mordedura es bastante dolorosa.<\/p>\n<figure id=\"attachment_9299\" aria-describedby=\"caption-attachment-9299\" style=\"width: 1140px\" class=\"wp-caption alignnone\"><a href=\"https:\/\/i0.wp.com\/larevistadigital.com.ar\/blog\/wp-content\/uploads\/2019\/03\/arana-carafeliz.jpg?ssl=1\"><img data-recalc-dims=\"1\" loading=\"lazy\" decoding=\"async\" class=\"size-full wp-image-9299\" src=\"https:\/\/i0.wp.com\/larevistadigital.com.ar\/blog\/wp-content\/uploads\/2019\/03\/arana-carafeliz.jpg?resize=1140%2C855&#038;ssl=1\" alt=\"\" width=\"1140\" height=\"855\" srcset=\"https:\/\/i0.wp.com\/larevistadigital.com.ar\/blog\/wp-content\/uploads\/2019\/03\/arana-carafeliz.jpg?w=1140&amp;ssl=1 1140w, https:\/\/i0.wp.com\/larevistadigital.com.ar\/blog\/wp-content\/uploads\/2019\/03\/arana-carafeliz.jpg?resize=300%2C225&amp;ssl=1 300w, https:\/\/i0.wp.com\/larevistadigital.com.ar\/blog\/wp-content\/uploads\/2019\/03\/arana-carafeliz.jpg?resize=768%2C576&amp;ssl=1 768w, https:\/\/i0.wp.com\/larevistadigital.com.ar\/blog\/wp-content\/uploads\/2019\/03\/arana-carafeliz.jpg?resize=1024%2C768&amp;ssl=1 1024w, https:\/\/i0.wp.com\/larevistadigital.com.ar\/blog\/wp-content\/uploads\/2019\/03\/arana-carafeliz.jpg?resize=678%2C509&amp;ssl=1 678w, https:\/\/i0.wp.com\/larevistadigital.com.ar\/blog\/wp-content\/uploads\/2019\/03\/arana-carafeliz.jpg?resize=326%2C245&amp;ssl=1 326w, https:\/\/i0.wp.com\/larevistadigital.com.ar\/blog\/wp-content\/uploads\/2019\/03\/arana-carafeliz.jpg?resize=80%2C60&amp;ssl=1 80w\" sizes=\"auto, (max-width: 1000px) 100vw, 1000px\" \/><\/a><figcaption id=\"caption-attachment-9299\" class=\"wp-caption-text\"><strong><em>ARA\u00d1A CARA FELIZ<\/em><\/strong><\/figcaption><\/figure>\n<p><strong>11- ARA\u00d1A CARA FELIZ<\/strong><\/p>\n<p><span lang=\"es-ES\"><em>Theridion grallator<\/em><\/span><span lang=\"es-ES\">, tambi\u00e9n conocida como la ara\u00f1a<strong>\u00a0de cara feliz hawaiana,<\/strong>\u00a0puede encontrarse en las islas de Oahu, Molokai, Maui y Haw\u00e1i. Como podemos ver en la imagen, su rasgo m\u00e1s llamativo es que presenta unos patrones \u00fanicos que se asemejan a una cara sonriente y que decoran su abdomen. Probablemente sea una estrategia efectiva para disuadir a las aves depredadoras.<\/span><\/p>\n<figure id=\"attachment_9300\" aria-describedby=\"caption-attachment-9300\" style=\"width: 1140px\" class=\"wp-caption alignnone\"><a href=\"https:\/\/i0.wp.com\/larevistadigital.com.ar\/blog\/wp-content\/uploads\/2019\/03\/aranas-saltadora.jpg?ssl=1\"><img data-recalc-dims=\"1\" loading=\"lazy\" decoding=\"async\" class=\"size-full wp-image-9300\" src=\"https:\/\/i0.wp.com\/larevistadigital.com.ar\/blog\/wp-content\/uploads\/2019\/03\/aranas-saltadora.jpg?resize=1140%2C855&#038;ssl=1\" alt=\"\" width=\"1140\" height=\"855\" srcset=\"https:\/\/i0.wp.com\/larevistadigital.com.ar\/blog\/wp-content\/uploads\/2019\/03\/aranas-saltadora.jpg?w=1140&amp;ssl=1 1140w, https:\/\/i0.wp.com\/larevistadigital.com.ar\/blog\/wp-content\/uploads\/2019\/03\/aranas-saltadora.jpg?resize=300%2C225&amp;ssl=1 300w, https:\/\/i0.wp.com\/larevistadigital.com.ar\/blog\/wp-content\/uploads\/2019\/03\/aranas-saltadora.jpg?resize=768%2C576&amp;ssl=1 768w, https:\/\/i0.wp.com\/larevistadigital.com.ar\/blog\/wp-content\/uploads\/2019\/03\/aranas-saltadora.jpg?resize=1024%2C768&amp;ssl=1 1024w, https:\/\/i0.wp.com\/larevistadigital.com.ar\/blog\/wp-content\/uploads\/2019\/03\/aranas-saltadora.jpg?resize=678%2C509&amp;ssl=1 678w, https:\/\/i0.wp.com\/larevistadigital.com.ar\/blog\/wp-content\/uploads\/2019\/03\/aranas-saltadora.jpg?resize=326%2C245&amp;ssl=1 326w, https:\/\/i0.wp.com\/larevistadigital.com.ar\/blog\/wp-content\/uploads\/2019\/03\/aranas-saltadora.jpg?resize=80%2C60&amp;ssl=1 80w\" sizes=\"auto, (max-width: 1000px) 100vw, 1000px\" \/><\/a><figcaption id=\"caption-attachment-9300\" class=\"wp-caption-text\"><strong>ARA\u00d1A SALTADORA<\/strong><\/figcaption><\/figure>\n<p><strong>12- ARA\u00d1A SALTADORA<\/strong><\/p>\n<p>Las<strong>\u00a0ara\u00f1as saltadoras<\/strong> son muy numerosas; hay unas 4.000 especies descritas. Cazan al acecho y destacan por su efectiva visi\u00f3n -algo no habitual entre ara\u00f1as- y su gran capacidad de salto como combinaci\u00f3n exitosa para cazar. Son ara\u00f1as de tama\u00f1o bastante peque\u00f1o, apenas unos pocos cent\u00edmetros. Respecto a su veneno, no se considera peligrosa para los seres humanos y su primer movimiento cuando nota un ser humano cerca es esconderse.<\/p>\n<figure id=\"attachment_9301\" aria-describedby=\"caption-attachment-9301\" style=\"width: 1140px\" class=\"wp-caption alignnone\"><a href=\"https:\/\/i0.wp.com\/larevistadigital.com.ar\/blog\/wp-content\/uploads\/2019\/03\/arana-lobo.jpg?ssl=1\"><img data-recalc-dims=\"1\" loading=\"lazy\" decoding=\"async\" class=\"size-full wp-image-9301\" src=\"https:\/\/i0.wp.com\/larevistadigital.com.ar\/blog\/wp-content\/uploads\/2019\/03\/arana-lobo.jpg?resize=1140%2C855&#038;ssl=1\" alt=\"\" width=\"1140\" height=\"855\" srcset=\"https:\/\/i0.wp.com\/larevistadigital.com.ar\/blog\/wp-content\/uploads\/2019\/03\/arana-lobo.jpg?w=1140&amp;ssl=1 1140w, https:\/\/i0.wp.com\/larevistadigital.com.ar\/blog\/wp-content\/uploads\/2019\/03\/arana-lobo.jpg?resize=300%2C225&amp;ssl=1 300w, https:\/\/i0.wp.com\/larevistadigital.com.ar\/blog\/wp-content\/uploads\/2019\/03\/arana-lobo.jpg?resize=768%2C576&amp;ssl=1 768w, https:\/\/i0.wp.com\/larevistadigital.com.ar\/blog\/wp-content\/uploads\/2019\/03\/arana-lobo.jpg?resize=1024%2C768&amp;ssl=1 1024w, https:\/\/i0.wp.com\/larevistadigital.com.ar\/blog\/wp-content\/uploads\/2019\/03\/arana-lobo.jpg?resize=678%2C509&amp;ssl=1 678w, https:\/\/i0.wp.com\/larevistadigital.com.ar\/blog\/wp-content\/uploads\/2019\/03\/arana-lobo.jpg?resize=326%2C245&amp;ssl=1 326w, https:\/\/i0.wp.com\/larevistadigital.com.ar\/blog\/wp-content\/uploads\/2019\/03\/arana-lobo.jpg?resize=80%2C60&amp;ssl=1 80w\" sizes=\"auto, (max-width: 1000px) 100vw, 1000px\" \/><\/a><figcaption id=\"caption-attachment-9301\" class=\"wp-caption-text\"><strong>ARA\u00d1A LOBO<\/strong><\/figcaption><\/figure>\n<p><strong>13- ARA\u00d1A LOBO<\/strong><\/p>\n<p>Simplemente aterradora.\u00a0<strong>L<\/strong><span lang=\"es-ES\"><strong>a ara\u00f1a lobo<\/strong>\u00a0(<em>Lycosa tarantula)<\/em>\u00a0no necesita trampas o trucos para atrapar a su presa pues es un\u00a0<a title=\"\u00bfLos corredores de marat\u00f3n envejecen m\u00e1s r\u00e1pidamente?\" href=\"https:\/\/www.muyinteresante.es\/curiosidades\/preguntas-respuestas\/ilos-corredores-de-maraton-envejecen-mas-rapidamente\">corredor<\/a>\u00a0\u00e1gil que utiliza la fuerza bruta para acabar con cualquier desaprensivo que se acerque a su entorno. La coloca en su espalda antes de darle el mordisco fatal. Esta ara\u00f1a cazadora podemos encontrarla en todo el mundo y es la mayor ara\u00f1a del viejo continente. Las hembras miden de 27 a 30 mm y los machos de 19 a 25 mm. Pero no nos preocupemos. A pesar de ser grande, es raro que pique a un ser humano, pues ante un enemigo m\u00e1s grande que \u00e9l suele esconderse\/huir.<\/span><\/p>\n<figure id=\"attachment_9302\" aria-describedby=\"caption-attachment-9302\" style=\"width: 1140px\" class=\"wp-caption alignnone\"><a href=\"https:\/\/i0.wp.com\/larevistadigital.com.ar\/blog\/wp-content\/uploads\/2019\/03\/arana-espejo.jpg?ssl=1\"><img data-recalc-dims=\"1\" loading=\"lazy\" decoding=\"async\" class=\"size-full wp-image-9302\" src=\"https:\/\/i0.wp.com\/larevistadigital.com.ar\/blog\/wp-content\/uploads\/2019\/03\/arana-espejo.jpg?resize=1140%2C855&#038;ssl=1\" alt=\"\" width=\"1140\" height=\"855\" srcset=\"https:\/\/i0.wp.com\/larevistadigital.com.ar\/blog\/wp-content\/uploads\/2019\/03\/arana-espejo.jpg?w=1140&amp;ssl=1 1140w, https:\/\/i0.wp.com\/larevistadigital.com.ar\/blog\/wp-content\/uploads\/2019\/03\/arana-espejo.jpg?resize=300%2C225&amp;ssl=1 300w, https:\/\/i0.wp.com\/larevistadigital.com.ar\/blog\/wp-content\/uploads\/2019\/03\/arana-espejo.jpg?resize=768%2C576&amp;ssl=1 768w, https:\/\/i0.wp.com\/larevistadigital.com.ar\/blog\/wp-content\/uploads\/2019\/03\/arana-espejo.jpg?resize=1024%2C768&amp;ssl=1 1024w, https:\/\/i0.wp.com\/larevistadigital.com.ar\/blog\/wp-content\/uploads\/2019\/03\/arana-espejo.jpg?resize=678%2C509&amp;ssl=1 678w, https:\/\/i0.wp.com\/larevistadigital.com.ar\/blog\/wp-content\/uploads\/2019\/03\/arana-espejo.jpg?resize=326%2C245&amp;ssl=1 326w, https:\/\/i0.wp.com\/larevistadigital.com.ar\/blog\/wp-content\/uploads\/2019\/03\/arana-espejo.jpg?resize=80%2C60&amp;ssl=1 80w\" sizes=\"auto, (max-width: 1000px) 100vw, 1000px\" \/><\/a><figcaption id=\"caption-attachment-9302\" class=\"wp-caption-text\"><strong>ARA\u00d1A ESPEJO<\/strong><\/figcaption><\/figure>\n<p><strong>14- ARA\u00d1A ESPEJO<\/strong><\/p>\n<p>La<strong>\u00a0ara\u00f1a espejo<\/strong>\u00a0(<em>Thwaitesia argentiopunctata<\/em>)\u00a0<span lang=\"es-ES\">es una especie de ara\u00f1a que se encuentra fundamentalmente en Australia. La longitud del CUERPO es de alrededor de 3 mil\u00edmetros para los machos y de 4 mm para las hembras. Su abdomen est\u00e1 decorado en colores crema, verde, amarillo y rojo. \u00bfPor qu\u00e9 se llaman as\u00ed? Porque cuentan con unos parches plateados reflectantes en su abdomen que pueden cambiar de tama\u00f1o dependiendo de lo amenazada que se sienta la ara\u00f1a.<\/span><\/p>\n<figure id=\"attachment_9303\" aria-describedby=\"caption-attachment-9303\" style=\"width: 1140px\" class=\"wp-caption alignnone\"><a href=\"https:\/\/i0.wp.com\/larevistadigital.com.ar\/blog\/wp-content\/uploads\/2019\/03\/arana-baboon.jpg?ssl=1\"><img data-recalc-dims=\"1\" loading=\"lazy\" decoding=\"async\" class=\"size-full wp-image-9303\" src=\"https:\/\/i0.wp.com\/larevistadigital.com.ar\/blog\/wp-content\/uploads\/2019\/03\/arana-baboon.jpg?resize=1140%2C855&#038;ssl=1\" alt=\"\" width=\"1140\" height=\"855\" srcset=\"https:\/\/i0.wp.com\/larevistadigital.com.ar\/blog\/wp-content\/uploads\/2019\/03\/arana-baboon.jpg?w=1140&amp;ssl=1 1140w, https:\/\/i0.wp.com\/larevistadigital.com.ar\/blog\/wp-content\/uploads\/2019\/03\/arana-baboon.jpg?resize=300%2C225&amp;ssl=1 300w, https:\/\/i0.wp.com\/larevistadigital.com.ar\/blog\/wp-content\/uploads\/2019\/03\/arana-baboon.jpg?resize=768%2C576&amp;ssl=1 768w, https:\/\/i0.wp.com\/larevistadigital.com.ar\/blog\/wp-content\/uploads\/2019\/03\/arana-baboon.jpg?resize=1024%2C768&amp;ssl=1 1024w, https:\/\/i0.wp.com\/larevistadigital.com.ar\/blog\/wp-content\/uploads\/2019\/03\/arana-baboon.jpg?resize=678%2C509&amp;ssl=1 678w, https:\/\/i0.wp.com\/larevistadigital.com.ar\/blog\/wp-content\/uploads\/2019\/03\/arana-baboon.jpg?resize=326%2C245&amp;ssl=1 326w, https:\/\/i0.wp.com\/larevistadigital.com.ar\/blog\/wp-content\/uploads\/2019\/03\/arana-baboon.jpg?resize=80%2C60&amp;ssl=1 80w\" sizes=\"auto, (max-width: 1000px) 100vw, 1000px\" \/><\/a><figcaption id=\"caption-attachment-9303\" class=\"wp-caption-text\"><strong>ARA\u00d1A BABOON<\/strong><\/figcaption><\/figure>\n<p><strong>15- TAR\u00c1NTULA BABUINA NARANJA<\/strong><\/p>\n<p>La\u00a0<strong>tar\u00e1ntula babuina naranja<\/strong>\u00a0(<em>Pterinochilus murinus)<\/em> es una especie de TAR\u00c1NTULA localizada en las regiones del centro y Sur de \u00c1frica. Esta ara\u00f1a posee todas las caracter\u00edsticas que probablemente no querr\u00edamos ver cara a cara en<span lang=\"es-ES\">\u00a0una ara\u00f1a: un cuerpo grande y peludo, un par de poderosos colmillos negros, una mordedura venenosa, un torso con cuernos, y ocho patas que le permiten agarrarse a donde sea necesario.<\/span><\/p>\n<figure id=\"attachment_9304\" aria-describedby=\"caption-attachment-9304\" style=\"width: 1140px\" class=\"wp-caption alignnone\"><a href=\"https:\/\/i0.wp.com\/larevistadigital.com.ar\/blog\/wp-content\/uploads\/2019\/03\/islandiasa.jpg?ssl=1\"><img data-recalc-dims=\"1\" loading=\"lazy\" decoding=\"async\" class=\"size-full wp-image-9304\" src=\"https:\/\/i0.wp.com\/larevistadigital.com.ar\/blog\/wp-content\/uploads\/2019\/03\/islandiasa.jpg?resize=1140%2C663&#038;ssl=1\" alt=\"\" width=\"1140\" height=\"663\" srcset=\"https:\/\/i0.wp.com\/larevistadigital.com.ar\/blog\/wp-content\/uploads\/2019\/03\/islandiasa.jpg?w=1140&amp;ssl=1 1140w, https:\/\/i0.wp.com\/larevistadigital.com.ar\/blog\/wp-content\/uploads\/2019\/03\/islandiasa.jpg?resize=300%2C174&amp;ssl=1 300w, https:\/\/i0.wp.com\/larevistadigital.com.ar\/blog\/wp-content\/uploads\/2019\/03\/islandiasa.jpg?resize=768%2C447&amp;ssl=1 768w, https:\/\/i0.wp.com\/larevistadigital.com.ar\/blog\/wp-content\/uploads\/2019\/03\/islandiasa.jpg?resize=1024%2C596&amp;ssl=1 1024w\" sizes=\"auto, (max-width: 1000px) 100vw, 1000px\" \/><\/a><figcaption id=\"caption-attachment-9304\" class=\"wp-caption-text\"><strong>ISLANDIANA LEWISI<\/strong><\/figcaption><\/figure>\n<p><strong>16- ISLANDIANA LEWISI<\/strong><\/p>\n<p><span lang=\"es-ES\">Han descubierto una nueva (y rara) especie de ara\u00f1a enana en un la cueva del r\u00edo Stygeon, en el sur de Indiana. Apenas mide unos 2 mm y se cree que\u00a0<em>Islandiana lewisi<\/em>\u00a0(as\u00ed la han bautizado) se alimenta de artr\u00f3podos a\u00fan m\u00e1s peque\u00f1os. La ara\u00f1a es probablemente inofensiva para los humanos.<\/span><\/p>\n<p><em>Cr\u00e9dito imagen: Dr. Marc Milne<\/em><\/p>\n<p>FUENTE:MUYINTERESANTE.ES<\/p>\n","protected":false},"excerpt":{"rendered":"<div class=\"mh-excerpt\"><p>Pr\u00e1cticamente todas las ARA\u00d1AS son carn\u00edvoras\u00a0(se alimentan de grillos, cucarachas, moscas, p\u00e1jaros y vertebrados peque\u00f1os&#8230;), pero existen algunas -muy pocas, eso s\u00ed- especies herb\u00edvoras (como la saltarina\u00a0Bagheera kiplingi,\u00a0una ara\u00f1a de Centroam\u00e9rica que solo come plantas). <a class=\"mh-excerpt-more\" href=\"https:\/\/larevistadigital.com.ar\/blog\/aca-te-mostramos-la-galeria-de-aranas-mas-terribles-del-planeta\/\" title=\"AC\u00c1 TE MOSTRAMOS LA GALER\u00cdA DE ARA\u00d1AS MAS TERRIBLES DEL PLANETA\">[Leer M\u00e1s]<\/a><\/p>\n<\/div>","protected":false},"author":3,"featured_media":9290,"comment_status":"open","ping_status":"open","sticky":false,"template":"","format":"standard","meta":{"_jetpack_memberships_contains_paid_content":false,"footnotes":"","jetpack_publicize_message":"","jetpack_publicize_feature_enabled":true,"jetpack_social_post_already_shared":true,"jetpack_social_options":{"image_generator_settings":{"template":"highway","default_image_id":0,"font":"","enabled":false},"version":2}},"categories":[11,12],"tags":[],"class_list":{"0":"post-9288","1":"post","2":"type-post","3":"status-publish","4":"format-standard","5":"has-post-thumbnail","7":"category-curiosas","8":"category-politica"},"jetpack_publicize_connections":[],"jetpack_featured_media_url":"https:\/\/i0.wp.com\/larevistadigital.com.ar\/blog\/wp-content\/uploads\/2019\/03\/aranas-deinopis.jpg?fit=1140%2C855&ssl=1","jetpack_sharing_enabled":true,"jetpack_shortlink":"https:\/\/wp.me\/p8qtrQ-2pO","jetpack-related-posts":[{"id":19663,"url":"https:\/\/larevistadigital.com.ar\/blog\/mar-del-plata-insolita-lluvia-de-aranas-en-parque-camet\/","url_meta":{"origin":9288,"position":0},"title":"MAR DEL PLATA: INS\u00d3LITA \u00abLLUVIA DE ARA\u00d1AS\u00bb EN PARQUE CAMET","author":"Alejandro Sosa Ruda","date":"15 abril, 2021","format":false,"excerpt":"El hecho ocurri\u00f3 en el Parque Camet de la ciudad balnearia. Seg\u00fan los especialistas el fen\u00f3meno se denomina \"lluvia de cabello de \u00e1ngel\", y es casi imperceptible para el ojo humano. MAR DEL PLATA - Una impresionante lluvia de ara\u00f1as sorprendi\u00f3 el martes a Mar del Plata, un fen\u00f3meno que\u2026","rel":"","context":"En \u00abCURIOSAS\u00bb","block_context":{"text":"CURIOSAS","link":"https:\/\/larevistadigital.com.ar\/blog\/category\/curiosas\/"},"img":{"alt_text":"","src":"https:\/\/i0.wp.com\/larevistadigital.com.ar\/blog\/wp-content\/uploads\/86d7a28271760932cd445cb6f4e713da50d1e5ce.jpg?fit=1140%2C641&ssl=1&resize=350%2C200","width":350,"height":200,"srcset":"https:\/\/i0.wp.com\/larevistadigital.com.ar\/blog\/wp-content\/uploads\/86d7a28271760932cd445cb6f4e713da50d1e5ce.jpg?fit=1140%2C641&ssl=1&resize=350%2C200 1x, https:\/\/i0.wp.com\/larevistadigital.com.ar\/blog\/wp-content\/uploads\/86d7a28271760932cd445cb6f4e713da50d1e5ce.jpg?fit=1140%2C641&ssl=1&resize=525%2C300 1.5x, https:\/\/i0.wp.com\/larevistadigital.com.ar\/blog\/wp-content\/uploads\/86d7a28271760932cd445cb6f4e713da50d1e5ce.jpg?fit=1140%2C641&ssl=1&resize=700%2C400 2x, https:\/\/i0.wp.com\/larevistadigital.com.ar\/blog\/wp-content\/uploads\/86d7a28271760932cd445cb6f4e713da50d1e5ce.jpg?fit=1140%2C641&ssl=1&resize=1050%2C600 3x"},"classes":[]},{"id":34345,"url":"https:\/\/larevistadigital.com.ar\/blog\/video-las-aranas-hacen-cosas-que-tal-vez-no-sabias\/","url_meta":{"origin":9288,"position":1},"title":"[VIDEO] LAS ARA\u00d1AS HACEN COSAS QUE TAL VEZ NO SAB\u00cdAS","author":"Alejandro Sosa Ruda","date":"2 noviembre, 2023","format":false,"excerpt":"Entre otras cosas, \"investigan\". Aqu\u00ed un video que te lo muestra... 2 de Noviembre de 2023 \u00a1En este sorprendente video, podr\u00e1s apreciar c\u00f3mo las ara\u00f1as investigan, hacen sus necesidades, se \"acicalan\", se hacen las muertas y m\u00e1s! Corresponde a una p\u00e1gina de Youtube, llamado \"Conoc\u00e9 el mundo de los Bichos\".","rel":"","context":"En \u00abCULTURA\u00bb","block_context":{"text":"CULTURA","link":"https:\/\/larevistadigital.com.ar\/blog\/category\/cultura\/"},"img":{"alt_text":"","src":"https:\/\/i0.wp.com\/larevistadigital.com.ar\/blog\/wp-content\/uploads\/800px-Flickr_-_Lukjonis_-_Jumping_spider_-_Sitticus_floricola_set_of_pictures.jpg?fit=800%2C634&ssl=1&resize=350%2C200","width":350,"height":200,"srcset":"https:\/\/i0.wp.com\/larevistadigital.com.ar\/blog\/wp-content\/uploads\/800px-Flickr_-_Lukjonis_-_Jumping_spider_-_Sitticus_floricola_set_of_pictures.jpg?fit=800%2C634&ssl=1&resize=350%2C200 1x, https:\/\/i0.wp.com\/larevistadigital.com.ar\/blog\/wp-content\/uploads\/800px-Flickr_-_Lukjonis_-_Jumping_spider_-_Sitticus_floricola_set_of_pictures.jpg?fit=800%2C634&ssl=1&resize=525%2C300 1.5x, https:\/\/i0.wp.com\/larevistadigital.com.ar\/blog\/wp-content\/uploads\/800px-Flickr_-_Lukjonis_-_Jumping_spider_-_Sitticus_floricola_set_of_pictures.jpg?fit=800%2C634&ssl=1&resize=700%2C400 2x"},"classes":[]},{"id":17527,"url":"https:\/\/larevistadigital.com.ar\/blog\/con-los-calores-advierten-por-aranas-y-alacranes-en-ambientes-abiertos\/","url_meta":{"origin":9288,"position":2},"title":"CON LOS CALORES, ADVIERTEN POR ARA\u00d1AS Y ALACRANES EN AMBIENTES ABIERTOS","author":"Alejandro Sosa Ruda","date":"9 noviembre, 2020","format":false,"excerpt":"No solo aparecen \"los insectos molestos\" sino tambi\u00e9n ar\u00e1cnidos y serpientes que pueden ocasionar graves problemas de salud. Los m\u00e1s frecuentes son el escorpiones, la ara\u00f1a \"viuda negra\", la ara\u00f1a \"de los cuadros\" o \"del rinc\u00f3n\", y la yarar\u00e1. La llegada de las\u00a0altas temperaturas\u00a0de cara al inicio del verano trae\u2026","rel":"","context":"En \u00abREGIONALES\u00bb","block_context":{"text":"REGIONALES","link":"https:\/\/larevistadigital.com.ar\/blog\/category\/regionales\/"},"img":{"alt_text":"","src":"https:\/\/i0.wp.com\/larevistadigital.com.ar\/blog\/wp-content\/uploads\/2018\/12\/ALACRAN.jpg?fit=1200%2C800&ssl=1&resize=350%2C200","width":350,"height":200,"srcset":"https:\/\/i0.wp.com\/larevistadigital.com.ar\/blog\/wp-content\/uploads\/2018\/12\/ALACRAN.jpg?fit=1200%2C800&ssl=1&resize=350%2C200 1x, https:\/\/i0.wp.com\/larevistadigital.com.ar\/blog\/wp-content\/uploads\/2018\/12\/ALACRAN.jpg?fit=1200%2C800&ssl=1&resize=525%2C300 1.5x, https:\/\/i0.wp.com\/larevistadigital.com.ar\/blog\/wp-content\/uploads\/2018\/12\/ALACRAN.jpg?fit=1200%2C800&ssl=1&resize=700%2C400 2x, https:\/\/i0.wp.com\/larevistadigital.com.ar\/blog\/wp-content\/uploads\/2018\/12\/ALACRAN.jpg?fit=1200%2C800&ssl=1&resize=1050%2C600 3x"},"classes":[]},{"id":20304,"url":"https:\/\/larevistadigital.com.ar\/blog\/aranas-gigantes-aterran-a-una-zona-de-mar-del-plata\/","url_meta":{"origin":9288,"position":3},"title":"ARA\u00d1AS GIGANTES ATERRAN A UNA ZONA DE MAR DEL PLATA","author":"Alejandro Sosa Ruda","date":"17 mayo, 2021","format":false,"excerpt":"El ejemplar fue capturado por empleados de una feria de consumo, pero ahora temen que haya m\u00e1s en la ciudad. MAR DEL PLATA - Una gigantesca ara\u00f1a llamada \u201cbananera\u201d, detectada por empleados de una feria de compras del barrio marplatense de Bosque Grande, aterroriza a la ciudad y no solo\u2026","rel":"","context":"En \u00abREGIONALES\u00bb","block_context":{"text":"REGIONALES","link":"https:\/\/larevistadigital.com.ar\/blog\/category\/regionales\/"},"img":{"alt_text":"","src":"https:\/\/i0.wp.com\/larevistadigital.com.ar\/blog\/wp-content\/uploads\/57320f9456ff01ab7bf6a04d439c88d0f0d5d00d.jpeg?fit=1140%2C854&ssl=1&resize=350%2C200","width":350,"height":200,"srcset":"https:\/\/i0.wp.com\/larevistadigital.com.ar\/blog\/wp-content\/uploads\/57320f9456ff01ab7bf6a04d439c88d0f0d5d00d.jpeg?fit=1140%2C854&ssl=1&resize=350%2C200 1x, https:\/\/i0.wp.com\/larevistadigital.com.ar\/blog\/wp-content\/uploads\/57320f9456ff01ab7bf6a04d439c88d0f0d5d00d.jpeg?fit=1140%2C854&ssl=1&resize=525%2C300 1.5x, https:\/\/i0.wp.com\/larevistadigital.com.ar\/blog\/wp-content\/uploads\/57320f9456ff01ab7bf6a04d439c88d0f0d5d00d.jpeg?fit=1140%2C854&ssl=1&resize=700%2C400 2x, https:\/\/i0.wp.com\/larevistadigital.com.ar\/blog\/wp-content\/uploads\/57320f9456ff01ab7bf6a04d439c88d0f0d5d00d.jpeg?fit=1140%2C854&ssl=1&resize=1050%2C600 3x"},"classes":[]},{"id":3772,"url":"https:\/\/larevistadigital.com.ar\/blog\/alerta-aranas-gran-tamano-berisso\/","url_meta":{"origin":9288,"position":4},"title":"ALERTA POR ARA\u00d1AS DE GRAN TAMA\u00d1O EN BERISSO Y LA ZONA","author":"Alejandro Sosa Ruda","date":"12 noviembre, 2017","format":false,"excerpt":"Ayer, una vecina de Berisso denunci\u00f3 la presencia de una ara\u00f1a de gran tama\u00f1o en su vivienda. Seg\u00fan advirti\u00f3, la misma fue hallada en la habitaci\u00f3n de sus hijos. Al tomar conocimiento del episodio, la Secretar\u00eda de Salud de la Municipalidad de Berisso se puso en contacto con la frentista\u2026","rel":"","context":"En \u00abDESTACADAS\u00bb","block_context":{"text":"DESTACADAS","link":"https:\/\/larevistadigital.com.ar\/blog\/category\/destacadas\/"},"img":{"alt_text":"","src":"https:\/\/i0.wp.com\/larevistadigital.com.ar\/blog\/wp-content\/uploads\/2017\/11\/arana-ecoregistro.jpg?fit=1200%2C675&ssl=1&resize=350%2C200","width":350,"height":200,"srcset":"https:\/\/i0.wp.com\/larevistadigital.com.ar\/blog\/wp-content\/uploads\/2017\/11\/arana-ecoregistro.jpg?fit=1200%2C675&ssl=1&resize=350%2C200 1x, https:\/\/i0.wp.com\/larevistadigital.com.ar\/blog\/wp-content\/uploads\/2017\/11\/arana-ecoregistro.jpg?fit=1200%2C675&ssl=1&resize=525%2C300 1.5x, https:\/\/i0.wp.com\/larevistadigital.com.ar\/blog\/wp-content\/uploads\/2017\/11\/arana-ecoregistro.jpg?fit=1200%2C675&ssl=1&resize=700%2C400 2x, https:\/\/i0.wp.com\/larevistadigital.com.ar\/blog\/wp-content\/uploads\/2017\/11\/arana-ecoregistro.jpg?fit=1200%2C675&ssl=1&resize=1050%2C600 3x"},"classes":[]},{"id":24693,"url":"https:\/\/larevistadigital.com.ar\/blog\/descubren-una-nueva-especie-de-tarantula-que-vive-en-el-bambu\/","url_meta":{"origin":9288,"position":5},"title":"DESCUBREN UNA NUEVA ESPECIE DE TAR\u00c1NTULA QUE VIVE EN EL BAMB\u00da","author":"Alejandro Sosa Ruda","date":"20 marzo, 2022","format":false,"excerpt":"El ar\u00e1cnido fue descubierto gracias a una estrella tailandesa de Youtube, JoCho Sippawat, que tiene 2,5 millones de suscriptores. El tailand\u00e9s JoCho Sippawat es un entusiasta de la vida salvaje y, como tal, vuelca esa pasi\u00f3n a trav\u00e9s de\u00a0Youtube, con v\u00eddeos de distinta naturaleza. Cuando se top\u00f3 con una tar\u00e1ntula\u2026","rel":"","context":"En \u00abINTERES GENERAL\u00bb","block_context":{"text":"INTERES GENERAL","link":"https:\/\/larevistadigital.com.ar\/blog\/category\/interes-general\/"},"img":{"alt_text":"","src":"https:\/\/i0.wp.com\/larevistadigital.com.ar\/blog\/wp-content\/uploads\/Captura-de-pantalla-2022-03-20-154653.jpg?fit=778%2C382&ssl=1&resize=350%2C200","width":350,"height":200,"srcset":"https:\/\/i0.wp.com\/larevistadigital.com.ar\/blog\/wp-content\/uploads\/Captura-de-pantalla-2022-03-20-154653.jpg?fit=778%2C382&ssl=1&resize=350%2C200 1x, https:\/\/i0.wp.com\/larevistadigital.com.ar\/blog\/wp-content\/uploads\/Captura-de-pantalla-2022-03-20-154653.jpg?fit=778%2C382&ssl=1&resize=525%2C300 1.5x, https:\/\/i0.wp.com\/larevistadigital.com.ar\/blog\/wp-content\/uploads\/Captura-de-pantalla-2022-03-20-154653.jpg?fit=778%2C382&ssl=1&resize=700%2C400 2x"},"classes":[]}],"_links":{"self":[{"href":"https:\/\/larevistadigital.com.ar\/blog\/wp-json\/wp\/v2\/posts\/9288","targetHints":{"allow":["GET"]}}],"collection":[{"href":"https:\/\/larevistadigital.com.ar\/blog\/wp-json\/wp\/v2\/posts"}],"about":[{"href":"https:\/\/larevistadigital.com.ar\/blog\/wp-json\/wp\/v2\/types\/post"}],"author":[{"embeddable":true,"href":"https:\/\/larevistadigital.com.ar\/blog\/wp-json\/wp\/v2\/users\/3"}],"replies":[{"embeddable":true,"href":"https:\/\/larevistadigital.com.ar\/blog\/wp-json\/wp\/v2\/comments?post=9288"}],"version-history":[{"count":1,"href":"https:\/\/larevistadigital.com.ar\/blog\/wp-json\/wp\/v2\/posts\/9288\/revisions"}],"predecessor-version":[{"id":9305,"href":"https:\/\/larevistadigital.com.ar\/blog\/wp-json\/wp\/v2\/posts\/9288\/revisions\/9305"}],"wp:featuredmedia":[{"embeddable":true,"href":"https:\/\/larevistadigital.com.ar\/blog\/wp-json\/wp\/v2\/media\/9290"}],"wp:attachment":[{"href":"https:\/\/larevistadigital.com.ar\/blog\/wp-json\/wp\/v2\/media?parent=9288"}],"wp:term":[{"taxonomy":"category","embeddable":true,"href":"https:\/\/larevistadigital.com.ar\/blog\/wp-json\/wp\/v2\/categories?post=9288"},{"taxonomy":"post_tag","embeddable":true,"href":"https:\/\/larevistadigital.com.ar\/blog\/wp-json\/wp\/v2\/tags?post=9288"}],"curies":[{"name":"wp","href":"https:\/\/api.w.org\/{rel}","templated":true}]}}