{"id":9306,"date":"2019-03-24T17:55:13","date_gmt":"2019-03-24T17:55:13","guid":{"rendered":"https:\/\/larevistadigital.com.ar\/blog\/?p=9306"},"modified":"2019-03-24T20:47:06","modified_gmt":"2019-03-24T20:47:06","slug":"robaron-oficinas-de-sergio-massa-se-llevan-computadoras-y-manipularon-servidores","status":"publish","type":"post","link":"https:\/\/larevistadigital.com.ar\/blog\/robaron-oficinas-de-sergio-massa-se-llevan-computadoras-y-manipularon-servidores\/","title":{"rendered":"ROBARON OFICINAS DE SERGIO MASSA. SE LLEVAN COMPUTADORAS Y MANIPULARON SERVIDORES"},"content":{"rendered":"<h2><em>El \u00e1rea de prensa del l\u00edder del Frente Renovador confirm\u00f3 el hecho. Seg\u00fan se\u00f1alaron todo indicar\u00eda que el robo se produjo en la madrugada.<\/em><\/h2>\n<div class=\"col-xs-12 col-sm-9 col-md-6 col-lg-8\">\n<div class=\"row\">\n<div class=\"col-12 col-sm-9\">\n<div class=\"nota_content mt-30\">\n<p>En la madrugada de hoy, delincuentes\u00a0ingresaron a las oficinas principales que el Frente Renovador tiene en la ciudad de Buenos Aires. El\u00a0delito, seg\u00fan se\u00f1alaron, afecta \u00e1reas estrat\u00e9gicas y sensibles del equipo\u00a0de <strong>Sergio Massa<\/strong>, uno de los principales candidatos presidenciales.<\/p>\n<blockquote>\n<h3>El jefe de campa\u00f1a, <strong>Diego Bossio<\/strong>, inform\u00f3 que la denuncia est\u00e1 radicada en la Comuna 2A, Comisar\u00eda 17 y el caso fue tomado por la Fiscal\u00eda Nacional en lo Criminal y lo Correccional N\u00b0 62, a cargo del Dr. <strong>Alejandro Yapur<\/strong>.<\/h3>\n<\/blockquote>\n<p>Al respecto, <strong>Bossio<\/strong> sostuvo: <em><strong>\u201cM\u00e1s all\u00e1 se toda conjetura pol\u00edtica, le pedimos a la Justicia y al Gobierno que se investigue, porque es un hecho grave\u201d.<\/strong><\/em><\/p>\n<p><strong>Bossio<\/strong>\u00a0inform\u00f3 que entre entre lo sustra\u00eddo, se encuentran una notebook Mac del \u00e1rea de dise\u00f1o e imagen, otra notebook del \u00e1rea de redes sociales y una notebook m\u00e1s de la secretaria privada de<strong> Sergio Massa<\/strong>. Tambi\u00e9n denunciaron <strong><em>\u201cmanipularon el \u00e1rea de servidores del edificio en general\u201d<\/em><\/strong> y que<strong><em> \u201caccedieron a la computadora privada de Massa\u201d. \u201cTodos elementos estrat\u00e9gicos de la oficina del Frente Renovador, componentes de la pre-campa\u00f1a nacional\u201d<\/em><\/strong>, concluyeron.<\/p>\n<\/div>\n<\/div>\n<\/div>\n<\/div>\n<div class=\"col-xs-12 col-sm-6 col-md-4 col-lg-4\">\n<div class=\"float-right text-center\">\n<div id=\"sponsors\">Fuente LaCapital<\/div>\n<div class=\"g_add\"><\/div>\n<\/div>\n<\/div>\n","protected":false},"excerpt":{"rendered":"<div class=\"mh-excerpt\"><p>El \u00e1rea de prensa del l\u00edder del Frente Renovador confirm\u00f3 el hecho. Seg\u00fan se\u00f1alaron todo indicar\u00eda que el robo se produjo en la madrugada. En la madrugada de hoy, delincuentes\u00a0ingresaron a las oficinas principales que <a class=\"mh-excerpt-more\" href=\"https:\/\/larevistadigital.com.ar\/blog\/robaron-oficinas-de-sergio-massa-se-llevan-computadoras-y-manipularon-servidores\/\" title=\"ROBARON OFICINAS DE SERGIO MASSA. SE LLEVAN COMPUTADORAS Y MANIPULARON SERVIDORES\">[Leer M\u00e1s]<\/a><\/p>\n<\/div>","protected":false},"author":3,"featured_media":9307,"comment_status":"open","ping_status":"open","sticky":false,"template":"","format":"standard","meta":{"_jetpack_memberships_contains_paid_content":false,"footnotes":"","jetpack_publicize_message":"","jetpack_publicize_feature_enabled":true,"jetpack_social_post_already_shared":true,"jetpack_social_options":{"image_generator_settings":{"template":"highway","default_image_id":0,"font":"","enabled":false},"version":2}},"categories":[41],"tags":[],"class_list":{"0":"post-9306","1":"post","2":"type-post","3":"status-publish","4":"format-standard","5":"has-post-thumbnail","7":"category-destacadas"},"jetpack_publicize_connections":[],"jetpack_featured_media_url":"https:\/\/i0.wp.com\/larevistadigital.com.ar\/blog\/wp-content\/uploads\/2019\/03\/L94P3vCB7_1256x620__1.jpg?fit=1256%2C620&ssl=1","jetpack_sharing_enabled":true,"jetpack_shortlink":"https:\/\/wp.me\/p8qtrQ-2q6","jetpack-related-posts":[{"id":10441,"url":"https:\/\/larevistadigital.com.ar\/blog\/chascomus-unidad-por-chascomus-entre-estar-con-cualquiera-o-con-nadie\/","url_meta":{"origin":9306,"position":0},"title":"CHASCOM\u00daS: UNIDAD POR CHASCOM\u00daS ENTRE ESTAR CON CUALQUIERA, O CON NADIE&#8230;","author":"Alejandro Sosa Ruda","date":"5 junio, 2019","format":false,"excerpt":"El Secretario de Gobierno de Chascom\u00fas, Cipriano P\u00e9rez del Cerro, volvi\u00f3 a hablar, en el t\u00e9rmino de quince d\u00edas de la posibilidad de que Unidad Por Chascom\u00fas, vaya a la pr\u00f3xima elecci\u00f3n con \u201cboleta corta\u201d, como lo hizo hist\u00f3ricamente hasta su arreglo con el Frente Renovador y Sergio Massa, que\u2026","rel":"","context":"En \u00abDESTACADAS\u00bb","block_context":{"text":"DESTACADAS","link":"https:\/\/larevistadigital.com.ar\/blog\/category\/destacadas\/"},"img":{"alt_text":"","src":"https:\/\/i0.wp.com\/larevistadigital.com.ar\/blog\/wp-content\/uploads\/Chapa-indeciso.jpg?fit=1200%2C799&ssl=1&resize=350%2C200","width":350,"height":200,"srcset":"https:\/\/i0.wp.com\/larevistadigital.com.ar\/blog\/wp-content\/uploads\/Chapa-indeciso.jpg?fit=1200%2C799&ssl=1&resize=350%2C200 1x, https:\/\/i0.wp.com\/larevistadigital.com.ar\/blog\/wp-content\/uploads\/Chapa-indeciso.jpg?fit=1200%2C799&ssl=1&resize=525%2C300 1.5x, https:\/\/i0.wp.com\/larevistadigital.com.ar\/blog\/wp-content\/uploads\/Chapa-indeciso.jpg?fit=1200%2C799&ssl=1&resize=700%2C400 2x, https:\/\/i0.wp.com\/larevistadigital.com.ar\/blog\/wp-content\/uploads\/Chapa-indeciso.jpg?fit=1200%2C799&ssl=1&resize=1050%2C600 3x"},"classes":[]},{"id":1318,"url":"https:\/\/larevistadigital.com.ar\/blog\/estamos-trabajando-en-la-construccion-de-un-nuevo-partido-vecinalista\/","url_meta":{"origin":9306,"position":1},"title":"\u00abEstamos trabajando en la construcci\u00f3n de un nuevo partido vecinalista\u00bb","author":"editor","date":"18 marzo, 2017","format":false,"excerpt":"Jose Ochoa: El Abogado local y dirigente pol\u00edtico del Frente Renovador, Dr. Jos\u00e9 Ochoa, fue entrevistado en el programa \"Dos por M\u00e1s\" que conducen Alberto Morel y Mart\u00edn Palmero por FM La Radio 101.5, donde se refiri\u00f3 al panorama pol\u00edtico. En lo que respecta a la unidad entre Sergio Massa\u2026","rel":"","context":"En \u00abCHASCOM\u00daS\u00bb","block_context":{"text":"CHASCOM\u00daS","link":"https:\/\/larevistadigital.com.ar\/blog\/category\/chascomus\/"},"img":{"alt_text":"","src":"https:\/\/i0.wp.com\/larevistadigital.com.ar\/blog\/wp-content\/uploads\/2017\/03\/descarga-7.jpg?fit=238%2C212&ssl=1&resize=350%2C200","width":350,"height":200},"classes":[]},{"id":10621,"url":"https:\/\/larevistadigital.com.ar\/blog\/chascomus-perez-del-cerro-hablo-de-la-candidatura-de-gaston-que-dejaria-afuera-a-gabriel-macchi\/","url_meta":{"origin":9306,"position":2},"title":"CHASCOM\u00daS: PEREZ DEL CERRO HABL\u00d3 DE LA CANDIDATURA DE GAST\u00d3N QUE DEJAR\u00cdA AFUERA A GABRIEL MACCHI","author":"Alejandro Sosa Ruda","date":"14 junio, 2019","format":false,"excerpt":"De pronto, record\u00f3 su pertenencia al Frente Renovador, luego de haberlo negado en m\u00e1s de una oportunidad el \u00faltimo mes. Inclusive hab\u00eda dicho que \"podemos volver a la lista corta\" Seg\u00fan se informa en la p\u00e1gina de facebook de Unidad por Chascom\u00fas, el secretario de gobierno Cipriano P\u00e9rez del Cerro,\u2026","rel":"","context":"En \u00abPOLITICA\u00bb","block_context":{"text":"POLITICA","link":"https:\/\/larevistadigital.com.ar\/blog\/category\/politica\/"},"img":{"alt_text":"","src":"https:\/\/i0.wp.com\/larevistadigital.com.ar\/blog\/wp-content\/uploads\/2017\/03\/cipriano_15defebrerode2017_elfuerte.jpg?fit=703%2C618&ssl=1&resize=350%2C200","width":350,"height":200,"srcset":"https:\/\/i0.wp.com\/larevistadigital.com.ar\/blog\/wp-content\/uploads\/2017\/03\/cipriano_15defebrerode2017_elfuerte.jpg?fit=703%2C618&ssl=1&resize=350%2C200 1x, https:\/\/i0.wp.com\/larevistadigital.com.ar\/blog\/wp-content\/uploads\/2017\/03\/cipriano_15defebrerode2017_elfuerte.jpg?fit=703%2C618&ssl=1&resize=525%2C300 1.5x, https:\/\/i0.wp.com\/larevistadigital.com.ar\/blog\/wp-content\/uploads\/2017\/03\/cipriano_15defebrerode2017_elfuerte.jpg?fit=703%2C618&ssl=1&resize=700%2C400 2x"},"classes":[]},{"id":1906,"url":"https:\/\/larevistadigital.com.ar\/blog\/cristina-y-lilita-cabeza-a-cabeza-en-la-provincia\/","url_meta":{"origin":9306,"position":3},"title":"CRISTINA Y LILITA CABEZA A CABEZA EN LA PROVINCIA","author":"Alejandro Sosa Ruda","date":"7 abril, 2017","format":false,"excerpt":"Seg\u00fan informa el sitio web latecla.info se dio a conocer una encuesta preelectoral de la consultora \u201cOpina Argentina\u201d en la que d\u00e1 como resultado un empate t\u00e9cnico entre Elisa Carri\u00f3 y Cristina Fern\u00e1ndez de Kirchner en un eventual cruce en las pr\u00f3ximas elecciones legislativas en la provincia de Buenos Aires.\u2026","rel":"","context":"En \u00abDESTACADAS\u00bb","block_context":{"text":"DESTACADAS","link":"https:\/\/larevistadigital.com.ar\/blog\/category\/destacadas\/"},"img":{"alt_text":"","src":"https:\/\/i0.wp.com\/larevistadigital.com.ar\/blog\/wp-content\/uploads\/2017\/04\/68584_3.jpg?fit=728%2C500&ssl=1&resize=350%2C200","width":350,"height":200,"srcset":"https:\/\/i0.wp.com\/larevistadigital.com.ar\/blog\/wp-content\/uploads\/2017\/04\/68584_3.jpg?fit=728%2C500&ssl=1&resize=350%2C200 1x, https:\/\/i0.wp.com\/larevistadigital.com.ar\/blog\/wp-content\/uploads\/2017\/04\/68584_3.jpg?fit=728%2C500&ssl=1&resize=525%2C300 1.5x, https:\/\/i0.wp.com\/larevistadigital.com.ar\/blog\/wp-content\/uploads\/2017\/04\/68584_3.jpg?fit=728%2C500&ssl=1&resize=700%2C400 2x"},"classes":[]},{"id":12688,"url":"https:\/\/larevistadigital.com.ar\/blog\/malestar-en-el-massismo-porque-unidad-por-chascomus-esconde-visita-de-massa-el-sabado-a-chascomus\/","url_meta":{"origin":9306,"position":4},"title":"MALESTAR EN EL MASSISMO PORQUE UNIDAD POR CHASCOM\u00daS ESCONDE VISITA DE MASSA EL S\u00c1BADO A CHASCOM\u00daS","author":"Alejandro Sosa Ruda","date":"18 octubre, 2019","format":false,"excerpt":"Fuentes del equipo del primer candidato a diputado nacional por el Frente de Todos, Sergio Massa\u00a0 nos comentaron su \"malestar\" porque desde el oficialismo chascomunense que encabeza Javier Gast\u00f3n, han mantenido deliberadamente \"oculto\" que el l\u00edder del Frente Renovador visitar\u00e1 la ciudad de Chascom\u00fas el pr\u00f3ximo s\u00e1bado. No se inform\u00f3\u2026","rel":"","context":"En \u00abDESTACADAS\u00bb","block_context":{"text":"DESTACADAS","link":"https:\/\/larevistadigital.com.ar\/blog\/category\/destacadas\/"},"img":{"alt_text":"","src":"https:\/\/i0.wp.com\/larevistadigital.com.ar\/blog\/wp-content\/uploads\/boca-cerrada.jpg?fit=700%2C524&ssl=1&resize=350%2C200","width":350,"height":200,"srcset":"https:\/\/i0.wp.com\/larevistadigital.com.ar\/blog\/wp-content\/uploads\/boca-cerrada.jpg?fit=700%2C524&ssl=1&resize=350%2C200 1x, https:\/\/i0.wp.com\/larevistadigital.com.ar\/blog\/wp-content\/uploads\/boca-cerrada.jpg?fit=700%2C524&ssl=1&resize=525%2C300 1.5x, https:\/\/i0.wp.com\/larevistadigital.com.ar\/blog\/wp-content\/uploads\/boca-cerrada.jpg?fit=700%2C524&ssl=1&resize=700%2C400 2x"},"classes":[]},{"id":2409,"url":"https:\/\/larevistadigital.com.ar\/blog\/cristina-contundente-no-quiero-neo-macristas-en-mi-lista-que-despues-terminan-votando-con-el-gobierno\/","url_meta":{"origin":9306,"position":5},"title":"CRISTINA CONTUNDENTE: \u201cNO QUIERO NEO MACRISTAS EN MI LISTA QUE DESPU\u00c9S TERMINAN VOTANDO CON EL GOBIERNO\u201d","author":"Alejandro Sosa Ruda","date":"14 junio, 2017","format":false,"excerpt":"Sin filtro, \u00a0la ex presidente se refiri\u00f3 en obvia alusi\u00f3n a Diego Bossio y Oscar Romero, quienes luego de desprenderse del bloque del FPV se han encolumnado con el ex ministro. Tambi\u00e9n fue una directa referencia a algo que ocurri\u00f3 en el d\u00eda de hoy, cuando Cambiemos busc\u00f3 qu\u00f3rum para\u2026","rel":"","context":"En \u00abDESTACADAS\u00bb","block_context":{"text":"DESTACADAS","link":"https:\/\/larevistadigital.com.ar\/blog\/category\/destacadas\/"},"img":{"alt_text":"","src":"https:\/\/i0.wp.com\/larevistadigital.com.ar\/blog\/wp-content\/uploads\/2017\/06\/5924e8312a783.jpg?fit=1200%2C907&ssl=1&resize=350%2C200","width":350,"height":200,"srcset":"https:\/\/i0.wp.com\/larevistadigital.com.ar\/blog\/wp-content\/uploads\/2017\/06\/5924e8312a783.jpg?fit=1200%2C907&ssl=1&resize=350%2C200 1x, https:\/\/i0.wp.com\/larevistadigital.com.ar\/blog\/wp-content\/uploads\/2017\/06\/5924e8312a783.jpg?fit=1200%2C907&ssl=1&resize=525%2C300 1.5x, https:\/\/i0.wp.com\/larevistadigital.com.ar\/blog\/wp-content\/uploads\/2017\/06\/5924e8312a783.jpg?fit=1200%2C907&ssl=1&resize=700%2C400 2x, https:\/\/i0.wp.com\/larevistadigital.com.ar\/blog\/wp-content\/uploads\/2017\/06\/5924e8312a783.jpg?fit=1200%2C907&ssl=1&resize=1050%2C600 3x"},"classes":[]}],"_links":{"self":[{"href":"https:\/\/larevistadigital.com.ar\/blog\/wp-json\/wp\/v2\/posts\/9306","targetHints":{"allow":["GET"]}}],"collection":[{"href":"https:\/\/larevistadigital.com.ar\/blog\/wp-json\/wp\/v2\/posts"}],"about":[{"href":"https:\/\/larevistadigital.com.ar\/blog\/wp-json\/wp\/v2\/types\/post"}],"author":[{"embeddable":true,"href":"https:\/\/larevistadigital.com.ar\/blog\/wp-json\/wp\/v2\/users\/3"}],"replies":[{"embeddable":true,"href":"https:\/\/larevistadigital.com.ar\/blog\/wp-json\/wp\/v2\/comments?post=9306"}],"version-history":[{"count":2,"href":"https:\/\/larevistadigital.com.ar\/blog\/wp-json\/wp\/v2\/posts\/9306\/revisions"}],"predecessor-version":[{"id":9309,"href":"https:\/\/larevistadigital.com.ar\/blog\/wp-json\/wp\/v2\/posts\/9306\/revisions\/9309"}],"wp:featuredmedia":[{"embeddable":true,"href":"https:\/\/larevistadigital.com.ar\/blog\/wp-json\/wp\/v2\/media\/9307"}],"wp:attachment":[{"href":"https:\/\/larevistadigital.com.ar\/blog\/wp-json\/wp\/v2\/media?parent=9306"}],"wp:term":[{"taxonomy":"category","embeddable":true,"href":"https:\/\/larevistadigital.com.ar\/blog\/wp-json\/wp\/v2\/categories?post=9306"},{"taxonomy":"post_tag","embeddable":true,"href":"https:\/\/larevistadigital.com.ar\/blog\/wp-json\/wp\/v2\/tags?post=9306"}],"curies":[{"name":"wp","href":"https:\/\/api.w.org\/{rel}","templated":true}]}}