{"id":9310,"date":"2019-03-24T20:54:28","date_gmt":"2019-03-24T20:54:28","guid":{"rendered":"https:\/\/larevistadigital.com.ar\/blog\/?p=9310"},"modified":"2019-03-24T20:54:28","modified_gmt":"2019-03-24T20:54:28","slug":"agreden-a-fierrazos-a-concejal-de-cambiemos-que-hacia-timbreo","status":"publish","type":"post","link":"https:\/\/larevistadigital.com.ar\/blog\/agreden-a-fierrazos-a-concejal-de-cambiemos-que-hacia-timbreo\/","title":{"rendered":"AGREDEN A FIERRAZOS A CONCEJAL DE CAMBIEMOS QUE HAC\u00cdA TIMBREO"},"content":{"rendered":"<h2><em><strong>Un concejal de Cambiemos recibi\u00f3 un fierrazo en la espalda cuando caminaba las calles del barrio La Loma, en Laferrere, partido de La Matanza. Al parecer, 5 personas se bajaron de un veh\u00edculo y lo golpearon. La polic\u00eda los identific\u00f3 y fueron apresados.<\/strong><\/em><\/h2>\n<p><strong><em>\u00abCobarde agresi\u00f3n hoy en Laferrere a nuestro concejal\u00a0Lucas C\u00f3rdoba\u00a0y a militantes de la juventud PRO La Matanza mientras visitaban vecinos. Los agresores permanecen detenidos\u00bb<\/em><\/strong>, denunci\u00f3<strong>\u00a0Hern\u00e1n Berisso<\/strong>, diputado nacional por Cambiemos, desde su cuenta de Twitter.<\/p>\n<blockquote>\n<h3><strong><em>\u00abEl cambio camina por toda La Matanza. Cambiemos no ha impuesto el cambio, Cambiemos es el veh\u00edculo para el cambio que decidi\u00f3 la gente, gente que vive en el partido y quiere otra forma de vida. Y eso es imparable.<br \/>\nRepudio absolutamente esta cobarde agresi\u00f3n\u00bb<\/em><\/strong>, se sum\u00f3 por Twitter el ministro de Educaci\u00f3n <strong>Alejandro Finocchiaro<\/strong>, quien sonaba como candidato de<strong> Vidal<\/strong> para intendente de La Matanza, pero fue descartado.<\/h3>\n<\/blockquote>\n<p>Seg\u00fan TN, mientras realizaba un timbreo por el barrio, acompa\u00f1ado de un grupo de militantes,\u00a0cinco hombres bajaron de un auto para increparlo.<strong><em> \u00abNo se puede caminar por ac\u00e1 con esas remeras\u00bb<\/em><\/strong>, le dijeron a los gritos antes de atacarlo por la espalda. De manera inmediata, la polic\u00eda lleg\u00f3 al lugar y detuvo a los agresores.<\/p>\n","protected":false},"excerpt":{"rendered":"<div class=\"mh-excerpt\"><p>Un concejal de Cambiemos recibi\u00f3 un fierrazo en la espalda cuando caminaba las calles del barrio La Loma, en Laferrere, partido de La Matanza. Al parecer, 5 personas se bajaron de un veh\u00edculo y lo <a class=\"mh-excerpt-more\" href=\"https:\/\/larevistadigital.com.ar\/blog\/agreden-a-fierrazos-a-concejal-de-cambiemos-que-hacia-timbreo\/\" title=\"AGREDEN A FIERRAZOS A CONCEJAL DE CAMBIEMOS QUE HAC\u00cdA TIMBREO\">[Leer M\u00e1s]<\/a><\/p>\n<\/div>","protected":false},"author":3,"featured_media":9311,"comment_status":"open","ping_status":"open","sticky":false,"template":"","format":"standard","meta":{"_jetpack_memberships_contains_paid_content":false,"footnotes":"","jetpack_publicize_message":"","jetpack_publicize_feature_enabled":true,"jetpack_social_post_already_shared":true,"jetpack_social_options":{"image_generator_settings":{"template":"highway","default_image_id":0,"font":"","enabled":false},"version":2}},"categories":[12,24],"tags":[],"class_list":{"0":"post-9310","1":"post","2":"type-post","3":"status-publish","4":"format-standard","5":"has-post-thumbnail","7":"category-politica","8":"category-politica-provincial"},"jetpack_publicize_connections":[],"jetpack_featured_media_url":"https:\/\/i0.wp.com\/larevistadigital.com.ar\/blog\/wp-content\/uploads\/2019\/03\/timbreo.jpg?fit=768%2C1024&ssl=1","jetpack_sharing_enabled":true,"jetpack_shortlink":"https:\/\/wp.me\/p8qtrQ-2qa","jetpack-related-posts":[{"id":1847,"url":"https:\/\/larevistadigital.com.ar\/blog\/vergonzoso-golpes-de-puno-e-insultos-en-la-apertura-de-sesiones-de-la-matanza\/","url_meta":{"origin":9310,"position":0},"title":"VERGONZOSO: GOLPES DE PU\u00d1O E INSULTOS EN LA APERTURA DE SESIONES DE LA MATANZA","author":"Alejandro Sosa Ruda","date":"5 abril, 2017","format":false,"excerpt":"Hubo golpes, gritos, insultos y empujones cuando Cambiemos abandon\u00f3 el recinto, antes de escuchar a la intendente Ver\u00f3nica Magario Se\u00a0produjeron incidentes entre militantes del PRO y del PJ, en la apertura de sesiones legislativas del municipio de La Matanza. Las discrepancias entre ambos sectores se originaron luego del discurso del\u2026","rel":"","context":"En \u00abDESTACADAS\u00bb","block_context":{"text":"DESTACADAS","link":"https:\/\/larevistadigital.com.ar\/blog\/category\/destacadas\/"},"img":{"alt_text":"","src":"https:\/\/i0.wp.com\/larevistadigital.com.ar\/blog\/wp-content\/uploads\/2017\/04\/64954_4-pi-as-hcd.mp4.jpg?fit=730%2C443&ssl=1&resize=350%2C200","width":350,"height":200,"srcset":"https:\/\/i0.wp.com\/larevistadigital.com.ar\/blog\/wp-content\/uploads\/2017\/04\/64954_4-pi-as-hcd.mp4.jpg?fit=730%2C443&ssl=1&resize=350%2C200 1x, https:\/\/i0.wp.com\/larevistadigital.com.ar\/blog\/wp-content\/uploads\/2017\/04\/64954_4-pi-as-hcd.mp4.jpg?fit=730%2C443&ssl=1&resize=525%2C300 1.5x, https:\/\/i0.wp.com\/larevistadigital.com.ar\/blog\/wp-content\/uploads\/2017\/04\/64954_4-pi-as-hcd.mp4.jpg?fit=730%2C443&ssl=1&resize=700%2C400 2x"},"classes":[]},{"id":2378,"url":"https:\/\/larevistadigital.com.ar\/blog\/por-ahora-no-pero-quien-sabe-dijo-un-concejal-k-cuando-bullrich-lo-invito-a-sumarse-a-cambiemos\/","url_meta":{"origin":9310,"position":1},"title":"\u00abPOR AHORA NO, PERO QUIEN SABE&#8230;\u00bb, DIJO UN CONCEJAL K CUANDO BULLRICH  LO INVIT\u00d3 A SUMARSE A  CAMBIEMOS","author":"Alejandro Sosa Ruda","date":"11 junio, 2017","format":false,"excerpt":"La ministra de Seguridad de la Naci\u00f3n, Patricia Bullrich, invit\u00f3 a un concejal kirchnerista de Ensenada a sumarse a la alianza gobernante Cambiemos, quien amablemente le respondi\u00f3 con algo de sorpresa: \u201cPor ahora no, pero qui\u00e9n sabe\u201d. El hecho sucedi\u00f3 en la tarde de este s\u00e1bado, cuando la ministra participaba\u2026","rel":"","context":"En \u00abPOLITICA\u00bb","block_context":{"text":"POLITICA","link":"https:\/\/larevistadigital.com.ar\/blog\/category\/politica\/"},"img":{"alt_text":"","src":"https:\/\/i0.wp.com\/larevistadigital.com.ar\/blog\/wp-content\/uploads\/2017\/06\/bbx_484265374_aren.jpg?fit=1200%2C544&ssl=1&resize=350%2C200","width":350,"height":200,"srcset":"https:\/\/i0.wp.com\/larevistadigital.com.ar\/blog\/wp-content\/uploads\/2017\/06\/bbx_484265374_aren.jpg?fit=1200%2C544&ssl=1&resize=350%2C200 1x, https:\/\/i0.wp.com\/larevistadigital.com.ar\/blog\/wp-content\/uploads\/2017\/06\/bbx_484265374_aren.jpg?fit=1200%2C544&ssl=1&resize=525%2C300 1.5x, https:\/\/i0.wp.com\/larevistadigital.com.ar\/blog\/wp-content\/uploads\/2017\/06\/bbx_484265374_aren.jpg?fit=1200%2C544&ssl=1&resize=700%2C400 2x, https:\/\/i0.wp.com\/larevistadigital.com.ar\/blog\/wp-content\/uploads\/2017\/06\/bbx_484265374_aren.jpg?fit=1200%2C544&ssl=1&resize=1050%2C600 3x"},"classes":[]},{"id":38614,"url":"https:\/\/larevistadigital.com.ar\/blog\/marcelo-teileche-lito-fernandez-estuvo-en-cambiemos-antes-era-peronista-y-ahora-de-lla-ese-es-el-cambio-que-propone\/","url_meta":{"origin":9310,"position":2},"title":"Marcelo Teileche: \u00abLito Fern\u00e1ndez estuvo en cambiemos, antes era peronista y ahora de LLA&#8230; \u00bfese es el cambio que propone?","author":"Alejandro Sosa Ruda","date":"6 febrero, 2025","format":false,"excerpt":"El abogado y concejal del Pj en el oficialismo no se call\u00f3 nada, respecto a su origen, su militancia, y su proyecto futuro. 06 de Febrero de 2025 CHASCOM\u00daS -\u00a0 \u201cYa comienzan a haber distintos posicionamientos de cara a la elecci\u00f3n de este a\u00f1o\u201d, asegur\u00f3 el concejal del PJ Marcelo\u2026","rel":"","context":"En \u00abATAQUE DE RADIO\u00bb","block_context":{"text":"ATAQUE DE RADIO","link":"https:\/\/larevistadigital.com.ar\/blog\/category\/ataque-de-radio\/"},"img":{"alt_text":"MARCELO TEILECHE","src":"https:\/\/i0.wp.com\/larevistadigital.com.ar\/blog\/wp-content\/uploads\/Marcelo-Teileche-en-ataque-de-Radio.jpg?fit=896%2C479&ssl=1&resize=350%2C200","width":350,"height":200,"srcset":"https:\/\/i0.wp.com\/larevistadigital.com.ar\/blog\/wp-content\/uploads\/Marcelo-Teileche-en-ataque-de-Radio.jpg?fit=896%2C479&ssl=1&resize=350%2C200 1x, https:\/\/i0.wp.com\/larevistadigital.com.ar\/blog\/wp-content\/uploads\/Marcelo-Teileche-en-ataque-de-Radio.jpg?fit=896%2C479&ssl=1&resize=525%2C300 1.5x, https:\/\/i0.wp.com\/larevistadigital.com.ar\/blog\/wp-content\/uploads\/Marcelo-Teileche-en-ataque-de-Radio.jpg?fit=896%2C479&ssl=1&resize=700%2C400 2x"},"classes":[]},{"id":2457,"url":"https:\/\/larevistadigital.com.ar\/blog\/quedo-conformado-e-integrara-la-mesa-de-cambiemos-el-partido-fe-en-chascomus\/","url_meta":{"origin":9310,"position":3},"title":"QUED\u00d3 CONFORMADO E INTEGRAR\u00c1 LA MESA DE CAMBIEMOS, EL PARTIDO FE EN CHASCOM\u00daS","author":"Alejandro Sosa Ruda","date":"18 junio, 2017","format":false,"excerpt":"El partido creado y conducido por el \u201cMomo\u201d Venegas, secretario general de UATRE, tendr\u00e1 su lugar en Chascom\u00fas. Ser\u00e1 presidido por Andrea Vieira. En di\u00e1logo con el programa \u201cAtaque de Radio\u201d, conducido por Juan Mafud y Alejandro \u201cEl Tano\u201d Sosa en la FM 101.5, la presidenta del partido Fe de\u2026","rel":"","context":"En \u00abCHASCOM\u00daS\u00bb","block_context":{"text":"CHASCOM\u00daS","link":"https:\/\/larevistadigital.com.ar\/blog\/category\/chascomus\/"},"img":{"alt_text":"","src":"https:\/\/i0.wp.com\/larevistadigital.com.ar\/blog\/wp-content\/uploads\/2017\/06\/LklK2h8I.jpeg?fit=1200%2C1200&ssl=1&resize=350%2C200","width":350,"height":200,"srcset":"https:\/\/i0.wp.com\/larevistadigital.com.ar\/blog\/wp-content\/uploads\/2017\/06\/LklK2h8I.jpeg?fit=1200%2C1200&ssl=1&resize=350%2C200 1x, https:\/\/i0.wp.com\/larevistadigital.com.ar\/blog\/wp-content\/uploads\/2017\/06\/LklK2h8I.jpeg?fit=1200%2C1200&ssl=1&resize=525%2C300 1.5x, https:\/\/i0.wp.com\/larevistadigital.com.ar\/blog\/wp-content\/uploads\/2017\/06\/LklK2h8I.jpeg?fit=1200%2C1200&ssl=1&resize=700%2C400 2x, https:\/\/i0.wp.com\/larevistadigital.com.ar\/blog\/wp-content\/uploads\/2017\/06\/LklK2h8I.jpeg?fit=1200%2C1200&ssl=1&resize=1050%2C600 3x"},"classes":[]},{"id":2696,"url":"https:\/\/larevistadigital.com.ar\/blog\/chascomus-federico-pinedo-acompano-a-ramiro-ferrante-en-el-timbreo-de-cambiemos\/","url_meta":{"origin":9310,"position":4},"title":"CHASCOM\u00daS: FEDERICO PINEDO ACOMPA\u00d1\u00d3 A RAMIRO FERRANTE EN EL TIMBREO DE CAMBIEMOS","author":"Alejandro Sosa Ruda","date":"22 julio, 2017","format":false,"excerpt":"El Presidente provisional del Senado de la Naci\u00f3n, Federico Pinedo, acompa\u00f1\u00f3 al precandidato a Concejal por Cambiemos, Ramiro Ferrante durante el timbreo realizado en la ma\u00f1ana de hoy. Pinedo arrib\u00f3 a la ciudad a las 10 de la ma\u00f1ana y se dirigi\u00f3 al local de Cambiemos en la calle Belgrano\u2026","rel":"","context":"En \u00abCHASCOM\u00daS\u00bb","block_context":{"text":"CHASCOM\u00daS","link":"https:\/\/larevistadigital.com.ar\/blog\/category\/chascomus\/"},"img":{"alt_text":"","src":"https:\/\/i0.wp.com\/larevistadigital.com.ar\/blog\/wp-content\/uploads\/2017\/07\/WhatsApp-Image-2017-07-22-at-15.59.32.jpeg?fit=1032%2C581&ssl=1&resize=350%2C200","width":350,"height":200,"srcset":"https:\/\/i0.wp.com\/larevistadigital.com.ar\/blog\/wp-content\/uploads\/2017\/07\/WhatsApp-Image-2017-07-22-at-15.59.32.jpeg?fit=1032%2C581&ssl=1&resize=350%2C200 1x, https:\/\/i0.wp.com\/larevistadigital.com.ar\/blog\/wp-content\/uploads\/2017\/07\/WhatsApp-Image-2017-07-22-at-15.59.32.jpeg?fit=1032%2C581&ssl=1&resize=525%2C300 1.5x, https:\/\/i0.wp.com\/larevistadigital.com.ar\/blog\/wp-content\/uploads\/2017\/07\/WhatsApp-Image-2017-07-22-at-15.59.32.jpeg?fit=1032%2C581&ssl=1&resize=700%2C400 2x"},"classes":[]},{"id":3003,"url":"https:\/\/larevistadigital.com.ar\/blog\/jorge-silvestre-en-las-paso-la-gente-va-a-votar-a-cambiemos\/","url_meta":{"origin":9310,"position":5},"title":"JORGE SILVESTRE: \u00abEN LAS PASO LA GENTE VA A VOTAR A CAMBIEMOS\u00bb","author":"Alejandro Sosa Ruda","date":"4 agosto, 2017","format":false,"excerpt":"El presidente del bloque de diputados de Cambiemos, Jorge Silvestre, destac\u00f3 las obras de infraestructura realizadas por la gesti\u00f3n de Vidal y se mostr\u00f3 confiado con el resultado de las PASO. \u201cLa gesti\u00f3n Cambiemos ha hecho m\u00e1s en un a\u00f1o que en los 30 a\u00f1os de peronismo en la provincia\u2026","rel":"","context":"En \u00abPOLITICA\u00bb","block_context":{"text":"POLITICA","link":"https:\/\/larevistadigital.com.ar\/blog\/category\/politica\/"},"img":{"alt_text":"","src":"https:\/\/i0.wp.com\/larevistadigital.com.ar\/blog\/wp-content\/uploads\/2017\/08\/eb157cdf-f42f-4c12-bbee-7446e147594c.jpg?fit=1024%2C683&ssl=1&resize=350%2C200","width":350,"height":200,"srcset":"https:\/\/i0.wp.com\/larevistadigital.com.ar\/blog\/wp-content\/uploads\/2017\/08\/eb157cdf-f42f-4c12-bbee-7446e147594c.jpg?fit=1024%2C683&ssl=1&resize=350%2C200 1x, https:\/\/i0.wp.com\/larevistadigital.com.ar\/blog\/wp-content\/uploads\/2017\/08\/eb157cdf-f42f-4c12-bbee-7446e147594c.jpg?fit=1024%2C683&ssl=1&resize=525%2C300 1.5x, https:\/\/i0.wp.com\/larevistadigital.com.ar\/blog\/wp-content\/uploads\/2017\/08\/eb157cdf-f42f-4c12-bbee-7446e147594c.jpg?fit=1024%2C683&ssl=1&resize=700%2C400 2x"},"classes":[]}],"_links":{"self":[{"href":"https:\/\/larevistadigital.com.ar\/blog\/wp-json\/wp\/v2\/posts\/9310","targetHints":{"allow":["GET"]}}],"collection":[{"href":"https:\/\/larevistadigital.com.ar\/blog\/wp-json\/wp\/v2\/posts"}],"about":[{"href":"https:\/\/larevistadigital.com.ar\/blog\/wp-json\/wp\/v2\/types\/post"}],"author":[{"embeddable":true,"href":"https:\/\/larevistadigital.com.ar\/blog\/wp-json\/wp\/v2\/users\/3"}],"replies":[{"embeddable":true,"href":"https:\/\/larevistadigital.com.ar\/blog\/wp-json\/wp\/v2\/comments?post=9310"}],"version-history":[{"count":1,"href":"https:\/\/larevistadigital.com.ar\/blog\/wp-json\/wp\/v2\/posts\/9310\/revisions"}],"predecessor-version":[{"id":9312,"href":"https:\/\/larevistadigital.com.ar\/blog\/wp-json\/wp\/v2\/posts\/9310\/revisions\/9312"}],"wp:featuredmedia":[{"embeddable":true,"href":"https:\/\/larevistadigital.com.ar\/blog\/wp-json\/wp\/v2\/media\/9311"}],"wp:attachment":[{"href":"https:\/\/larevistadigital.com.ar\/blog\/wp-json\/wp\/v2\/media?parent=9310"}],"wp:term":[{"taxonomy":"category","embeddable":true,"href":"https:\/\/larevistadigital.com.ar\/blog\/wp-json\/wp\/v2\/categories?post=9310"},{"taxonomy":"post_tag","embeddable":true,"href":"https:\/\/larevistadigital.com.ar\/blog\/wp-json\/wp\/v2\/tags?post=9310"}],"curies":[{"name":"wp","href":"https:\/\/api.w.org\/{rel}","templated":true}]}}