{"id":9519,"date":"2019-04-03T13:16:43","date_gmt":"2019-04-03T13:16:43","guid":{"rendered":"https:\/\/larevistadigital.com.ar\/blog\/?p=9519"},"modified":"2019-04-03T13:16:43","modified_gmt":"2019-04-03T13:16:43","slug":"desbaratan-banda-narco-e-incautan-3100-dosis-de-droga","status":"publish","type":"post","link":"https:\/\/larevistadigital.com.ar\/blog\/desbaratan-banda-narco-e-incautan-3100-dosis-de-droga\/","title":{"rendered":"DESBARATAN BANDA NARCO E INCAUTAN 3100 DOSIS DE DROGA"},"content":{"rendered":"<h2><em>IMPORTANTE OPERATIVO QUE DEJ\u00d3 ADEM\u00c1S DE LA DROGA SECUESTRADA, 6 DETENIDOS: 3 HOMBRES Y 3 MUJERES, M\u00c1S DINERO EN EFECTIVO, PASTA BASE Y OTROS ELEMENTOS<\/em><\/h2>\n<p>En las \u00faltimas horas, en la localidad de Villa Centenario en el Partido de\u00a0<strong>Lomas de Zamora, la polic\u00eda de la provincia de Buenos Aires desbarat\u00f3 una banda narco liderada por \u201cEl Manco\u201d y secuestr\u00f3 m\u00e1s de 3.100 dosis de droga<\/strong>. Tras los allanamientos hay 6 detenidos, tres hombres y tres mujeres, e incautaron dinero en efectivo, gran cantidad de pasta base, balanzas y tel\u00e9fonos celulares.<\/p>\n<div class=\"mvp-post-soc-in\">\n<div id=\"mvp-content-body\" class=\"left relative\">\n<div id=\"mvp-content-body-top\" class=\"left\">\n<div id=\"mvp-content-main\" class=\"left relative\">\n<div id=\"tps_slideContainer_16095\" class=\"theiaPostSlider_slides\">\n<div class=\"theiaPostSlider_preloadedSlide\">\n<blockquote>\n<h3>La banda narco era regenteada por \u201cEl Manco\u201d, y operaba en el mencionado partido del sur bonaerense, hasta el procedimiento llevado a cabo por efectivos de la Comisar\u00eda 7ma local con la colaboraci\u00f3n del personal perteneciente a la Delegaci\u00f3n Departamental de Investigaciones del Tr\u00e1fico de Drogas Il\u00edcitas de Lomas de Zamora.<\/h3>\n<\/blockquote>\n<div class=\"mvp-post-soc-in\">\n<div id=\"mvp-content-body\" class=\"left relative\">\n<div id=\"mvp-content-body-top\" class=\"left\">\n<div id=\"mvp-content-main\" class=\"left relative\">\n<div id=\"tps_slideContainer_16095\" class=\"theiaPostSlider_slides\">\n<div class=\"theiaPostSlider_preloadedSlide\">\n<p>Desde las fuerzas policiales crec\u00edan las sospechas que en varias viviendas de esa localidad se comercializaba estupefacientes al menudeo y comenzaron las tareas investigativas.<\/p>\n<p><img data-recalc-dims=\"1\" loading=\"lazy\" decoding=\"async\" class=\"aligncenter size-large wp-image-16098\" src=\"https:\/\/i0.wp.com\/detrasdelanoticia.com.ar\/wp-content\/uploads\/2019\/04\/IMG_20190402_201655-768x1024.jpg?resize=740%2C987&#038;ssl=1\" alt=\"\" width=\"740\" height=\"987\" \/><\/p>\n<p>Las mismas, permitieron establecer tiempo m\u00e1s tarde que quien prove\u00eda la droga \u2013 paco en su mayor\u00eda- y controlaba las ventas era \u201cEl Manco\u201d, un sujeto que ten\u00eda a su vez varios vendedores a su cargo, entre ellos \u201cEl Negro\u201d.<\/p>\n<p>La Justicia orden\u00f3 la realizaci\u00f3n de seis allanamientos, por los cuales detuvieron a 6 personas, tres mujeres y tres hombres, entre ellos \u201cEl Manco\u201d, sindicado como el l\u00edder de la asociaci\u00f3n narco.<\/p>\n<p>Adem\u00e1s se\u00a0<strong>secuestraron 3100 dosis de paco, 2 piedras de pasta base que pesan un total de 1,500 gramos, 1 balanza de precisi\u00f3n, elementos de corte, tel\u00e9fonos<\/strong>\u00a0celulares y\u00a0<strong>$225.000 en efectivo<\/strong>.<\/p>\n<p><img data-recalc-dims=\"1\" loading=\"lazy\" decoding=\"async\" class=\"aligncenter size-large wp-image-16099\" src=\"https:\/\/i0.wp.com\/detrasdelanoticia.com.ar\/wp-content\/uploads\/2019\/04\/IMG_20190402_201650-768x1024.jpg?resize=740%2C987&#038;ssl=1\" alt=\"\" width=\"740\" height=\"987\" \/><\/p>\n<p>La causa est\u00e1 a cargo del Dr. <strong>Berriel<\/strong> y el Dr. <strong>Melli<\/strong>, ambos Fiscales de la UFI N\u00b0 14 del Departamento Judicial de Lomas de Zamora.<\/p>\n<p>FUENTE:DLN<\/p>\n<\/div>\n<\/div>\n<\/div>\n<\/div>\n<\/div>\n<\/div>\n<\/div>\n<\/div>\n<\/div>\n<\/div>\n<\/div>\n<\/div>\n","protected":false},"excerpt":{"rendered":"<div class=\"mh-excerpt\"><p>IMPORTANTE OPERATIVO QUE DEJ\u00d3 ADEM\u00c1S DE LA DROGA SECUESTRADA, 6 DETENIDOS: 3 HOMBRES Y 3 MUJERES, M\u00c1S DINERO EN EFECTIVO, PASTA BASE Y OTROS ELEMENTOS En las \u00faltimas horas, en la localidad de Villa Centenario <a class=\"mh-excerpt-more\" href=\"https:\/\/larevistadigital.com.ar\/blog\/desbaratan-banda-narco-e-incautan-3100-dosis-de-droga\/\" title=\"DESBARATAN BANDA NARCO E INCAUTAN 3100 DOSIS DE DROGA\">[Leer M\u00e1s]<\/a><\/p>\n<\/div>","protected":false},"author":3,"featured_media":9520,"comment_status":"open","ping_status":"open","sticky":false,"template":"","format":"standard","meta":{"_jetpack_memberships_contains_paid_content":false,"footnotes":"","jetpack_publicize_message":"","jetpack_publicize_feature_enabled":true,"jetpack_social_post_already_shared":true,"jetpack_social_options":{"image_generator_settings":{"template":"highway","default_image_id":0,"font":"","enabled":false},"version":2}},"categories":[44,12],"tags":[],"class_list":{"0":"post-9519","1":"post","2":"type-post","3":"status-publish","4":"format-standard","5":"has-post-thumbnail","7":"category-policiales","8":"category-politica"},"jetpack_publicize_connections":[],"jetpack_featured_media_url":"https:\/\/i0.wp.com\/larevistadigital.com.ar\/blog\/wp-content\/uploads\/2019\/04\/Banda_Manco_centenario.jpg?fit=600%2C401&ssl=1","jetpack_sharing_enabled":true,"jetpack_shortlink":"https:\/\/wp.me\/p8qtrQ-2tx","jetpack-related-posts":[{"id":9991,"url":"https:\/\/larevistadigital.com.ar\/blog\/la-plata-derriban-bunker-narco-y-hay-tres-detenidos\/","url_meta":{"origin":9519,"position":0},"title":"LA PLATA: DERRIBAN BUNKER NARCO Y HAY TRES DETENIDOS","author":"Alejandro Sosa Ruda","date":"4 mayo, 2019","format":false,"excerpt":"La Polic\u00eda Bonaerense derrib\u00f3 el b\u00fanker de droga 114 en las inmediaciones de una plaza del Barrio \u201cEl Palihue\u201d, en la Ciudad de La Plata. Tras realizar cinco allanamientos, hay tres hombres detenidos a los que les secuestraron estupefacientes, armas de fuego, tel\u00e9fonos celulares y una gran suma de dinero\u2026","rel":"","context":"En \u00abPOLICIALES\u00bb","block_context":{"text":"POLICIALES","link":"https:\/\/larevistadigital.com.ar\/blog\/category\/policiales\/"},"img":{"alt_text":"","src":"https:\/\/i0.wp.com\/larevistadigital.com.ar\/blog\/wp-content\/uploads\/2019\/05\/IMG_20190504_114134.jpg?fit=1040%2C586&ssl=1&resize=350%2C200","width":350,"height":200,"srcset":"https:\/\/i0.wp.com\/larevistadigital.com.ar\/blog\/wp-content\/uploads\/2019\/05\/IMG_20190504_114134.jpg?fit=1040%2C586&ssl=1&resize=350%2C200 1x, https:\/\/i0.wp.com\/larevistadigital.com.ar\/blog\/wp-content\/uploads\/2019\/05\/IMG_20190504_114134.jpg?fit=1040%2C586&ssl=1&resize=525%2C300 1.5x, https:\/\/i0.wp.com\/larevistadigital.com.ar\/blog\/wp-content\/uploads\/2019\/05\/IMG_20190504_114134.jpg?fit=1040%2C586&ssl=1&resize=700%2C400 2x"},"classes":[]},{"id":44345,"url":"https:\/\/larevistadigital.com.ar\/blog\/desarticulan-banda-narco-en-santa-clara-del-mar-siete-allanamientos-y-tres-hermanos-detenidos\/","url_meta":{"origin":9519,"position":1},"title":"Desarticulan banda narco en Santa Clara del Mar: siete allanamientos y tres hermanos detenidos","author":"Alejandro Sosa Ruda","date":"5 marzo, 2026","format":false,"excerpt":"Un amplio operativo policial permiti\u00f3 desbaratar una organizaci\u00f3n dedicada a la venta de droga que operaba en un complejo habitacional. Secuestraron estupefacientes, balanzas, celulares y veh\u00edculos usados para la distribuci\u00f3n. 05 de marzo de 2026 MAR CHIQUITA -\u00a0 \u00a0Un importante operativo policial permiti\u00f3 desarticular una organizaci\u00f3n dedicada a la comercializaci\u00f3n\u2026","rel":"","context":"En \u00abPOLICIALES\u00bb","block_context":{"text":"POLICIALES","link":"https:\/\/larevistadigital.com.ar\/blog\/category\/policiales\/"},"img":{"alt_text":"","src":"https:\/\/i0.wp.com\/larevistadigital.com.ar\/blog\/wp-content\/uploads\/Captura-de-pantalla-2026-03-05-203107.jpg?fit=812%2C418&ssl=1&resize=350%2C200","width":350,"height":200,"srcset":"https:\/\/i0.wp.com\/larevistadigital.com.ar\/blog\/wp-content\/uploads\/Captura-de-pantalla-2026-03-05-203107.jpg?fit=812%2C418&ssl=1&resize=350%2C200 1x, https:\/\/i0.wp.com\/larevistadigital.com.ar\/blog\/wp-content\/uploads\/Captura-de-pantalla-2026-03-05-203107.jpg?fit=812%2C418&ssl=1&resize=525%2C300 1.5x, https:\/\/i0.wp.com\/larevistadigital.com.ar\/blog\/wp-content\/uploads\/Captura-de-pantalla-2026-03-05-203107.jpg?fit=812%2C418&ssl=1&resize=700%2C400 2x"},"classes":[]},{"id":13778,"url":"https:\/\/larevistadigital.com.ar\/blog\/desbaratan-banda-narco-en-azul-liderada-por-un-preso-una-policia-embarazada-y-una-empleada-municipal\/","url_meta":{"origin":9519,"position":2},"title":"DESBARATAN BANDA NARCO EN AZUL LIDERADA POR UN PRESO, UNA POLIC\u00cdA EMBARAZADA Y UNA EMPLEADA MUNICIPAL","author":"Alejandro Sosa Ruda","date":"22 diciembre, 2019","format":false,"excerpt":"Una investigaci\u00f3n de varios meses permiti\u00f3 desbaratar a la banda, secuestrar marihuana que ten\u00edan preparada para fraccionar y vender, y detener a 11 personas. El cabecilla manejaba todo desde una celda de la Unidad Penal 30 de General Alvear. La mujer polic\u00eda, de 29 a\u00f1os,\u00a0fue beneficiada con arresto domiciliario porque\u2026","rel":"","context":"En \u00abREGIONALES\u00bb","block_context":{"text":"REGIONALES","link":"https:\/\/larevistadigital.com.ar\/blog\/category\/regionales\/"},"img":{"alt_text":"","src":"https:\/\/i0.wp.com\/larevistadigital.com.ar\/blog\/wp-content\/uploads\/drogas_azul_detenida.jpg?fit=600%2C375&ssl=1&resize=350%2C200","width":350,"height":200,"srcset":"https:\/\/i0.wp.com\/larevistadigital.com.ar\/blog\/wp-content\/uploads\/drogas_azul_detenida.jpg?fit=600%2C375&ssl=1&resize=350%2C200 1x, https:\/\/i0.wp.com\/larevistadigital.com.ar\/blog\/wp-content\/uploads\/drogas_azul_detenida.jpg?fit=600%2C375&ssl=1&resize=525%2C300 1.5x"},"classes":[]},{"id":28155,"url":"https:\/\/larevistadigital.com.ar\/blog\/prefectura-secuestro-mas-de-cinco-toneladas-de-marihuana-hay-siete-detenidos\/","url_meta":{"origin":9519,"position":3},"title":"PREFECTURA SECUESTR\u00d3 M\u00c1S DE CINCO TONELADAS DE MARIHUANA. HAY SIETE DETENIDOS","author":"Alejandro Sosa Ruda","date":"29 septiembre, 2022","format":false,"excerpt":"La Prefectura Naval Argentina desbarat\u00f3 una banda narco, detuvo a siete hombres y decomis\u00f3 un cargamento de m\u00e1s de 5.000 kilos de marihuana. 29 de septiembre de 2022 Personal del Departamento Investigaciones del Narcotr\u00e1fico y de la Delegaciones de Inteligencia Criminal de las Prefecturas de Zona Alto Paran\u00e1 y Alto\u2026","rel":"","context":"En \u00abINTERES GENERAL\u00bb","block_context":{"text":"INTERES GENERAL","link":"https:\/\/larevistadigital.com.ar\/blog\/category\/interes-general\/"},"img":{"alt_text":"","src":"https:\/\/i0.wp.com\/larevistadigital.com.ar\/blog\/wp-content\/uploads\/20220928154917_prefectura-secuestro-mas-de-cinco-toneladas-de-marihuana-hay-siete-detenidos.jpg?fit=880%2C512&ssl=1&resize=350%2C200","width":350,"height":200,"srcset":"https:\/\/i0.wp.com\/larevistadigital.com.ar\/blog\/wp-content\/uploads\/20220928154917_prefectura-secuestro-mas-de-cinco-toneladas-de-marihuana-hay-siete-detenidos.jpg?fit=880%2C512&ssl=1&resize=350%2C200 1x, https:\/\/i0.wp.com\/larevistadigital.com.ar\/blog\/wp-content\/uploads\/20220928154917_prefectura-secuestro-mas-de-cinco-toneladas-de-marihuana-hay-siete-detenidos.jpg?fit=880%2C512&ssl=1&resize=525%2C300 1.5x, https:\/\/i0.wp.com\/larevistadigital.com.ar\/blog\/wp-content\/uploads\/20220928154917_prefectura-secuestro-mas-de-cinco-toneladas-de-marihuana-hay-siete-detenidos.jpg?fit=880%2C512&ssl=1&resize=700%2C400 2x"},"classes":[]},{"id":43531,"url":"https:\/\/larevistadigital.com.ar\/blog\/partido-de-la-costa-cayo-ex-barra-de-san-lorenzo-lideraba-una-banda-narco\/","url_meta":{"origin":9519,"position":4},"title":"Partido de la Costa: Cay\u00f3 ex barra de San Lorenzo lideraba una banda narco.","author":"Alejandro Sosa Ruda","date":"22 enero, 2026","format":false,"excerpt":"Tres personas fueron detenidas en el marco del Operativo de Sol a Sol 2026. Entre los aprehendidos se encuentra \u201cEl Cuervo\u201d, se\u00f1alado como l\u00edder de la organizaci\u00f3n y ex integrante de la barra brava de San Lorenzo. 22 de enero de 2026 LA COSTA -\u00a0 \u00a0Luego de una investigaci\u00f3n que\u2026","rel":"","context":"En \u00abPOLICIALES\u00bb","block_context":{"text":"POLICIALES","link":"https:\/\/larevistadigital.com.ar\/blog\/category\/policiales\/"},"img":{"alt_text":"","src":"https:\/\/i0.wp.com\/larevistadigital.com.ar\/blog\/wp-content\/uploads\/48fbb87fe8a3f443ce2b382f0c3a9ac81a08a82e.jpeg?fit=1140%2C681&ssl=1&resize=350%2C200","width":350,"height":200,"srcset":"https:\/\/i0.wp.com\/larevistadigital.com.ar\/blog\/wp-content\/uploads\/48fbb87fe8a3f443ce2b382f0c3a9ac81a08a82e.jpeg?fit=1140%2C681&ssl=1&resize=350%2C200 1x, https:\/\/i0.wp.com\/larevistadigital.com.ar\/blog\/wp-content\/uploads\/48fbb87fe8a3f443ce2b382f0c3a9ac81a08a82e.jpeg?fit=1140%2C681&ssl=1&resize=525%2C300 1.5x, https:\/\/i0.wp.com\/larevistadigital.com.ar\/blog\/wp-content\/uploads\/48fbb87fe8a3f443ce2b382f0c3a9ac81a08a82e.jpeg?fit=1140%2C681&ssl=1&resize=700%2C400 2x, https:\/\/i0.wp.com\/larevistadigital.com.ar\/blog\/wp-content\/uploads\/48fbb87fe8a3f443ce2b382f0c3a9ac81a08a82e.jpeg?fit=1140%2C681&ssl=1&resize=1050%2C600 3x"},"classes":[]},{"id":27722,"url":"https:\/\/larevistadigital.com.ar\/blog\/desbaratan-banda-narco-que-operaba-en-la-costa-atlantica\/","url_meta":{"origin":9519,"position":5},"title":"DESBARATAN BANDA NARCO QUE OPERABA EN LA COSTA ATL\u00c1NTICA","author":"Alejandro Sosa Ruda","date":"13 septiembre, 2022","format":false,"excerpt":"La investigaci\u00f3n hab\u00eda comenzado a mitad de a\u00f1o con la detenci\u00f3n de una \"mula\" que se dirig\u00eda a Mar de Aj\u00f3. 13 de septiembre de 2022 Una\u00a0banda de narcotraficantes que operaba en la Costa Atl\u00e1ntica\u00a0fue desbaratada en las \u00faltimas horas tras diversos allanamientos en distintos puntos de la provincia de\u2026","rel":"","context":"En \u00abPOLICIALES\u00bb","block_context":{"text":"POLICIALES","link":"https:\/\/larevistadigital.com.ar\/blog\/category\/policiales\/"},"img":{"alt_text":"","src":"https:\/\/i0.wp.com\/larevistadigital.com.ar\/blog\/wp-content\/uploads\/droga-costa.png?fit=807%2C557&ssl=1&resize=350%2C200","width":350,"height":200,"srcset":"https:\/\/i0.wp.com\/larevistadigital.com.ar\/blog\/wp-content\/uploads\/droga-costa.png?fit=807%2C557&ssl=1&resize=350%2C200 1x, https:\/\/i0.wp.com\/larevistadigital.com.ar\/blog\/wp-content\/uploads\/droga-costa.png?fit=807%2C557&ssl=1&resize=525%2C300 1.5x, https:\/\/i0.wp.com\/larevistadigital.com.ar\/blog\/wp-content\/uploads\/droga-costa.png?fit=807%2C557&ssl=1&resize=700%2C400 2x"},"classes":[]}],"_links":{"self":[{"href":"https:\/\/larevistadigital.com.ar\/blog\/wp-json\/wp\/v2\/posts\/9519","targetHints":{"allow":["GET"]}}],"collection":[{"href":"https:\/\/larevistadigital.com.ar\/blog\/wp-json\/wp\/v2\/posts"}],"about":[{"href":"https:\/\/larevistadigital.com.ar\/blog\/wp-json\/wp\/v2\/types\/post"}],"author":[{"embeddable":true,"href":"https:\/\/larevistadigital.com.ar\/blog\/wp-json\/wp\/v2\/users\/3"}],"replies":[{"embeddable":true,"href":"https:\/\/larevistadigital.com.ar\/blog\/wp-json\/wp\/v2\/comments?post=9519"}],"version-history":[{"count":1,"href":"https:\/\/larevistadigital.com.ar\/blog\/wp-json\/wp\/v2\/posts\/9519\/revisions"}],"predecessor-version":[{"id":9521,"href":"https:\/\/larevistadigital.com.ar\/blog\/wp-json\/wp\/v2\/posts\/9519\/revisions\/9521"}],"wp:featuredmedia":[{"embeddable":true,"href":"https:\/\/larevistadigital.com.ar\/blog\/wp-json\/wp\/v2\/media\/9520"}],"wp:attachment":[{"href":"https:\/\/larevistadigital.com.ar\/blog\/wp-json\/wp\/v2\/media?parent=9519"}],"wp:term":[{"taxonomy":"category","embeddable":true,"href":"https:\/\/larevistadigital.com.ar\/blog\/wp-json\/wp\/v2\/categories?post=9519"},{"taxonomy":"post_tag","embeddable":true,"href":"https:\/\/larevistadigital.com.ar\/blog\/wp-json\/wp\/v2\/tags?post=9519"}],"curies":[{"name":"wp","href":"https:\/\/api.w.org\/{rel}","templated":true}]}}