{"id":9522,"date":"2019-04-03T13:55:49","date_gmt":"2019-04-03T13:55:49","guid":{"rendered":"https:\/\/larevistadigital.com.ar\/blog\/?p=9522"},"modified":"2019-04-03T13:55:49","modified_gmt":"2019-04-03T13:55:49","slug":"dolores-un-aprehendido-por-resistencia-a-la-autoridad","status":"publish","type":"post","link":"https:\/\/larevistadigital.com.ar\/blog\/dolores-un-aprehendido-por-resistencia-a-la-autoridad\/","title":{"rendered":"DOLORES: UN APREHENDIDO POR RESISTENCIA A LA AUTORIDAD"},"content":{"rendered":"<p>El hecho sucedi\u00f3 en la intersecci\u00f3n de calle Negri y canal 9, cuando se intent\u00f3 secuestrar un motoveh\u00edculo que iba conducido por un j\u00f3ven, acompa\u00f1ado de una chica, pero en lugar de detenerse, cuando el sujeto v\u00e9 el control policial, aumenta la velocidad y se da a la fuga, origin\u00e1ndose una persecuci\u00f3n tanto en la zona rural dolorense, como en la zona urbana.<\/p>\n<blockquote>\n<h3>El sujeto se mantuvo en su huida, haciendo caso omiso de las \u00f3rdenes de detenerse, por lo que se implement\u00f3 un \u00aboperativo cerrojo\u00bb con personal de la Polic\u00eda Local, UPPPL Local, DDI Dolores, logrando la aprehensi\u00f3n del ciudadano, por el delito de \u00abResistencia a la Autoridad\u00bb y al secuestro del rodado.<\/h3>\n<\/blockquote>\n<p>Interviene la UFIJ N\u00b0 2 a cargo del Dr. <strong>Diego Bensi.<\/strong><\/p>\n","protected":false},"excerpt":{"rendered":"<div class=\"mh-excerpt\"><p>El hecho sucedi\u00f3 en la intersecci\u00f3n de calle Negri y canal 9, cuando se intent\u00f3 secuestrar un motoveh\u00edculo que iba conducido por un j\u00f3ven, acompa\u00f1ado de una chica, pero en lugar de detenerse, cuando el <a class=\"mh-excerpt-more\" href=\"https:\/\/larevistadigital.com.ar\/blog\/dolores-un-aprehendido-por-resistencia-a-la-autoridad\/\" title=\"DOLORES: UN APREHENDIDO POR RESISTENCIA A LA AUTORIDAD\">[Leer M\u00e1s]<\/a><\/p>\n<\/div>","protected":false},"author":3,"featured_media":9525,"comment_status":"open","ping_status":"open","sticky":false,"template":"","format":"standard","meta":{"_jetpack_memberships_contains_paid_content":false,"footnotes":"","jetpack_publicize_message":"","jetpack_publicize_feature_enabled":true,"jetpack_social_post_already_shared":true,"jetpack_social_options":{"image_generator_settings":{"template":"highway","default_image_id":0,"font":"","enabled":false},"version":2}},"categories":[43,12,1],"tags":[],"class_list":{"0":"post-9522","1":"post","2":"type-post","3":"status-publish","4":"format-standard","5":"has-post-thumbnail","7":"category-dolores","8":"category-politica","9":"category-sin-categoria"},"jetpack_publicize_connections":[],"jetpack_featured_media_url":"https:\/\/i0.wp.com\/larevistadigital.com.ar\/blog\/wp-content\/uploads\/2019\/04\/Screenshot_2-2.jpg?fit=869%2C550&ssl=1","jetpack_sharing_enabled":true,"jetpack_shortlink":"https:\/\/wp.me\/p8qtrQ-2tA","jetpack-related-posts":[{"id":9240,"url":"https:\/\/larevistadigital.com.ar\/blog\/9240-2\/","url_meta":{"origin":9522,"position":0},"title":"DETIENEN DOLORENSE LUEGO DE 20 KM DE PERSECUCI\u00d3N","author":"Alejandro Sosa Ruda","date":"20 marzo, 2019","format":false,"excerpt":"Personal policial del Destacamento Rural \u201cEl 80\u201d perteneciente a la Estaci\u00f3n Comunal Pila, detuvo a un dolorense por tenencia ilegal de armas y resistencia a la autoridad El vecino de Dolores circulaba en una camioneta Volskwagen Amarok color gris y fue visto en inmediaciones del establecimiento rural Los Hinojales. En\u2026","rel":"","context":"En \u00abPOLICIALES\u00bb","block_context":{"text":"POLICIALES","link":"https:\/\/larevistadigital.com.ar\/blog\/category\/policiales\/"},"img":{"alt_text":"","src":"https:\/\/i0.wp.com\/larevistadigital.com.ar\/blog\/wp-content\/uploads\/2019\/03\/Rural1-660x330.jpg?fit=660%2C330&ssl=1&resize=350%2C200","width":350,"height":200,"srcset":"https:\/\/i0.wp.com\/larevistadigital.com.ar\/blog\/wp-content\/uploads\/2019\/03\/Rural1-660x330.jpg?fit=660%2C330&ssl=1&resize=350%2C200 1x, https:\/\/i0.wp.com\/larevistadigital.com.ar\/blog\/wp-content\/uploads\/2019\/03\/Rural1-660x330.jpg?fit=660%2C330&ssl=1&resize=525%2C300 1.5x"},"classes":[]},{"id":22439,"url":"https:\/\/larevistadigital.com.ar\/blog\/quisieron-identificarlo-cuando-trataba-de-arrancar-la-moto-y-agredio-a-la-policia\/","url_meta":{"origin":9522,"position":1},"title":"QUISIERON IDENTIFICARLO CUANDO TRATABA DE ARRANCAR LA MOTO, Y AGREDI\u00d3 A LA POLIC\u00cdA","author":"Alejandro Sosa Ruda","date":"21 octubre, 2021","format":false,"excerpt":"Sucedi\u00f3 el mi\u00e9rcoles a la madrugada en el barrio Florencio S\u00e1nchez. Se le form\u00f3 una causa por resistencia a la autoridad. MAR DEL PLATA\u00a0 -\u00a0 Un hombre de 40 a\u00f1os que agredi\u00f3 al personal policial que intent\u00f3 identificarlo cuando pon\u00eda en marcha una moto en el barrio Florencio S\u00e1nchez fue\u2026","rel":"","context":"En \u00abPOLICIALES\u00bb","block_context":{"text":"POLICIALES","link":"https:\/\/larevistadigital.com.ar\/blog\/category\/policiales\/"},"img":{"alt_text":"","src":"https:\/\/i0.wp.com\/larevistadigital.com.ar\/blog\/wp-content\/uploads\/Captura-de-pantalla-2021-10-20-233434.jpg?fit=995%2C555&ssl=1&resize=350%2C200","width":350,"height":200,"srcset":"https:\/\/i0.wp.com\/larevistadigital.com.ar\/blog\/wp-content\/uploads\/Captura-de-pantalla-2021-10-20-233434.jpg?fit=995%2C555&ssl=1&resize=350%2C200 1x, https:\/\/i0.wp.com\/larevistadigital.com.ar\/blog\/wp-content\/uploads\/Captura-de-pantalla-2021-10-20-233434.jpg?fit=995%2C555&ssl=1&resize=525%2C300 1.5x, https:\/\/i0.wp.com\/larevistadigital.com.ar\/blog\/wp-content\/uploads\/Captura-de-pantalla-2021-10-20-233434.jpg?fit=995%2C555&ssl=1&resize=700%2C400 2x"},"classes":[]},{"id":4418,"url":"https:\/\/larevistadigital.com.ar\/blog\/castelli-condenan-sujeto-dano-resistencia-la-autoridad\/","url_meta":{"origin":9522,"position":2},"title":"CASTELLI: CONDENAN A SUJETO POR DA\u00d1O Y RESISTENCIA A LA AUTORIDAD","author":"Alejandro Sosa Ruda","date":"8 enero, 2018","format":false,"excerpt":"La Dra Mar\u00eda Eva Merlo del Juzgado Correccional n\u00ba 1 Departamental, conden\u00f3 a Claudio Jonathan Hauscarriaga, apodado \u201cJoni\u201d, de 27 a\u00f1os de edad, empleado municipal, nacido en Dolores y domiciliado en la localidad de Castelli, como autor penalmente responsable de los delitos de\u00a0\u201cDa\u00f1o, resistencia a la autoridad y lesiones leves\u2026","rel":"","context":"En \u00abCASTELLI\u00bb","block_context":{"text":"CASTELLI","link":"https:\/\/larevistadigital.com.ar\/blog\/category\/castelli\/"},"img":{"alt_text":"","src":"https:\/\/i0.wp.com\/larevistadigital.com.ar\/blog\/wp-content\/uploads\/2018\/01\/justicia.jpg?fit=1200%2C675&ssl=1&resize=350%2C200","width":350,"height":200,"srcset":"https:\/\/i0.wp.com\/larevistadigital.com.ar\/blog\/wp-content\/uploads\/2018\/01\/justicia.jpg?fit=1200%2C675&ssl=1&resize=350%2C200 1x, https:\/\/i0.wp.com\/larevistadigital.com.ar\/blog\/wp-content\/uploads\/2018\/01\/justicia.jpg?fit=1200%2C675&ssl=1&resize=525%2C300 1.5x, https:\/\/i0.wp.com\/larevistadigital.com.ar\/blog\/wp-content\/uploads\/2018\/01\/justicia.jpg?fit=1200%2C675&ssl=1&resize=700%2C400 2x, https:\/\/i0.wp.com\/larevistadigital.com.ar\/blog\/wp-content\/uploads\/2018\/01\/justicia.jpg?fit=1200%2C675&ssl=1&resize=1050%2C600 3x"},"classes":[]},{"id":33471,"url":"https:\/\/larevistadigital.com.ar\/blog\/chascomus-la-policia-aprehendio-a-un-violento-sujeto-por-robo-de-un-celular-y-danos-y-amenazas-a-la-autoridad\/","url_meta":{"origin":9522,"position":3},"title":"CHASCOM\u00daS: LA POLIC\u00cdA APREHENDI\u00d3 A UN VIOLENTO SUJETO POR ROBO DE UN CELULAR Y DA\u00d1OS Y AMENAZAS A LA AUTORIDAD","author":"Alejandro Sosa Ruda","date":"15 septiembre, 2023","format":false,"excerpt":"El ladr\u00f3n, incre\u00edblemente retorn\u00f3 al lugar del hecho y amenaz\u00f3 a la v\u00edctima, para luego trenzarse en lucha con los polic\u00edas. 15\u00a0 Septiembre de 2023 CHASCOM\u00daS -\u00a0 En las \u00faltimas horas del d\u00eda de ayer, personal policial acudi\u00f3 a un llamado de 911 en calle Gritos de Dolores y Colombia\u2026","rel":"","context":"En \u00abINTERES GENERAL\u00bb","block_context":{"text":"INTERES GENERAL","link":"https:\/\/larevistadigital.com.ar\/blog\/category\/interes-general\/"},"img":{"alt_text":"","src":"https:\/\/i0.wp.com\/larevistadigital.com.ar\/blog\/wp-content\/uploads\/POLICIA.png?fit=1002%2C658&ssl=1&resize=350%2C200","width":350,"height":200,"srcset":"https:\/\/i0.wp.com\/larevistadigital.com.ar\/blog\/wp-content\/uploads\/POLICIA.png?fit=1002%2C658&ssl=1&resize=350%2C200 1x, https:\/\/i0.wp.com\/larevistadigital.com.ar\/blog\/wp-content\/uploads\/POLICIA.png?fit=1002%2C658&ssl=1&resize=525%2C300 1.5x, https:\/\/i0.wp.com\/larevistadigital.com.ar\/blog\/wp-content\/uploads\/POLICIA.png?fit=1002%2C658&ssl=1&resize=700%2C400 2x"},"classes":[]},{"id":3077,"url":"https:\/\/larevistadigital.com.ar\/blog\/demoraron-a-dos-hombres-uno-por-resistencia-a-la-autoridad-y-otro-por-ebriedad-y-desorden\/","url_meta":{"origin":9522,"position":4},"title":"Demoraron a dos hombres, uno por resistencia a la autoridad y otro por ebriedad y desorden","author":"admin","date":"11 agosto, 2017","format":false,"excerpt":"Se inform\u00f3 desde la Comisar\u00eda 1ra. sobre la aprehensi\u00f3n de dos hombres. Por un lugar, el jueves cerca de las 20, personal policial procedi\u00f3 a demorar a un joven de 20 a\u00f1os que circulaba en una motocicleta por la costanera y que al tratar de ser identificado, se resisti\u00f3. A\u2026","rel":"","context":"En \u00abCHASCOM\u00daS\u00bb","block_context":{"text":"CHASCOM\u00daS","link":"https:\/\/larevistadigital.com.ar\/blog\/category\/chascomus\/"},"img":{"alt_text":"","src":"https:\/\/i0.wp.com\/larevistadigital.com.ar\/blog\/wp-content\/uploads\/2017\/08\/comisaria.jpg?fit=640%2C324&ssl=1&resize=350%2C200","width":350,"height":200,"srcset":"https:\/\/i0.wp.com\/larevistadigital.com.ar\/blog\/wp-content\/uploads\/2017\/08\/comisaria.jpg?fit=640%2C324&ssl=1&resize=350%2C200 1x, https:\/\/i0.wp.com\/larevistadigital.com.ar\/blog\/wp-content\/uploads\/2017\/08\/comisaria.jpg?fit=640%2C324&ssl=1&resize=525%2C300 1.5x"},"classes":[]},{"id":35847,"url":"https:\/\/larevistadigital.com.ar\/blog\/chascomus-la-policia-atrapo-al-responsable-del-robo-en-calle-grito-de-dolores\/","url_meta":{"origin":9522,"position":5},"title":"CHASCOM\u00daS: LA POLIC\u00cdA ATRAP\u00d3 AL RESPONSABLE DEL ROBO EN CALLE GRITO DE DOLORES","author":"Alejandro Sosa Ruda","date":"17 abril, 2024","format":false,"excerpt":"Luego de las investigaciones, la polic\u00eda logr\u00f3 detener al responsable del hecho de robo de calle Griuto de Dolores. 17 de abril de 2024 CHASCOM\u00daS -\u00a0 El dia mi\u00e9rcoles 10 del corriente, se recibio una denuncia de Robo en el que la v\u00edctima manifesto que habian constatado que autor o\u2026","rel":"","context":"En \u00abDESTACADAS\u00bb","block_context":{"text":"DESTACADAS","link":"https:\/\/larevistadigital.com.ar\/blog\/category\/destacadas\/"},"img":{"alt_text":"","src":"https:\/\/i0.wp.com\/larevistadigital.com.ar\/blog\/wp-content\/uploads\/WhatsApp-Image-2024-04-16-at-19.03.18.jpeg?fit=675%2C1200&ssl=1&resize=350%2C200","width":350,"height":200,"srcset":"https:\/\/i0.wp.com\/larevistadigital.com.ar\/blog\/wp-content\/uploads\/WhatsApp-Image-2024-04-16-at-19.03.18.jpeg?fit=675%2C1200&ssl=1&resize=350%2C200 1x, https:\/\/i0.wp.com\/larevistadigital.com.ar\/blog\/wp-content\/uploads\/WhatsApp-Image-2024-04-16-at-19.03.18.jpeg?fit=675%2C1200&ssl=1&resize=525%2C300 1.5x"},"classes":[]}],"_links":{"self":[{"href":"https:\/\/larevistadigital.com.ar\/blog\/wp-json\/wp\/v2\/posts\/9522","targetHints":{"allow":["GET"]}}],"collection":[{"href":"https:\/\/larevistadigital.com.ar\/blog\/wp-json\/wp\/v2\/posts"}],"about":[{"href":"https:\/\/larevistadigital.com.ar\/blog\/wp-json\/wp\/v2\/types\/post"}],"author":[{"embeddable":true,"href":"https:\/\/larevistadigital.com.ar\/blog\/wp-json\/wp\/v2\/users\/3"}],"replies":[{"embeddable":true,"href":"https:\/\/larevistadigital.com.ar\/blog\/wp-json\/wp\/v2\/comments?post=9522"}],"version-history":[{"count":2,"href":"https:\/\/larevistadigital.com.ar\/blog\/wp-json\/wp\/v2\/posts\/9522\/revisions"}],"predecessor-version":[{"id":9526,"href":"https:\/\/larevistadigital.com.ar\/blog\/wp-json\/wp\/v2\/posts\/9522\/revisions\/9526"}],"wp:featuredmedia":[{"embeddable":true,"href":"https:\/\/larevistadigital.com.ar\/blog\/wp-json\/wp\/v2\/media\/9525"}],"wp:attachment":[{"href":"https:\/\/larevistadigital.com.ar\/blog\/wp-json\/wp\/v2\/media?parent=9522"}],"wp:term":[{"taxonomy":"category","embeddable":true,"href":"https:\/\/larevistadigital.com.ar\/blog\/wp-json\/wp\/v2\/categories?post=9522"},{"taxonomy":"post_tag","embeddable":true,"href":"https:\/\/larevistadigital.com.ar\/blog\/wp-json\/wp\/v2\/tags?post=9522"}],"curies":[{"name":"wp","href":"https:\/\/api.w.org\/{rel}","templated":true}]}}