{"id":9528,"date":"2019-04-04T14:24:28","date_gmt":"2019-04-04T14:24:28","guid":{"rendered":"https:\/\/larevistadigital.com.ar\/blog\/?p=9528"},"modified":"2019-04-04T14:24:28","modified_gmt":"2019-04-04T14:24:28","slug":"murio-alberto-cortez-a-los-79-anos-de-edad","status":"publish","type":"post","link":"https:\/\/larevistadigital.com.ar\/blog\/murio-alberto-cortez-a-los-79-anos-de-edad\/","title":{"rendered":"MURI\u00d3 ALBERTO CORTEZ A LOS 79 A\u00d1OS DE EDAD"},"content":{"rendered":"<p>El cantante se encontraba internado en Madrid, por problemas g\u00e1stricos que se fueron empeorando.<\/p>\n<p><strong>Cort\u00e9z<\/strong> sin dudas fue uno de los m\u00e1s importantes cantautores de habla hispana, radicado hace a\u00f1os en Espa\u00f1a y muy respetado a nivel mundial.<\/p>\n<p>As\u00f3 lo confirm\u00f3 <strong>Yolanda D\u00edaz<\/strong>, productora del concierto que iba a dar en Puerto Rico.<\/p>\n<p>La noticia de la sorpresiva muerte del cantautor se la comunic\u00f3 a <strong>D\u00edaz<\/strong> el manejador del artista <strong>Daniel Frega<\/strong>.<\/p>\n<p><strong>\u00abEstamos muy apenados con su partida y esto nos tom\u00f3 por sorpresa. El mundo pierde a un poeta y a un gran escritor\u00bb<\/strong>, dijo <strong>D\u00edaz.<\/strong><\/p>\n<blockquote>\n<h3><strong>Su nombre completo era Jos\u00e9 Alberto Garc\u00eda Gallo, y hab\u00eda nacido en Rancul, La Pampa, el 11 de marzo de 1940.\u00a0<\/strong><\/h3>\n<\/blockquote>\n<p>Con un impresionante repertorio, algunas de sus obras m\u00e1s conocidas son: <em><strong>A partir de ma\u00f1ana, Callejero, Te llegar\u00e1 una rosa, Cuando un amigo se va, Castillos en el Aire<\/strong><\/em> y much\u00edsimas m\u00e1s.<\/p>\n<p>Con solo veinte a\u00f1os de edad se fu\u00e9 en barco a G\u00e9nova, y de all\u00ed en tren a Amberes, donde grab\u00f3 su primer disco.<\/p>\n","protected":false},"excerpt":{"rendered":"<div class=\"mh-excerpt\"><p>El cantante se encontraba internado en Madrid, por problemas g\u00e1stricos que se fueron empeorando. Cort\u00e9z sin dudas fue uno de los m\u00e1s importantes cantautores de habla hispana, radicado hace a\u00f1os en Espa\u00f1a y muy respetado <a class=\"mh-excerpt-more\" href=\"https:\/\/larevistadigital.com.ar\/blog\/murio-alberto-cortez-a-los-79-anos-de-edad\/\" title=\"MURI\u00d3 ALBERTO CORTEZ A LOS 79 A\u00d1OS DE EDAD\">[Leer M\u00e1s]<\/a><\/p>\n<\/div>","protected":false},"author":3,"featured_media":9530,"comment_status":"open","ping_status":"open","sticky":false,"template":"","format":"standard","meta":{"_jetpack_memberships_contains_paid_content":false,"footnotes":"","jetpack_publicize_message":"","jetpack_publicize_feature_enabled":true,"jetpack_social_post_already_shared":true,"jetpack_social_options":{"image_generator_settings":{"template":"highway","default_image_id":0,"font":"","enabled":false},"version":2}},"categories":[1],"tags":[],"class_list":{"0":"post-9528","1":"post","2":"type-post","3":"status-publish","4":"format-standard","5":"has-post-thumbnail","7":"category-sin-categoria"},"jetpack_publicize_connections":[],"jetpack_featured_media_url":"https:\/\/i0.wp.com\/larevistadigital.com.ar\/blog\/wp-content\/uploads\/2019\/04\/alberto-cortez.jpg?fit=900%2C789&ssl=1","jetpack_sharing_enabled":true,"jetpack_shortlink":"https:\/\/wp.me\/p8qtrQ-2tG","jetpack-related-posts":[{"id":30729,"url":"https:\/\/larevistadigital.com.ar\/blog\/murio-tristan-a-los-86-anos-de-edad\/","url_meta":{"origin":9528,"position":0},"title":"MURI\u00d3 TRIST\u00c1N A LOS 86 A\u00d1OS DE EDAD","author":"Alejandro Sosa Ruda","date":"25 marzo, 2023","format":false,"excerpt":"El actor estaba internado en un hospital de C\u00f3rdoba en grave estado por una neumon\u00eda bilateral. Particip\u00f3 en 32 pel\u00edculas y 40 obras de teatro. 25 de marzo de 2023 La noticia se la confirm\u00f3 a Teleshow su hijo, Mariano D\u00edaz Ocampo. El actor se encontraba internado en el Hospital\u2026","rel":"","context":"En \u00abINTERES GENERAL\u00bb","block_context":{"text":"INTERES GENERAL","link":"https:\/\/larevistadigital.com.ar\/blog\/category\/interes-general\/"},"img":{"alt_text":"","src":"https:\/\/i0.wp.com\/larevistadigital.com.ar\/blog\/wp-content\/uploads\/tristan.jpg?fit=800%2C448&ssl=1&resize=350%2C200","width":350,"height":200,"srcset":"https:\/\/i0.wp.com\/larevistadigital.com.ar\/blog\/wp-content\/uploads\/tristan.jpg?fit=800%2C448&ssl=1&resize=350%2C200 1x, https:\/\/i0.wp.com\/larevistadigital.com.ar\/blog\/wp-content\/uploads\/tristan.jpg?fit=800%2C448&ssl=1&resize=525%2C300 1.5x, https:\/\/i0.wp.com\/larevistadigital.com.ar\/blog\/wp-content\/uploads\/tristan.jpg?fit=800%2C448&ssl=1&resize=700%2C400 2x"},"classes":[]},{"id":19648,"url":"https:\/\/larevistadigital.com.ar\/blog\/mauro-diaz-dio-positivo-de-covid-en-estudiantes-y-se-pierde-el-clasico-con-gimnasia\/","url_meta":{"origin":9528,"position":1},"title":"MAURO D\u00cdAZ DIO POSITIVO DE COVID EN ESTUDIANTES Y SE PIERDE EL CL\u00c1SICO CON GIMNASIA","author":"Alejandro Sosa Ruda","date":"14 abril, 2021","format":false,"excerpt":"El jugador del Pincha tuvo contacto estrecho con un familiar y se termin\u00f3 contagiando. Ahora se perder\u00e1 el duelo ante el Lobo y esperan por su evoluci\u00f3n. LA PLATA - Malas noticias para el conjunto dirigido por el Ruso Zielinski.\u00a0Este mi\u00e9rcoles se confirm\u00f3 el diagn\u00f3stico positivo de Mauro D\u00edaz, en\u2026","rel":"","context":"En \u00abDEPORTES\u00bb","block_context":{"text":"DEPORTES","link":"https:\/\/larevistadigital.com.ar\/blog\/category\/deportes\/"},"img":{"alt_text":"","src":"https:\/\/i0.wp.com\/larevistadigital.com.ar\/blog\/wp-content\/uploads\/mauro-diaz-jugador-estudiantes.jpg?fit=1200%2C675&ssl=1&resize=350%2C200","width":350,"height":200,"srcset":"https:\/\/i0.wp.com\/larevistadigital.com.ar\/blog\/wp-content\/uploads\/mauro-diaz-jugador-estudiantes.jpg?fit=1200%2C675&ssl=1&resize=350%2C200 1x, https:\/\/i0.wp.com\/larevistadigital.com.ar\/blog\/wp-content\/uploads\/mauro-diaz-jugador-estudiantes.jpg?fit=1200%2C675&ssl=1&resize=525%2C300 1.5x, https:\/\/i0.wp.com\/larevistadigital.com.ar\/blog\/wp-content\/uploads\/mauro-diaz-jugador-estudiantes.jpg?fit=1200%2C675&ssl=1&resize=700%2C400 2x, https:\/\/i0.wp.com\/larevistadigital.com.ar\/blog\/wp-content\/uploads\/mauro-diaz-jugador-estudiantes.jpg?fit=1200%2C675&ssl=1&resize=1050%2C600 3x"},"classes":[]},{"id":12487,"url":"https:\/\/larevistadigital.com.ar\/blog\/identificaron-el-cuerpo-mutilado-y-sin-ojos-hallado-en-moreno\/","url_meta":{"origin":9528,"position":2},"title":"IDENTIFICARON EL CUERPO MUTILADO Y SIN OJOS HALLADO EN MORENO","author":"Alejandro Sosa Ruda","date":"7 octubre, 2019","format":false,"excerpt":"El crimen habr\u00eda sido para ocultar una relaci\u00f3n homosexual Hace dos semanas fue encontrado un cad\u00e1ver en el R\u00edo Reconquista, en Moreno. El cuerpo estaba mutilado y le hab\u00edan arrancado los ojos, y lo \u00fanico que lo identificaba era una campera de River. Finalmente pudieron identificar el cuerpo del hombre,\u2026","rel":"","context":"En \u00abDESTACADAS\u00bb","block_context":{"text":"DESTACADAS","link":"https:\/\/larevistadigital.com.ar\/blog\/category\/destacadas\/"},"img":{"alt_text":"","src":"https:\/\/i0.wp.com\/larevistadigital.com.ar\/blog\/wp-content\/uploads\/rio_moreno.jpg?fit=1000%2C560&ssl=1&resize=350%2C200","width":350,"height":200,"srcset":"https:\/\/i0.wp.com\/larevistadigital.com.ar\/blog\/wp-content\/uploads\/rio_moreno.jpg?fit=1000%2C560&ssl=1&resize=350%2C200 1x, https:\/\/i0.wp.com\/larevistadigital.com.ar\/blog\/wp-content\/uploads\/rio_moreno.jpg?fit=1000%2C560&ssl=1&resize=525%2C300 1.5x, https:\/\/i0.wp.com\/larevistadigital.com.ar\/blog\/wp-content\/uploads\/rio_moreno.jpg?fit=1000%2C560&ssl=1&resize=700%2C400 2x"},"classes":[]},{"id":31302,"url":"https:\/\/larevistadigital.com.ar\/blog\/ricardo-alfonsin-comparo-a-alberto-fernandez-con-su-padre\/","url_meta":{"origin":9528,"position":3},"title":"RICARDO ALFONS\u00cdN COMPAR\u00d3 A ALBERTO FERNANDEZ CON SU PADRE.","author":"Alejandro Sosa Ruda","date":"29 abril, 2023","format":false,"excerpt":"Dijo que \"a Alberto Fern\u00e1ndez le ha pasado lo mismo que a mi padre\" trazando un paralelismo\u00a0entre el actual presidente y Ra\u00fal Alfons\u00edn, ya que a ambos les toc\u00f3 gobernar un pa\u00eds \"muy dif\u00edcil\". 29 de abril de 2023 Entrevista de EFE por Luc\u00eda Alegrete MADRID, ESPA\u00d1A -\u00a0 Para el\u2026","rel":"","context":"En \u00abDESTACADAS\u00bb","block_context":{"text":"DESTACADAS","link":"https:\/\/larevistadigital.com.ar\/blog\/category\/destacadas\/"},"img":{"alt_text":"","src":"https:\/\/i0.wp.com\/larevistadigital.com.ar\/blog\/wp-content\/uploads\/alfonsin.png?fit=753%2C490&ssl=1&resize=350%2C200","width":350,"height":200,"srcset":"https:\/\/i0.wp.com\/larevistadigital.com.ar\/blog\/wp-content\/uploads\/alfonsin.png?fit=753%2C490&ssl=1&resize=350%2C200 1x, https:\/\/i0.wp.com\/larevistadigital.com.ar\/blog\/wp-content\/uploads\/alfonsin.png?fit=753%2C490&ssl=1&resize=525%2C300 1.5x, https:\/\/i0.wp.com\/larevistadigital.com.ar\/blog\/wp-content\/uploads\/alfonsin.png?fit=753%2C490&ssl=1&resize=700%2C400 2x"},"classes":[]},{"id":7292,"url":"https:\/\/larevistadigital.com.ar\/blog\/chascomus-hombre-sufrio-robo-en-su-domicilio-de-calle-diaz-velez\/","url_meta":{"origin":9528,"position":4},"title":"CHASCOM\u00daS: HOMBRE SUFRI\u00d3 ROBO EN SU DOMICILIO DE CALLE DIAZ VELEZ","author":"Alejandro Sosa Ruda","date":"17 diciembre, 2018","format":false,"excerpt":"Un hombre habl\u00f3 en Fm Por Siempre, 97.3 durante el programa \"Buenos Muchachos\", que conducen Fabi\u00e1n Casales, Marcelo Caggiano y Juan Sullings, denunciando que fue v\u00edctima de un hecho de inseguridad en su domicilio. El hecho ocurri\u00f3 el d\u00eda mi\u00e9rcoles, alrededor de las 17 hs. en donde le rompieron la\u2026","rel":"","context":"En \u00abPOLICIALES\u00bb","block_context":{"text":"POLICIALES","link":"https:\/\/larevistadigital.com.ar\/blog\/category\/policiales\/"},"img":{"alt_text":"","src":"https:\/\/i0.wp.com\/larevistadigital.com.ar\/blog\/wp-content\/uploads\/2018\/12\/HOMBRE-ROBADO.jpg?fit=650%2C775&ssl=1&resize=350%2C200","width":350,"height":200,"srcset":"https:\/\/i0.wp.com\/larevistadigital.com.ar\/blog\/wp-content\/uploads\/2018\/12\/HOMBRE-ROBADO.jpg?fit=650%2C775&ssl=1&resize=350%2C200 1x, https:\/\/i0.wp.com\/larevistadigital.com.ar\/blog\/wp-content\/uploads\/2018\/12\/HOMBRE-ROBADO.jpg?fit=650%2C775&ssl=1&resize=525%2C300 1.5x"},"classes":[]},{"id":28737,"url":"https:\/\/larevistadigital.com.ar\/blog\/alfredo-machin-es-el-nuevo-presidente-de-la-filial-chascomus-de-river-ramon-angel-diaz\/","url_meta":{"origin":9528,"position":5},"title":"ALFREDO MACHIN ES EL NUEVO PRESIDENTE DE LA FILIAL CHASCOM\u00daS DE RIVER \u00abRAM\u00d3N ANGEL D\u00cdAZ\u00bb","author":"Alejandro Sosa Ruda","date":"2 noviembre, 2022","format":false,"excerpt":"Se renovaron las autoridades en una asamblea. Alfredo Mach\u00edn es el nuevo presidente de la flamante Comisi\u00f3n Directiva. 2 de noviembre de 2022 CHASCOM\u00daS - Tras Asamblea de Socios Activos y Somos River, y por decisi\u00f3n un\u00e1nime, @alfremachin se convirti\u00f3 en nuevo presidente de la Filial Chascom\u00fas de River, \"Ram\u00f3n\u2026","rel":"","context":"En \u00abINTERES GENERAL\u00bb","block_context":{"text":"INTERES GENERAL","link":"https:\/\/larevistadigital.com.ar\/blog\/category\/interes-general\/"},"img":{"alt_text":"","src":"https:\/\/i0.wp.com\/larevistadigital.com.ar\/blog\/wp-content\/uploads\/PENA-RIVER.png?fit=928%2C538&ssl=1&resize=350%2C200","width":350,"height":200,"srcset":"https:\/\/i0.wp.com\/larevistadigital.com.ar\/blog\/wp-content\/uploads\/PENA-RIVER.png?fit=928%2C538&ssl=1&resize=350%2C200 1x, https:\/\/i0.wp.com\/larevistadigital.com.ar\/blog\/wp-content\/uploads\/PENA-RIVER.png?fit=928%2C538&ssl=1&resize=525%2C300 1.5x, https:\/\/i0.wp.com\/larevistadigital.com.ar\/blog\/wp-content\/uploads\/PENA-RIVER.png?fit=928%2C538&ssl=1&resize=700%2C400 2x"},"classes":[]}],"_links":{"self":[{"href":"https:\/\/larevistadigital.com.ar\/blog\/wp-json\/wp\/v2\/posts\/9528","targetHints":{"allow":["GET"]}}],"collection":[{"href":"https:\/\/larevistadigital.com.ar\/blog\/wp-json\/wp\/v2\/posts"}],"about":[{"href":"https:\/\/larevistadigital.com.ar\/blog\/wp-json\/wp\/v2\/types\/post"}],"author":[{"embeddable":true,"href":"https:\/\/larevistadigital.com.ar\/blog\/wp-json\/wp\/v2\/users\/3"}],"replies":[{"embeddable":true,"href":"https:\/\/larevistadigital.com.ar\/blog\/wp-json\/wp\/v2\/comments?post=9528"}],"version-history":[{"count":1,"href":"https:\/\/larevistadigital.com.ar\/blog\/wp-json\/wp\/v2\/posts\/9528\/revisions"}],"predecessor-version":[{"id":9531,"href":"https:\/\/larevistadigital.com.ar\/blog\/wp-json\/wp\/v2\/posts\/9528\/revisions\/9531"}],"wp:featuredmedia":[{"embeddable":true,"href":"https:\/\/larevistadigital.com.ar\/blog\/wp-json\/wp\/v2\/media\/9530"}],"wp:attachment":[{"href":"https:\/\/larevistadigital.com.ar\/blog\/wp-json\/wp\/v2\/media?parent=9528"}],"wp:term":[{"taxonomy":"category","embeddable":true,"href":"https:\/\/larevistadigital.com.ar\/blog\/wp-json\/wp\/v2\/categories?post=9528"},{"taxonomy":"post_tag","embeddable":true,"href":"https:\/\/larevistadigital.com.ar\/blog\/wp-json\/wp\/v2\/tags?post=9528"}],"curies":[{"name":"wp","href":"https:\/\/api.w.org\/{rel}","templated":true}]}}