{"id":9532,"date":"2019-04-04T16:07:19","date_gmt":"2019-04-04T16:07:19","guid":{"rendered":"https:\/\/larevistadigital.com.ar\/blog\/?p=9532"},"modified":"2019-04-04T16:07:19","modified_gmt":"2019-04-04T16:07:19","slug":"el-gobierno-de-chascomus-hace-responsable-a-la-gobernadora-vidal-de-la-dificil-situacion-por-el-juicio-de-la-rifa","status":"publish","type":"post","link":"https:\/\/larevistadigital.com.ar\/blog\/el-gobierno-de-chascomus-hace-responsable-a-la-gobernadora-vidal-de-la-dificil-situacion-por-el-juicio-de-la-rifa\/","title":{"rendered":"EL GOBIERNO DE CHASCOM\u00daS, HACE RESPONSABLE A LA GOBERNADORA VIDAL DE LA DIF\u00cdCIL SITUACI\u00d3N POR EL JUICIO DE \u00abLA RIFA\u00bb"},"content":{"rendered":"<p>El Secretario de Gobierno de Chascom\u00fas, <strong>Cipriano P\u00e9rez del Cerro<\/strong> destac\u00f3 que <em><strong>\u201ceste juicio nos va a complicar la vida diaria a todos los vecinos que venimos atravesando un calvario de m\u00e1s de 20 a\u00f1os\u201d<\/strong><\/em>.<br \/>\nLa reciente sentencia del Juzgado Civil y Comercial N\u00b0 27 de La Plata divide el proceso judicial de conocimiento en dos incidentes de ejecuci\u00f3n contra la Municipalidad de Chascom\u00fas y la Provincia de Buenos Aires.<\/p>\n<p><em><strong>\u201cEntendemos que la resoluci\u00f3n judicial no tiene ning\u00fan fundamento, es incongruente, contradictoria con lo ocurrido hasta ahora, y esperamos que la C\u00e1mara de apelaciones de La Plata revoque esta decisi\u00f3n.<\/strong><\/em><br \/>\n<em><strong>Esta herencia que recibimos es muy grave, pesad\u00edsima, producto de p\u00e9simas administraciones anteriores que colocaron a los vecinos de Chascom\u00fas en una situaci\u00f3n delicada\u201d<\/strong><\/em>, expres\u00f3 <strong>P\u00e9rez del Cerro<\/strong>.<\/p>\n<blockquote>\n<h3>El Secretario dijo que <em><strong>el principal responsable de esta situaci\u00f3n es la Provincia de Buenos Aires<\/strong> <\/em>y por lo tanto la gobernadora, como anteriormente fue Daniel Scioli, es la que debe determinar si quiere pagar este juicio o no. <em><strong>\u201cLa suerte de los vecinos de Chascom\u00fas est\u00e1 en manos de la Gobernadora Vidal\u201d<\/strong><\/em>.<\/h3>\n<\/blockquote>\n<p>A su vez asegur\u00f3 que contin\u00faan trabajando en la l\u00ednea de negociaci\u00f3n para que se pague y tambi\u00e9n sobre la defensa de los derechos de la Municipalidad de Chascom\u00fas.<br \/>\n<strong><em>\u201cEsperamos que la C\u00e1mara de apelaciones ponga las cosas en su lugar ya que \u00e9sta sentencia genera una situaci\u00f3n de inseguridad jur\u00eddica bastante grave. <\/em><\/strong><strong><em>Javier Gast\u00f3n sigue gestionando la posibilidad que este juicio se termine con un acuerdo de pagos de la provincia de Buenos Aires\u201d<\/em><\/strong>, finaliz\u00f3 <strong>P\u00e9rez del Cerro<\/strong>.<\/p>\n<p><strong>PUBLICADO POR EL FUERTE<\/strong><\/p>\n","protected":false},"excerpt":{"rendered":"<div class=\"mh-excerpt\"><p>El Secretario de Gobierno de Chascom\u00fas, Cipriano P\u00e9rez del Cerro destac\u00f3 que \u201ceste juicio nos va a complicar la vida diaria a todos los vecinos que venimos atravesando un calvario de m\u00e1s de 20 a\u00f1os\u201d. <a class=\"mh-excerpt-more\" href=\"https:\/\/larevistadigital.com.ar\/blog\/el-gobierno-de-chascomus-hace-responsable-a-la-gobernadora-vidal-de-la-dificil-situacion-por-el-juicio-de-la-rifa\/\" title=\"EL GOBIERNO DE CHASCOM\u00daS, HACE RESPONSABLE A LA GOBERNADORA VIDAL DE LA DIF\u00cdCIL SITUACI\u00d3N POR EL JUICIO DE \u00abLA RIFA\u00bb\">[Leer M\u00e1s]<\/a><\/p>\n<\/div>","protected":false},"author":3,"featured_media":9534,"comment_status":"open","ping_status":"open","sticky":false,"template":"","format":"standard","meta":{"_jetpack_memberships_contains_paid_content":false,"footnotes":"","jetpack_publicize_message":"","jetpack_publicize_feature_enabled":true,"jetpack_social_post_already_shared":true,"jetpack_social_options":{"image_generator_settings":{"template":"highway","default_image_id":0,"font":"","enabled":false},"version":2}},"categories":[41],"tags":[],"class_list":{"0":"post-9532","1":"post","2":"type-post","3":"status-publish","4":"format-standard","5":"has-post-thumbnail","7":"category-destacadas"},"jetpack_publicize_connections":[],"jetpack_featured_media_url":"https:\/\/i0.wp.com\/larevistadigital.com.ar\/blog\/wp-content\/uploads\/2019\/04\/13701015_1204889799531903_4701031029618542748_o.jpg?fit=2048%2C1365&ssl=1","jetpack_sharing_enabled":true,"jetpack_shortlink":"https:\/\/wp.me\/p8qtrQ-2tK","jetpack-related-posts":[{"id":14443,"url":"https:\/\/larevistadigital.com.ar\/blog\/chascomus-vecinos-alertan-a-la-policia-por-ruidos-en-los-techos-y-detienen-a-dos-personas\/","url_meta":{"origin":9532,"position":0},"title":"CHASCOM\u00daS: VECINOS ALERTAN A LA POLIC\u00cdA POR \u00abRUIDOS EN LOS TECHOS\u00bb Y DETIENEN A DOS PERSONAS","author":"Alejandro Sosa Ruda","date":"29 enero, 2020","format":false,"excerpt":"Personal E.P.C. Chascomus (Cria. Chascomus) juntamente con DDI CHASCOMUS concurrieron a llamado de vecinos en calle Garay e Hipolito Irigoyen de este medio en raz\u00f3n que escuchaban pasos sobre los techos de una carnicer\u00eda (LA BARRERA) y veterinaria (HUELLAS) existente en el lugar, donde lograron la aprehensi\u00f3n de dos masculinos\u2026","rel":"","context":"En \u00abCHASCOM\u00daS\u00bb","block_context":{"text":"CHASCOM\u00daS","link":"https:\/\/larevistadigital.com.ar\/blog\/category\/chascomus\/"},"img":{"alt_text":"","src":"https:\/\/i0.wp.com\/larevistadigital.com.ar\/blog\/wp-content\/uploads\/2019\/01\/bbx_755050019_comisaria_chasco_01.jpg?fit=800%2C579&ssl=1&resize=350%2C200","width":350,"height":200,"srcset":"https:\/\/i0.wp.com\/larevistadigital.com.ar\/blog\/wp-content\/uploads\/2019\/01\/bbx_755050019_comisaria_chasco_01.jpg?fit=800%2C579&ssl=1&resize=350%2C200 1x, https:\/\/i0.wp.com\/larevistadigital.com.ar\/blog\/wp-content\/uploads\/2019\/01\/bbx_755050019_comisaria_chasco_01.jpg?fit=800%2C579&ssl=1&resize=525%2C300 1.5x, https:\/\/i0.wp.com\/larevistadigital.com.ar\/blog\/wp-content\/uploads\/2019\/01\/bbx_755050019_comisaria_chasco_01.jpg?fit=800%2C579&ssl=1&resize=700%2C400 2x"},"classes":[]},{"id":21145,"url":"https:\/\/larevistadigital.com.ar\/blog\/dinero-tirado-y-burla-a-los-vecinos-las-veredas-no-inclusivas-del-municipio-de-chascomus\/","url_meta":{"origin":9532,"position":1},"title":"DINERO TIRADO, Y BURLA A LOS VECINOS: LAS \u00abVEREDAS NO INCLUSIVAS\u00bb DEL MUNICIPIO DE CHASCOM\u00daS","author":"Alejandro Sosa Ruda","date":"19 julio, 2021","format":false,"excerpt":"CHASCOM\u00daS -\u00a0 Se viraliz\u00f3 en los \u00faltimos d\u00edas, una foto que ilustra unas incre\u00edbles \"veredas\" que representan en s\u00ed mismas lo peor de la pol\u00edtica, porque son un c\u00famulo de errores y falta de: empat\u00eda, l\u00f3gica, criterio, sensatez, e inteligencia. De hecho, y aunque numerosas personas nos hicieron llegar las\u2026","rel":"","context":"En \u00abCHASCOM\u00daS\u00bb","block_context":{"text":"CHASCOM\u00daS","link":"https:\/\/larevistadigital.com.ar\/blog\/category\/chascomus\/"},"img":{"alt_text":"","src":"https:\/\/i0.wp.com\/larevistadigital.com.ar\/blog\/wp-content\/uploads\/WhatsApp-Image-2021-07-16-at-21.52.30.jpeg?fit=600%2C1200&ssl=1&resize=350%2C200","width":350,"height":200,"srcset":"https:\/\/i0.wp.com\/larevistadigital.com.ar\/blog\/wp-content\/uploads\/WhatsApp-Image-2021-07-16-at-21.52.30.jpeg?fit=600%2C1200&ssl=1&resize=350%2C200 1x, https:\/\/i0.wp.com\/larevistadigital.com.ar\/blog\/wp-content\/uploads\/WhatsApp-Image-2021-07-16-at-21.52.30.jpeg?fit=600%2C1200&ssl=1&resize=525%2C300 1.5x"},"classes":[]},{"id":43835,"url":"https:\/\/larevistadigital.com.ar\/blog\/chascomus-ya-son-mas-de-1-700-los-vecinos-que-se-sumaron-al-sistema-ojos-en-alerta\/","url_meta":{"origin":9532,"position":2},"title":"Chascom\u00fas: Ya son m\u00e1s de 1.700 los vecinos que se sumaron al sistema \u201cOjos en Alerta\u201d","author":"Alejandro Sosa Ruda","date":"6 febrero, 2026","format":false,"excerpt":"Desde su puesta en funcionamiento y gracias a la colaboraci\u00f3n ciudadana, contribuy\u00f3 a la resoluci\u00f3n de diversas situaciones que requer\u00edan intervenci\u00f3n urgente. 06 de febrero de 2026 CHASCOM\u00daS -\u00a0 \u00a0El programa \u201cOjos en Alerta\u201d, implementado en el marco del Plan Integral de Seguridad de Chascom\u00fas, ya cuenta con cerca de\u2026","rel":"","context":"En \u00abCHASCOM\u00daS\u00bb","block_context":{"text":"CHASCOM\u00daS","link":"https:\/\/larevistadigital.com.ar\/blog\/category\/chascomus\/"},"img":{"alt_text":"","src":"https:\/\/i0.wp.com\/larevistadigital.com.ar\/blog\/wp-content\/uploads\/6986214216d92.png?fit=668%2C445&ssl=1&resize=350%2C200","width":350,"height":200,"srcset":"https:\/\/i0.wp.com\/larevistadigital.com.ar\/blog\/wp-content\/uploads\/6986214216d92.png?fit=668%2C445&ssl=1&resize=350%2C200 1x, https:\/\/i0.wp.com\/larevistadigital.com.ar\/blog\/wp-content\/uploads\/6986214216d92.png?fit=668%2C445&ssl=1&resize=525%2C300 1.5x"},"classes":[]},{"id":44842,"url":"https:\/\/larevistadigital.com.ar\/blog\/chascomus-la-muni-cerca-en-el-barrio-la-esmeralda\/","url_meta":{"origin":9532,"position":3},"title":"Chascom\u00fas: La Muni Cerca en el barrio La Esmeralda","author":"Alejandro Sosa Ruda","date":"31 marzo, 2026","format":false,"excerpt":"Una nueva y convocante edici\u00f3n de este programa que acorta distancias entre los vecinos y la administraci\u00f3n municipal. 31 de marzo de 2026 CHASCOM\u00daS -\u00a0 \u00a0La Muni cerca estar\u00e1 el pr\u00f3ximo lunes 6 de abril, en el barrio La Esmeralda, de 8:30 a 13 horas, donde los vecinos y vecinas\u2026","rel":"","context":"En \u00abCHASCOM\u00daS\u00bb","block_context":{"text":"CHASCOM\u00daS","link":"https:\/\/larevistadigital.com.ar\/blog\/category\/chascomus\/"},"img":{"alt_text":"","src":"https:\/\/i0.wp.com\/larevistadigital.com.ar\/blog\/wp-content\/uploads\/69cbf86842845.png?fit=668%2C445&ssl=1&resize=350%2C200","width":350,"height":200,"srcset":"https:\/\/i0.wp.com\/larevistadigital.com.ar\/blog\/wp-content\/uploads\/69cbf86842845.png?fit=668%2C445&ssl=1&resize=350%2C200 1x, https:\/\/i0.wp.com\/larevistadigital.com.ar\/blog\/wp-content\/uploads\/69cbf86842845.png?fit=668%2C445&ssl=1&resize=525%2C300 1.5x"},"classes":[]},{"id":11110,"url":"https:\/\/larevistadigital.com.ar\/blog\/javier-gaston-ya-ensaya-el-discurso-kirchnerista-y-critica-al-gobierno-que-lo-asistio-durante-cuatro-anos\/","url_meta":{"origin":9532,"position":4},"title":"JAVIER GAST\u00d3N YA ENSAYA EL DISCURSO KIRCHNERISTA, Y CRITICA AL GOBIERNO QUE LO ASISTI\u00d3 DURANTE CUATRO A\u00d1OS","author":"Alejandro Sosa Ruda","date":"7 julio, 2019","format":false,"excerpt":"Hace solamente unos d\u00edas atr\u00e1s, el Jefe Comunal particip\u00f3 junto con otros intendentes del Frente de Todos en un encuentro en La Plata con Axel Kicillof, Ver\u00f3nica Magario y Sergio Massa. Se reunieron Axel Kicillof y Sergio Massa luego de muchos a\u00f1os de fuertes cruces; esta vez juntos y en\u2026","rel":"","context":"En \u00abDESTACADAS\u00bb","block_context":{"text":"DESTACADAS","link":"https:\/\/larevistadigital.com.ar\/blog\/category\/destacadas\/"},"img":{"alt_text":"","src":"https:\/\/i0.wp.com\/larevistadigital.com.ar\/blog\/wp-content\/uploads\/gaston_07dejuliode2019_elfuerte.jpg?fit=737%2C415&ssl=1&resize=350%2C200","width":350,"height":200,"srcset":"https:\/\/i0.wp.com\/larevistadigital.com.ar\/blog\/wp-content\/uploads\/gaston_07dejuliode2019_elfuerte.jpg?fit=737%2C415&ssl=1&resize=350%2C200 1x, https:\/\/i0.wp.com\/larevistadigital.com.ar\/blog\/wp-content\/uploads\/gaston_07dejuliode2019_elfuerte.jpg?fit=737%2C415&ssl=1&resize=525%2C300 1.5x, https:\/\/i0.wp.com\/larevistadigital.com.ar\/blog\/wp-content\/uploads\/gaston_07dejuliode2019_elfuerte.jpg?fit=737%2C415&ssl=1&resize=700%2C400 2x"},"classes":[]},{"id":41294,"url":"https:\/\/larevistadigital.com.ar\/blog\/chascomus-linea-147-atencion-permanente-para-consultas-sobre-servicios-publicos\/","url_meta":{"origin":9532,"position":5},"title":"Chascom\u00fas: L\u00ednea 147: Atenci\u00f3n permanente para consultas sobre servicios p\u00fablicos","author":"Alejandro Sosa Ruda","date":"4 septiembre, 2025","format":false,"excerpt":"El sistema centralizado permite a los vecinos comunicarse de forma simple y r\u00e1pida durante las 24 horas del d\u00eda. 04 de Septiembre de 2025 CHASCOM\u00daS -\u00a0 \u00a0La Municipalidad de Chascom\u00fas dispone de un servicio de atenci\u00f3n para realizar consultas y pedidos sobre temas relacionados con obras y servicios. Entre otros\u2026","rel":"","context":"En \u00abCHASCOM\u00daS\u00bb","block_context":{"text":"CHASCOM\u00daS","link":"https:\/\/larevistadigital.com.ar\/blog\/category\/chascomus\/"},"img":{"alt_text":"","src":"https:\/\/i0.wp.com\/larevistadigital.com.ar\/blog\/wp-content\/uploads\/68b9c60ae2a36.png?fit=668%2C445&ssl=1&resize=350%2C200","width":350,"height":200,"srcset":"https:\/\/i0.wp.com\/larevistadigital.com.ar\/blog\/wp-content\/uploads\/68b9c60ae2a36.png?fit=668%2C445&ssl=1&resize=350%2C200 1x, https:\/\/i0.wp.com\/larevistadigital.com.ar\/blog\/wp-content\/uploads\/68b9c60ae2a36.png?fit=668%2C445&ssl=1&resize=525%2C300 1.5x"},"classes":[]}],"_links":{"self":[{"href":"https:\/\/larevistadigital.com.ar\/blog\/wp-json\/wp\/v2\/posts\/9532","targetHints":{"allow":["GET"]}}],"collection":[{"href":"https:\/\/larevistadigital.com.ar\/blog\/wp-json\/wp\/v2\/posts"}],"about":[{"href":"https:\/\/larevistadigital.com.ar\/blog\/wp-json\/wp\/v2\/types\/post"}],"author":[{"embeddable":true,"href":"https:\/\/larevistadigital.com.ar\/blog\/wp-json\/wp\/v2\/users\/3"}],"replies":[{"embeddable":true,"href":"https:\/\/larevistadigital.com.ar\/blog\/wp-json\/wp\/v2\/comments?post=9532"}],"version-history":[{"count":2,"href":"https:\/\/larevistadigital.com.ar\/blog\/wp-json\/wp\/v2\/posts\/9532\/revisions"}],"predecessor-version":[{"id":9535,"href":"https:\/\/larevistadigital.com.ar\/blog\/wp-json\/wp\/v2\/posts\/9532\/revisions\/9535"}],"wp:featuredmedia":[{"embeddable":true,"href":"https:\/\/larevistadigital.com.ar\/blog\/wp-json\/wp\/v2\/media\/9534"}],"wp:attachment":[{"href":"https:\/\/larevistadigital.com.ar\/blog\/wp-json\/wp\/v2\/media?parent=9532"}],"wp:term":[{"taxonomy":"category","embeddable":true,"href":"https:\/\/larevistadigital.com.ar\/blog\/wp-json\/wp\/v2\/categories?post=9532"},{"taxonomy":"post_tag","embeddable":true,"href":"https:\/\/larevistadigital.com.ar\/blog\/wp-json\/wp\/v2\/tags?post=9532"}],"curies":[{"name":"wp","href":"https:\/\/api.w.org\/{rel}","templated":true}]}}