{"id":9536,"date":"2019-04-04T16:11:42","date_gmt":"2019-04-04T16:11:42","guid":{"rendered":"https:\/\/larevistadigital.com.ar\/blog\/?p=9536"},"modified":"2019-04-04T16:11:42","modified_gmt":"2019-04-04T16:11:42","slug":"el-municipio-difunde-alerta-meteorologico","status":"publish","type":"post","link":"https:\/\/larevistadigital.com.ar\/blog\/el-municipio-difunde-alerta-meteorologico\/","title":{"rendered":"EL MUNICIPIO DIFUNDE ALERTA METEOROL\u00d3GICO"},"content":{"rendered":"<p>La Municipalidad de Chascom\u00fas, a trav\u00e9s de su grupo de Prensa de Whatsapp, y su p\u00e1gina de Facebook, hizo llegar una alerta meteorol\u00f3gica para que la ciudadan\u00eda tome los recaudos necesarios.<\/p>\n<p>El mensaje:<\/p>\n<p><strong>#AHORA<\/strong><br \/>\n<strong>ALERTA METEOROL\u00d3GICO FUERTES TORMENTAS<\/strong><\/p>\n<p><strong>El Servicio Meteorol\u00f3gico Nacional emiti\u00f3 el siguiente Alerta Meteorol\u00f3gico para Centro, Norte y Sudeste de la provincia de Buenos Aires, un frente fr\u00edo se desplazar\u00e1 sobre la regi\u00f3n durante el d\u00eda hoy sobre el sur del \u00e1rea se registran lluvias y tormentas, se espera que algunas de estas puedan ser localmente fuertes, provocando fundamentalmente abundante ca\u00edda de agua en cortos per\u00edodos, intensas r\u00e1fagas de viento, fuerte actividad el\u00e9ctrica y ocasional ca\u00edda de granizo.<\/strong><br \/>\n<strong>Se prev\u00e9 que estas se generalicen y se desplacen gradualmente hacia el norte alcanzando el resto del \u00e1rea de cobertura entre la tarde y la noche de hoy.<\/strong><br \/>\n<strong>Solicitamos tomar las precauciones necesarias y, en caso de inconvenientes, comunicarse a los tel\u00e9fonos de emergencia.<\/strong><\/p>\n","protected":false},"excerpt":{"rendered":"<div class=\"mh-excerpt\"><p>La Municipalidad de Chascom\u00fas, a trav\u00e9s de su grupo de Prensa de Whatsapp, y su p\u00e1gina de Facebook, hizo llegar una alerta meteorol\u00f3gica para que la ciudadan\u00eda tome los recaudos necesarios. El mensaje: #AHORA ALERTA <a class=\"mh-excerpt-more\" href=\"https:\/\/larevistadigital.com.ar\/blog\/el-municipio-difunde-alerta-meteorologico\/\" title=\"EL MUNICIPIO DIFUNDE ALERTA METEOROL\u00d3GICO\">[Leer M\u00e1s]<\/a><\/p>\n<\/div>","protected":false},"author":3,"featured_media":9537,"comment_status":"open","ping_status":"open","sticky":false,"template":"","format":"standard","meta":{"_jetpack_memberships_contains_paid_content":false,"footnotes":"","jetpack_publicize_message":"","jetpack_publicize_feature_enabled":true,"jetpack_social_post_already_shared":true,"jetpack_social_options":{"image_generator_settings":{"template":"highway","default_image_id":0,"font":"","enabled":false},"version":2}},"categories":[6],"tags":[],"class_list":{"0":"post-9536","1":"post","2":"type-post","3":"status-publish","4":"format-standard","5":"has-post-thumbnail","7":"category-chascomus"},"jetpack_publicize_connections":[],"jetpack_featured_media_url":"https:\/\/i0.wp.com\/larevistadigital.com.ar\/blog\/wp-content\/uploads\/2019\/04\/WhatsApp-Image-2019-04-04-at-12.01.27.jpeg?fit=1280%2C721&ssl=1","jetpack_sharing_enabled":true,"jetpack_shortlink":"https:\/\/wp.me\/p8qtrQ-2tO","jetpack-related-posts":[{"id":10588,"url":"https:\/\/larevistadigital.com.ar\/blog\/alerta-meteorologico-en-la-zona-por-tormentas-fuertes-y-severas\/","url_meta":{"origin":9536,"position":0},"title":"ALERTA METEOROL\u00d3GICO EN LA ZONA POR TORMENTAS \u00abFUERTES Y SEVERAS\u00bb","author":"Alejandro Sosa Ruda","date":"13 junio, 2019","format":false,"excerpt":"As\u00ed lo anuncia el Servicio Meteorol\u00f3gico Nacional (SMN). El\u00a0Servicio Meteorol\u00f3gico Nacional\u00a0(SMN) anunci\u00f3 un alerta meteorol\u00f3gico por tormentas \u201cfuertes y severas\u201d para el sudeste de la provincia de Buenos Aires. \u201cSe espera durante el transcurso de este jueves una generalizaci\u00f3n e intensificaci\u00f3n de tormentas sobre el \u00e1rea de cobertura, pudiendo alcanzar\u2026","rel":"","context":"En \u00abPOLITICA\u00bb","block_context":{"text":"POLITICA","link":"https:\/\/larevistadigital.com.ar\/blog\/category\/politica\/"},"img":{"alt_text":"","src":"https:\/\/i0.wp.com\/larevistadigital.com.ar\/blog\/wp-content\/uploads\/WhatsApp-Image-2019-06-13-at-10.02.29.jpeg?fit=1200%2C676&ssl=1&resize=350%2C200","width":350,"height":200,"srcset":"https:\/\/i0.wp.com\/larevistadigital.com.ar\/blog\/wp-content\/uploads\/WhatsApp-Image-2019-06-13-at-10.02.29.jpeg?fit=1200%2C676&ssl=1&resize=350%2C200 1x, https:\/\/i0.wp.com\/larevistadigital.com.ar\/blog\/wp-content\/uploads\/WhatsApp-Image-2019-06-13-at-10.02.29.jpeg?fit=1200%2C676&ssl=1&resize=525%2C300 1.5x, https:\/\/i0.wp.com\/larevistadigital.com.ar\/blog\/wp-content\/uploads\/WhatsApp-Image-2019-06-13-at-10.02.29.jpeg?fit=1200%2C676&ssl=1&resize=700%2C400 2x, https:\/\/i0.wp.com\/larevistadigital.com.ar\/blog\/wp-content\/uploads\/WhatsApp-Image-2019-06-13-at-10.02.29.jpeg?fit=1200%2C676&ssl=1&resize=1050%2C600 3x"},"classes":[]},{"id":8052,"url":"https:\/\/larevistadigital.com.ar\/blog\/chascomus-el-municipio-emite-alerta-por-tormentas-y-posible-granizo\/","url_meta":{"origin":9536,"position":1},"title":"CHASCOM\u00daS: EL MUNICIPIO EMITE ALERTA POR TORMENTAS Y POSIBLE GRANIZO","author":"Alejandro Sosa Ruda","date":"29 enero, 2019","format":false,"excerpt":"Desde el chat de Whatsapp de Prensa, el Municipio emiti\u00f3 una alerta meteorol\u00f3gica por probables tormentas y caida de granizo. Aqu\u00ed el comunicado: #ATENCI\u00d3N ALERTA METEOROL\u00d3GICO POR TORMENTAS, LLUVIAS INTENSAS Y OCASIONAL CA\u00cdDA DE GRANIZO. El Servicio Meteorol\u00f3gico Nacional emiti\u00f3 un ALERTA para nuestra regi\u00f3n por fuertes tormentas y abundantes\u2026","rel":"","context":"En \u00abCHASCOM\u00daS\u00bb","block_context":{"text":"CHASCOM\u00daS","link":"https:\/\/larevistadigital.com.ar\/blog\/category\/chascomus\/"},"img":{"alt_text":"","src":"https:\/\/i0.wp.com\/larevistadigital.com.ar\/blog\/wp-content\/uploads\/2018\/12\/WhatsApp-Image-2018-12-20-at-13.33.20.jpeg?fit=960%2C540&ssl=1&resize=350%2C200","width":350,"height":200,"srcset":"https:\/\/i0.wp.com\/larevistadigital.com.ar\/blog\/wp-content\/uploads\/2018\/12\/WhatsApp-Image-2018-12-20-at-13.33.20.jpeg?fit=960%2C540&ssl=1&resize=350%2C200 1x, https:\/\/i0.wp.com\/larevistadigital.com.ar\/blog\/wp-content\/uploads\/2018\/12\/WhatsApp-Image-2018-12-20-at-13.33.20.jpeg?fit=960%2C540&ssl=1&resize=525%2C300 1.5x, https:\/\/i0.wp.com\/larevistadigital.com.ar\/blog\/wp-content\/uploads\/2018\/12\/WhatsApp-Image-2018-12-20-at-13.33.20.jpeg?fit=960%2C540&ssl=1&resize=700%2C400 2x"},"classes":[]},{"id":8290,"url":"https:\/\/larevistadigital.com.ar\/blog\/atencion-alerta-meteorologico-para-toda-la-region\/","url_meta":{"origin":9536,"position":2},"title":"ATENCI\u00d3N: ALERTA METEOROL\u00d3GICO PARA TODA LA REGI\u00d3N","author":"Alejandro Sosa Ruda","date":"10 febrero, 2019","format":false,"excerpt":"Se esperan lluvias y tormentas con r\u00e1fagas de viento y ocasional ca\u00edda de granizo. El Servicio Meteorol\u00f3gico Nacional emiti\u00f3 un alerta por fuertes tormentas y\u00a0lluvias de variada intensidad a partir de la tarde de este 10 de febrero. Seg\u00fan el parte la abundante ca\u00edda\u00a0de agua podr\u00eda estar acompa\u00f1ada por r\u00e1fagas\u2026","rel":"","context":"En \u00abCHASCOM\u00daS\u00bb","block_context":{"text":"CHASCOM\u00daS","link":"https:\/\/larevistadigital.com.ar\/blog\/category\/chascomus\/"},"img":{"alt_text":"","src":"https:\/\/i0.wp.com\/larevistadigital.com.ar\/blog\/wp-content\/uploads\/2019\/02\/c5036b7517e21517e371df9c921aafb593fc3776.jpg?fit=1140%2C758&ssl=1&resize=350%2C200","width":350,"height":200,"srcset":"https:\/\/i0.wp.com\/larevistadigital.com.ar\/blog\/wp-content\/uploads\/2019\/02\/c5036b7517e21517e371df9c921aafb593fc3776.jpg?fit=1140%2C758&ssl=1&resize=350%2C200 1x, https:\/\/i0.wp.com\/larevistadigital.com.ar\/blog\/wp-content\/uploads\/2019\/02\/c5036b7517e21517e371df9c921aafb593fc3776.jpg?fit=1140%2C758&ssl=1&resize=525%2C300 1.5x, https:\/\/i0.wp.com\/larevistadigital.com.ar\/blog\/wp-content\/uploads\/2019\/02\/c5036b7517e21517e371df9c921aafb593fc3776.jpg?fit=1140%2C758&ssl=1&resize=700%2C400 2x, https:\/\/i0.wp.com\/larevistadigital.com.ar\/blog\/wp-content\/uploads\/2019\/02\/c5036b7517e21517e371df9c921aafb593fc3776.jpg?fit=1140%2C758&ssl=1&resize=1050%2C600 3x"},"classes":[]},{"id":17039,"url":"https:\/\/larevistadigital.com.ar\/blog\/alerta-meteorologico-a-corto-plazo\/","url_meta":{"origin":9536,"position":3},"title":"ALERTA METEOROL\u00d3GICO A CORTO PLAZO","author":"Alejandro Sosa Ruda","date":"19 octubre, 2020","format":false,"excerpt":"El Servicio Meteorol\u00f3gico Nacional, brind\u00f3 un alerta meteorol\u00f3gico a corto plazo advirtiendo por fuertes tormentas y ocasional ca\u00edda de granizo.","rel":"","context":"En \u00abINTERES GENERAL\u00bb","block_context":{"text":"INTERES GENERAL","link":"https:\/\/larevistadigital.com.ar\/blog\/category\/interes-general\/"},"img":{"alt_text":"","src":"https:\/\/i0.wp.com\/larevistadigital.com.ar\/blog\/wp-content\/uploads\/ALERTA-METEOROLOGICO.jpg?fit=1140%2C758&ssl=1&resize=350%2C200","width":350,"height":200,"srcset":"https:\/\/i0.wp.com\/larevistadigital.com.ar\/blog\/wp-content\/uploads\/ALERTA-METEOROLOGICO.jpg?fit=1140%2C758&ssl=1&resize=350%2C200 1x, https:\/\/i0.wp.com\/larevistadigital.com.ar\/blog\/wp-content\/uploads\/ALERTA-METEOROLOGICO.jpg?fit=1140%2C758&ssl=1&resize=525%2C300 1.5x, https:\/\/i0.wp.com\/larevistadigital.com.ar\/blog\/wp-content\/uploads\/ALERTA-METEOROLOGICO.jpg?fit=1140%2C758&ssl=1&resize=700%2C400 2x, https:\/\/i0.wp.com\/larevistadigital.com.ar\/blog\/wp-content\/uploads\/ALERTA-METEOROLOGICO.jpg?fit=1140%2C758&ssl=1&resize=1050%2C600 3x"},"classes":[]},{"id":14640,"url":"https:\/\/larevistadigital.com.ar\/blog\/alerta-del-servicio-meteorologico-para-la-provincia-de-buenos-aires\/","url_meta":{"origin":9536,"position":4},"title":"ALERTA DEL SERVICIO METEOROL\u00d3GICO PARA LA PROVINCIA DE BUENOS AIRES","author":"Alejandro Sosa Ruda","date":"5 febrero, 2020","format":false,"excerpt":"El SMN (Servicio Meteorol\u00f3gico Nacional) emiti\u00f3 alertas acerca del clima que nos espera para la tarde, en la Provincia de Buenos Aires, principalmente en el sudeste y la zona de la costa atl\u00e1ntica, que podr\u00eda desviarse hacia el centro y norte de la provincia. SE RECOMIENDA TOMAR LAS PRECAUCIONES DEL\u2026","rel":"","context":"En \u00abINTERES GENERAL\u00bb","block_context":{"text":"INTERES GENERAL","link":"https:\/\/larevistadigital.com.ar\/blog\/category\/interes-general\/"},"img":{"alt_text":"","src":"https:\/\/i0.wp.com\/larevistadigital.com.ar\/blog\/wp-content\/uploads\/descarga-5.jpg?fit=600%2C305&ssl=1&resize=350%2C200","width":350,"height":200,"srcset":"https:\/\/i0.wp.com\/larevistadigital.com.ar\/blog\/wp-content\/uploads\/descarga-5.jpg?fit=600%2C305&ssl=1&resize=350%2C200 1x, https:\/\/i0.wp.com\/larevistadigital.com.ar\/blog\/wp-content\/uploads\/descarga-5.jpg?fit=600%2C305&ssl=1&resize=525%2C300 1.5x"},"classes":[]},{"id":13610,"url":"https:\/\/larevistadigital.com.ar\/blog\/alerta-por-fuertes-tormentas-con-ocasional-caida-de-granizo-en-la-region\/","url_meta":{"origin":9536,"position":5},"title":"ALERTA POR FUERTES TORMENTAS CON OCASIONAL CA\u00cdDA DE GRANIZO EN LA REGI\u00d3N","author":"Alejandro Sosa Ruda","date":"11 diciembre, 2019","format":false,"excerpt":"El Servicio meteorol\u00f3gico Nacional, emiti\u00f3 una alerta por fuertes tormentas y ocasional ca\u00edda de granizo en la provincia de Buenos Aires, a corto plazo. As\u00ed tambi\u00e9n lo hizo la Municipalidad de Chascom\u00fas, donde advirti\u00f3 tomar los recaudos y cuidados necesarios, adem\u00e1s de publicar nuevamente los tel\u00e9fonos de emergencias.","rel":"","context":"En \u00abINTERES GENERAL\u00bb","block_context":{"text":"INTERES GENERAL","link":"https:\/\/larevistadigital.com.ar\/blog\/category\/interes-general\/"},"img":{"alt_text":"","src":"https:\/\/i0.wp.com\/larevistadigital.com.ar\/blog\/wp-content\/uploads\/Screenshot_1-69.jpg?fit=1200%2C652&ssl=1&resize=350%2C200","width":350,"height":200,"srcset":"https:\/\/i0.wp.com\/larevistadigital.com.ar\/blog\/wp-content\/uploads\/Screenshot_1-69.jpg?fit=1200%2C652&ssl=1&resize=350%2C200 1x, https:\/\/i0.wp.com\/larevistadigital.com.ar\/blog\/wp-content\/uploads\/Screenshot_1-69.jpg?fit=1200%2C652&ssl=1&resize=525%2C300 1.5x, https:\/\/i0.wp.com\/larevistadigital.com.ar\/blog\/wp-content\/uploads\/Screenshot_1-69.jpg?fit=1200%2C652&ssl=1&resize=700%2C400 2x, https:\/\/i0.wp.com\/larevistadigital.com.ar\/blog\/wp-content\/uploads\/Screenshot_1-69.jpg?fit=1200%2C652&ssl=1&resize=1050%2C600 3x"},"classes":[]}],"_links":{"self":[{"href":"https:\/\/larevistadigital.com.ar\/blog\/wp-json\/wp\/v2\/posts\/9536","targetHints":{"allow":["GET"]}}],"collection":[{"href":"https:\/\/larevistadigital.com.ar\/blog\/wp-json\/wp\/v2\/posts"}],"about":[{"href":"https:\/\/larevistadigital.com.ar\/blog\/wp-json\/wp\/v2\/types\/post"}],"author":[{"embeddable":true,"href":"https:\/\/larevistadigital.com.ar\/blog\/wp-json\/wp\/v2\/users\/3"}],"replies":[{"embeddable":true,"href":"https:\/\/larevistadigital.com.ar\/blog\/wp-json\/wp\/v2\/comments?post=9536"}],"version-history":[{"count":1,"href":"https:\/\/larevistadigital.com.ar\/blog\/wp-json\/wp\/v2\/posts\/9536\/revisions"}],"predecessor-version":[{"id":9538,"href":"https:\/\/larevistadigital.com.ar\/blog\/wp-json\/wp\/v2\/posts\/9536\/revisions\/9538"}],"wp:featuredmedia":[{"embeddable":true,"href":"https:\/\/larevistadigital.com.ar\/blog\/wp-json\/wp\/v2\/media\/9537"}],"wp:attachment":[{"href":"https:\/\/larevistadigital.com.ar\/blog\/wp-json\/wp\/v2\/media?parent=9536"}],"wp:term":[{"taxonomy":"category","embeddable":true,"href":"https:\/\/larevistadigital.com.ar\/blog\/wp-json\/wp\/v2\/categories?post=9536"},{"taxonomy":"post_tag","embeddable":true,"href":"https:\/\/larevistadigital.com.ar\/blog\/wp-json\/wp\/v2\/tags?post=9536"}],"curies":[{"name":"wp","href":"https:\/\/api.w.org\/{rel}","templated":true}]}}