{"id":9539,"date":"2019-04-04T16:29:35","date_gmt":"2019-04-04T16:29:35","guid":{"rendered":"https:\/\/larevistadigital.com.ar\/blog\/?p=9539"},"modified":"2019-04-04T16:30:16","modified_gmt":"2019-04-04T16:30:16","slug":"una-mujer-cruzo-las-vias-distraida-con-el-celular-y-murio-atropellada-poe-el-tren","status":"publish","type":"post","link":"https:\/\/larevistadigital.com.ar\/blog\/una-mujer-cruzo-las-vias-distraida-con-el-celular-y-murio-atropellada-poe-el-tren\/","title":{"rendered":"UNA MUJER CRUZ\u00d3 LAS V\u00cdAS DISTRA\u00cdDA CON EL CELULAR, Y MURI\u00d3 ATROPELLADA POE EL TREN"},"content":{"rendered":"<p>En las \u00faltimas horas, en las v\u00edas del\u00a0<strong>Tren Roca\u00a0<\/strong>en la<strong>\u00a0Ciudad de La Plata,\u00a0<\/strong>una\u00a0<strong>formaci\u00f3n ferroviaria atropell\u00f3 a una mujer de 52 a\u00f1os, que perdi\u00f3 la vida en el acto.<\/strong>\u00a0Seg\u00fan informaron fuentes policiales, el maquinista indic\u00f3 que\u00a0<strong>la v\u00edctima sufri\u00f3 el fatal accidente por mirar el celular.<\/strong><\/p>\n<p>El tr\u00e1gico caso se produjo\u00a0<strong>en el cruce de la avenida 1 y calle 39<\/strong>. El motorman, de 46 a\u00f1os, le dijo a los polic\u00edas que acudieron al lugar que<strong>\u00a0la mujer no se percat\u00f3 de la presencia del tren al cruzar distra\u00edda, mirando su tel\u00e9fono celular.<\/strong><\/p>\n<blockquote>\n<h3><strong>La v\u00edctima, que falleci\u00f3 en el acto producto del tremendo impacto del tren;<\/strong>\u00a0fue identificada de inmediato porque entre sus ropas llevaba sus documentos. La mujer, de nacionalidad peruana, viv\u00eda en 86 entre 23 y 23 bis.<\/h3>\n<\/blockquote>\n<p>El hecho fue caratulado como homicidio culposo e interviene la UFI N\u00b0 10 y la comisar\u00eda Segunda. El maquinista, oriundo de Remedios de Escalada, fue imputado por homicidio culposo, tal como suele ocurrir en este tipo de siniestros. El cuerpo de la mujer ser\u00e1 sometida a una operaci\u00f3n de autopsia esta ma\u00f1ana en la morgue local.<\/p>\n<p>feunte dln<\/p>\n","protected":false},"excerpt":{"rendered":"<div class=\"mh-excerpt\"><p>En las \u00faltimas horas, en las v\u00edas del\u00a0Tren Roca\u00a0en la\u00a0Ciudad de La Plata,\u00a0una\u00a0formaci\u00f3n ferroviaria atropell\u00f3 a una mujer de 52 a\u00f1os, que perdi\u00f3 la vida en el acto.\u00a0Seg\u00fan informaron fuentes policiales, el maquinista indic\u00f3 que\u00a0la <a class=\"mh-excerpt-more\" href=\"https:\/\/larevistadigital.com.ar\/blog\/una-mujer-cruzo-las-vias-distraida-con-el-celular-y-murio-atropellada-poe-el-tren\/\" title=\"UNA MUJER CRUZ\u00d3 LAS V\u00cdAS DISTRA\u00cdDA CON EL CELULAR, Y MURI\u00d3 ATROPELLADA POE EL TREN\">[Leer M\u00e1s]<\/a><\/p>\n<\/div>","protected":false},"author":3,"featured_media":9540,"comment_status":"open","ping_status":"open","sticky":false,"template":"","format":"standard","meta":{"_jetpack_memberships_contains_paid_content":false,"footnotes":"","jetpack_publicize_message":"","jetpack_publicize_feature_enabled":true,"jetpack_social_post_already_shared":true,"jetpack_social_options":{"image_generator_settings":{"template":"highway","default_image_id":0,"font":"","enabled":false},"version":2}},"categories":[44,12],"tags":[],"class_list":{"0":"post-9539","1":"post","2":"type-post","3":"status-publish","4":"format-standard","5":"has-post-thumbnail","7":"category-policiales","8":"category-politica"},"jetpack_publicize_connections":[],"jetpack_featured_media_url":"https:\/\/i0.wp.com\/larevistadigital.com.ar\/blog\/wp-content\/uploads\/2019\/04\/20190404085613_aaa.jpg?fit=887%2C554&ssl=1","jetpack_sharing_enabled":true,"jetpack_shortlink":"https:\/\/wp.me\/p8qtrQ-2tR","jetpack-related-posts":[{"id":24970,"url":"https:\/\/larevistadigital.com.ar\/blog\/quiso-matar-a-su-ex-drogo-a-sus-hijos-y-se-tiro-debajo-del-tren\/","url_meta":{"origin":9539,"position":0},"title":"QUISO MATAR A SU EX, DROG\u00d3 A SUS HIJOS Y SE TIR\u00d3 DEBAJO DEL TREN","author":"Alejandro Sosa Ruda","date":"5 abril, 2022","format":false,"excerpt":"Una ambulancia de SAME traslad\u00f3 a la mujer, que presentaba m\u00faltiples traumatismos en el cr\u00e1neo y a uno de los hijos donde quedaron internados. El agresor intent\u00f3 arrojarse a las v\u00edas del tren en la estaci\u00f3n Castelar y fue golpeado por la m\u00e1quina. Un hombre, de 26 a\u00f1os, dop\u00f3 a\u2026","rel":"","context":"En \u00abINTERES GENERAL\u00bb","block_context":{"text":"INTERES GENERAL","link":"https:\/\/larevistadigital.com.ar\/blog\/category\/interes-general\/"},"img":{"alt_text":"","src":"https:\/\/i0.wp.com\/larevistadigital.com.ar\/blog\/wp-content\/uploads\/20220404162429_castelar.jpg?fit=880%2C512&ssl=1&resize=350%2C200","width":350,"height":200,"srcset":"https:\/\/i0.wp.com\/larevistadigital.com.ar\/blog\/wp-content\/uploads\/20220404162429_castelar.jpg?fit=880%2C512&ssl=1&resize=350%2C200 1x, https:\/\/i0.wp.com\/larevistadigital.com.ar\/blog\/wp-content\/uploads\/20220404162429_castelar.jpg?fit=880%2C512&ssl=1&resize=525%2C300 1.5x, https:\/\/i0.wp.com\/larevistadigital.com.ar\/blog\/wp-content\/uploads\/20220404162429_castelar.jpg?fit=880%2C512&ssl=1&resize=700%2C400 2x"},"classes":[]},{"id":34802,"url":"https:\/\/larevistadigital.com.ar\/blog\/lezama-en-fatal-accidente-el-tren-arrollo-un-auto-y-fallece-una-mujer-chascomunense\/","url_meta":{"origin":9539,"position":1},"title":"LEZAMA: EN FATAL ACCIDENTE EL TREN ARROLL\u00d3 UN AUTO Y FALLECE UNA MUJER CHASCOMUNENSE","author":"Alejandro Sosa Ruda","date":"6 diciembre, 2023","format":false,"excerpt":"La v\u00edctima es una mujer nativa de Chascom\u00fas, quien hace a\u00f1os viv\u00eda en Lezama junto a su marido e hijas. 6 de diciembre de 2023 LEZAMA -\u00a0 En un fatal accidente, un autom\u00f3vil cruz\u00f3 las v\u00edas del tren, sin advertir que se acercaba la formaci\u00f3n y fue embestido provocando la\u2026","rel":"","context":"En \u00abDESTACADAS\u00bb","block_context":{"text":"DESTACADAS","link":"https:\/\/larevistadigital.com.ar\/blog\/category\/destacadas\/"},"img":{"alt_text":"","src":"https:\/\/i0.wp.com\/larevistadigital.com.ar\/blog\/wp-content\/uploads\/Captura-de-pantalla-2023-12-06-151357.png?fit=815%2C338&ssl=1&resize=350%2C200","width":350,"height":200,"srcset":"https:\/\/i0.wp.com\/larevistadigital.com.ar\/blog\/wp-content\/uploads\/Captura-de-pantalla-2023-12-06-151357.png?fit=815%2C338&ssl=1&resize=350%2C200 1x, https:\/\/i0.wp.com\/larevistadigital.com.ar\/blog\/wp-content\/uploads\/Captura-de-pantalla-2023-12-06-151357.png?fit=815%2C338&ssl=1&resize=525%2C300 1.5x, https:\/\/i0.wp.com\/larevistadigital.com.ar\/blog\/wp-content\/uploads\/Captura-de-pantalla-2023-12-06-151357.png?fit=815%2C338&ssl=1&resize=700%2C400 2x"},"classes":[]},{"id":32573,"url":"https:\/\/larevistadigital.com.ar\/blog\/mujer-atropellada-por-cruzar-con-las-vias-bajas-fue-condenada-a-pagar-cinco-millones-de-pesos\/","url_meta":{"origin":9539,"position":2},"title":"MUJER ATROPELLADA POR CRUZAR CON LAS V\u00cdAS BAJAS, FUE CONDENADA A PAGAR CINCO MILLONES DE PESOS","author":"Alejandro Sosa Ruda","date":"24 julio, 2023","format":false,"excerpt":"La Justicia sentenci\u00f3 a una mujer a pagar cinco millones de pesos por cruzar una v\u00eda baja, en Ramos Mej\u00eda, al determinar que el siniestro vial que produjo fue provocado de manera culposa: interrumpi\u00f3 el servicio por una hora al obstruir la v\u00eda general e impedir la llegada de la\u2026","rel":"","context":"En \u00abINTERES GENERAL\u00bb","block_context":{"text":"INTERES GENERAL","link":"https:\/\/larevistadigital.com.ar\/blog\/category\/interes-general\/"},"img":{"alt_text":"","src":"https:\/\/i0.wp.com\/larevistadigital.com.ar\/blog\/wp-content\/uploads\/20230723113820_auto-atropellado-sarmiento.jpg?fit=880%2C512&ssl=1&resize=350%2C200","width":350,"height":200,"srcset":"https:\/\/i0.wp.com\/larevistadigital.com.ar\/blog\/wp-content\/uploads\/20230723113820_auto-atropellado-sarmiento.jpg?fit=880%2C512&ssl=1&resize=350%2C200 1x, https:\/\/i0.wp.com\/larevistadigital.com.ar\/blog\/wp-content\/uploads\/20230723113820_auto-atropellado-sarmiento.jpg?fit=880%2C512&ssl=1&resize=525%2C300 1.5x, https:\/\/i0.wp.com\/larevistadigital.com.ar\/blog\/wp-content\/uploads\/20230723113820_auto-atropellado-sarmiento.jpg?fit=880%2C512&ssl=1&resize=700%2C400 2x"},"classes":[]},{"id":12042,"url":"https:\/\/larevistadigital.com.ar\/blog\/mar-del-plata-roban-camioneta-atropellan-y-matan-a-una-mujer\/","url_meta":{"origin":9539,"position":3},"title":"MAR DEL PLATA: ROBAN CAMIONETA, ATROPELLAN Y MATAN A UNA MUJER","author":"Alejandro Sosa Ruda","date":"13 septiembre, 2019","format":false,"excerpt":"Ocurri\u00f3 esta ma\u00f1ana en Gianelli y Gutenberg. La v\u00edctima tiene unos 40 a\u00f1os y a\u00fan no fue identificado. El veh\u00edculo hab\u00eda sido robado momentos antes y, tras escapar del lugar del siniestro, fue abandonado y ya fue encontrado por la polic\u00eda. Una\u00a0mujer de unos 40 a\u00f1os\u00a0muri\u00f3 esta ma\u00f1ana en el\u2026","rel":"","context":"En \u00abINTERES GENERAL\u00bb","block_context":{"text":"INTERES GENERAL","link":"https:\/\/larevistadigital.com.ar\/blog\/category\/interes-general\/"},"img":{"alt_text":"","src":"https:\/\/i0.wp.com\/larevistadigital.com.ar\/blog\/wp-content\/uploads\/Screenshot_2-35.jpg?fit=1004%2C642&ssl=1&resize=350%2C200","width":350,"height":200,"srcset":"https:\/\/i0.wp.com\/larevistadigital.com.ar\/blog\/wp-content\/uploads\/Screenshot_2-35.jpg?fit=1004%2C642&ssl=1&resize=350%2C200 1x, https:\/\/i0.wp.com\/larevistadigital.com.ar\/blog\/wp-content\/uploads\/Screenshot_2-35.jpg?fit=1004%2C642&ssl=1&resize=525%2C300 1.5x, https:\/\/i0.wp.com\/larevistadigital.com.ar\/blog\/wp-content\/uploads\/Screenshot_2-35.jpg?fit=1004%2C642&ssl=1&resize=700%2C400 2x"},"classes":[]},{"id":11613,"url":"https:\/\/larevistadigital.com.ar\/blog\/canuelas-intento-cruzar-por-las-vias-y-fue-arrollada-por-el-tren\/","url_meta":{"origin":9539,"position":4},"title":"CA\u00d1UELAS: INTENT\u00d3 CRUZAR POR LAS V\u00cdAS Y FUE ARROLLADA POR EL TREN","author":"Alejandro Sosa Ruda","date":"29 julio, 2019","format":false,"excerpt":"Este lunes, un tr\u00e1gico acontecimiento ocurri\u00f3 en la localidad de M\u00e1ximo Paz, Ca\u00f1uelas, cuando un tren arroll\u00f3 a una muchacha de 27 a\u00f1os.\u00a0 Sucedi\u00f3 alrededor de las 14.40 en el cruce de las v\u00edas con la calle Colombia. Las primeras versiones indican que la joven, identificada posteriormente como\u00a0\u00darsula Yolanda Pereyra,\u2026","rel":"","context":"En \u00abREGIONALES\u00bb","block_context":{"text":"REGIONALES","link":"https:\/\/larevistadigital.com.ar\/blog\/category\/regionales\/"},"img":{"alt_text":"","src":"https:\/\/i0.wp.com\/larevistadigital.com.ar\/blog\/wp-content\/uploads\/IMG-20190729-WA0012.jpg?fit=1080%2C603&ssl=1&resize=350%2C200","width":350,"height":200,"srcset":"https:\/\/i0.wp.com\/larevistadigital.com.ar\/blog\/wp-content\/uploads\/IMG-20190729-WA0012.jpg?fit=1080%2C603&ssl=1&resize=350%2C200 1x, https:\/\/i0.wp.com\/larevistadigital.com.ar\/blog\/wp-content\/uploads\/IMG-20190729-WA0012.jpg?fit=1080%2C603&ssl=1&resize=525%2C300 1.5x, https:\/\/i0.wp.com\/larevistadigital.com.ar\/blog\/wp-content\/uploads\/IMG-20190729-WA0012.jpg?fit=1080%2C603&ssl=1&resize=700%2C400 2x, https:\/\/i0.wp.com\/larevistadigital.com.ar\/blog\/wp-content\/uploads\/IMG-20190729-WA0012.jpg?fit=1080%2C603&ssl=1&resize=1050%2C600 3x"},"classes":[]},{"id":13044,"url":"https:\/\/larevistadigital.com.ar\/blog\/acusan-a-policia-de-matar-a-un-hombre-arrojandolo-a-las-vias-del-tren\/","url_meta":{"origin":9539,"position":5},"title":"ACUSAN A POLIC\u00cdA DE MATAR A UN HOMBRE, ARROJ\u00c1NDOLO A LAS V\u00cdAS DEL TREN","author":"Alejandro Sosa Ruda","date":"5 noviembre, 2019","format":false,"excerpt":"Esta madrugada un polic\u00eda quedo detenido, acusado por la muerte de un hombre al que habr\u00eda tirado de una formaci\u00f3n de tren en la estaci\u00f3n Ezeiza del ferrocarril Roca cuando intent\u00f3 robarle el arma reglamentaria, seg\u00fan declararon fuentes policiales. El hecho ocurri\u00f3 a las 0.30 de este martes en una\u2026","rel":"","context":"En \u00abPOLICIALES\u00bb","block_context":{"text":"POLICIALES","link":"https:\/\/larevistadigital.com.ar\/blog\/category\/policiales\/"},"img":{"alt_text":"","src":"https:\/\/i0.wp.com\/larevistadigital.com.ar\/blog\/wp-content\/uploads\/el-hecho-ocurrio-en-una___qNjyOsAB_1256x620__1.jpg?fit=1200%2C592&ssl=1&resize=350%2C200","width":350,"height":200,"srcset":"https:\/\/i0.wp.com\/larevistadigital.com.ar\/blog\/wp-content\/uploads\/el-hecho-ocurrio-en-una___qNjyOsAB_1256x620__1.jpg?fit=1200%2C592&ssl=1&resize=350%2C200 1x, https:\/\/i0.wp.com\/larevistadigital.com.ar\/blog\/wp-content\/uploads\/el-hecho-ocurrio-en-una___qNjyOsAB_1256x620__1.jpg?fit=1200%2C592&ssl=1&resize=525%2C300 1.5x, https:\/\/i0.wp.com\/larevistadigital.com.ar\/blog\/wp-content\/uploads\/el-hecho-ocurrio-en-una___qNjyOsAB_1256x620__1.jpg?fit=1200%2C592&ssl=1&resize=700%2C400 2x, https:\/\/i0.wp.com\/larevistadigital.com.ar\/blog\/wp-content\/uploads\/el-hecho-ocurrio-en-una___qNjyOsAB_1256x620__1.jpg?fit=1200%2C592&ssl=1&resize=1050%2C600 3x"},"classes":[]}],"_links":{"self":[{"href":"https:\/\/larevistadigital.com.ar\/blog\/wp-json\/wp\/v2\/posts\/9539","targetHints":{"allow":["GET"]}}],"collection":[{"href":"https:\/\/larevistadigital.com.ar\/blog\/wp-json\/wp\/v2\/posts"}],"about":[{"href":"https:\/\/larevistadigital.com.ar\/blog\/wp-json\/wp\/v2\/types\/post"}],"author":[{"embeddable":true,"href":"https:\/\/larevistadigital.com.ar\/blog\/wp-json\/wp\/v2\/users\/3"}],"replies":[{"embeddable":true,"href":"https:\/\/larevistadigital.com.ar\/blog\/wp-json\/wp\/v2\/comments?post=9539"}],"version-history":[{"count":2,"href":"https:\/\/larevistadigital.com.ar\/blog\/wp-json\/wp\/v2\/posts\/9539\/revisions"}],"predecessor-version":[{"id":9542,"href":"https:\/\/larevistadigital.com.ar\/blog\/wp-json\/wp\/v2\/posts\/9539\/revisions\/9542"}],"wp:featuredmedia":[{"embeddable":true,"href":"https:\/\/larevistadigital.com.ar\/blog\/wp-json\/wp\/v2\/media\/9540"}],"wp:attachment":[{"href":"https:\/\/larevistadigital.com.ar\/blog\/wp-json\/wp\/v2\/media?parent=9539"}],"wp:term":[{"taxonomy":"category","embeddable":true,"href":"https:\/\/larevistadigital.com.ar\/blog\/wp-json\/wp\/v2\/categories?post=9539"},{"taxonomy":"post_tag","embeddable":true,"href":"https:\/\/larevistadigital.com.ar\/blog\/wp-json\/wp\/v2\/tags?post=9539"}],"curies":[{"name":"wp","href":"https:\/\/api.w.org\/{rel}","templated":true}]}}