{"id":9543,"date":"2019-04-04T16:37:13","date_gmt":"2019-04-04T16:37:13","guid":{"rendered":"https:\/\/larevistadigital.com.ar\/blog\/?p=9543"},"modified":"2019-04-04T16:37:13","modified_gmt":"2019-04-04T16:37:13","slug":"detienen-una-banda-de-usurpadores-de-casas","status":"publish","type":"post","link":"https:\/\/larevistadigital.com.ar\/blog\/detienen-una-banda-de-usurpadores-de-casas\/","title":{"rendered":"DETIENEN UNA BANDA DE USURPADORES DE CASAS"},"content":{"rendered":"<p>En las \u00faltimas horas, <strong>nueve hombres y tres mujeres<\/strong>\u00a0fueron\u00a0<strong>detenidos por usurpaci\u00f3n<\/strong>\u00a0en la localidad de\u00a0<strong>Adrogu\u00e9<\/strong>, en el Partido de Almirante Brown.\u00a0<strong>Vecinos los denunciaron<\/strong>\u00a0cuando ingresaban por la fuerza a una vivienda de calle Avellaneda, y\u00a0<strong>fueron detenidos.<\/strong><\/p>\n<blockquote>\n<h3>El grupo de\u00a0<strong>usurpadores<\/strong>\u00a0fue observado ingresando por la fuerza a una vivienda de la calle Avellaneda, fue all\u00ed que los vecinos llamaron a la Polic\u00eda, para radicar la denuncia. De este modo,\u00a0<strong>personal de la comisar\u00eda 1era de Almirante Brown<\/strong>\u00a0<strong>intercept\u00f3 al grupo mientras ingresaban a la casa, con el fin de usurparla y apoderarse de la misma.<\/strong><\/h3>\n<\/blockquote>\n<p>En el operativo, adem\u00e1s de\u00a0<strong>detener a los 9 usurpadores, de entre 28 y 76 a\u00f1os<\/strong>\u00a0de edad; efectivos policiales\u00a0<strong>secuestraron dos autos<\/strong>\u00a0que utilizaban los<strong>\u00a0malvivientes<\/strong>\u00a0para desplazarse: un Peugeot 406 y una Toyota Hilux, ambos veh\u00edculos no pose\u00edan papeles.<\/p>\n<p><a href=\"https:\/\/i0.wp.com\/larevistadigital.com.ar\/blog\/wp-content\/uploads\/2019\/04\/Screenshot_2-3.jpg?ssl=1\"><img data-recalc-dims=\"1\" loading=\"lazy\" decoding=\"async\" class=\"size-full wp-image-9544 aligncenter\" src=\"https:\/\/i0.wp.com\/larevistadigital.com.ar\/blog\/wp-content\/uploads\/2019\/04\/Screenshot_2-3.jpg?resize=809%2C499&#038;ssl=1\" alt=\"\" width=\"809\" height=\"499\" srcset=\"https:\/\/i0.wp.com\/larevistadigital.com.ar\/blog\/wp-content\/uploads\/2019\/04\/Screenshot_2-3.jpg?w=809&amp;ssl=1 809w, https:\/\/i0.wp.com\/larevistadigital.com.ar\/blog\/wp-content\/uploads\/2019\/04\/Screenshot_2-3.jpg?resize=300%2C185&amp;ssl=1 300w, https:\/\/i0.wp.com\/larevistadigital.com.ar\/blog\/wp-content\/uploads\/2019\/04\/Screenshot_2-3.jpg?resize=768%2C474&amp;ssl=1 768w\" sizes=\"auto, (max-width: 809px) 100vw, 809px\" \/><\/a><\/p>\n<p><a href=\"https:\/\/i0.wp.com\/larevistadigital.com.ar\/blog\/wp-content\/uploads\/2019\/04\/Screenshot_3.jpg?ssl=1\"><img data-recalc-dims=\"1\" loading=\"lazy\" decoding=\"async\" class=\"size-full wp-image-9545 aligncenter\" src=\"https:\/\/i0.wp.com\/larevistadigital.com.ar\/blog\/wp-content\/uploads\/2019\/04\/Screenshot_3.jpg?resize=810%2C493&#038;ssl=1\" alt=\"\" width=\"810\" height=\"493\" srcset=\"https:\/\/i0.wp.com\/larevistadigital.com.ar\/blog\/wp-content\/uploads\/2019\/04\/Screenshot_3.jpg?w=810&amp;ssl=1 810w, https:\/\/i0.wp.com\/larevistadigital.com.ar\/blog\/wp-content\/uploads\/2019\/04\/Screenshot_3.jpg?resize=300%2C183&amp;ssl=1 300w, https:\/\/i0.wp.com\/larevistadigital.com.ar\/blog\/wp-content\/uploads\/2019\/04\/Screenshot_3.jpg?resize=768%2C467&amp;ssl=1 768w\" sizes=\"auto, (max-width: 810px) 100vw, 810px\" \/><\/a><\/p>\n<p>Los detenidos est\u00e1n a disposici\u00f3n del juez <strong>Jos\u00e9 Juarez<\/strong>, de la Unidad Fiscal de Instrucci\u00f3n (UFI) N\u00b01 de Adrogu\u00e9, que caratul\u00f3 la causa como \u201cUsurpaci\u00f3n\u201d.<\/p>\n","protected":false},"excerpt":{"rendered":"<div class=\"mh-excerpt\"><p>En las \u00faltimas horas, nueve hombres y tres mujeres\u00a0fueron\u00a0detenidos por usurpaci\u00f3n\u00a0en la localidad de\u00a0Adrogu\u00e9, en el Partido de Almirante Brown.\u00a0Vecinos los denunciaron\u00a0cuando ingresaban por la fuerza a una vivienda de calle Avellaneda, y\u00a0fueron detenidos. El <a class=\"mh-excerpt-more\" href=\"https:\/\/larevistadigital.com.ar\/blog\/detienen-una-banda-de-usurpadores-de-casas\/\" title=\"DETIENEN UNA BANDA DE USURPADORES DE CASAS\">[Leer M\u00e1s]<\/a><\/p>\n<\/div>","protected":false},"author":3,"featured_media":9546,"comment_status":"open","ping_status":"open","sticky":false,"template":"","format":"standard","meta":{"_jetpack_memberships_contains_paid_content":false,"footnotes":"","jetpack_publicize_message":"","jetpack_publicize_feature_enabled":true,"jetpack_social_post_already_shared":true,"jetpack_social_options":{"image_generator_settings":{"template":"highway","default_image_id":0,"font":"","enabled":false},"version":2}},"categories":[44,12],"tags":[],"class_list":{"0":"post-9543","1":"post","2":"type-post","3":"status-publish","4":"format-standard","5":"has-post-thumbnail","7":"category-policiales","8":"category-politica"},"jetpack_publicize_connections":[],"jetpack_featured_media_url":"https:\/\/i0.wp.com\/larevistadigital.com.ar\/blog\/wp-content\/uploads\/2019\/04\/WhatsApp-Image-2019-04-04-at-10.55.22.jpeg?fit=900%2C565&ssl=1","jetpack_sharing_enabled":true,"jetpack_shortlink":"https:\/\/wp.me\/p8qtrQ-2tV","jetpack-related-posts":[{"id":36460,"url":"https:\/\/larevistadigital.com.ar\/blog\/dolores-una-casa-usurpada-fue-desalojada-por-la-policia\/","url_meta":{"origin":9543,"position":0},"title":"DOLORES: UNA CASA USURPADA FUE DESALOJADA POR LA POLIC\u00cdA","author":"Alejandro Sosa Ruda","date":"27 junio, 2024","format":false,"excerpt":"La familia present\u00f3 la escritura que demuestra que desde 1946 es la propietaria de la vivienda ubicada a s\u00f3lo 3 cuadras de la Plaza Castelli. 27 de Junio de 2024 DOLORES -\u00a0 \u00a0Luego de una denuncia realizada por vecinos, la polic\u00eda de Dolores, desaloj\u00f3 una vivienda que hab\u00eda sido usurpada\u2026","rel":"","context":"En \u00abPOLICIALES\u00bb","block_context":{"text":"POLICIALES","link":"https:\/\/larevistadigital.com.ar\/blog\/category\/policiales\/"},"img":{"alt_text":"","src":"https:\/\/i0.wp.com\/larevistadigital.com.ar\/blog\/wp-content\/uploads\/c336f6846ce16b25e77cf769d77ae33281a20d65.jpg?fit=1140%2C643&ssl=1&resize=350%2C200","width":350,"height":200,"srcset":"https:\/\/i0.wp.com\/larevistadigital.com.ar\/blog\/wp-content\/uploads\/c336f6846ce16b25e77cf769d77ae33281a20d65.jpg?fit=1140%2C643&ssl=1&resize=350%2C200 1x, https:\/\/i0.wp.com\/larevistadigital.com.ar\/blog\/wp-content\/uploads\/c336f6846ce16b25e77cf769d77ae33281a20d65.jpg?fit=1140%2C643&ssl=1&resize=525%2C300 1.5x, https:\/\/i0.wp.com\/larevistadigital.com.ar\/blog\/wp-content\/uploads\/c336f6846ce16b25e77cf769d77ae33281a20d65.jpg?fit=1140%2C643&ssl=1&resize=700%2C400 2x, https:\/\/i0.wp.com\/larevistadigital.com.ar\/blog\/wp-content\/uploads\/c336f6846ce16b25e77cf769d77ae33281a20d65.jpg?fit=1140%2C643&ssl=1&resize=1050%2C600 3x"},"classes":[]},{"id":9898,"url":"https:\/\/larevistadigital.com.ar\/blog\/chascomus-detienen-a-dos-jovenes-que-andaban-por-los-techos-de-una-vivienda\/","url_meta":{"origin":9543,"position":1},"title":"CHASCOM\u00daS: DETIENEN A DOS J\u00d3VENES QUE ANDABAN POR LOS TECHOS DE UNA VIVIENDA","author":"Alejandro Sosa Ruda","date":"29 abril, 2019","format":false,"excerpt":"La Estaci\u00f3n de Polic\u00eda Comunal inform\u00f3 que ayer fueron detenidos dos j\u00f3venes de 15 y 19 a\u00f1os. El hecho, ocurri\u00f3 en inmediaciones a calle M\u00e9xico y Malvinas Argentinas, donde un llamado puso en alerta que estas dos personas se encontraban arriba del techo de una vivienda. Acudi\u00f3 un m\u00f3vil policial\u2026","rel":"","context":"En \u00abPOLICIALES\u00bb","block_context":{"text":"POLICIALES","link":"https:\/\/larevistadigital.com.ar\/blog\/category\/policiales\/"},"img":{"alt_text":"","src":"https:\/\/i0.wp.com\/larevistadigital.com.ar\/blog\/wp-content\/uploads\/2019\/01\/bbx_755050019_comisaria_chasco_01.jpg?fit=800%2C579&ssl=1&resize=350%2C200","width":350,"height":200,"srcset":"https:\/\/i0.wp.com\/larevistadigital.com.ar\/blog\/wp-content\/uploads\/2019\/01\/bbx_755050019_comisaria_chasco_01.jpg?fit=800%2C579&ssl=1&resize=350%2C200 1x, https:\/\/i0.wp.com\/larevistadigital.com.ar\/blog\/wp-content\/uploads\/2019\/01\/bbx_755050019_comisaria_chasco_01.jpg?fit=800%2C579&ssl=1&resize=525%2C300 1.5x, https:\/\/i0.wp.com\/larevistadigital.com.ar\/blog\/wp-content\/uploads\/2019\/01\/bbx_755050019_comisaria_chasco_01.jpg?fit=800%2C579&ssl=1&resize=700%2C400 2x"},"classes":[]},{"id":14851,"url":"https:\/\/larevistadigital.com.ar\/blog\/colmo-de-inseguridad-roban-moto-del-galpon-municipal\/","url_meta":{"origin":9543,"position":2},"title":"COLMO DE INSEGURIDAD: ROBAN MOTO DEL GALP\u00d3N MUNICIPAL","author":"Alejandro Sosa Ruda","date":"14 febrero, 2020","format":false,"excerpt":"Un nuevo hecho de la creciente ola de\u00a0inseguridad\u00a0se produjo en la ciudad de Chascom\u00fas pero \u00e9sta vez en un lugar que deber\u00eda ser de los m\u00e1s seguros.\u00a0Ocurri\u00f3 de madrugada en un galp\u00f3n que posee la Municipalidad\u00a0en calle Almirante Brown entre Per\u00f3n y Ricchieri donde se almacenan motos que son infraccionadas\u2026","rel":"","context":"En \u00abCHASCOM\u00daS\u00bb","block_context":{"text":"CHASCOM\u00daS","link":"https:\/\/larevistadigital.com.ar\/blog\/category\/chascomus\/"},"img":{"alt_text":"","src":"https:\/\/i0.wp.com\/larevistadigital.com.ar\/blog\/wp-content\/uploads\/motos-chascomus.jpg?fit=775%2C350&ssl=1&resize=350%2C200","width":350,"height":200,"srcset":"https:\/\/i0.wp.com\/larevistadigital.com.ar\/blog\/wp-content\/uploads\/motos-chascomus.jpg?fit=775%2C350&ssl=1&resize=350%2C200 1x, https:\/\/i0.wp.com\/larevistadigital.com.ar\/blog\/wp-content\/uploads\/motos-chascomus.jpg?fit=775%2C350&ssl=1&resize=525%2C300 1.5x, https:\/\/i0.wp.com\/larevistadigital.com.ar\/blog\/wp-content\/uploads\/motos-chascomus.jpg?fit=775%2C350&ssl=1&resize=700%2C400 2x"},"classes":[]},{"id":33447,"url":"https:\/\/larevistadigital.com.ar\/blog\/castelli-un-hombre-fue-asesinado-y-otro-gravemente-herido-tras-una-pelea-con-otros-dos-sujetos\/","url_meta":{"origin":9543,"position":3},"title":"CASTELLI: UN HOMBRE FUE ASESINADO Y OTRO GRAVEMENTE HERIDO TRAS UNA PELEA CON OTROS DOS SUJETOS","author":"Alejandro Sosa Ruda","date":"13 septiembre, 2023","format":false,"excerpt":"Hay dos detenidos. Todo sucedi\u00f3\u00a0 en el Barrio Matadero. Los dos heridos fueron llevados al Hospital, donde lamentablemente uno no sobrevivi\u00f3. 13 de Septiembre de 2023 CASTELLI -\u00a0 Un luctuoso incidente sacudi\u00f3 la tranquila localidad de Castelli, cobr\u00e1ndose la vida de un hombre y dejando a su hermano herido de\u2026","rel":"","context":"En \u00abCASTELLI\u00bb","block_context":{"text":"CASTELLI","link":"https:\/\/larevistadigital.com.ar\/blog\/category\/castelli\/"},"img":{"alt_text":"","src":"https:\/\/i0.wp.com\/larevistadigital.com.ar\/blog\/wp-content\/uploads\/20210829123255_castelli-carrillo.jpg?fit=880%2C493&ssl=1&resize=350%2C200","width":350,"height":200,"srcset":"https:\/\/i0.wp.com\/larevistadigital.com.ar\/blog\/wp-content\/uploads\/20210829123255_castelli-carrillo.jpg?fit=880%2C493&ssl=1&resize=350%2C200 1x, https:\/\/i0.wp.com\/larevistadigital.com.ar\/blog\/wp-content\/uploads\/20210829123255_castelli-carrillo.jpg?fit=880%2C493&ssl=1&resize=525%2C300 1.5x, https:\/\/i0.wp.com\/larevistadigital.com.ar\/blog\/wp-content\/uploads\/20210829123255_castelli-carrillo.jpg?fit=880%2C493&ssl=1&resize=700%2C400 2x"},"classes":[]},{"id":17431,"url":"https:\/\/larevistadigital.com.ar\/blog\/pinamar-desalojaron-okupas-vip-usurparon-chalet-lo-pintaron-pusieron-una-cascada-le-usaban-la-pileta-y-hacian-fiestas\/","url_meta":{"origin":9543,"position":4},"title":"PINAMAR: DESALOJARON OKUPAS VIP. USURPARON CHALET, LO PINTARON, PUSIERON UNA CASCADA, LE USABAN LA PILETA Y HAC\u00cdAN FIESTAS","author":"Alejandro Sosa Ruda","date":"4 noviembre, 2020","format":false,"excerpt":"Finalmente la justicia decidi\u00f3 allanar un domicilio en Caril\u00f3, en calle Le\u00f1atero 565 que sus propietarios hab\u00edan denunciado como usurpada al menos desde enero \u00faltimo, y los ocupantes se retiraron antes de la intervenci\u00f3n de las fuerzas policiales. Igualmente, quedaron en el inmueble algunos veh\u00edculos menores como cuatriciclos, y ropa\u2026","rel":"","context":"En \u00abREGIONALES\u00bb","block_context":{"text":"REGIONALES","link":"https:\/\/larevistadigital.com.ar\/blog\/category\/regionales\/"},"img":{"alt_text":"","src":"https:\/\/i0.wp.com\/larevistadigital.com.ar\/blog\/wp-content\/uploads\/WhatsApp-Image-2020-11-03-at-12.25.21.jpeg?fit=1200%2C800&ssl=1&resize=350%2C200","width":350,"height":200,"srcset":"https:\/\/i0.wp.com\/larevistadigital.com.ar\/blog\/wp-content\/uploads\/WhatsApp-Image-2020-11-03-at-12.25.21.jpeg?fit=1200%2C800&ssl=1&resize=350%2C200 1x, https:\/\/i0.wp.com\/larevistadigital.com.ar\/blog\/wp-content\/uploads\/WhatsApp-Image-2020-11-03-at-12.25.21.jpeg?fit=1200%2C800&ssl=1&resize=525%2C300 1.5x, https:\/\/i0.wp.com\/larevistadigital.com.ar\/blog\/wp-content\/uploads\/WhatsApp-Image-2020-11-03-at-12.25.21.jpeg?fit=1200%2C800&ssl=1&resize=700%2C400 2x, https:\/\/i0.wp.com\/larevistadigital.com.ar\/blog\/wp-content\/uploads\/WhatsApp-Image-2020-11-03-at-12.25.21.jpeg?fit=1200%2C800&ssl=1&resize=1050%2C600 3x"},"classes":[]},{"id":41000,"url":"https:\/\/larevistadigital.com.ar\/blog\/encontraron-el-cuerpo-sin-vida-de-un-hombre-en-una-obra-en-construccion-en-pinamar\/","url_meta":{"origin":9543,"position":5},"title":"Encontraron el cuerpo sin vida de un hombre en una obra en construcci\u00f3n en Pinamar","author":"Alejandro Sosa Ruda","date":"20 agosto, 2025","format":false,"excerpt":"El hallazgo fue realizado por obreros que ingresaban a trabajar. El hombre no presentaba signos vitales y se investigan las causas del deceso. La v\u00edctima ser\u00eda una persona en situaci\u00f3n de calle. 20 de agosto de 2025 PINAMAR -\u00a0 Un tr\u00e1gico hallazgo sacudi\u00f3 la ma\u00f1ana del lunes en la ciudad\u2026","rel":"","context":"En \u00abPOLICIALES\u00bb","block_context":{"text":"POLICIALES","link":"https:\/\/larevistadigital.com.ar\/blog\/category\/policiales\/"},"img":{"alt_text":"","src":"https:\/\/i0.wp.com\/larevistadigital.com.ar\/blog\/wp-content\/uploads\/2797c379cdc7ef95a48179ad51bdff8432529cc0.jpg?fit=1140%2C708&ssl=1&resize=350%2C200","width":350,"height":200,"srcset":"https:\/\/i0.wp.com\/larevistadigital.com.ar\/blog\/wp-content\/uploads\/2797c379cdc7ef95a48179ad51bdff8432529cc0.jpg?fit=1140%2C708&ssl=1&resize=350%2C200 1x, https:\/\/i0.wp.com\/larevistadigital.com.ar\/blog\/wp-content\/uploads\/2797c379cdc7ef95a48179ad51bdff8432529cc0.jpg?fit=1140%2C708&ssl=1&resize=525%2C300 1.5x, https:\/\/i0.wp.com\/larevistadigital.com.ar\/blog\/wp-content\/uploads\/2797c379cdc7ef95a48179ad51bdff8432529cc0.jpg?fit=1140%2C708&ssl=1&resize=700%2C400 2x, https:\/\/i0.wp.com\/larevistadigital.com.ar\/blog\/wp-content\/uploads\/2797c379cdc7ef95a48179ad51bdff8432529cc0.jpg?fit=1140%2C708&ssl=1&resize=1050%2C600 3x"},"classes":[]}],"_links":{"self":[{"href":"https:\/\/larevistadigital.com.ar\/blog\/wp-json\/wp\/v2\/posts\/9543","targetHints":{"allow":["GET"]}}],"collection":[{"href":"https:\/\/larevistadigital.com.ar\/blog\/wp-json\/wp\/v2\/posts"}],"about":[{"href":"https:\/\/larevistadigital.com.ar\/blog\/wp-json\/wp\/v2\/types\/post"}],"author":[{"embeddable":true,"href":"https:\/\/larevistadigital.com.ar\/blog\/wp-json\/wp\/v2\/users\/3"}],"replies":[{"embeddable":true,"href":"https:\/\/larevistadigital.com.ar\/blog\/wp-json\/wp\/v2\/comments?post=9543"}],"version-history":[{"count":1,"href":"https:\/\/larevistadigital.com.ar\/blog\/wp-json\/wp\/v2\/posts\/9543\/revisions"}],"predecessor-version":[{"id":9547,"href":"https:\/\/larevistadigital.com.ar\/blog\/wp-json\/wp\/v2\/posts\/9543\/revisions\/9547"}],"wp:featuredmedia":[{"embeddable":true,"href":"https:\/\/larevistadigital.com.ar\/blog\/wp-json\/wp\/v2\/media\/9546"}],"wp:attachment":[{"href":"https:\/\/larevistadigital.com.ar\/blog\/wp-json\/wp\/v2\/media?parent=9543"}],"wp:term":[{"taxonomy":"category","embeddable":true,"href":"https:\/\/larevistadigital.com.ar\/blog\/wp-json\/wp\/v2\/categories?post=9543"},{"taxonomy":"post_tag","embeddable":true,"href":"https:\/\/larevistadigital.com.ar\/blog\/wp-json\/wp\/v2\/tags?post=9543"}],"curies":[{"name":"wp","href":"https:\/\/api.w.org\/{rel}","templated":true}]}}