{"id":9808,"date":"2019-04-23T12:47:32","date_gmt":"2019-04-23T12:47:32","guid":{"rendered":"https:\/\/larevistadigital.com.ar\/blog\/?p=9808"},"modified":"2019-04-23T12:47:32","modified_gmt":"2019-04-23T12:47:32","slug":"chascomus-desde-manana-se-abonaran-las-becas-universitarias","status":"publish","type":"post","link":"https:\/\/larevistadigital.com.ar\/blog\/chascomus-desde-manana-se-abonaran-las-becas-universitarias\/","title":{"rendered":"CHASCOM\u00daS: DESDE MA\u00d1ANA SE ABONAR\u00c1N LAS BECAS UNIVERSITARIAS"},"content":{"rendered":"<p>Desde este mi\u00e9rcoles 24 de abril, en la oficina de Tesorer\u00eda del palacio municipal (Cr\u00e1mer 270), se abonar\u00e1n las becas universitarias, correspondientes a marzo y abril de 2019, seg\u00fan Decreto 234\/19. Los beneficiarios podr\u00e1n acercarse con su DNI, de lunes a viernes a partir de las 7:30hs.<\/p>\n<p>Cabe destacar que estas contribuciones econ\u00f3micas son parte del compromiso asumido con la educaci\u00f3n p\u00fablica y la igualdad de oportunidades para que los j\u00f3venes de nuestra ciudad puedan completar su formaci\u00f3n acad\u00e9mica.<\/p>\n<p>FUENTE E IM\u00c1GEN: DIARIO EL FUERTE<\/p>\n","protected":false},"excerpt":{"rendered":"<div class=\"mh-excerpt\"><p>Desde este mi\u00e9rcoles 24 de abril, en la oficina de Tesorer\u00eda del palacio municipal (Cr\u00e1mer 270), se abonar\u00e1n las becas universitarias, correspondientes a marzo y abril de 2019, seg\u00fan Decreto 234\/19. Los beneficiarios podr\u00e1n acercarse <a class=\"mh-excerpt-more\" href=\"https:\/\/larevistadigital.com.ar\/blog\/chascomus-desde-manana-se-abonaran-las-becas-universitarias\/\" title=\"CHASCOM\u00daS: DESDE MA\u00d1ANA SE ABONAR\u00c1N LAS BECAS UNIVERSITARIAS\">[Leer M\u00e1s]<\/a><\/p>\n<\/div>","protected":false},"author":3,"featured_media":9809,"comment_status":"open","ping_status":"open","sticky":false,"template":"","format":"standard","meta":{"_jetpack_memberships_contains_paid_content":false,"footnotes":"","jetpack_publicize_message":"","jetpack_publicize_feature_enabled":true,"jetpack_social_post_already_shared":true,"jetpack_social_options":{"image_generator_settings":{"template":"highway","default_image_id":0,"font":"","enabled":false},"version":2}},"categories":[6],"tags":[],"class_list":{"0":"post-9808","1":"post","2":"type-post","3":"status-publish","4":"format-standard","5":"has-post-thumbnail","7":"category-chascomus"},"jetpack_publicize_connections":[],"jetpack_featured_media_url":"https:\/\/i0.wp.com\/larevistadigital.com.ar\/blog\/wp-content\/uploads\/2019\/04\/Screenshot_3-5.jpg?fit=1021%2C574&ssl=1","jetpack_sharing_enabled":true,"jetpack_shortlink":"https:\/\/wp.me\/p8qtrQ-2yc","jetpack-related-posts":[{"id":10293,"url":"https:\/\/larevistadigital.com.ar\/blog\/chascomus-pago-de-becas-universitarias-y-subsidios-para-bibliotecas\/","url_meta":{"origin":9808,"position":0},"title":"CHASCOM\u00daS: PAGO DE BECAS UNIVERSITARIAS Y SUBSIDIOS PARA BIBLIOTECAS","author":"Alejandro Sosa Ruda","date":"23 mayo, 2019","format":false,"excerpt":"Desde la Secretar\u00eda de Hacienda se hace saber que desde este jueves 23, se har\u00e1 efectivo el cobro de las contribuciones correspondientes al mes de mayo a sus respectivos beneficiarios en la oficina de Tesorer\u00eda, ubicada en la planta baja del Palacio Municipal (Cr\u00e1mer 270), de lunes a viernes, a\u2026","rel":"","context":"En \u00abCHASCOM\u00daS\u00bb","block_context":{"text":"CHASCOM\u00daS","link":"https:\/\/larevistadigital.com.ar\/blog\/category\/chascomus\/"},"img":{"alt_text":"","src":"https:\/\/i0.wp.com\/larevistadigital.com.ar\/blog\/wp-content\/uploads\/2019\/05\/municipio-copia.jpg?fit=1200%2C795&ssl=1&resize=350%2C200","width":350,"height":200,"srcset":"https:\/\/i0.wp.com\/larevistadigital.com.ar\/blog\/wp-content\/uploads\/2019\/05\/municipio-copia.jpg?fit=1200%2C795&ssl=1&resize=350%2C200 1x, https:\/\/i0.wp.com\/larevistadigital.com.ar\/blog\/wp-content\/uploads\/2019\/05\/municipio-copia.jpg?fit=1200%2C795&ssl=1&resize=525%2C300 1.5x, https:\/\/i0.wp.com\/larevistadigital.com.ar\/blog\/wp-content\/uploads\/2019\/05\/municipio-copia.jpg?fit=1200%2C795&ssl=1&resize=700%2C400 2x, https:\/\/i0.wp.com\/larevistadigital.com.ar\/blog\/wp-content\/uploads\/2019\/05\/municipio-copia.jpg?fit=1200%2C795&ssl=1&resize=1050%2C600 3x"},"classes":[]},{"id":34251,"url":"https:\/\/larevistadigital.com.ar\/blog\/pago-de-becas-universitarias-correspondientes-a-septiembre-octubre\/","url_meta":{"origin":9808,"position":1},"title":"PAGO DE BECAS UNIVERSITARIAS CORRESPONDIENTES A SEPTIEMBRE &#8211; OCTUBRE","author":"Alejandro Sosa Ruda","date":"31 octubre, 2023","format":false,"excerpt":"Hoy, martes 31 de octubre estar\u00e1 acreditado el pago para los beneficiarios, otorgado por el Decreto N\u00b0 279. CHASCOM\u00daS -\u00a0 Cabe recordar que las becas universitarias son contribuciones econ\u00f3micas, provenientes de la utilizaci\u00f3n de los recursos del Fondo de Financiamiento Educativo como parte del compromiso asumido con la educaci\u00f3n p\u00fablica\u2026","rel":"","context":"En \u00abCHASCOM\u00daS\u00bb","block_context":{"text":"CHASCOM\u00daS","link":"https:\/\/larevistadigital.com.ar\/blog\/category\/chascomus\/"},"img":{"alt_text":"","src":"https:\/\/i0.wp.com\/larevistadigital.com.ar\/blog\/wp-content\/uploads\/2023_10_31_01_30_09_8539894.jpeg?fit=600%2C401&ssl=1&resize=350%2C200","width":350,"height":200,"srcset":"https:\/\/i0.wp.com\/larevistadigital.com.ar\/blog\/wp-content\/uploads\/2023_10_31_01_30_09_8539894.jpeg?fit=600%2C401&ssl=1&resize=350%2C200 1x, https:\/\/i0.wp.com\/larevistadigital.com.ar\/blog\/wp-content\/uploads\/2023_10_31_01_30_09_8539894.jpeg?fit=600%2C401&ssl=1&resize=525%2C300 1.5x"},"classes":[]},{"id":37843,"url":"https:\/\/larevistadigital.com.ar\/blog\/inscripcion-para-la-residencia-universitaria-y-renovacion-de-becas\/","url_meta":{"origin":9808,"position":2},"title":"Inscripci\u00f3n para la residencia universitaria y renovaci\u00f3n de becas","author":"Alejandro Sosa Ruda","date":"12 noviembre, 2024","format":false,"excerpt":"Los interesados podr\u00e1n inscribirse desde el 11 de noviembre hasta el 13 de diciembre inclusive. 12 de Noviembre de 2024 CHASCOM\u00daS -\u00a0 Se encuentra abierta la inscripci\u00f3n y renovaci\u00f3n para las Becas y Residencia Universitaria de la Municipalidad, un beneficio destinado a estudiantes de estudios superiores o universitarios, residentes de\u2026","rel":"","context":"En \u00abCHASCOM\u00daS\u00bb","block_context":{"text":"CHASCOM\u00daS","link":"https:\/\/larevistadigital.com.ar\/blog\/category\/chascomus\/"},"img":{"alt_text":"","src":"https:\/\/i0.wp.com\/larevistadigital.com.ar\/blog\/wp-content\/uploads\/67323ad3e8c99.png?fit=668%2C445&ssl=1&resize=350%2C200","width":350,"height":200,"srcset":"https:\/\/i0.wp.com\/larevistadigital.com.ar\/blog\/wp-content\/uploads\/67323ad3e8c99.png?fit=668%2C445&ssl=1&resize=350%2C200 1x, https:\/\/i0.wp.com\/larevistadigital.com.ar\/blog\/wp-content\/uploads\/67323ad3e8c99.png?fit=668%2C445&ssl=1&resize=525%2C300 1.5x"},"classes":[]},{"id":40800,"url":"https:\/\/larevistadigital.com.ar\/blog\/chascomus-se-abre-la-segunda-convocatoria-para-las-becas-progresar\/","url_meta":{"origin":9808,"position":3},"title":"Chascom\u00fas: Se abre la segunda convocatoria para las becas Progresar","author":"Alejandro Sosa Ruda","date":"6 agosto, 2025","format":false,"excerpt":"Para el tr\u00e1mite los interesados deben validar identidad digital de la aplicaci\u00f3n Mi Argentina. 06 de Agosto de 2025 CHASCOM\u00daS -\u00a0 \u00a0La pr\u00f3xima semana se abrir\u00e1 la inscripci\u00f3n a las becas Progresar. La misma tendr\u00e1 lugar en el CIC 30 de Mayo (Serantes y Carmona) de manera escalonada de acuerdo\u2026","rel":"","context":"En \u00abCHASCOM\u00daS\u00bb","block_context":{"text":"CHASCOM\u00daS","link":"https:\/\/larevistadigital.com.ar\/blog\/category\/chascomus\/"},"img":{"alt_text":"","src":"https:\/\/i0.wp.com\/larevistadigital.com.ar\/blog\/wp-content\/uploads\/6893848d150ea.png?fit=668%2C445&ssl=1&resize=350%2C200","width":350,"height":200,"srcset":"https:\/\/i0.wp.com\/larevistadigital.com.ar\/blog\/wp-content\/uploads\/6893848d150ea.png?fit=668%2C445&ssl=1&resize=350%2C200 1x, https:\/\/i0.wp.com\/larevistadigital.com.ar\/blog\/wp-content\/uploads\/6893848d150ea.png?fit=668%2C445&ssl=1&resize=525%2C300 1.5x"},"classes":[]},{"id":37651,"url":"https:\/\/larevistadigital.com.ar\/blog\/nuevas-carreras-universitarias-en-el-centro-universitario-de-chascomus\/","url_meta":{"origin":9808,"position":4},"title":"Nuevas carreras universitarias en el Centro Universitario de Chascom\u00fas","author":"Alejandro Sosa Ruda","date":"30 octubre, 2024","format":false,"excerpt":"Las mismas tienen como destinatarios a docentes de escuelas t\u00e9cnicas de la Provincia de Buenos Aires. 30 de octubre de 2024 CHASCOM\u00daS -\u00a0 En el d\u00eda de ayer se present\u00f3 y dio inicio a la Diplomatura en Agrobiotecnolog\u00eda que se ofrece con instancias de presencialidad en el Instituto Tecnol\u00f3gico Chascom\u00fas\u2026","rel":"","context":"En \u00abINTERES GENERAL\u00bb","block_context":{"text":"INTERES GENERAL","link":"https:\/\/larevistadigital.com.ar\/blog\/category\/interes-general\/"},"img":{"alt_text":"","src":"https:\/\/i0.wp.com\/larevistadigital.com.ar\/blog\/wp-content\/uploads\/6722736e2b6c3.png?fit=668%2C445&ssl=1&resize=350%2C200","width":350,"height":200,"srcset":"https:\/\/i0.wp.com\/larevistadigital.com.ar\/blog\/wp-content\/uploads\/6722736e2b6c3.png?fit=668%2C445&ssl=1&resize=350%2C200 1x, https:\/\/i0.wp.com\/larevistadigital.com.ar\/blog\/wp-content\/uploads\/6722736e2b6c3.png?fit=668%2C445&ssl=1&resize=525%2C300 1.5x"},"classes":[]},{"id":39366,"url":"https:\/\/larevistadigital.com.ar\/blog\/chascomus-se-logro-un-acuerdo-en-la-reunion-de-la-mesa-salarial\/","url_meta":{"origin":9808,"position":5},"title":"Chascom\u00fas: Se logr\u00f3 un acuerdo en la reuni\u00f3n de la Mesa Salarial","author":"Alejandro Sosa Ruda","date":"10 abril, 2025","format":false,"excerpt":"En el d\u00eda de la fecha, el Departamento Ejecutivo y los gremios mantuvieron una nueva reuni\u00f3n de la mesa salarial 10 de Abril de 2025 CHASCOM\u00daS -\u00a0 El encuentro tuvo lugar en el Palacio Municipal, donde el secretario de Gobierno, Cipriano P\u00e9rez del Cerro; junto con el secretario de Recursos\u2026","rel":"","context":"En \u00abCHASCOM\u00daS\u00bb","block_context":{"text":"CHASCOM\u00daS","link":"https:\/\/larevistadigital.com.ar\/blog\/category\/chascomus\/"},"img":{"alt_text":"","src":"https:\/\/i0.wp.com\/larevistadigital.com.ar\/blog\/wp-content\/uploads\/67f802fdb84b9.png?fit=668%2C445&ssl=1&resize=350%2C200","width":350,"height":200,"srcset":"https:\/\/i0.wp.com\/larevistadigital.com.ar\/blog\/wp-content\/uploads\/67f802fdb84b9.png?fit=668%2C445&ssl=1&resize=350%2C200 1x, https:\/\/i0.wp.com\/larevistadigital.com.ar\/blog\/wp-content\/uploads\/67f802fdb84b9.png?fit=668%2C445&ssl=1&resize=525%2C300 1.5x"},"classes":[]}],"_links":{"self":[{"href":"https:\/\/larevistadigital.com.ar\/blog\/wp-json\/wp\/v2\/posts\/9808","targetHints":{"allow":["GET"]}}],"collection":[{"href":"https:\/\/larevistadigital.com.ar\/blog\/wp-json\/wp\/v2\/posts"}],"about":[{"href":"https:\/\/larevistadigital.com.ar\/blog\/wp-json\/wp\/v2\/types\/post"}],"author":[{"embeddable":true,"href":"https:\/\/larevistadigital.com.ar\/blog\/wp-json\/wp\/v2\/users\/3"}],"replies":[{"embeddable":true,"href":"https:\/\/larevistadigital.com.ar\/blog\/wp-json\/wp\/v2\/comments?post=9808"}],"version-history":[{"count":1,"href":"https:\/\/larevistadigital.com.ar\/blog\/wp-json\/wp\/v2\/posts\/9808\/revisions"}],"predecessor-version":[{"id":9810,"href":"https:\/\/larevistadigital.com.ar\/blog\/wp-json\/wp\/v2\/posts\/9808\/revisions\/9810"}],"wp:featuredmedia":[{"embeddable":true,"href":"https:\/\/larevistadigital.com.ar\/blog\/wp-json\/wp\/v2\/media\/9809"}],"wp:attachment":[{"href":"https:\/\/larevistadigital.com.ar\/blog\/wp-json\/wp\/v2\/media?parent=9808"}],"wp:term":[{"taxonomy":"category","embeddable":true,"href":"https:\/\/larevistadigital.com.ar\/blog\/wp-json\/wp\/v2\/categories?post=9808"},{"taxonomy":"post_tag","embeddable":true,"href":"https:\/\/larevistadigital.com.ar\/blog\/wp-json\/wp\/v2\/tags?post=9808"}],"curies":[{"name":"wp","href":"https:\/\/api.w.org\/{rel}","templated":true}]}}