{"id":9811,"date":"2019-04-23T22:44:00","date_gmt":"2019-04-23T22:44:00","guid":{"rendered":"https:\/\/larevistadigital.com.ar\/blog\/?p=9811"},"modified":"2019-04-23T22:44:00","modified_gmt":"2019-04-23T22:44:00","slug":"chascomus-la-calle-mazzini-tendra-sentido-unico-de-circulacion","status":"publish","type":"post","link":"https:\/\/larevistadigital.com.ar\/blog\/chascomus-la-calle-mazzini-tendra-sentido-unico-de-circulacion\/","title":{"rendered":"CHASCOM\u00daS: LA CALLE MAZZINI TENDR\u00c1 SENTIDO \u00daNICO DE CIRCULACI\u00d3N"},"content":{"rendered":"<p class=\"notaIntro\">En el marco del Plan Integral de Seguridad Vial impulsado desde la Municipalidad y con el objetivo de continuar con el proceso de reorganizaci\u00f3n del tr\u00e1nsito en la ciudad, a partir de ma\u00f1ana se comenzar\u00e1 a colocar la nueva carteler\u00eda que establecer\u00e1 el sentido \u00fanico de circulaci\u00f3n de la calle Mazzini de oeste a este.<\/p>\n<p class=\"notaTexto\"><strong>Para difundir esta nueva disposici\u00f3n, personal de la secretar\u00eda de Seguridad Ciudadana realiz\u00f3 una recorrida por la zona para informar a los vecinos acerca del cambio que determinar\u00e1 la mano \u00fanica desde Av. Costanera Leandro N. Alem hacia calle Belgrano, con estacionamiento en ambas manos. Esta acci\u00f3n se lleva adelante seg\u00fan lo estipula la ordenanza N\u00ba N\u00b0 5262\/2018.<\/strong><\/p>\n<p><strong><em>\u201cImplementamos estas acciones en el marco del Plan de Seguridad Vial Municipal, para mejorar y garantizar una correcta circulaci\u00f3n en las calles de nuestra ciudad y evitar posibles accidentes en ciertos sectores que presentan espacios reducidos.<\/em> Continuaremos m\u00e1s adelante tomando las mismas medidas en otras arterias que presentan dificultades similares\u201d<\/strong>, expres\u00f3 el secretario de Seguridad Ciudadana, <strong>Santiago Muscarello<\/strong>.<\/p>\n<p>Cabe destacar que durante los pr\u00f3ximos d\u00edas, personal de Inspector\u00eda estar\u00e1 presente en la zona para indicar los nuevos cambios y guiar a los vecinos que circulen por la zona.<\/p>\n","protected":false},"excerpt":{"rendered":"<div class=\"mh-excerpt\"><p>En el marco del Plan Integral de Seguridad Vial impulsado desde la Municipalidad y con el objetivo de continuar con el proceso de reorganizaci\u00f3n del tr\u00e1nsito en la ciudad, a partir de ma\u00f1ana se comenzar\u00e1 <a class=\"mh-excerpt-more\" href=\"https:\/\/larevistadigital.com.ar\/blog\/chascomus-la-calle-mazzini-tendra-sentido-unico-de-circulacion\/\" title=\"CHASCOM\u00daS: LA CALLE MAZZINI TENDR\u00c1 SENTIDO \u00daNICO DE CIRCULACI\u00d3N\">[Leer M\u00e1s]<\/a><\/p>\n<\/div>","protected":false},"author":3,"featured_media":9812,"comment_status":"open","ping_status":"open","sticky":false,"template":"","format":"standard","meta":{"_jetpack_memberships_contains_paid_content":false,"footnotes":"","jetpack_publicize_message":"","jetpack_publicize_feature_enabled":true,"jetpack_social_post_already_shared":true,"jetpack_social_options":{"image_generator_settings":{"template":"highway","default_image_id":0,"font":"","enabled":false},"version":2}},"categories":[6],"tags":[],"class_list":{"0":"post-9811","1":"post","2":"type-post","3":"status-publish","4":"format-standard","5":"has-post-thumbnail","7":"category-chascomus"},"jetpack_publicize_connections":[],"jetpack_featured_media_url":"https:\/\/i0.wp.com\/larevistadigital.com.ar\/blog\/wp-content\/uploads\/2019\/04\/57726546_2397858906901647_2291979657941090304_n.jpg?fit=960%2C641&ssl=1","jetpack_sharing_enabled":true,"jetpack_shortlink":"https:\/\/wp.me\/p8qtrQ-2yf","jetpack-related-posts":[{"id":36722,"url":"https:\/\/larevistadigital.com.ar\/blog\/chascomus-atencion-barrio-escribano-las-calles-rio-negro-y-chubut-seran-mano-unica\/","url_meta":{"origin":9811,"position":0},"title":"CHASCOM\u00daS: ATENCI\u00d3N BARRIO ESCRIBANO. LAS CALLES R\u00cdO NEGRO Y CHUBUT SER\u00c1N MANO \u00daNICA","author":"Alejandro Sosa Ruda","date":"17 julio, 2024","format":false,"excerpt":"Las dos v\u00edas que atraviesan de norte a sur el barrio Escribano cambiar\u00e1n el sentido de circulaci\u00f3n 17 de Julio de 2024 CHASCOM\u00daS -\u00a0 En el marco de lo dispuesto por la Ordenanza N\u00b05028 y a partir de los trabajos de pavimentaci\u00f3n ya finalizados, las calles R\u00edo Negro y Chubut\u2026","rel":"","context":"En \u00abCHASCOM\u00daS\u00bb","block_context":{"text":"CHASCOM\u00daS","link":"https:\/\/larevistadigital.com.ar\/blog\/category\/chascomus\/"},"img":{"alt_text":"","src":"https:\/\/i0.wp.com\/larevistadigital.com.ar\/blog\/wp-content\/uploads\/66980aae9535d.png?fit=668%2C445&ssl=1&resize=350%2C200","width":350,"height":200,"srcset":"https:\/\/i0.wp.com\/larevistadigital.com.ar\/blog\/wp-content\/uploads\/66980aae9535d.png?fit=668%2C445&ssl=1&resize=350%2C200 1x, https:\/\/i0.wp.com\/larevistadigital.com.ar\/blog\/wp-content\/uploads\/66980aae9535d.png?fit=668%2C445&ssl=1&resize=525%2C300 1.5x"},"classes":[]},{"id":5814,"url":"https:\/\/larevistadigital.com.ar\/blog\/atencion-vecinos-se-modifica-el-sentido-de-circulacion-en-calles-de-la-ciudad\/","url_meta":{"origin":9811,"position":1},"title":"ATENCI\u00d3N VECINOS!!! Se modifica el sentido de circulaci\u00f3n en calles de la ciudad","author":"admin","date":"24 junio, 2018","format":false,"excerpt":"La Municipalidad de General Paz, informa que a partir este martes 22 de mayo, continuar\u00e1 implement\u00e1ndose parcialmente la Ordenanza N\u00ba 9\/2014. Por tal motivo se producir\u00e1 cambio en el sentido de circulaci\u00f3n de la calle Hip\u00f3lito Yrigoyen desde Avda. Campomar a Moreno, teniendo como \u00fanico sentido de circulaci\u00f3n de oeste\u2026","rel":"","context":"En \u00abRANCHOS\u00bb","block_context":{"text":"RANCHOS","link":"https:\/\/larevistadigital.com.ar\/blog\/category\/ranchos\/"},"img":{"alt_text":"","src":"https:\/\/i0.wp.com\/larevistadigital.com.ar\/blog\/wp-content\/uploads\/2018\/06\/direccion-calle-310x325.jpg?fit=310%2C325&ssl=1&resize=350%2C200","width":350,"height":200},"classes":[]},{"id":36710,"url":"https:\/\/larevistadigital.com.ar\/blog\/operativos-de-seguridad-en-la-rotonda-bajo-el-puente-de-la-autovia-2\/","url_meta":{"origin":9811,"position":2},"title":"OPERATIVOS DE SEGURIDAD EN LA ROTONDA BAJO EL PUENTE DE LA AUTOV\u00cdA 2","author":"Alejandro Sosa Ruda","date":"17 julio, 2024","format":false,"excerpt":"En el receso invernal, se realizan acciones de control vial preventivos en puntos estrat\u00e9gicos de la zona urbana y en los espacios de mayor circulaci\u00f3n, como son los ingresos a la ciudad. 17 de Julio de 2024 CHASCOM\u00daS -\u00a0 Estos controles, llevados a cabo por Seguridad Urbana y Seguridad Vial\u2026","rel":"","context":"En \u00abINTERES GENERAL\u00bb","block_context":{"text":"INTERES GENERAL","link":"https:\/\/larevistadigital.com.ar\/blog\/category\/interes-general\/"},"img":{"alt_text":"","src":"https:\/\/i0.wp.com\/larevistadigital.com.ar\/blog\/wp-content\/uploads\/6696b7175852f.png?fit=668%2C445&ssl=1&resize=350%2C200","width":350,"height":200,"srcset":"https:\/\/i0.wp.com\/larevistadigital.com.ar\/blog\/wp-content\/uploads\/6696b7175852f.png?fit=668%2C445&ssl=1&resize=350%2C200 1x, https:\/\/i0.wp.com\/larevistadigital.com.ar\/blog\/wp-content\/uploads\/6696b7175852f.png?fit=668%2C445&ssl=1&resize=525%2C300 1.5x"},"classes":[]},{"id":10130,"url":"https:\/\/larevistadigital.com.ar\/blog\/chascomus-la-semana-proxima-se-presentara-el-observatorio-vial\/","url_meta":{"origin":9811,"position":3},"title":"CHASCOM\u00daS: LA SEMANA PR\u00d3XIMA SE PRESENTAR\u00c1 EL OBSERVATORIO VIAL","author":"Alejandro Sosa Ruda","date":"11 mayo, 2019","format":false,"excerpt":"A trav\u00e9s de esta herramienta se recopilar\u00e1, estudiar\u00e1 y generar\u00e1 informaci\u00f3n confiable y oportuna para contribuir en la toma de decisiones para mejorar la seguridad vial. Esta estructura de investigaci\u00f3n est\u00e1 inserta en el Plan Integral de Seguridad Vial impulsado desde el municipio. El pr\u00f3ximo jueves 16 a las 10\u2026","rel":"","context":"En \u00abDESTACADAS\u00bb","block_context":{"text":"DESTACADAS","link":"https:\/\/larevistadigital.com.ar\/blog\/category\/destacadas\/"},"img":{"alt_text":"","src":"https:\/\/i0.wp.com\/larevistadigital.com.ar\/blog\/wp-content\/uploads\/2019\/05\/Screenshot_1-9.jpg?fit=729%2C410&ssl=1&resize=350%2C200","width":350,"height":200,"srcset":"https:\/\/i0.wp.com\/larevistadigital.com.ar\/blog\/wp-content\/uploads\/2019\/05\/Screenshot_1-9.jpg?fit=729%2C410&ssl=1&resize=350%2C200 1x, https:\/\/i0.wp.com\/larevistadigital.com.ar\/blog\/wp-content\/uploads\/2019\/05\/Screenshot_1-9.jpg?fit=729%2C410&ssl=1&resize=525%2C300 1.5x, https:\/\/i0.wp.com\/larevistadigital.com.ar\/blog\/wp-content\/uploads\/2019\/05\/Screenshot_1-9.jpg?fit=729%2C410&ssl=1&resize=700%2C400 2x"},"classes":[]},{"id":37224,"url":"https:\/\/larevistadigital.com.ar\/blog\/finalizo-el-asfaltado-de-la-calle-11-de-septiembre-en-el-barrio-escribano\/","url_meta":{"origin":9811,"position":4},"title":"Finaliz\u00f3 el asfaltado de la calle 11 de Septiembre en el barrio Escribano","author":"Alejandro Sosa Ruda","date":"13 septiembre, 2024","format":false,"excerpt":"Con esta obra, se mejora la circulaci\u00f3n y la seguridad en la zona. 13 de Septiembre de 2024 CHASCOM\u00daS -\u00a0 Este jueves se complet\u00f3 el asfaltado de la calle 11 de Septiembre en el barrio Escribano, en el tramo comprendido entre las calles Chubut y Ju\u00e1rez, cerrando as\u00ed el circuito\u2026","rel":"","context":"En \u00abCHASCOM\u00daS\u00bb","block_context":{"text":"CHASCOM\u00daS","link":"https:\/\/larevistadigital.com.ar\/blog\/category\/chascomus\/"},"img":{"alt_text":"","src":"https:\/\/i0.wp.com\/larevistadigital.com.ar\/blog\/wp-content\/uploads\/66e478faaedc8.png?fit=668%2C445&ssl=1&resize=350%2C200","width":350,"height":200,"srcset":"https:\/\/i0.wp.com\/larevistadigital.com.ar\/blog\/wp-content\/uploads\/66e478faaedc8.png?fit=668%2C445&ssl=1&resize=350%2C200 1x, https:\/\/i0.wp.com\/larevistadigital.com.ar\/blog\/wp-content\/uploads\/66e478faaedc8.png?fit=668%2C445&ssl=1&resize=525%2C300 1.5x"},"classes":[]},{"id":23573,"url":"https:\/\/larevistadigital.com.ar\/blog\/reunion-con-el-observatorio-vial-de-chascomus\/","url_meta":{"origin":9811,"position":5},"title":"REUNI\u00d3N CON EL OBSERVATORIO VIAL DE CHASCOM\u00daS","author":"Alejandro Sosa Ruda","date":"25 enero, 2022","format":false,"excerpt":"Se recibi\u00f3 durante la jornada del d\u00eda martes 25 de enero en el recinto del Honorable Concejo Deliberante a Ariel Altamirano, Coordinador del Observatorio Vial de Chascom\u00fas. La reuni\u00f3n que cont\u00f3 con la presencia de los concejales del cuerpo legislativo local fue para interiorizarse de la labor que viene haciendo\u2026","rel":"","context":"En \u00abCHASCOM\u00daS\u00bb","block_context":{"text":"CHASCOM\u00daS","link":"https:\/\/larevistadigital.com.ar\/blog\/category\/chascomus\/"},"img":{"alt_text":"","src":"https:\/\/i0.wp.com\/larevistadigital.com.ar\/blog\/wp-content\/uploads\/vial1-1.jpeg?fit=1200%2C900&ssl=1&resize=350%2C200","width":350,"height":200,"srcset":"https:\/\/i0.wp.com\/larevistadigital.com.ar\/blog\/wp-content\/uploads\/vial1-1.jpeg?fit=1200%2C900&ssl=1&resize=350%2C200 1x, https:\/\/i0.wp.com\/larevistadigital.com.ar\/blog\/wp-content\/uploads\/vial1-1.jpeg?fit=1200%2C900&ssl=1&resize=525%2C300 1.5x, https:\/\/i0.wp.com\/larevistadigital.com.ar\/blog\/wp-content\/uploads\/vial1-1.jpeg?fit=1200%2C900&ssl=1&resize=700%2C400 2x, https:\/\/i0.wp.com\/larevistadigital.com.ar\/blog\/wp-content\/uploads\/vial1-1.jpeg?fit=1200%2C900&ssl=1&resize=1050%2C600 3x"},"classes":[]}],"_links":{"self":[{"href":"https:\/\/larevistadigital.com.ar\/blog\/wp-json\/wp\/v2\/posts\/9811","targetHints":{"allow":["GET"]}}],"collection":[{"href":"https:\/\/larevistadigital.com.ar\/blog\/wp-json\/wp\/v2\/posts"}],"about":[{"href":"https:\/\/larevistadigital.com.ar\/blog\/wp-json\/wp\/v2\/types\/post"}],"author":[{"embeddable":true,"href":"https:\/\/larevistadigital.com.ar\/blog\/wp-json\/wp\/v2\/users\/3"}],"replies":[{"embeddable":true,"href":"https:\/\/larevistadigital.com.ar\/blog\/wp-json\/wp\/v2\/comments?post=9811"}],"version-history":[{"count":1,"href":"https:\/\/larevistadigital.com.ar\/blog\/wp-json\/wp\/v2\/posts\/9811\/revisions"}],"predecessor-version":[{"id":9813,"href":"https:\/\/larevistadigital.com.ar\/blog\/wp-json\/wp\/v2\/posts\/9811\/revisions\/9813"}],"wp:featuredmedia":[{"embeddable":true,"href":"https:\/\/larevistadigital.com.ar\/blog\/wp-json\/wp\/v2\/media\/9812"}],"wp:attachment":[{"href":"https:\/\/larevistadigital.com.ar\/blog\/wp-json\/wp\/v2\/media?parent=9811"}],"wp:term":[{"taxonomy":"category","embeddable":true,"href":"https:\/\/larevistadigital.com.ar\/blog\/wp-json\/wp\/v2\/categories?post=9811"},{"taxonomy":"post_tag","embeddable":true,"href":"https:\/\/larevistadigital.com.ar\/blog\/wp-json\/wp\/v2\/tags?post=9811"}],"curies":[{"name":"wp","href":"https:\/\/api.w.org\/{rel}","templated":true}]}}