{"id":988,"date":"2017-03-12T21:56:00","date_gmt":"2017-03-12T21:56:00","guid":{"rendered":"https:\/\/larevistadigital.com.ar\/blog\/?p=988"},"modified":"2017-03-12T21:56:00","modified_gmt":"2017-03-12T21:56:00","slug":"se-ejecutara-la-segunda-etapa-de-los-modulos-habitacionales","status":"publish","type":"post","link":"https:\/\/larevistadigital.com.ar\/blog\/se-ejecutara-la-segunda-etapa-de-los-modulos-habitacionales\/","title":{"rendered":"Se ejecutar\u00e1 la segunda etapa de los m\u00f3dulos habitacionales"},"content":{"rendered":"<p>La Asociaci\u00f3n TECHO-ARGETNINA \u00a0en conjunto con la municipalidad de Chascom\u00fas, tienen todo previsto para la construcci\u00f3n de la segunda etapa de los m\u00f3dulos habitacionales, que se desarrollar\u00e1n el pr\u00f3ximo 17 y 18 de marzo en nuestra ciudad. Esto en el marco de la construcci\u00f3n de 30 en total que hace un tiempo cont\u00f3 Fernanda Sallenave, Secretaria de Desarrollo Social de la Municipalidad, \u00a0en FM La Radio 101.5; all\u00ed brind\u00f3 detalles del programa de los 30 m\u00f3dulos habitacionales. Se\u00f1al\u00f3 que la Comuna realiz\u00f3 un convenio con la organizaci\u00f3n \u00abFundaci\u00f3n Techo\u00bb, que trabaja con voluntariado. Agreg\u00f3 que se trata de una vivienda de emergencia, que es construida con madera, es ign\u00edfuga, rechaza la humedad y se construye sobre pilotes. Indic\u00f3 que son 30 m\u00f3dulos, de los cuales 15 se construir\u00e1n en febrero y los otros en marzo. En cuanto a la construcci\u00f3n, dijo que se realiza en un fin de semana, y ser\u00e1 construida tambi\u00e9n con la propia familia que vivir\u00e1 all\u00ed.<\/p>\n<p>&nbsp;<\/p>\n","protected":false},"excerpt":{"rendered":"<div class=\"mh-excerpt\"><p>La Asociaci\u00f3n TECHO-ARGETNINA \u00a0en conjunto con la municipalidad de Chascom\u00fas, tienen todo previsto para la construcci\u00f3n de la segunda etapa de los m\u00f3dulos habitacionales, que se desarrollar\u00e1n el pr\u00f3ximo 17 y 18 de marzo en <a class=\"mh-excerpt-more\" href=\"https:\/\/larevistadigital.com.ar\/blog\/se-ejecutara-la-segunda-etapa-de-los-modulos-habitacionales\/\" title=\"Se ejecutar\u00e1 la segunda etapa de los m\u00f3dulos habitacionales\">[Leer M\u00e1s]<\/a><\/p>\n<\/div>","protected":false},"author":2,"featured_media":989,"comment_status":"open","ping_status":"open","sticky":false,"template":"","format":"standard","meta":{"_jetpack_memberships_contains_paid_content":false,"footnotes":"","jetpack_publicize_message":"Se ejecutar\u00e1 la segunda etapa de los m\u00f3dulos habitacionales","jetpack_publicize_feature_enabled":true,"jetpack_social_post_already_shared":true,"jetpack_social_options":{"image_generator_settings":{"template":"highway","default_image_id":0,"font":"","enabled":false},"version":2}},"categories":[6],"tags":[],"class_list":{"0":"post-988","1":"post","2":"type-post","3":"status-publish","4":"format-standard","5":"has-post-thumbnail","7":"category-chascomus"},"jetpack_publicize_connections":[],"jetpack_featured_media_url":"https:\/\/i0.wp.com\/larevistadigital.com.ar\/blog\/wp-content\/uploads\/2017\/03\/modulos_elfuerte_090317.jpg?fit=805%2C543&ssl=1","jetpack_sharing_enabled":true,"jetpack_shortlink":"https:\/\/wp.me\/p8qtrQ-fW","jetpack-related-posts":[{"id":39228,"url":"https:\/\/larevistadigital.com.ar\/blog\/voluntarios-construyeron-diez-viviendas-para-familias-chascomunenses\/","url_meta":{"origin":988,"position":0},"title":"Voluntarios construyeron diez viviendas para familias chascomunenses","author":"Alejandro Sosa Ruda","date":"31 marzo, 2025","format":false,"excerpt":"M\u00e1s de 200 personas participaron en la jornada organizada por la Municipalidad y la ONG Techo para brindar soluciones habitacionales a familias en situaci\u00f3n de vulnerabilidad. 31 de Marzo de 2025 CHASCOM\u00daS -\u00a0 El \u00faltimo fin de semana, Chascom\u00fas fue escenario de una gran jornada solidaria en la que m\u00e1s\u2026","rel":"","context":"En \u00abCHASCOM\u00daS\u00bb","block_context":{"text":"CHASCOM\u00daS","link":"https:\/\/larevistadigital.com.ar\/blog\/category\/chascomus\/"},"img":{"alt_text":"","src":"https:\/\/i0.wp.com\/larevistadigital.com.ar\/blog\/wp-content\/uploads\/67ead0accb299.png?fit=668%2C445&ssl=1&resize=350%2C200","width":350,"height":200,"srcset":"https:\/\/i0.wp.com\/larevistadigital.com.ar\/blog\/wp-content\/uploads\/67ead0accb299.png?fit=668%2C445&ssl=1&resize=350%2C200 1x, https:\/\/i0.wp.com\/larevistadigital.com.ar\/blog\/wp-content\/uploads\/67ead0accb299.png?fit=668%2C445&ssl=1&resize=525%2C300 1.5x"},"classes":[]},{"id":46328,"url":"https:\/\/larevistadigital.com.ar\/blog\/chascomus-continua-abierta-la-posibilidad-de-cancelar-deudas-de-viviendas-a-valores-historicos\/","url_meta":{"origin":988,"position":1},"title":"Chascom\u00fas:  Contin\u00faa abierta la posibilidad de cancelar deudas de viviendas a valores hist\u00f3ricos","author":"Alejandro Sosa Ruda","date":"27 junio, 2026","format":false,"excerpt":"Tras la exitosa jornada realizada en el barrio 30 de Mayo, adjudicatarios de distintos planes habitacionales a\u00fan pueden regularicen su situaci\u00f3n y acceder al t\u00edtulo de propiedad libre de hipoteca. La Municipalidad de Chascom\u00fas inform\u00f3 que contin\u00faa abierta la posibilidad de regularizar o cancelar las deudas correspondientes a viviendas sociales\u2026","rel":"","context":"En \u00abCHASCOM\u00daS\u00bb","block_context":{"text":"CHASCOM\u00daS","link":"https:\/\/larevistadigital.com.ar\/blog\/category\/chascomus\/"},"img":{"alt_text":"","src":"https:\/\/i0.wp.com\/larevistadigital.com.ar\/blog\/wp-content\/uploads\/6a3eb3aea8f18.png?fit=668%2C445&ssl=1&resize=350%2C200","width":350,"height":200,"srcset":"https:\/\/i0.wp.com\/larevistadigital.com.ar\/blog\/wp-content\/uploads\/6a3eb3aea8f18.png?fit=668%2C445&ssl=1&resize=350%2C200 1x, https:\/\/i0.wp.com\/larevistadigital.com.ar\/blog\/wp-content\/uploads\/6a3eb3aea8f18.png?fit=668%2C445&ssl=1&resize=525%2C300 1.5x"},"classes":[]},{"id":36830,"url":"https:\/\/larevistadigital.com.ar\/blog\/chascomus-ultimo-encuentro-de-la-capacitacion-para-lideres-municipales\/","url_meta":{"origin":988,"position":2},"title":"CHASCOM\u00daS: \u00daLTIMO ENCUENTRO DE LA CAPACITACI\u00d3N PARA L\u00cdDERES MUNICIPALES","author":"Alejandro Sosa Ruda","date":"30 julio, 2024","format":false,"excerpt":"El espacio de formaci\u00f3n llega al fin de su primera etapa. 30 de Julio de 2024 CHASCOM\u00daS -\u00a0 Hoy se realizar\u00e1 el \u00faltimo encuentro para personal jer\u00e1rquico municipal en el marco de la primera etapa del trayecto de formaci\u00f3n continua \u201cEspacio para L\u00edderes\u201d. Desde su comienzo en marzo y con\u2026","rel":"","context":"En \u00abCHASCOM\u00daS\u00bb","block_context":{"text":"CHASCOM\u00daS","link":"https:\/\/larevistadigital.com.ar\/blog\/category\/chascomus\/"},"img":{"alt_text":"","src":"https:\/\/i0.wp.com\/larevistadigital.com.ar\/blog\/wp-content\/uploads\/66a923bbcf2f7.png?fit=668%2C445&ssl=1&resize=350%2C200","width":350,"height":200,"srcset":"https:\/\/i0.wp.com\/larevistadigital.com.ar\/blog\/wp-content\/uploads\/66a923bbcf2f7.png?fit=668%2C445&ssl=1&resize=350%2C200 1x, https:\/\/i0.wp.com\/larevistadigital.com.ar\/blog\/wp-content\/uploads\/66a923bbcf2f7.png?fit=668%2C445&ssl=1&resize=525%2C300 1.5x"},"classes":[]},{"id":38845,"url":"https:\/\/larevistadigital.com.ar\/blog\/yanina-gazzaniga-es-tiempo-de-abrazar-la-gente-tiene-necesidad-de-ser-escuchada\/","url_meta":{"origin":988,"position":3},"title":"Yanina Gazzaniga: \u201ces tiempo de abrazar, la gente tiene necesidad de ser escuchada\u201d","author":"Alejandro Sosa Ruda","date":"27 febrero, 2025","format":false,"excerpt":"Sostuvo esta ma\u00f1ana la secretaria de Desarrollo Social en una entrevista radial 27 de Febrero de 2025 CHASCOM\u00daS -\u00a0 En el programa conducido por Mar\u00eda Fernanda Herrera, por Radio Chascom\u00fas, la secretaria de Desarrollo Social, Yanina Gazzaniga, convers\u00f3 sobre la creciente demanda de ayuda social en el contexto actual. Consultada\u2026","rel":"","context":"En \u00abCHASCOM\u00daS\u00bb","block_context":{"text":"CHASCOM\u00daS","link":"https:\/\/larevistadigital.com.ar\/blog\/category\/chascomus\/"},"img":{"alt_text":"","src":"https:\/\/i0.wp.com\/larevistadigital.com.ar\/blog\/wp-content\/uploads\/67bf495b1c424.png?fit=668%2C445&ssl=1&resize=350%2C200","width":350,"height":200,"srcset":"https:\/\/i0.wp.com\/larevistadigital.com.ar\/blog\/wp-content\/uploads\/67bf495b1c424.png?fit=668%2C445&ssl=1&resize=350%2C200 1x, https:\/\/i0.wp.com\/larevistadigital.com.ar\/blog\/wp-content\/uploads\/67bf495b1c424.png?fit=668%2C445&ssl=1&resize=525%2C300 1.5x"},"classes":[]},{"id":2918,"url":"https:\/\/larevistadigital.com.ar\/blog\/municipalidad-de-general-paz-con-un-avance-de-aproximadamente-60-se-construyen-las-53-viviendas-del-plan-federal\/","url_meta":{"origin":988,"position":4},"title":"Municipalidad de General Paz: CON UN AVANCE DE APROXIMADAMENTE 60 % SE CONSTRUYEN LAS 53 VIVIENDAS DEL PLAN FEDERAL.","author":"admin","date":"4 agosto, 2017","format":false,"excerpt":"La Municipalidad de General Paz, a trav\u00e9s de la subsecretar\u00eda de Obras P\u00fablicas, informa que contin\u00faan las obras de construcci\u00f3n de 53 viviendas correspondientes al Plan Federal. Las mismas se componen de 52 metros cuadrados, con veredas perimetrales y al d\u00eda de la fecha, el avance de obra alcanza aproximadamente\u2026","rel":"","context":"En \u00abRANCHOS\u00bb","block_context":{"text":"RANCHOS","link":"https:\/\/larevistadigital.com.ar\/blog\/category\/ranchos\/"},"img":{"alt_text":"","src":"https:\/\/i0.wp.com\/larevistadigital.com.ar\/blog\/wp-content\/uploads\/2017\/08\/viv6.jpg?fit=883%2C589&ssl=1&resize=350%2C200","width":350,"height":200,"srcset":"https:\/\/i0.wp.com\/larevistadigital.com.ar\/blog\/wp-content\/uploads\/2017\/08\/viv6.jpg?fit=883%2C589&ssl=1&resize=350%2C200 1x, https:\/\/i0.wp.com\/larevistadigital.com.ar\/blog\/wp-content\/uploads\/2017\/08\/viv6.jpg?fit=883%2C589&ssl=1&resize=525%2C300 1.5x, https:\/\/i0.wp.com\/larevistadigital.com.ar\/blog\/wp-content\/uploads\/2017\/08\/viv6.jpg?fit=883%2C589&ssl=1&resize=700%2C400 2x"},"classes":[]},{"id":46758,"url":"https:\/\/larevistadigital.com.ar\/blog\/chascomus-la-municipalidad-invirtio-mas-de-304-millones-de-pesos-en-ayuda-comunitaria-en-lo-que-va-del-ano\/","url_meta":{"origin":988,"position":5},"title":"Chascom\u00fas: La Municipalidad invirti\u00f3 m\u00e1s de 304 millones de pesos en ayuda comunitaria, en lo que va del a\u00f1o.","author":"Alejandro Sosa Ruda","date":"28 julio, 2026","format":false,"excerpt":"La inversi\u00f3n destinada a ayudas complementarias aument\u00f3 un 55% con relaci\u00f3n al mismo semestre del a\u00f1o pasado. 28 de julio de 2026 CHASCOM\u00daS -\u00a0 \u00a0Desde de diciembre de 2023, cuando el Gobierno Nacional decidi\u00f3 retirar los fondos destinados a asistencia comunitaria; la Municipalidad de Chascom\u00fas asumi\u00f3 la responsabilidad de asistir\u2026","rel":"","context":"En \u00abCHASCOM\u00daS\u00bb","block_context":{"text":"CHASCOM\u00daS","link":"https:\/\/larevistadigital.com.ar\/blog\/category\/chascomus\/"},"img":{"alt_text":"","src":"https:\/\/i0.wp.com\/larevistadigital.com.ar\/blog\/wp-content\/uploads\/6a68e3d8162af.png?fit=668%2C445&ssl=1&resize=350%2C200","width":350,"height":200,"srcset":"https:\/\/i0.wp.com\/larevistadigital.com.ar\/blog\/wp-content\/uploads\/6a68e3d8162af.png?fit=668%2C445&ssl=1&resize=350%2C200 1x, https:\/\/i0.wp.com\/larevistadigital.com.ar\/blog\/wp-content\/uploads\/6a68e3d8162af.png?fit=668%2C445&ssl=1&resize=525%2C300 1.5x"},"classes":[]}],"_links":{"self":[{"href":"https:\/\/larevistadigital.com.ar\/blog\/wp-json\/wp\/v2\/posts\/988","targetHints":{"allow":["GET"]}}],"collection":[{"href":"https:\/\/larevistadigital.com.ar\/blog\/wp-json\/wp\/v2\/posts"}],"about":[{"href":"https:\/\/larevistadigital.com.ar\/blog\/wp-json\/wp\/v2\/types\/post"}],"author":[{"embeddable":true,"href":"https:\/\/larevistadigital.com.ar\/blog\/wp-json\/wp\/v2\/users\/2"}],"replies":[{"embeddable":true,"href":"https:\/\/larevistadigital.com.ar\/blog\/wp-json\/wp\/v2\/comments?post=988"}],"version-history":[{"count":1,"href":"https:\/\/larevistadigital.com.ar\/blog\/wp-json\/wp\/v2\/posts\/988\/revisions"}],"predecessor-version":[{"id":990,"href":"https:\/\/larevistadigital.com.ar\/blog\/wp-json\/wp\/v2\/posts\/988\/revisions\/990"}],"wp:featuredmedia":[{"embeddable":true,"href":"https:\/\/larevistadigital.com.ar\/blog\/wp-json\/wp\/v2\/media\/989"}],"wp:attachment":[{"href":"https:\/\/larevistadigital.com.ar\/blog\/wp-json\/wp\/v2\/media?parent=988"}],"wp:term":[{"taxonomy":"category","embeddable":true,"href":"https:\/\/larevistadigital.com.ar\/blog\/wp-json\/wp\/v2\/categories?post=988"},{"taxonomy":"post_tag","embeddable":true,"href":"https:\/\/larevistadigital.com.ar\/blog\/wp-json\/wp\/v2\/tags?post=988"}],"curies":[{"name":"wp","href":"https:\/\/api.w.org\/{rel}","templated":true}]}}