{"id":9921,"date":"2019-05-02T12:50:30","date_gmt":"2019-05-02T12:50:30","guid":{"rendered":"https:\/\/larevistadigital.com.ar\/blog\/?p=9921"},"modified":"2019-05-02T12:50:30","modified_gmt":"2019-05-02T12:50:30","slug":"alerta-por-virus-que-te-vacia-las-cuentas-bancarias","status":"publish","type":"post","link":"https:\/\/larevistadigital.com.ar\/blog\/alerta-por-virus-que-te-vacia-las-cuentas-bancarias\/","title":{"rendered":"ALERTA POR VIRUS QUE TE VAC\u00cdA LAS CUENTAS BANCARIAS"},"content":{"rendered":"<h2><em><strong>Una campa\u00f1a de phishing roba los datos para ingresar al homebanking de las v\u00edctimas.<\/strong><\/em><\/h2>\n<p>Un\u00a0<strong>nuevo ataque<\/strong>\u00a0alert\u00f3 a los especialistas en seguridad inform\u00e1tica en la\u00a0<strong>Argentina y Chile<\/strong>: un programa malicioso que intenta generar una puerta de ingreso oculta al dispositivo de la v\u00edctima para ser usada por los atacantes.<\/p>\n<p>Seg\u00fan explic\u00f3 <strong>Germ\u00e1n Fern\u00e1ndez<\/strong>, experto en ciberseguridad chileno, el ataque arranca con el\u00a0<strong>env\u00edo de un correo malicioso<\/strong>\u00a0que simula el env\u00edo de una factura a pagar o de archivos en formato Word, Excel, Power Point o PDF. Una vez infectado el equipo, los delincuentes pueden tener acceso hasta a los usuarios y contrase\u00f1a del homebanking.<\/p>\n<p><a href=\"https:\/\/i0.wp.com\/larevistadigital.com.ar\/blog\/wp-content\/uploads\/2019\/05\/Screenshot_1.jpg?ssl=1\"><img data-recalc-dims=\"1\" loading=\"lazy\" decoding=\"async\" class=\"alignnone size-full wp-image-9922\" src=\"https:\/\/i0.wp.com\/larevistadigital.com.ar\/blog\/wp-content\/uploads\/2019\/05\/Screenshot_1.jpg?resize=1264%2C786&#038;ssl=1\" alt=\"\" width=\"1264\" height=\"786\" srcset=\"https:\/\/i0.wp.com\/larevistadigital.com.ar\/blog\/wp-content\/uploads\/2019\/05\/Screenshot_1.jpg?w=1264&amp;ssl=1 1264w, https:\/\/i0.wp.com\/larevistadigital.com.ar\/blog\/wp-content\/uploads\/2019\/05\/Screenshot_1.jpg?resize=300%2C187&amp;ssl=1 300w, https:\/\/i0.wp.com\/larevistadigital.com.ar\/blog\/wp-content\/uploads\/2019\/05\/Screenshot_1.jpg?resize=768%2C478&amp;ssl=1 768w, https:\/\/i0.wp.com\/larevistadigital.com.ar\/blog\/wp-content\/uploads\/2019\/05\/Screenshot_1.jpg?resize=1024%2C637&amp;ssl=1 1024w\" sizes=\"auto, (max-width: 1000px) 100vw, 1000px\" \/><\/a>Cuando el usuario abre el documento, se instala autom\u00e1ticamente el software <strong>FlawedAmmy<\/strong>, que a su vez descarga otros dos archivos. Uno se encarga de recopilar todos los correos electr\u00f3nicos almacenados en el equipo para construir bases de datos para seguir distribuyendo el c\u00f3digo malicioso.<\/p>\n<p>El otro, llamado\u00a0<strong>Amadey<\/strong>, permite a los atacantes realizar m\u00faltiples tareas, como por ejemplo descargar y ejecutar malware adicional, robar inicios de sesi\u00f3n, registrar teclas pulsadas,<strong> robar accesos y claves de transferencias bancarias <\/strong>e incluso la instalaci\u00f3n masiva de ransomware.<\/p>\n<h2 class=\"article__body__subtitle\"><a href=\"https:\/\/i0.wp.com\/larevistadigital.com.ar\/blog\/wp-content\/uploads\/2019\/05\/Screenshot_2.jpg?ssl=1\"><img data-recalc-dims=\"1\" loading=\"lazy\" decoding=\"async\" class=\"alignnone size-full wp-image-9923\" src=\"https:\/\/i0.wp.com\/larevistadigital.com.ar\/blog\/wp-content\/uploads\/2019\/05\/Screenshot_2.jpg?resize=1186%2C830&#038;ssl=1\" alt=\"\" width=\"1186\" height=\"830\" srcset=\"https:\/\/i0.wp.com\/larevistadigital.com.ar\/blog\/wp-content\/uploads\/2019\/05\/Screenshot_2.jpg?w=1186&amp;ssl=1 1186w, https:\/\/i0.wp.com\/larevistadigital.com.ar\/blog\/wp-content\/uploads\/2019\/05\/Screenshot_2.jpg?resize=300%2C210&amp;ssl=1 300w, https:\/\/i0.wp.com\/larevistadigital.com.ar\/blog\/wp-content\/uploads\/2019\/05\/Screenshot_2.jpg?resize=768%2C537&amp;ssl=1 768w, https:\/\/i0.wp.com\/larevistadigital.com.ar\/blog\/wp-content\/uploads\/2019\/05\/Screenshot_2.jpg?resize=1024%2C717&amp;ssl=1 1024w\" sizes=\"auto, (max-width: 1000px) 100vw, 1000px\" \/><\/a>Recomendaciones de seguridad<\/h2>\n<p>&#8211; Mantener actualizado el software de seguridad del equipo.<\/p>\n<p>&#8211; No abrir documentos adjuntos de remitentes desconocido.<\/p>\n<p>&#8211; No deshabilitar las funciones de seguridad.<\/p>\n","protected":false},"excerpt":{"rendered":"<div class=\"mh-excerpt\"><p>Una campa\u00f1a de phishing roba los datos para ingresar al homebanking de las v\u00edctimas. Un\u00a0nuevo ataque\u00a0alert\u00f3 a los especialistas en seguridad inform\u00e1tica en la\u00a0Argentina y Chile: un programa malicioso que intenta generar una puerta de <a class=\"mh-excerpt-more\" href=\"https:\/\/larevistadigital.com.ar\/blog\/alerta-por-virus-que-te-vacia-las-cuentas-bancarias\/\" title=\"ALERTA POR VIRUS QUE TE VAC\u00cdA LAS CUENTAS BANCARIAS\">[Leer M\u00e1s]<\/a><\/p>\n<\/div>","protected":false},"author":3,"featured_media":9924,"comment_status":"open","ping_status":"open","sticky":false,"template":"","format":"standard","meta":{"_jetpack_memberships_contains_paid_content":false,"footnotes":"","jetpack_publicize_message":"","jetpack_publicize_feature_enabled":true,"jetpack_social_post_already_shared":true,"jetpack_social_options":{"image_generator_settings":{"template":"highway","default_image_id":0,"font":"","enabled":false},"version":2}},"categories":[11,12],"tags":[],"class_list":{"0":"post-9921","1":"post","2":"type-post","3":"status-publish","4":"format-standard","5":"has-post-thumbnail","7":"category-curiosas","8":"category-politica"},"jetpack_publicize_connections":[],"jetpack_featured_media_url":"https:\/\/i0.wp.com\/larevistadigital.com.ar\/blog\/wp-content\/uploads\/2019\/05\/wpid-virus-detected.jpg?fit=1024%2C768&ssl=1","jetpack_sharing_enabled":true,"jetpack_shortlink":"https:\/\/wp.me\/p8qtrQ-2A1","jetpack-related-posts":[{"id":14950,"url":"https:\/\/larevistadigital.com.ar\/blog\/como-se-puede-enviar-dinero-a-alguien-que-no-tiene-cuenta-bancaria\/","url_meta":{"origin":9921,"position":0},"title":"COMO SE PUEDE ENVIAR DINERO A ALGUIEN QUE NO TIENE CUENTA BANCARIA","author":"Alejandro Sosa Ruda","date":"27 marzo, 2020","format":false,"excerpt":"Es un tipo de transferencia que permite al destinatario retirar efectivo de un cajero autom\u00e1tico sin ser cliente. La opci\u00f3n se public\u00f3 en la p\u00e1gina del ministerio de Econom\u00eda. Una de las complicaciones que surgieron como consecuencia de la medida de aislamiento social preventivo y obligatorio es encontrar una forma\u2026","rel":"","context":"En \u00abINTERES GENERAL\u00bb","block_context":{"text":"INTERES GENERAL","link":"https:\/\/larevistadigital.com.ar\/blog\/category\/interes-general\/"},"img":{"alt_text":"","src":"https:\/\/i0.wp.com\/larevistadigital.com.ar\/blog\/wp-content\/uploads\/cajeros.jpg?fit=1200%2C800&ssl=1&resize=350%2C200","width":350,"height":200,"srcset":"https:\/\/i0.wp.com\/larevistadigital.com.ar\/blog\/wp-content\/uploads\/cajeros.jpg?fit=1200%2C800&ssl=1&resize=350%2C200 1x, https:\/\/i0.wp.com\/larevistadigital.com.ar\/blog\/wp-content\/uploads\/cajeros.jpg?fit=1200%2C800&ssl=1&resize=525%2C300 1.5x, https:\/\/i0.wp.com\/larevistadigital.com.ar\/blog\/wp-content\/uploads\/cajeros.jpg?fit=1200%2C800&ssl=1&resize=700%2C400 2x, https:\/\/i0.wp.com\/larevistadigital.com.ar\/blog\/wp-content\/uploads\/cajeros.jpg?fit=1200%2C800&ssl=1&resize=1050%2C600 3x"},"classes":[]},{"id":15831,"url":"https:\/\/larevistadigital.com.ar\/blog\/alertan-por-estafas-en-dolores-y-la-zona\/","url_meta":{"origin":9921,"position":1},"title":"ALERTAN POR ESTAFAS EN DOLORES Y LA ZONA","author":"Alejandro Sosa Ruda","date":"26 junio, 2020","format":false,"excerpt":"Son por tel\u00e9fono e internet, y los delincuentes aprovechan la necesidad de dinero de las personas, y la falta de conocimiento. Algunas personas que solicitaron a trav\u00e9s de la web de Anses el IFE (Ingreso familiar de emergencia), y luego recibieron una llamada del n\u00famero 1136393245 donde se identifican como\u2026","rel":"","context":"En \u00abDOLORES\u00bb","block_context":{"text":"DOLORES","link":"https:\/\/larevistadigital.com.ar\/blog\/category\/dolores\/"},"img":{"alt_text":"","src":"https:\/\/i0.wp.com\/larevistadigital.com.ar\/blog\/wp-content\/uploads\/yebfvtkbf9zeth4l520v.jpg?fit=800%2C534&ssl=1&resize=350%2C200","width":350,"height":200,"srcset":"https:\/\/i0.wp.com\/larevistadigital.com.ar\/blog\/wp-content\/uploads\/yebfvtkbf9zeth4l520v.jpg?fit=800%2C534&ssl=1&resize=350%2C200 1x, https:\/\/i0.wp.com\/larevistadigital.com.ar\/blog\/wp-content\/uploads\/yebfvtkbf9zeth4l520v.jpg?fit=800%2C534&ssl=1&resize=525%2C300 1.5x, https:\/\/i0.wp.com\/larevistadigital.com.ar\/blog\/wp-content\/uploads\/yebfvtkbf9zeth4l520v.jpg?fit=800%2C534&ssl=1&resize=700%2C400 2x"},"classes":[]},{"id":33913,"url":"https:\/\/larevistadigital.com.ar\/blog\/se-refuerzan-en-el-pais-los-ambitos-de-la-comunidad-judia-por-orden-del-presidente\/","url_meta":{"origin":9921,"position":2},"title":"SE REFUERZAN EN EL PA\u00cdS LOS \u00c1MBITOS DE LA COMUNIDAD JUDIA, POR ORDEN DEL PRESIDENTE","author":"Alejandro Sosa Ruda","date":"7 octubre, 2023","format":false,"excerpt":"El presidente conden\u00f3 los ataques terroristas de Hamas desde la Franja de Gaza contra el Estado de Israel. El gobierno dispuso el env\u00edo de ayuda humanitaria a la regi\u00f3n. 7 de octubre de 2023 El presidente Alberto Fern\u00e1ndez manifest\u00f3 su repudio al ataque terrorista de Ham\u00e1s desde la Franja de\u2026","rel":"","context":"En \u00abINTERES GENERAL\u00bb","block_context":{"text":"INTERES GENERAL","link":"https:\/\/larevistadigital.com.ar\/blog\/category\/interes-general\/"},"img":{"alt_text":"","src":"https:\/\/i0.wp.com\/larevistadigital.com.ar\/blog\/wp-content\/uploads\/Captura-de-pantalla-2023-10-07-152431.png?fit=796%2C492&ssl=1&resize=350%2C200","width":350,"height":200,"srcset":"https:\/\/i0.wp.com\/larevistadigital.com.ar\/blog\/wp-content\/uploads\/Captura-de-pantalla-2023-10-07-152431.png?fit=796%2C492&ssl=1&resize=350%2C200 1x, https:\/\/i0.wp.com\/larevistadigital.com.ar\/blog\/wp-content\/uploads\/Captura-de-pantalla-2023-10-07-152431.png?fit=796%2C492&ssl=1&resize=525%2C300 1.5x, https:\/\/i0.wp.com\/larevistadigital.com.ar\/blog\/wp-content\/uploads\/Captura-de-pantalla-2023-10-07-152431.png?fit=796%2C492&ssl=1&resize=700%2C400 2x"},"classes":[]},{"id":8037,"url":"https:\/\/larevistadigital.com.ar\/blog\/chascomus-la-provincia-envio-fondos-que-fueron-entregados-al-concejo-escolar-y-se-utilizaran-para-acondicionar-los-sanitarios-de-la-escuela-normal\/","url_meta":{"origin":9921,"position":3},"title":"CHASCOM\u00daS: LA PROVINCIA ENVI\u00d3 FONDOS QUE FUERON ENTREGADOS AL CONCEJO ESCOLAR Y SE UTILIZAR\u00c1N PARA ACONDICIONAR LOS SANITARIOS DE LA ESCUELA NORMAL","author":"Alejandro Sosa Ruda","date":"29 enero, 2019","format":false,"excerpt":"As\u00ed lo anunci\u00f3 d\u00edas pasados el Intendente Municipal al entregar un subsidio de Provincia por un monto de $400.000 al Consejo Escolar de Chascom\u00fas para afrontar los gastos de la refacci\u00f3n de los sanitarios en las instalaciones de la Escuela Normal Superior \u201cManuel J. Almada\u201d. \u201cEs la cuarta intervenci\u00f3n que\u2026","rel":"","context":"En \u00abCHASCOM\u00daS\u00bb","block_context":{"text":"CHASCOM\u00daS","link":"https:\/\/larevistadigital.com.ar\/blog\/category\/chascomus\/"},"img":{"alt_text":"","src":"https:\/\/i0.wp.com\/larevistadigital.com.ar\/blog\/wp-content\/uploads\/2019\/01\/Screenshot_2-4.jpg?fit=792%2C486&ssl=1&resize=350%2C200","width":350,"height":200,"srcset":"https:\/\/i0.wp.com\/larevistadigital.com.ar\/blog\/wp-content\/uploads\/2019\/01\/Screenshot_2-4.jpg?fit=792%2C486&ssl=1&resize=350%2C200 1x, https:\/\/i0.wp.com\/larevistadigital.com.ar\/blog\/wp-content\/uploads\/2019\/01\/Screenshot_2-4.jpg?fit=792%2C486&ssl=1&resize=525%2C300 1.5x, https:\/\/i0.wp.com\/larevistadigital.com.ar\/blog\/wp-content\/uploads\/2019\/01\/Screenshot_2-4.jpg?fit=792%2C486&ssl=1&resize=700%2C400 2x"},"classes":[]},{"id":40853,"url":"https:\/\/larevistadigital.com.ar\/blog\/chascomus-nada-hace-tanto-dano-a-los-gremios-como-las-intervenciones-estatales-aseguro-pablo-otero\/","url_meta":{"origin":9921,"position":4},"title":"Chascom\u00fas: \u00abNada hace tanto da\u00f1o a los gremios, como las intervenciones estatales\u00bb asegur\u00f3 Pablo Otero","author":"Alejandro Sosa Ruda","date":"11 agosto, 2025","format":false,"excerpt":"El referente zonal del gremio de Vigiladores Privados habl\u00f3 de la recomposici\u00f3n que enfrenta la actual conducci\u00f3n de la entidad, luego de dos salvajes intervenciones que dejaron al gremio \"tambaleando\". 11 De Agosto de 2025 BUENOS AIRES -\u00a0 \u00a0Durante la ma\u00f1ana comenz\u00f3 la transmici\u00f3n en vivo por la red social\u2026","rel":"","context":"En \u00abATAQUE DE RADIO\u00bb","block_context":{"text":"ATAQUE DE RADIO","link":"https:\/\/larevistadigital.com.ar\/blog\/category\/ataque-de-radio\/"},"img":{"alt_text":"","src":"https:\/\/i0.wp.com\/larevistadigital.com.ar\/blog\/wp-content\/uploads\/Captura-de-pantalla-2025-08-11-112113.jpg?fit=868%2C634&ssl=1&resize=350%2C200","width":350,"height":200,"srcset":"https:\/\/i0.wp.com\/larevistadigital.com.ar\/blog\/wp-content\/uploads\/Captura-de-pantalla-2025-08-11-112113.jpg?fit=868%2C634&ssl=1&resize=350%2C200 1x, https:\/\/i0.wp.com\/larevistadigital.com.ar\/blog\/wp-content\/uploads\/Captura-de-pantalla-2025-08-11-112113.jpg?fit=868%2C634&ssl=1&resize=525%2C300 1.5x, https:\/\/i0.wp.com\/larevistadigital.com.ar\/blog\/wp-content\/uploads\/Captura-de-pantalla-2025-08-11-112113.jpg?fit=868%2C634&ssl=1&resize=700%2C400 2x"},"classes":[]},{"id":4097,"url":"https:\/\/larevistadigital.com.ar\/blog\/la-sorprendente-carta-director-colegio-envio-los-padres-los-examenes-finales\/","url_meta":{"origin":9921,"position":5},"title":"LA SORPRENDENTE CARTA QUE UN  DIRECTOR DE COLEGIO ENVI\u00d3 A LOS PADRES ANTES DE LOS EX\u00c1MENES FINALES","author":"Alejandro Sosa Ruda","date":"1 diciembre, 2017","format":false,"excerpt":"Un claro y sorprendente mensaje que r\u00e1pidamente se hizo viral, en la \u00e9poca que los chicos y sus padres m\u00e1s nerviosos y estresados se encuentran. Ansiedad, presi\u00f3n, nervios y todo lo que conlleva la \u00e9poca de ex\u00e1menes finales y que se convierte en estr\u00e9s, muchas veces acompa\u00f1ado de peleas, dolores\u2026","rel":"","context":"En \u00abPOLITICA\u00bb","block_context":{"text":"POLITICA","link":"https:\/\/larevistadigital.com.ar\/blog\/category\/politica\/"},"img":{"alt_text":"","src":"https:\/\/i0.wp.com\/larevistadigital.com.ar\/blog\/wp-content\/uploads\/2017\/12\/homework-kid.jpg?fit=850%2C565&ssl=1&resize=350%2C200","width":350,"height":200,"srcset":"https:\/\/i0.wp.com\/larevistadigital.com.ar\/blog\/wp-content\/uploads\/2017\/12\/homework-kid.jpg?fit=850%2C565&ssl=1&resize=350%2C200 1x, https:\/\/i0.wp.com\/larevistadigital.com.ar\/blog\/wp-content\/uploads\/2017\/12\/homework-kid.jpg?fit=850%2C565&ssl=1&resize=525%2C300 1.5x, https:\/\/i0.wp.com\/larevistadigital.com.ar\/blog\/wp-content\/uploads\/2017\/12\/homework-kid.jpg?fit=850%2C565&ssl=1&resize=700%2C400 2x"},"classes":[]}],"_links":{"self":[{"href":"https:\/\/larevistadigital.com.ar\/blog\/wp-json\/wp\/v2\/posts\/9921","targetHints":{"allow":["GET"]}}],"collection":[{"href":"https:\/\/larevistadigital.com.ar\/blog\/wp-json\/wp\/v2\/posts"}],"about":[{"href":"https:\/\/larevistadigital.com.ar\/blog\/wp-json\/wp\/v2\/types\/post"}],"author":[{"embeddable":true,"href":"https:\/\/larevistadigital.com.ar\/blog\/wp-json\/wp\/v2\/users\/3"}],"replies":[{"embeddable":true,"href":"https:\/\/larevistadigital.com.ar\/blog\/wp-json\/wp\/v2\/comments?post=9921"}],"version-history":[{"count":1,"href":"https:\/\/larevistadigital.com.ar\/blog\/wp-json\/wp\/v2\/posts\/9921\/revisions"}],"predecessor-version":[{"id":9925,"href":"https:\/\/larevistadigital.com.ar\/blog\/wp-json\/wp\/v2\/posts\/9921\/revisions\/9925"}],"wp:featuredmedia":[{"embeddable":true,"href":"https:\/\/larevistadigital.com.ar\/blog\/wp-json\/wp\/v2\/media\/9924"}],"wp:attachment":[{"href":"https:\/\/larevistadigital.com.ar\/blog\/wp-json\/wp\/v2\/media?parent=9921"}],"wp:term":[{"taxonomy":"category","embeddable":true,"href":"https:\/\/larevistadigital.com.ar\/blog\/wp-json\/wp\/v2\/categories?post=9921"},{"taxonomy":"post_tag","embeddable":true,"href":"https:\/\/larevistadigital.com.ar\/blog\/wp-json\/wp\/v2\/tags?post=9921"}],"curies":[{"name":"wp","href":"https:\/\/api.w.org\/{rel}","templated":true}]}}